{"id":972,"date":"2026-03-14T19:43:30","date_gmt":"2026-03-14T18:43:30","guid":{"rendered":"https:\/\/tipnexa.com\/blog\/esteban-paredes-nueva-era-como-entrenador-de-santiago-morning-en-2026\/"},"modified":"2026-03-14T19:43:30","modified_gmt":"2026-03-14T18:43:30","slug":"esteban-paredes-nueva-era-como-entrenador-de-santiago-morning-en-2026","status":"publish","type":"post","link":"https:\/\/tipnexa.com\/blog\/esteban-paredes-nueva-era-como-entrenador-de-santiago-morning-en-2026\/","title":{"rendered":"Esteban Paredes: Nueva Era como Entrenador de Santiago Morning en 2026"},"content":{"rendered":"<p>El f\u00fatbol chileno se prepara para una nueva etapa con la incursi\u00f3n de una de sus leyendas, <strong>Esteban Paredes<\/strong>, en el rol de director t\u00e9cnico. El emblem\u00e1tico exgoleador ha sido oficialmente presentado como el nuevo estratega del <strong>Santiago Morning<\/strong>, marcando as\u00ed el inicio de su carrera en los banquillos. Este nombramiento genera gran expectaci\u00f3n entre los aficionados y la prensa deportiva, quienes seguir\u00e1n de cerca su desempe\u00f1o en la <strong>Segunda Divisi\u00f3n<\/strong> durante la temporada 2026.<\/p>\n<h2>Un \u00cddolo al Mando del \u00abChaguito\u00bb<\/h2>\n<p>La noticia fue recibida con entusiasmo por la comunidad del Santiago Morning. La directiva del club metropolitano anunci\u00f3 a trav\u00e9s de sus canales oficiales la llegada de Paredes, destacando su vasta experiencia como jugador y su liderazgo natural. \u00abEstamos felices de anunciar el inicio de una nueva etapa. Esteban Paredes encabeza el <strong>cuerpo t\u00e9cnico<\/strong> que guiar\u00e1 los destinos de la V negra esta temporada\u00bb, comunic\u00f3 la entidad. Su figura, reconocida por su olfato goleador y su car\u00e1cter competitivo, buscar\u00e1 imprimir una identidad ganadora al equipo.<\/p>\n<h2>El Equipo T\u00e9cnico de Confianza de Paredes<\/h2>\n<p>Para esta importante misi\u00f3n, Esteban Paredes no estar\u00e1 solo. Ha conformado un equipo de trabajo experimentado que lo acompa\u00f1ar\u00e1 en este desaf\u00edo. <strong>Leonardo Monje<\/strong>, exfutbolista con una destacada trayectoria, asumir\u00e1 el rol de ayudante t\u00e9cnico, aportando su conocimiento t\u00e1ctico y cercan\u00eda con el plantel. <strong>Hern\u00e1n Torres<\/strong> se encargar\u00e1 de la preparaci\u00f3n f\u00edsica, un aspecto crucial para el rendimiento del equipo en una liga tan exigente. Finalmente, <strong>Cristian Limenza<\/strong>, con su experiencia bajo los tres palos, ser\u00e1 el preparador de arqueros, buscando potenciar el talento en esa posici\u00f3n clave. Esta combinaci\u00f3n de experiencia y juventud busca consolidar un proyecto deportivo s\u00f3lido y ambicioso para el club.<\/p>\n<h2>Desaf\u00edos y Expectativas en la Segunda Divisi\u00f3n<\/h2>\n<p>La llegada de Paredes al Santiago Morning se produce en un contexto de grandes expectativas. Si bien es su primera experiencia formal como entrenador principal, el exartillero ya ha tenido acercamientos a la direcci\u00f3n t\u00e9cnica. En el pasado, su presencia y participaci\u00f3n en el cuerpo t\u00e9cnico de Cristian Febre generaron cierta controversia, que afortunadamente se resolvi\u00f3 sin mayores consecuencias para el club. Este episodio previo le brind\u00f3 un primer contacto con las din\u00e1micas del banquillo, prepar\u00e1ndolo para el rigor de la Segunda Divisi\u00f3n en 2026. Los desaf\u00edos son grandes, pero la motivaci\u00f3n de Paredes y su equipo es a\u00fan mayor. Los aficionados esperan ver un equipo aguerrido y con una propuesta de juego atractiva bajo su direcci\u00f3n.<\/p>\n<p>Para entender mejor c\u00f3mo se analizan los rendimientos en el f\u00fatbol, se puede consultar nuestro <a href=\"https:\/\/tipnexa.com\/blog\/analisis-de-resultados-de-futbol-goles-figuras-y-rendimiento-clave\/\">an\u00e1lisis de resultados de f\u00fatbol, goles, figuras y rendimiento clave<\/a>, que ofrece perspectivas sobre la evaluaci\u00f3n de equipos y jugadores.<\/p>\n<h2>El Impacto de una Leyenda en el F\u00fatbol Chileno<\/h2>\n<p>El nombramiento de Esteban Paredes no es solo una noticia para el Santiago Morning; es un evento significativo para el <strong>f\u00fatbol chileno<\/strong> en su conjunto. Ver a un referente de su talla iniciar una carrera como entrenador abre un nuevo cap\u00edtulo en su legado. Su carisma y conocimiento del juego ser\u00e1n activos valiosos para el desarrollo de j\u00f3venes talentos y para elevar el nivel competitivo de la categor\u00eda. La presencia de figuras como Paredes en la direcci\u00f3n t\u00e9cnica puede inspirar a futuras generaciones y revitalizar el inter\u00e9s por la Segunda Divisi\u00f3n. Este es un paso importante para el \u00abTanque\u00bb y para la evoluci\u00f3n del deporte en el pa\u00eds.<\/p>\n<p>Para m\u00e1s noticias y an\u00e1lisis del deporte, puedes visitar nuestro <a href=\"https:\/\/tipnexa.com\/blog\/\">blog<\/a> y mantenerte al d\u00eda con los eventos m\u00e1s relevantes.<\/p>\n<h2>Conclusi\u00f3n<\/h2>\n<p>La designaci\u00f3n de Esteban Paredes como nuevo entrenador del Santiago Morning para la temporada 2026 representa un hito en su carrera y un momento clave para el club. Con un cuerpo t\u00e9cnico s\u00f3lido y la experiencia de un goleador hist\u00f3rico, el \u00abChaguito\u00bb aspira a grandes cosas en la Segunda Divisi\u00f3n. Los ojos del f\u00fatbol chileno estar\u00e1n puestos en Paredes, esperando que su liderazgo y visi\u00f3n de juego se traduzcan en \u00e9xitos deportivos. Su debut como DT promete ser uno de los puntos m\u00e1s interesantes del campeonato.<\/p>\n","protected":false},"excerpt":{"rendered":"<p>Esteban Paredes inicia su carrera como DT en Santiago Morning para 2026. Descubre los detalles de su nombramiento y el impacto en el f\u00fatbol chileno. \u00a1No te lo pierdas!<\/p>\n","protected":false},"author":1,"featured_media":971,"comment_status":"open","ping_status":"open","sticky":false,"template":"","format":"standard","meta":{"footnotes":""},"categories":[10,16],"tags":[],"class_list":["post-972","post","type-post","status-publish","format-standard","has-post-thumbnail","hentry","category-clubes","category-futbol-internacional"],"yoast_head":"<!-- This site is optimized with the Yoast SEO plugin v27.2 - https:\/\/yoast.com\/product\/yoast-seo-wordpress\/ -->\n<title>Esteban Paredes: Nueva Era como Entrenador de Santiago Morning en 2026 - Tipnexa<\/title>\n<meta name=\"robots\" content=\"index, follow, max-snippet:-1, max-image-preview:large, max-video-preview:-1\" \/>\n<link rel=\"canonical\" href=\"https:\/\/tipnexa.com\/blog\/esteban-paredes-nueva-era-como-entrenador-de-santiago-morning-en-2026\/\" \/>\n<meta property=\"og:locale\" content=\"es_ES\" \/>\n<meta property=\"og:type\" content=\"article\" \/>\n<meta property=\"og:title\" content=\"Esteban Paredes: Nueva Era como Entrenador de Santiago Morning en 2026 - Tipnexa\" \/>\n<meta property=\"og:description\" content=\"Esteban Paredes inicia su carrera como DT en Santiago Morning para 2026. Descubre los detalles de su nombramiento y el impacto en el f\u00fatbol chileno. \u00a1No te lo pierdas!\" \/>\n<meta property=\"og:url\" content=\"https:\/\/tipnexa.com\/blog\/esteban-paredes-nueva-era-como-entrenador-de-santiago-morning-en-2026\/\" \/>\n<meta property=\"og:site_name\" content=\"Tipnexa\" \/>\n<meta property=\"article:published_time\" content=\"2026-03-14T18:43:30+00:00\" \/>\n<meta property=\"og:image\" content=\"https:\/\/tipnexa.com\/blog\/wp-content\/uploads\/2026\/03\/esteban-paredes-nueva-era-como-entrenador-de-santiago-morning-en-2026-1773513806817-1024x585.png\" \/>\n\t<meta property=\"og:image:width\" content=\"1024\" \/>\n\t<meta property=\"og:image:height\" content=\"585\" \/>\n\t<meta property=\"og:image:type\" content=\"image\/png\" \/>\n<meta name=\"author\" content=\"admin\" \/>\n<meta name=\"twitter:card\" content=\"summary_large_image\" \/>\n<meta name=\"twitter:label1\" content=\"Escrito por\" \/>\n\t<meta name=\"twitter:data1\" content=\"admin\" \/>\n\t<meta name=\"twitter:label2\" content=\"Tiempo de lectura\" \/>\n\t<meta name=\"twitter:data2\" content=\"4 minutos\" \/>\n<script type=\"application\/ld+json\" class=\"yoast-schema-graph\">{\"@context\":\"https:\/\/schema.org\",\"@graph\":[{\"@type\":\"Article\",\"@id\":\"https:\/\/tipnexa.com\/blog\/esteban-paredes-nueva-era-como-entrenador-de-santiago-morning-en-2026\/#article\",\"isPartOf\":{\"@id\":\"https:\/\/tipnexa.com\/blog\/esteban-paredes-nueva-era-como-entrenador-de-santiago-morning-en-2026\/\"},\"author\":{\"name\":\"admin\",\"@id\":\"https:\/\/tipnexa.com\/blog\/#\/schema\/person\/fcfe9a20877b14cc7f2bc3ce77f6d3cf\"},\"headline\":\"Esteban Paredes: Nueva Era como Entrenador de Santiago Morning en 2026\",\"datePublished\":\"2026-03-14T18:43:30+00:00\",\"mainEntityOfPage\":{\"@id\":\"https:\/\/tipnexa.com\/blog\/esteban-paredes-nueva-era-como-entrenador-de-santiago-morning-en-2026\/\"},\"wordCount\":736,\"commentCount\":0,\"publisher\":{\"@id\":\"https:\/\/tipnexa.com\/blog\/#organization\"},\"image\":{\"@id\":\"https:\/\/tipnexa.com\/blog\/esteban-paredes-nueva-era-como-entrenador-de-santiago-morning-en-2026\/#primaryimage\"},\"thumbnailUrl\":\"https:\/\/tipnexa.com\/blog\/wp-content\/uploads\/2026\/03\/esteban-paredes-nueva-era-como-entrenador-de-santiago-morning-en-2026-1773513806817.png\",\"articleSection\":[\"Clubes\",\"F\u00fatbol Internacional\"],\"inLanguage\":\"es\",\"potentialAction\":[{\"@type\":\"CommentAction\",\"name\":\"Comment\",\"target\":[\"https:\/\/tipnexa.com\/blog\/esteban-paredes-nueva-era-como-entrenador-de-santiago-morning-en-2026\/#respond\"]}]},{\"@type\":\"WebPage\",\"@id\":\"https:\/\/tipnexa.com\/blog\/esteban-paredes-nueva-era-como-entrenador-de-santiago-morning-en-2026\/\",\"url\":\"https:\/\/tipnexa.com\/blog\/esteban-paredes-nueva-era-como-entrenador-de-santiago-morning-en-2026\/\",\"name\":\"Esteban Paredes: Nueva Era como Entrenador de Santiago Morning en 2026 - Tipnexa\",\"isPartOf\":{\"@id\":\"https:\/\/tipnexa.com\/blog\/#website\"},\"primaryImageOfPage\":{\"@id\":\"https:\/\/tipnexa.com\/blog\/esteban-paredes-nueva-era-como-entrenador-de-santiago-morning-en-2026\/#primaryimage\"},\"image\":{\"@id\":\"https:\/\/tipnexa.com\/blog\/esteban-paredes-nueva-era-como-entrenador-de-santiago-morning-en-2026\/#primaryimage\"},\"thumbnailUrl\":\"https:\/\/tipnexa.com\/blog\/wp-content\/uploads\/2026\/03\/esteban-paredes-nueva-era-como-entrenador-de-santiago-morning-en-2026-1773513806817.png\",\"datePublished\":\"2026-03-14T18:43:30+00:00\",\"breadcrumb\":{\"@id\":\"https:\/\/tipnexa.com\/blog\/esteban-paredes-nueva-era-como-entrenador-de-santiago-morning-en-2026\/#breadcrumb\"},\"inLanguage\":\"es\",\"potentialAction\":[{\"@type\":\"ReadAction\",\"target\":[\"https:\/\/tipnexa.com\/blog\/esteban-paredes-nueva-era-como-entrenador-de-santiago-morning-en-2026\/\"]}]},{\"@type\":\"ImageObject\",\"inLanguage\":\"es\",\"@id\":\"https:\/\/tipnexa.com\/blog\/esteban-paredes-nueva-era-como-entrenador-de-santiago-morning-en-2026\/#primaryimage\",\"url\":\"https:\/\/tipnexa.com\/blog\/wp-content\/uploads\/2026\/03\/esteban-paredes-nueva-era-como-entrenador-de-santiago-morning-en-2026-1773513806817.png\",\"contentUrl\":\"https:\/\/tipnexa.com\/blog\/wp-content\/uploads\/2026\/03\/esteban-paredes-nueva-era-como-entrenador-de-santiago-morning-en-2026-1773513806817.png\",\"width\":1344,\"height\":768},{\"@type\":\"BreadcrumbList\",\"@id\":\"https:\/\/tipnexa.com\/blog\/esteban-paredes-nueva-era-como-entrenador-de-santiago-morning-en-2026\/#breadcrumb\",\"itemListElement\":[{\"@type\":\"ListItem\",\"position\":1,\"name\":\"Portada\",\"item\":\"https:\/\/tipnexa.com\/blog\/\"},{\"@type\":\"ListItem\",\"position\":2,\"name\":\"Esteban Paredes: Nueva Era como Entrenador de Santiago Morning en 2026\"}]},{\"@type\":\"WebSite\",\"@id\":\"https:\/\/tipnexa.com\/blog\/#website\",\"url\":\"https:\/\/tipnexa.com\/blog\/\",\"name\":\"Blog de Tipnexa\",\"description\":\"Descubre en el blog de Tipnexa las \u00faltimas noticias de f\u00fatbol, pron\u00f3sticos, an\u00e1lisis de partidos, ligas y equipos con enfoque experto y datos actualizados.\",\"publisher\":{\"@id\":\"https:\/\/tipnexa.com\/blog\/#organization\"},\"alternateName\":\"Blog de Tipnexa\",\"potentialAction\":[{\"@type\":\"SearchAction\",\"target\":{\"@type\":\"EntryPoint\",\"urlTemplate\":\"https:\/\/tipnexa.com\/blog\/?s={search_term_string}\"},\"query-input\":{\"@type\":\"PropertyValueSpecification\",\"valueRequired\":true,\"valueName\":\"search_term_string\"}}],\"inLanguage\":\"es\"},{\"@type\":\"Organization\",\"@id\":\"https:\/\/tipnexa.com\/blog\/#organization\",\"name\":\"Tipnexa\",\"url\":\"https:\/\/tipnexa.com\/blog\/\",\"logo\":{\"@type\":\"ImageObject\",\"inLanguage\":\"es\",\"@id\":\"https:\/\/tipnexa.com\/blog\/#\/schema\/logo\/image\/\",\"url\":\"https:\/\/tipnexa.com\/blog\/wp-content\/uploads\/2026\/03\/192x192.png\",\"contentUrl\":\"https:\/\/tipnexa.com\/blog\/wp-content\/uploads\/2026\/03\/192x192.png\",\"width\":192,\"height\":192,\"caption\":\"Tipnexa\"},\"image\":{\"@id\":\"https:\/\/tipnexa.com\/blog\/#\/schema\/logo\/image\/\"}},{\"@type\":\"Person\",\"@id\":\"https:\/\/tipnexa.com\/blog\/#\/schema\/person\/fcfe9a20877b14cc7f2bc3ce77f6d3cf\",\"name\":\"admin\",\"image\":{\"@type\":\"ImageObject\",\"inLanguage\":\"es\",\"@id\":\"https:\/\/secure.gravatar.com\/avatar\/b4f14cb9d9d12a445b91a477b3cf143c91ca7da26f03b6815b159c10ce2e2c74?s=96&d=mm&r=g\",\"url\":\"https:\/\/secure.gravatar.com\/avatar\/b4f14cb9d9d12a445b91a477b3cf143c91ca7da26f03b6815b159c10ce2e2c74?s=96&d=mm&r=g\",\"contentUrl\":\"https:\/\/secure.gravatar.com\/avatar\/b4f14cb9d9d12a445b91a477b3cf143c91ca7da26f03b6815b159c10ce2e2c74?s=96&d=mm&r=g\",\"caption\":\"admin\"},\"sameAs\":[\"https:\/\/tipnexa.com\/blog\"],\"url\":\"https:\/\/tipnexa.com\/blog\/author\/admin\/\"}]}<\/script>\n<!-- \/ Yoast SEO plugin. -->","yoast_head_json":{"title":"Esteban Paredes: Nueva Era como Entrenador de Santiago Morning en 2026 - Tipnexa","robots":{"index":"index","follow":"follow","max-snippet":"max-snippet:-1","max-image-preview":"max-image-preview:large","max-video-preview":"max-video-preview:-1"},"canonical":"https:\/\/tipnexa.com\/blog\/esteban-paredes-nueva-era-como-entrenador-de-santiago-morning-en-2026\/","og_locale":"es_ES","og_type":"article","og_title":"Esteban Paredes: Nueva Era como Entrenador de Santiago Morning en 2026 - Tipnexa","og_description":"Esteban Paredes inicia su carrera como DT en Santiago Morning para 2026. Descubre los detalles de su nombramiento y el impacto en el f\u00fatbol chileno. \u00a1No te lo pierdas!","og_url":"https:\/\/tipnexa.com\/blog\/esteban-paredes-nueva-era-como-entrenador-de-santiago-morning-en-2026\/","og_site_name":"Tipnexa","article_published_time":"2026-03-14T18:43:30+00:00","og_image":[{"width":1024,"height":585,"url":"https:\/\/tipnexa.com\/blog\/wp-content\/uploads\/2026\/03\/esteban-paredes-nueva-era-como-entrenador-de-santiago-morning-en-2026-1773513806817-1024x585.png","type":"image\/png"}],"author":"admin","twitter_card":"summary_large_image","twitter_misc":{"Escrito por":"admin","Tiempo de lectura":"4 minutos"},"schema":{"@context":"https:\/\/schema.org","@graph":[{"@type":"Article","@id":"https:\/\/tipnexa.com\/blog\/esteban-paredes-nueva-era-como-entrenador-de-santiago-morning-en-2026\/#article","isPartOf":{"@id":"https:\/\/tipnexa.com\/blog\/esteban-paredes-nueva-era-como-entrenador-de-santiago-morning-en-2026\/"},"author":{"name":"admin","@id":"https:\/\/tipnexa.com\/blog\/#\/schema\/person\/fcfe9a20877b14cc7f2bc3ce77f6d3cf"},"headline":"Esteban Paredes: Nueva Era como Entrenador de Santiago Morning en 2026","datePublished":"2026-03-14T18:43:30+00:00","mainEntityOfPage":{"@id":"https:\/\/tipnexa.com\/blog\/esteban-paredes-nueva-era-como-entrenador-de-santiago-morning-en-2026\/"},"wordCount":736,"commentCount":0,"publisher":{"@id":"https:\/\/tipnexa.com\/blog\/#organization"},"image":{"@id":"https:\/\/tipnexa.com\/blog\/esteban-paredes-nueva-era-como-entrenador-de-santiago-morning-en-2026\/#primaryimage"},"thumbnailUrl":"https:\/\/tipnexa.com\/blog\/wp-content\/uploads\/2026\/03\/esteban-paredes-nueva-era-como-entrenador-de-santiago-morning-en-2026-1773513806817.png","articleSection":["Clubes","F\u00fatbol Internacional"],"inLanguage":"es","potentialAction":[{"@type":"CommentAction","name":"Comment","target":["https:\/\/tipnexa.com\/blog\/esteban-paredes-nueva-era-como-entrenador-de-santiago-morning-en-2026\/#respond"]}]},{"@type":"WebPage","@id":"https:\/\/tipnexa.com\/blog\/esteban-paredes-nueva-era-como-entrenador-de-santiago-morning-en-2026\/","url":"https:\/\/tipnexa.com\/blog\/esteban-paredes-nueva-era-como-entrenador-de-santiago-morning-en-2026\/","name":"Esteban Paredes: Nueva Era como Entrenador de Santiago Morning en 2026 - Tipnexa","isPartOf":{"@id":"https:\/\/tipnexa.com\/blog\/#website"},"primaryImageOfPage":{"@id":"https:\/\/tipnexa.com\/blog\/esteban-paredes-nueva-era-como-entrenador-de-santiago-morning-en-2026\/#primaryimage"},"image":{"@id":"https:\/\/tipnexa.com\/blog\/esteban-paredes-nueva-era-como-entrenador-de-santiago-morning-en-2026\/#primaryimage"},"thumbnailUrl":"https:\/\/tipnexa.com\/blog\/wp-content\/uploads\/2026\/03\/esteban-paredes-nueva-era-como-entrenador-de-santiago-morning-en-2026-1773513806817.png","datePublished":"2026-03-14T18:43:30+00:00","breadcrumb":{"@id":"https:\/\/tipnexa.com\/blog\/esteban-paredes-nueva-era-como-entrenador-de-santiago-morning-en-2026\/#breadcrumb"},"inLanguage":"es","potentialAction":[{"@type":"ReadAction","target":["https:\/\/tipnexa.com\/blog\/esteban-paredes-nueva-era-como-entrenador-de-santiago-morning-en-2026\/"]}]},{"@type":"ImageObject","inLanguage":"es","@id":"https:\/\/tipnexa.com\/blog\/esteban-paredes-nueva-era-como-entrenador-de-santiago-morning-en-2026\/#primaryimage","url":"https:\/\/tipnexa.com\/blog\/wp-content\/uploads\/2026\/03\/esteban-paredes-nueva-era-como-entrenador-de-santiago-morning-en-2026-1773513806817.png","contentUrl":"https:\/\/tipnexa.com\/blog\/wp-content\/uploads\/2026\/03\/esteban-paredes-nueva-era-como-entrenador-de-santiago-morning-en-2026-1773513806817.png","width":1344,"height":768},{"@type":"BreadcrumbList","@id":"https:\/\/tipnexa.com\/blog\/esteban-paredes-nueva-era-como-entrenador-de-santiago-morning-en-2026\/#breadcrumb","itemListElement":[{"@type":"ListItem","position":1,"name":"Portada","item":"https:\/\/tipnexa.com\/blog\/"},{"@type":"ListItem","position":2,"name":"Esteban Paredes: Nueva Era como Entrenador de Santiago Morning en 2026"}]},{"@type":"WebSite","@id":"https:\/\/tipnexa.com\/blog\/#website","url":"https:\/\/tipnexa.com\/blog\/","name":"Blog de Tipnexa","description":"Descubre en el blog de Tipnexa las \u00faltimas noticias de f\u00fatbol, pron\u00f3sticos, an\u00e1lisis de partidos, ligas y equipos con enfoque experto y datos actualizados.","publisher":{"@id":"https:\/\/tipnexa.com\/blog\/#organization"},"alternateName":"Blog de Tipnexa","potentialAction":[{"@type":"SearchAction","target":{"@type":"EntryPoint","urlTemplate":"https:\/\/tipnexa.com\/blog\/?s={search_term_string}"},"query-input":{"@type":"PropertyValueSpecification","valueRequired":true,"valueName":"search_term_string"}}],"inLanguage":"es"},{"@type":"Organization","@id":"https:\/\/tipnexa.com\/blog\/#organization","name":"Tipnexa","url":"https:\/\/tipnexa.com\/blog\/","logo":{"@type":"ImageObject","inLanguage":"es","@id":"https:\/\/tipnexa.com\/blog\/#\/schema\/logo\/image\/","url":"https:\/\/tipnexa.com\/blog\/wp-content\/uploads\/2026\/03\/192x192.png","contentUrl":"https:\/\/tipnexa.com\/blog\/wp-content\/uploads\/2026\/03\/192x192.png","width":192,"height":192,"caption":"Tipnexa"},"image":{"@id":"https:\/\/tipnexa.com\/blog\/#\/schema\/logo\/image\/"}},{"@type":"Person","@id":"https:\/\/tipnexa.com\/blog\/#\/schema\/person\/fcfe9a20877b14cc7f2bc3ce77f6d3cf","name":"admin","image":{"@type":"ImageObject","inLanguage":"es","@id":"https:\/\/secure.gravatar.com\/avatar\/b4f14cb9d9d12a445b91a477b3cf143c91ca7da26f03b6815b159c10ce2e2c74?s=96&d=mm&r=g","url":"https:\/\/secure.gravatar.com\/avatar\/b4f14cb9d9d12a445b91a477b3cf143c91ca7da26f03b6815b159c10ce2e2c74?s=96&d=mm&r=g","contentUrl":"https:\/\/secure.gravatar.com\/avatar\/b4f14cb9d9d12a445b91a477b3cf143c91ca7da26f03b6815b159c10ce2e2c74?s=96&d=mm&r=g","caption":"admin"},"sameAs":["https:\/\/tipnexa.com\/blog"],"url":"https:\/\/tipnexa.com\/blog\/author\/admin\/"}]}},"_links":{"self":[{"href":"https:\/\/tipnexa.com\/blog\/wp-json\/wp\/v2\/posts\/972","targetHints":{"allow":["GET"]}}],"collection":[{"href":"https:\/\/tipnexa.com\/blog\/wp-json\/wp\/v2\/posts"}],"about":[{"href":"https:\/\/tipnexa.com\/blog\/wp-json\/wp\/v2\/types\/post"}],"author":[{"embeddable":true,"href":"https:\/\/tipnexa.com\/blog\/wp-json\/wp\/v2\/users\/1"}],"replies":[{"embeddable":true,"href":"https:\/\/tipnexa.com\/blog\/wp-json\/wp\/v2\/comments?post=972"}],"version-history":[{"count":0,"href":"https:\/\/tipnexa.com\/blog\/wp-json\/wp\/v2\/posts\/972\/revisions"}],"wp:featuredmedia":[{"embeddable":true,"href":"https:\/\/tipnexa.com\/blog\/wp-json\/wp\/v2\/media\/971"}],"wp:attachment":[{"href":"https:\/\/tipnexa.com\/blog\/wp-json\/wp\/v2\/media?parent=972"}],"wp:term":[{"taxonomy":"category","embeddable":true,"href":"https:\/\/tipnexa.com\/blog\/wp-json\/wp\/v2\/categories?post=972"},{"taxonomy":"post_tag","embeddable":true,"href":"https:\/\/tipnexa.com\/blog\/wp-json\/wp\/v2\/tags?post=972"}],"curies":[{"name":"wp","href":"https:\/\/api.w.org\/{rel}","templated":true}]}}