{"id":956,"date":"2026-03-14T19:39:23","date_gmt":"2026-03-14T18:39:23","guid":{"rendered":"https:\/\/tipnexa.com\/blog\/julian-araujo-lesion-y-ausencia-clave-en-la-convocatoria-del-celtic\/"},"modified":"2026-03-14T19:39:23","modified_gmt":"2026-03-14T18:39:23","slug":"julian-araujo-lesion-y-ausencia-clave-en-la-convocatoria-del-celtic","status":"publish","type":"post","link":"https:\/\/tipnexa.com\/blog\/julian-araujo-lesion-y-ausencia-clave-en-la-convocatoria-del-celtic\/","title":{"rendered":"Juli\u00e1n Araujo: Lesi\u00f3n y Ausencia Clave en la Convocatoria del Celtic"},"content":{"rendered":"<p>El futbolista <strong>Juli\u00e1n Araujo<\/strong>, lateral mexicano del Celtic de Escocia, ha sido noticia recientemente por su exclusi\u00f3n de la convocatoria del equipo debido a una molestia muscular. Esta situaci\u00f3n marca la primera vez que Araujo se pierde un partido desde su llegada al club, generando preocupaci\u00f3n entre los aficionados y el cuerpo t\u00e9cnico. La decisi\u00f3n de darle descanso se tom\u00f3 como medida preventiva, buscando salvaguardar la integridad f\u00edsica del jugador ante la exigente temporada.<\/p>\n<p>La molestia surgi\u00f3 tras un intenso encuentro de 120 minutos en los Cuartos de Final de la Copa de Escocia, donde el Celtic se enfrent\u00f3 al Rangers en un vibrante <strong>cl\u00e1sico<\/strong>. Este partido, que termin\u00f3 con una victoria del Celtic desde el punto penal tras un empate sin goles en el tiempo reglamentario, exigi\u00f3 al m\u00e1ximo a los jugadores. Para un an\u00e1lisis m\u00e1s profundo de encuentros cruciales, puedes visitar nuestro <a href=\"https:\/\/tipnexa.com\/blog\/analisis-futbol-victoria-contundente-en-el-clasico-de-la-jornada\/\">an\u00e1lisis de f\u00fatbol y resultados clave<\/a>.<\/p>\n<p>Mart\u00edn O\u2019Neill, el entrenador de \u2018Los Celts\u2019, confirm\u00f3 la situaci\u00f3n de Araujo. \u201cSe lesion\u00f3 durante la semana. Despu\u00e9s del partido del domingo sinti\u00f3 una ligera molestia, y al cabo de un rato empez\u00f3 a sentir rigidez en el muslo. Pensamos que no val\u00eda la pena arriesgarlo, as\u00ed que decidimos darle descanso hoy\u201d, explic\u00f3 el t\u00e9cnico. Esta declaraci\u00f3n subraya la importancia de la gesti\u00f3n de cargas en el f\u00fatbol moderno, especialmente para jugadores con alta exigencia.<\/p>\n<p>La decisi\u00f3n de excluir a Araujo de la convocatoria para el partido de la Premier League de Escocia contra el Motherwell es significativa. Desde su incorporaci\u00f3n al equipo, el lateral mexicano hab\u00eda sido un pilar fundamental, jugando todos los partidos de liga. Incluso en la semana de su llegada, no recibi\u00f3 descanso y debut\u00f3 con apenas un par de d\u00edas de integraci\u00f3n al plantel, lo que demuestra su compromiso y r\u00e1pida adaptaci\u00f3n.<\/p>\n<p>El <strong>descanso preventivo<\/strong> es crucial para evitar lesiones de mayor consideraci\u00f3n, un factor cada vez m\u00e1s relevante en el calendario apretado del f\u00fatbol profesional. Con la Copa del Mundo y otros importantes torneos internacionales en el horizonte de 2026, la salud de los futbolistas es una prioridad. Los cuerpos t\u00e9cnicos buscan equilibrar la necesidad de rendimiento con la protecci\u00f3n de sus activos m\u00e1s valiosos en el campo.<\/p>\n<p>Hasta el momento de su lesi\u00f3n, los n\u00fameros de Juli\u00e1n Araujo con el Celtic han sido notablemente positivos. Ha disputado todos los partidos de liga desde su llegada, acumulando diez titularidades y un total de 788 minutos en los que ha logrado una anotaci\u00f3n, marcando contra el Kilmarnock. Su impacto en el equipo ha sido inmediato, consolid\u00e1ndose como una pieza clave en la defensa y el ataque. Para m\u00e1s informaci\u00f3n sobre el rendimiento de jugadores y equipos, explora nuestros <a href=\"https:\/\/tipnexa.com\/blog\/analisis-de-resultados-de-futbol-goles-figuras-y-rendimiento-clave\/\">an\u00e1lisis de resultados de f\u00fatbol<\/a>.<\/p>\n<p>Este incidente resalta la fragilidad de los deportistas de \u00e9lite y la necesidad de un seguimiento m\u00e9dico constante. La carrera de un futbolista est\u00e1 llena de desaf\u00edos f\u00edsicos, y la capacidad de un equipo para gestionar las lesiones puede ser determinante en el \u00e9xito de una temporada. La prudencia del Celtic al darle descanso a Araujo es una muestra de una estrategia a largo plazo.<\/p>\n<h2>Conclusi\u00f3n<\/h2>\n<p>La ausencia de Juli\u00e1n Araujo en la convocatoria del Celtic por una lesi\u00f3n muscular, aunque sea temporal, es un recordatorio de las exigencias del f\u00fatbol de alto nivel. La medida de darle descanso preventivo es fundamental para su recuperaci\u00f3n y para asegurar que pueda seguir aportando su talento al equipo en los desaf\u00edos venideros de la temporada 2026. Los aficionados esperan su pronta recuperaci\u00f3n para verlo de nuevo en acci\u00f3n, demostrando el <strong>rendimiento positivo<\/strong> que ha caracterizado su paso por el club escoc\u00e9s.<\/p>\n","protected":false},"excerpt":{"rendered":"<p>Descubre por qu\u00e9 Juli\u00e1n Araujo fue excluido de la convocatoria del Celtic por una lesi\u00f3n muscular. Analizamos el impacto de su descanso preventivo y su gran rendimiento en 2026.<\/p>\n","protected":false},"author":1,"featured_media":955,"comment_status":"open","ping_status":"open","sticky":false,"template":"","format":"standard","meta":{"footnotes":""},"categories":[10,16],"tags":[],"class_list":["post-956","post","type-post","status-publish","format-standard","has-post-thumbnail","hentry","category-clubes","category-futbol-internacional"],"yoast_head":"<!-- This site is optimized with the Yoast SEO plugin v27.2 - https:\/\/yoast.com\/product\/yoast-seo-wordpress\/ -->\n<title>Juli\u00e1n Araujo: Lesi\u00f3n y Ausencia Clave en la Convocatoria del Celtic - Tipnexa<\/title>\n<meta name=\"robots\" content=\"index, follow, max-snippet:-1, max-image-preview:large, max-video-preview:-1\" \/>\n<link rel=\"canonical\" href=\"https:\/\/tipnexa.com\/blog\/julian-araujo-lesion-y-ausencia-clave-en-la-convocatoria-del-celtic\/\" \/>\n<meta property=\"og:locale\" content=\"es_ES\" \/>\n<meta property=\"og:type\" content=\"article\" \/>\n<meta property=\"og:title\" content=\"Juli\u00e1n Araujo: Lesi\u00f3n y Ausencia Clave en la Convocatoria del Celtic - Tipnexa\" \/>\n<meta property=\"og:description\" content=\"Descubre por qu\u00e9 Juli\u00e1n Araujo fue excluido de la convocatoria del Celtic por una lesi\u00f3n muscular. Analizamos el impacto de su descanso preventivo y su gran rendimiento en 2026.\" \/>\n<meta property=\"og:url\" content=\"https:\/\/tipnexa.com\/blog\/julian-araujo-lesion-y-ausencia-clave-en-la-convocatoria-del-celtic\/\" \/>\n<meta property=\"og:site_name\" content=\"Tipnexa\" \/>\n<meta property=\"article:published_time\" content=\"2026-03-14T18:39:23+00:00\" \/>\n<meta property=\"og:image\" content=\"https:\/\/tipnexa.com\/blog\/wp-content\/uploads\/2026\/03\/julian-araujo-lesion-y-ausencia-clave-en-la-convocatoria-del-celtic-1773513559901-1024x585.png\" \/>\n\t<meta property=\"og:image:width\" content=\"1024\" \/>\n\t<meta property=\"og:image:height\" content=\"585\" \/>\n\t<meta property=\"og:image:type\" content=\"image\/png\" \/>\n<meta name=\"author\" content=\"admin\" \/>\n<meta name=\"twitter:card\" content=\"summary_large_image\" \/>\n<meta name=\"twitter:label1\" content=\"Escrito por\" \/>\n\t<meta name=\"twitter:data1\" content=\"admin\" \/>\n\t<meta name=\"twitter:label2\" content=\"Tiempo de lectura\" \/>\n\t<meta name=\"twitter:data2\" content=\"3 minutos\" \/>\n<script type=\"application\/ld+json\" class=\"yoast-schema-graph\">{\"@context\":\"https:\/\/schema.org\",\"@graph\":[{\"@type\":\"Article\",\"@id\":\"https:\/\/tipnexa.com\/blog\/julian-araujo-lesion-y-ausencia-clave-en-la-convocatoria-del-celtic\/#article\",\"isPartOf\":{\"@id\":\"https:\/\/tipnexa.com\/blog\/julian-araujo-lesion-y-ausencia-clave-en-la-convocatoria-del-celtic\/\"},\"author\":{\"name\":\"admin\",\"@id\":\"https:\/\/tipnexa.com\/blog\/#\/schema\/person\/fcfe9a20877b14cc7f2bc3ce77f6d3cf\"},\"headline\":\"Juli\u00e1n Araujo: Lesi\u00f3n y Ausencia Clave en la Convocatoria del Celtic\",\"datePublished\":\"2026-03-14T18:39:23+00:00\",\"mainEntityOfPage\":{\"@id\":\"https:\/\/tipnexa.com\/blog\/julian-araujo-lesion-y-ausencia-clave-en-la-convocatoria-del-celtic\/\"},\"wordCount\":662,\"commentCount\":0,\"publisher\":{\"@id\":\"https:\/\/tipnexa.com\/blog\/#organization\"},\"image\":{\"@id\":\"https:\/\/tipnexa.com\/blog\/julian-araujo-lesion-y-ausencia-clave-en-la-convocatoria-del-celtic\/#primaryimage\"},\"thumbnailUrl\":\"https:\/\/tipnexa.com\/blog\/wp-content\/uploads\/2026\/03\/julian-araujo-lesion-y-ausencia-clave-en-la-convocatoria-del-celtic-1773513559901.png\",\"articleSection\":[\"Clubes\",\"F\u00fatbol Internacional\"],\"inLanguage\":\"es\",\"potentialAction\":[{\"@type\":\"CommentAction\",\"name\":\"Comment\",\"target\":[\"https:\/\/tipnexa.com\/blog\/julian-araujo-lesion-y-ausencia-clave-en-la-convocatoria-del-celtic\/#respond\"]}]},{\"@type\":\"WebPage\",\"@id\":\"https:\/\/tipnexa.com\/blog\/julian-araujo-lesion-y-ausencia-clave-en-la-convocatoria-del-celtic\/\",\"url\":\"https:\/\/tipnexa.com\/blog\/julian-araujo-lesion-y-ausencia-clave-en-la-convocatoria-del-celtic\/\",\"name\":\"Juli\u00e1n Araujo: Lesi\u00f3n y Ausencia Clave en la Convocatoria del Celtic - Tipnexa\",\"isPartOf\":{\"@id\":\"https:\/\/tipnexa.com\/blog\/#website\"},\"primaryImageOfPage\":{\"@id\":\"https:\/\/tipnexa.com\/blog\/julian-araujo-lesion-y-ausencia-clave-en-la-convocatoria-del-celtic\/#primaryimage\"},\"image\":{\"@id\":\"https:\/\/tipnexa.com\/blog\/julian-araujo-lesion-y-ausencia-clave-en-la-convocatoria-del-celtic\/#primaryimage\"},\"thumbnailUrl\":\"https:\/\/tipnexa.com\/blog\/wp-content\/uploads\/2026\/03\/julian-araujo-lesion-y-ausencia-clave-en-la-convocatoria-del-celtic-1773513559901.png\",\"datePublished\":\"2026-03-14T18:39:23+00:00\",\"breadcrumb\":{\"@id\":\"https:\/\/tipnexa.com\/blog\/julian-araujo-lesion-y-ausencia-clave-en-la-convocatoria-del-celtic\/#breadcrumb\"},\"inLanguage\":\"es\",\"potentialAction\":[{\"@type\":\"ReadAction\",\"target\":[\"https:\/\/tipnexa.com\/blog\/julian-araujo-lesion-y-ausencia-clave-en-la-convocatoria-del-celtic\/\"]}]},{\"@type\":\"ImageObject\",\"inLanguage\":\"es\",\"@id\":\"https:\/\/tipnexa.com\/blog\/julian-araujo-lesion-y-ausencia-clave-en-la-convocatoria-del-celtic\/#primaryimage\",\"url\":\"https:\/\/tipnexa.com\/blog\/wp-content\/uploads\/2026\/03\/julian-araujo-lesion-y-ausencia-clave-en-la-convocatoria-del-celtic-1773513559901.png\",\"contentUrl\":\"https:\/\/tipnexa.com\/blog\/wp-content\/uploads\/2026\/03\/julian-araujo-lesion-y-ausencia-clave-en-la-convocatoria-del-celtic-1773513559901.png\",\"width\":1344,\"height\":768},{\"@type\":\"BreadcrumbList\",\"@id\":\"https:\/\/tipnexa.com\/blog\/julian-araujo-lesion-y-ausencia-clave-en-la-convocatoria-del-celtic\/#breadcrumb\",\"itemListElement\":[{\"@type\":\"ListItem\",\"position\":1,\"name\":\"Portada\",\"item\":\"https:\/\/tipnexa.com\/blog\/\"},{\"@type\":\"ListItem\",\"position\":2,\"name\":\"Juli\u00e1n Araujo: Lesi\u00f3n y Ausencia Clave en la Convocatoria del Celtic\"}]},{\"@type\":\"WebSite\",\"@id\":\"https:\/\/tipnexa.com\/blog\/#website\",\"url\":\"https:\/\/tipnexa.com\/blog\/\",\"name\":\"Blog de Tipnexa\",\"description\":\"Descubre en el blog de Tipnexa las \u00faltimas noticias de f\u00fatbol, pron\u00f3sticos, an\u00e1lisis de partidos, ligas y equipos con enfoque experto y datos actualizados.\",\"publisher\":{\"@id\":\"https:\/\/tipnexa.com\/blog\/#organization\"},\"alternateName\":\"Blog de Tipnexa\",\"potentialAction\":[{\"@type\":\"SearchAction\",\"target\":{\"@type\":\"EntryPoint\",\"urlTemplate\":\"https:\/\/tipnexa.com\/blog\/?s={search_term_string}\"},\"query-input\":{\"@type\":\"PropertyValueSpecification\",\"valueRequired\":true,\"valueName\":\"search_term_string\"}}],\"inLanguage\":\"es\"},{\"@type\":\"Organization\",\"@id\":\"https:\/\/tipnexa.com\/blog\/#organization\",\"name\":\"Tipnexa\",\"url\":\"https:\/\/tipnexa.com\/blog\/\",\"logo\":{\"@type\":\"ImageObject\",\"inLanguage\":\"es\",\"@id\":\"https:\/\/tipnexa.com\/blog\/#\/schema\/logo\/image\/\",\"url\":\"https:\/\/tipnexa.com\/blog\/wp-content\/uploads\/2026\/03\/192x192.png\",\"contentUrl\":\"https:\/\/tipnexa.com\/blog\/wp-content\/uploads\/2026\/03\/192x192.png\",\"width\":192,\"height\":192,\"caption\":\"Tipnexa\"},\"image\":{\"@id\":\"https:\/\/tipnexa.com\/blog\/#\/schema\/logo\/image\/\"}},{\"@type\":\"Person\",\"@id\":\"https:\/\/tipnexa.com\/blog\/#\/schema\/person\/fcfe9a20877b14cc7f2bc3ce77f6d3cf\",\"name\":\"admin\",\"image\":{\"@type\":\"ImageObject\",\"inLanguage\":\"es\",\"@id\":\"https:\/\/secure.gravatar.com\/avatar\/b4f14cb9d9d12a445b91a477b3cf143c91ca7da26f03b6815b159c10ce2e2c74?s=96&d=mm&r=g\",\"url\":\"https:\/\/secure.gravatar.com\/avatar\/b4f14cb9d9d12a445b91a477b3cf143c91ca7da26f03b6815b159c10ce2e2c74?s=96&d=mm&r=g\",\"contentUrl\":\"https:\/\/secure.gravatar.com\/avatar\/b4f14cb9d9d12a445b91a477b3cf143c91ca7da26f03b6815b159c10ce2e2c74?s=96&d=mm&r=g\",\"caption\":\"admin\"},\"sameAs\":[\"https:\/\/tipnexa.com\/blog\"],\"url\":\"https:\/\/tipnexa.com\/blog\/author\/admin\/\"}]}<\/script>\n<!-- \/ Yoast SEO plugin. -->","yoast_head_json":{"title":"Juli\u00e1n Araujo: Lesi\u00f3n y Ausencia Clave en la Convocatoria del Celtic - Tipnexa","robots":{"index":"index","follow":"follow","max-snippet":"max-snippet:-1","max-image-preview":"max-image-preview:large","max-video-preview":"max-video-preview:-1"},"canonical":"https:\/\/tipnexa.com\/blog\/julian-araujo-lesion-y-ausencia-clave-en-la-convocatoria-del-celtic\/","og_locale":"es_ES","og_type":"article","og_title":"Juli\u00e1n Araujo: Lesi\u00f3n y Ausencia Clave en la Convocatoria del Celtic - Tipnexa","og_description":"Descubre por qu\u00e9 Juli\u00e1n Araujo fue excluido de la convocatoria del Celtic por una lesi\u00f3n muscular. Analizamos el impacto de su descanso preventivo y su gran rendimiento en 2026.","og_url":"https:\/\/tipnexa.com\/blog\/julian-araujo-lesion-y-ausencia-clave-en-la-convocatoria-del-celtic\/","og_site_name":"Tipnexa","article_published_time":"2026-03-14T18:39:23+00:00","og_image":[{"width":1024,"height":585,"url":"https:\/\/tipnexa.com\/blog\/wp-content\/uploads\/2026\/03\/julian-araujo-lesion-y-ausencia-clave-en-la-convocatoria-del-celtic-1773513559901-1024x585.png","type":"image\/png"}],"author":"admin","twitter_card":"summary_large_image","twitter_misc":{"Escrito por":"admin","Tiempo de lectura":"3 minutos"},"schema":{"@context":"https:\/\/schema.org","@graph":[{"@type":"Article","@id":"https:\/\/tipnexa.com\/blog\/julian-araujo-lesion-y-ausencia-clave-en-la-convocatoria-del-celtic\/#article","isPartOf":{"@id":"https:\/\/tipnexa.com\/blog\/julian-araujo-lesion-y-ausencia-clave-en-la-convocatoria-del-celtic\/"},"author":{"name":"admin","@id":"https:\/\/tipnexa.com\/blog\/#\/schema\/person\/fcfe9a20877b14cc7f2bc3ce77f6d3cf"},"headline":"Juli\u00e1n Araujo: Lesi\u00f3n y Ausencia Clave en la Convocatoria del Celtic","datePublished":"2026-03-14T18:39:23+00:00","mainEntityOfPage":{"@id":"https:\/\/tipnexa.com\/blog\/julian-araujo-lesion-y-ausencia-clave-en-la-convocatoria-del-celtic\/"},"wordCount":662,"commentCount":0,"publisher":{"@id":"https:\/\/tipnexa.com\/blog\/#organization"},"image":{"@id":"https:\/\/tipnexa.com\/blog\/julian-araujo-lesion-y-ausencia-clave-en-la-convocatoria-del-celtic\/#primaryimage"},"thumbnailUrl":"https:\/\/tipnexa.com\/blog\/wp-content\/uploads\/2026\/03\/julian-araujo-lesion-y-ausencia-clave-en-la-convocatoria-del-celtic-1773513559901.png","articleSection":["Clubes","F\u00fatbol Internacional"],"inLanguage":"es","potentialAction":[{"@type":"CommentAction","name":"Comment","target":["https:\/\/tipnexa.com\/blog\/julian-araujo-lesion-y-ausencia-clave-en-la-convocatoria-del-celtic\/#respond"]}]},{"@type":"WebPage","@id":"https:\/\/tipnexa.com\/blog\/julian-araujo-lesion-y-ausencia-clave-en-la-convocatoria-del-celtic\/","url":"https:\/\/tipnexa.com\/blog\/julian-araujo-lesion-y-ausencia-clave-en-la-convocatoria-del-celtic\/","name":"Juli\u00e1n Araujo: Lesi\u00f3n y Ausencia Clave en la Convocatoria del Celtic - Tipnexa","isPartOf":{"@id":"https:\/\/tipnexa.com\/blog\/#website"},"primaryImageOfPage":{"@id":"https:\/\/tipnexa.com\/blog\/julian-araujo-lesion-y-ausencia-clave-en-la-convocatoria-del-celtic\/#primaryimage"},"image":{"@id":"https:\/\/tipnexa.com\/blog\/julian-araujo-lesion-y-ausencia-clave-en-la-convocatoria-del-celtic\/#primaryimage"},"thumbnailUrl":"https:\/\/tipnexa.com\/blog\/wp-content\/uploads\/2026\/03\/julian-araujo-lesion-y-ausencia-clave-en-la-convocatoria-del-celtic-1773513559901.png","datePublished":"2026-03-14T18:39:23+00:00","breadcrumb":{"@id":"https:\/\/tipnexa.com\/blog\/julian-araujo-lesion-y-ausencia-clave-en-la-convocatoria-del-celtic\/#breadcrumb"},"inLanguage":"es","potentialAction":[{"@type":"ReadAction","target":["https:\/\/tipnexa.com\/blog\/julian-araujo-lesion-y-ausencia-clave-en-la-convocatoria-del-celtic\/"]}]},{"@type":"ImageObject","inLanguage":"es","@id":"https:\/\/tipnexa.com\/blog\/julian-araujo-lesion-y-ausencia-clave-en-la-convocatoria-del-celtic\/#primaryimage","url":"https:\/\/tipnexa.com\/blog\/wp-content\/uploads\/2026\/03\/julian-araujo-lesion-y-ausencia-clave-en-la-convocatoria-del-celtic-1773513559901.png","contentUrl":"https:\/\/tipnexa.com\/blog\/wp-content\/uploads\/2026\/03\/julian-araujo-lesion-y-ausencia-clave-en-la-convocatoria-del-celtic-1773513559901.png","width":1344,"height":768},{"@type":"BreadcrumbList","@id":"https:\/\/tipnexa.com\/blog\/julian-araujo-lesion-y-ausencia-clave-en-la-convocatoria-del-celtic\/#breadcrumb","itemListElement":[{"@type":"ListItem","position":1,"name":"Portada","item":"https:\/\/tipnexa.com\/blog\/"},{"@type":"ListItem","position":2,"name":"Juli\u00e1n Araujo: Lesi\u00f3n y Ausencia Clave en la Convocatoria del Celtic"}]},{"@type":"WebSite","@id":"https:\/\/tipnexa.com\/blog\/#website","url":"https:\/\/tipnexa.com\/blog\/","name":"Blog de Tipnexa","description":"Descubre en el blog de Tipnexa las \u00faltimas noticias de f\u00fatbol, pron\u00f3sticos, an\u00e1lisis de partidos, ligas y equipos con enfoque experto y datos actualizados.","publisher":{"@id":"https:\/\/tipnexa.com\/blog\/#organization"},"alternateName":"Blog de Tipnexa","potentialAction":[{"@type":"SearchAction","target":{"@type":"EntryPoint","urlTemplate":"https:\/\/tipnexa.com\/blog\/?s={search_term_string}"},"query-input":{"@type":"PropertyValueSpecification","valueRequired":true,"valueName":"search_term_string"}}],"inLanguage":"es"},{"@type":"Organization","@id":"https:\/\/tipnexa.com\/blog\/#organization","name":"Tipnexa","url":"https:\/\/tipnexa.com\/blog\/","logo":{"@type":"ImageObject","inLanguage":"es","@id":"https:\/\/tipnexa.com\/blog\/#\/schema\/logo\/image\/","url":"https:\/\/tipnexa.com\/blog\/wp-content\/uploads\/2026\/03\/192x192.png","contentUrl":"https:\/\/tipnexa.com\/blog\/wp-content\/uploads\/2026\/03\/192x192.png","width":192,"height":192,"caption":"Tipnexa"},"image":{"@id":"https:\/\/tipnexa.com\/blog\/#\/schema\/logo\/image\/"}},{"@type":"Person","@id":"https:\/\/tipnexa.com\/blog\/#\/schema\/person\/fcfe9a20877b14cc7f2bc3ce77f6d3cf","name":"admin","image":{"@type":"ImageObject","inLanguage":"es","@id":"https:\/\/secure.gravatar.com\/avatar\/b4f14cb9d9d12a445b91a477b3cf143c91ca7da26f03b6815b159c10ce2e2c74?s=96&d=mm&r=g","url":"https:\/\/secure.gravatar.com\/avatar\/b4f14cb9d9d12a445b91a477b3cf143c91ca7da26f03b6815b159c10ce2e2c74?s=96&d=mm&r=g","contentUrl":"https:\/\/secure.gravatar.com\/avatar\/b4f14cb9d9d12a445b91a477b3cf143c91ca7da26f03b6815b159c10ce2e2c74?s=96&d=mm&r=g","caption":"admin"},"sameAs":["https:\/\/tipnexa.com\/blog"],"url":"https:\/\/tipnexa.com\/blog\/author\/admin\/"}]}},"_links":{"self":[{"href":"https:\/\/tipnexa.com\/blog\/wp-json\/wp\/v2\/posts\/956","targetHints":{"allow":["GET"]}}],"collection":[{"href":"https:\/\/tipnexa.com\/blog\/wp-json\/wp\/v2\/posts"}],"about":[{"href":"https:\/\/tipnexa.com\/blog\/wp-json\/wp\/v2\/types\/post"}],"author":[{"embeddable":true,"href":"https:\/\/tipnexa.com\/blog\/wp-json\/wp\/v2\/users\/1"}],"replies":[{"embeddable":true,"href":"https:\/\/tipnexa.com\/blog\/wp-json\/wp\/v2\/comments?post=956"}],"version-history":[{"count":0,"href":"https:\/\/tipnexa.com\/blog\/wp-json\/wp\/v2\/posts\/956\/revisions"}],"wp:featuredmedia":[{"embeddable":true,"href":"https:\/\/tipnexa.com\/blog\/wp-json\/wp\/v2\/media\/955"}],"wp:attachment":[{"href":"https:\/\/tipnexa.com\/blog\/wp-json\/wp\/v2\/media?parent=956"}],"wp:term":[{"taxonomy":"category","embeddable":true,"href":"https:\/\/tipnexa.com\/blog\/wp-json\/wp\/v2\/categories?post=956"},{"taxonomy":"post_tag","embeddable":true,"href":"https:\/\/tipnexa.com\/blog\/wp-json\/wp\/v2\/tags?post=956"}],"curies":[{"name":"wp","href":"https:\/\/api.w.org\/{rel}","templated":true}]}}