{"id":908,"date":"2026-03-14T19:26:25","date_gmt":"2026-03-14T18:26:25","guid":{"rendered":"https:\/\/tipnexa.com\/blog\/elecciones-fef-2026-suspension-levantada-y-via-libre-para-la-presidencia\/"},"modified":"2026-03-14T19:26:25","modified_gmt":"2026-03-14T18:26:25","slug":"elecciones-fef-2026-suspension-levantada-y-via-libre-para-la-presidencia","status":"publish","type":"post","link":"https:\/\/tipnexa.com\/blog\/elecciones-fef-2026-suspension-levantada-y-via-libre-para-la-presidencia\/","title":{"rendered":"Elecciones FEF 2026: Suspensi\u00f3n Levantada y V\u00eda Libre para la Presidencia"},"content":{"rendered":"<p>El f\u00fatbol ecuatoriano ha vivido momentos de incertidumbre administrativa en los \u00faltimos meses, pero la situaci\u00f3n parece haberse aclarado. A principios de marzo de 2026, una jueza de Pichincha hab\u00eda resuelto suspender de forma inmediata las elecciones presidenciales de la <strong>Federaci\u00f3n Ecuatoriana de F\u00fatbol (FEF)<\/strong>. Sin embargo, un giro reciente en el panorama judicial ha revocado las medidas cautelares constitucionales, permitiendo que el proceso electoral vuelva a su curso normal y tan esperado.<\/p>\n<p>Esta decisi\u00f3n es crucial para la estabilidad y el futuro de la gesti\u00f3n del f\u00fatbol en Ecuador, despejando el camino para la elecci\u00f3n de su m\u00e1xima autoridad. La comunidad futbol\u00edstica, tanto a nivel de clubes como de la selecci\u00f3n nacional, aguardaba con expectaci\u00f3n esta resoluci\u00f3n para poder planificar con mayor certidumbre los pr\u00f3ximos a\u00f1os.<\/p>\n<h2>El Origen de la Suspensi\u00f3n Electoral<\/h2>\n<p>La postergaci\u00f3n inicial de la jornada electoral se debi\u00f3 a una acci\u00f3n de <em>habeas data<\/em> impuesta por Esteban Paz, quien aspiraba a la presidencia de la FEF. La controversia surgi\u00f3 porque su lista no fue habilitada al no cumplir con el requisito establecido de firmas de respaldo. Esta situaci\u00f3n gener\u00f3 un impasse legal que mantuvo en vilo el calendario electoral de la federaci\u00f3n.<\/p>\n<p>La intervenci\u00f3n judicial buscaba garantizar la transparencia y la correcta aplicaci\u00f3n de los reglamentos internos de la FEF. Sin embargo, la complejidad de los procedimientos legales y las interpretaciones de las normativas pueden llevar a este tipo de interrupciones, que afectan directamente la gobernanza del deporte en el pa\u00eds.<\/p>\n<h2>La Revocaci\u00f3n de la Medida Cautelar<\/h2>\n<p>La justicia ecuatoriana ha confirmado que la medida establecida por la jueza de Pichincha ha quedado sin efecto. Esto implica que el proceso de elecciones presidenciales para la FEF retomar\u00e1 el calendario que ten\u00eda previsto antes de la suspensi\u00f3n. La revocaci\u00f3n de las medidas cautelares es un paso fundamental que reafirma la autonom\u00eda y los procedimientos internos de las instituciones deportivas.<\/p>\n<p>Este desenlace proporciona la claridad necesaria para que la Federaci\u00f3n Ecuatoriana de F\u00fatbol pueda concentrarse en sus labores esenciales: la organizaci\u00f3n de ligas, la gesti\u00f3n de la selecci\u00f3n nacional y el desarrollo del f\u00fatbol base. La estabilidad institucional es clave para cualquier entidad deportiva, como se puede apreciar en el an\u00e1lisis y noticias del f\u00fatbol que compartimos en nuestro <a href=\"https:\/\/tipnexa.com\/blog\/\">blog<\/a>.<\/p>\n<h2>Francisco Egas: \u00danico Candidato Hacia la Reelecci\u00f3n<\/h2>\n<p>Con la reactivaci\u00f3n del proceso electoral, se confirma que, tal como estaba previsto antes de la suspensi\u00f3n, la \u00fanica lista en competencia es la de <strong>Francisco Egas<\/strong>. Esto significa que Egas busca la reelecci\u00f3n como presidente de la Federaci\u00f3n Ecuatoriana de F\u00fatbol para el per\u00edodo 2027-2031.<\/p>\n<p>La ausencia de otros contendientes habilitados simplifica el proceso, aunque tambi\u00e9n resalta la importancia de una gobernanza s\u00f3lida y una gesti\u00f3n transparente en el f\u00fatbol. La continuidad en la direcci\u00f3n puede traer estabilidad, permitiendo la consolidaci\u00f3n de proyectos a largo plazo y la implementaci\u00f3n de nuevas estrategias para el crecimiento del deporte en Ecuador. Este tipo de procesos tienen un impacto directo en el rendimiento deportivo, similar a c\u00f3mo se analizan los resultados en diversos <a href=\"https:\/\/tipnexa.com\/blog\/analisis-futbol-victoria-contundente-en-el-clasico-de-la-jornada\/\">partidos clave del f\u00fatbol<\/a>.<\/p>\n<h2>Impacto y Futuro del F\u00fatbol Ecuatoriano<\/h2>\n<p>La resoluci\u00f3n de este litigio electoral es una excelente noticia para el f\u00fatbol ecuatoriano. La claridad en la dirigencia permitir\u00e1 a la FEF avanzar con sus planes sin interrupciones, lo que es vital para la preparaci\u00f3n de las selecciones nacionales y la organizaci\u00f3n de los campeonatos locales. La estabilidad en la c\u00fapula directiva es un pilar fundamental para el desarrollo sostenible de cualquier federaci\u00f3n deportiva.<\/p>\n<p>Un liderazgo consolidado puede enfocarse en la mejora de infraestructuras, el fomento de nuevas talentos y la optimizaci\u00f3n de los recursos. Estos elementos son esenciales para que el f\u00fatbol ecuatoriano siga creciendo y compitiendo al m\u00e1s alto nivel tanto en Sudam\u00e9rica como a nivel internacional.<\/p>\n<h2>Conclusi\u00f3n<\/h2>\n<p>El levantamiento de la suspensi\u00f3n de las elecciones presidenciales de la Federaci\u00f3n Ecuatoriana de F\u00fatbol marca un punto de inflexi\u00f3n. La confirmaci\u00f3n de Francisco Egas como el \u00fanico candidato para el per\u00edodo 2027-2031 augura un camino hacia la estabilidad y la continuidad en la direcci\u00f3n. Este desenlace es crucial para la planificaci\u00f3n futura, permitiendo que el f\u00fatbol ecuatoriano se enfoque en su desarrollo y en la consecuci\u00f3n de sus objetivos deportivos. La transparencia y la legalidad de los procesos electorales son la base para una gesti\u00f3n exitosa y un futuro prometedor para el deporte rey en Ecuador.<\/p>\n","protected":false},"excerpt":{"rendered":"<p>Se levant\u00f3 la suspensi\u00f3n de las elecciones presidenciales de la Federaci\u00f3n Ecuatoriana de F\u00fatbol 2026. Francisco Egas, \u00fanico candidato. \u00a1Conoce los detalles!<\/p>\n","protected":false},"author":1,"featured_media":907,"comment_status":"open","ping_status":"open","sticky":false,"template":"","format":"standard","meta":{"footnotes":""},"categories":[16],"tags":[],"class_list":["post-908","post","type-post","status-publish","format-standard","has-post-thumbnail","hentry","category-futbol-internacional"],"yoast_head":"<!-- This site is optimized with the Yoast SEO plugin v27.2 - https:\/\/yoast.com\/product\/yoast-seo-wordpress\/ -->\n<title>Elecciones FEF 2026: Suspensi\u00f3n Levantada y V\u00eda Libre para la Presidencia - Tipnexa<\/title>\n<meta name=\"robots\" content=\"index, follow, max-snippet:-1, max-image-preview:large, max-video-preview:-1\" \/>\n<link rel=\"canonical\" href=\"https:\/\/tipnexa.com\/blog\/elecciones-fef-2026-suspension-levantada-y-via-libre-para-la-presidencia\/\" \/>\n<meta property=\"og:locale\" content=\"es_ES\" \/>\n<meta property=\"og:type\" content=\"article\" \/>\n<meta property=\"og:title\" content=\"Elecciones FEF 2026: Suspensi\u00f3n Levantada y V\u00eda Libre para la Presidencia - Tipnexa\" \/>\n<meta property=\"og:description\" content=\"Se levant\u00f3 la suspensi\u00f3n de las elecciones presidenciales de la Federaci\u00f3n Ecuatoriana de F\u00fatbol 2026. Francisco Egas, \u00fanico candidato. \u00a1Conoce los detalles!\" \/>\n<meta property=\"og:url\" content=\"https:\/\/tipnexa.com\/blog\/elecciones-fef-2026-suspension-levantada-y-via-libre-para-la-presidencia\/\" \/>\n<meta property=\"og:site_name\" content=\"Tipnexa\" \/>\n<meta property=\"article:published_time\" content=\"2026-03-14T18:26:25+00:00\" \/>\n<meta property=\"og:image\" content=\"https:\/\/tipnexa.com\/blog\/wp-content\/uploads\/2026\/03\/elecciones-fef-2026-suspension-levantada-y-via-libre-para-la-presidencia-1773512779310.png\" \/>\n\t<meta property=\"og:image:width\" content=\"1344\" \/>\n\t<meta property=\"og:image:height\" content=\"768\" \/>\n\t<meta property=\"og:image:type\" content=\"image\/png\" \/>\n<meta name=\"author\" content=\"admin\" \/>\n<meta name=\"twitter:card\" content=\"summary_large_image\" \/>\n<meta name=\"twitter:label1\" content=\"Escrito por\" \/>\n\t<meta name=\"twitter:data1\" content=\"admin\" \/>\n\t<meta name=\"twitter:label2\" content=\"Tiempo de lectura\" \/>\n\t<meta name=\"twitter:data2\" content=\"4 minutos\" \/>\n<script type=\"application\/ld+json\" class=\"yoast-schema-graph\">{\"@context\":\"https:\/\/schema.org\",\"@graph\":[{\"@type\":\"Article\",\"@id\":\"https:\/\/tipnexa.com\/blog\/elecciones-fef-2026-suspension-levantada-y-via-libre-para-la-presidencia\/#article\",\"isPartOf\":{\"@id\":\"https:\/\/tipnexa.com\/blog\/elecciones-fef-2026-suspension-levantada-y-via-libre-para-la-presidencia\/\"},\"author\":{\"name\":\"admin\",\"@id\":\"https:\/\/tipnexa.com\/blog\/#\/schema\/person\/fcfe9a20877b14cc7f2bc3ce77f6d3cf\"},\"headline\":\"Elecciones FEF 2026: Suspensi\u00f3n Levantada y V\u00eda Libre para la Presidencia\",\"datePublished\":\"2026-03-14T18:26:25+00:00\",\"mainEntityOfPage\":{\"@id\":\"https:\/\/tipnexa.com\/blog\/elecciones-fef-2026-suspension-levantada-y-via-libre-para-la-presidencia\/\"},\"wordCount\":805,\"commentCount\":0,\"publisher\":{\"@id\":\"https:\/\/tipnexa.com\/blog\/#organization\"},\"image\":{\"@id\":\"https:\/\/tipnexa.com\/blog\/elecciones-fef-2026-suspension-levantada-y-via-libre-para-la-presidencia\/#primaryimage\"},\"thumbnailUrl\":\"https:\/\/tipnexa.com\/blog\/wp-content\/uploads\/2026\/03\/elecciones-fef-2026-suspension-levantada-y-via-libre-para-la-presidencia-1773512779310.png\",\"articleSection\":[\"F\u00fatbol Internacional\"],\"inLanguage\":\"es\",\"potentialAction\":[{\"@type\":\"CommentAction\",\"name\":\"Comment\",\"target\":[\"https:\/\/tipnexa.com\/blog\/elecciones-fef-2026-suspension-levantada-y-via-libre-para-la-presidencia\/#respond\"]}]},{\"@type\":\"WebPage\",\"@id\":\"https:\/\/tipnexa.com\/blog\/elecciones-fef-2026-suspension-levantada-y-via-libre-para-la-presidencia\/\",\"url\":\"https:\/\/tipnexa.com\/blog\/elecciones-fef-2026-suspension-levantada-y-via-libre-para-la-presidencia\/\",\"name\":\"Elecciones FEF 2026: Suspensi\u00f3n Levantada y V\u00eda Libre para la Presidencia - Tipnexa\",\"isPartOf\":{\"@id\":\"https:\/\/tipnexa.com\/blog\/#website\"},\"primaryImageOfPage\":{\"@id\":\"https:\/\/tipnexa.com\/blog\/elecciones-fef-2026-suspension-levantada-y-via-libre-para-la-presidencia\/#primaryimage\"},\"image\":{\"@id\":\"https:\/\/tipnexa.com\/blog\/elecciones-fef-2026-suspension-levantada-y-via-libre-para-la-presidencia\/#primaryimage\"},\"thumbnailUrl\":\"https:\/\/tipnexa.com\/blog\/wp-content\/uploads\/2026\/03\/elecciones-fef-2026-suspension-levantada-y-via-libre-para-la-presidencia-1773512779310.png\",\"datePublished\":\"2026-03-14T18:26:25+00:00\",\"breadcrumb\":{\"@id\":\"https:\/\/tipnexa.com\/blog\/elecciones-fef-2026-suspension-levantada-y-via-libre-para-la-presidencia\/#breadcrumb\"},\"inLanguage\":\"es\",\"potentialAction\":[{\"@type\":\"ReadAction\",\"target\":[\"https:\/\/tipnexa.com\/blog\/elecciones-fef-2026-suspension-levantada-y-via-libre-para-la-presidencia\/\"]}]},{\"@type\":\"ImageObject\",\"inLanguage\":\"es\",\"@id\":\"https:\/\/tipnexa.com\/blog\/elecciones-fef-2026-suspension-levantada-y-via-libre-para-la-presidencia\/#primaryimage\",\"url\":\"https:\/\/tipnexa.com\/blog\/wp-content\/uploads\/2026\/03\/elecciones-fef-2026-suspension-levantada-y-via-libre-para-la-presidencia-1773512779310.png\",\"contentUrl\":\"https:\/\/tipnexa.com\/blog\/wp-content\/uploads\/2026\/03\/elecciones-fef-2026-suspension-levantada-y-via-libre-para-la-presidencia-1773512779310.png\",\"width\":1344,\"height\":768},{\"@type\":\"BreadcrumbList\",\"@id\":\"https:\/\/tipnexa.com\/blog\/elecciones-fef-2026-suspension-levantada-y-via-libre-para-la-presidencia\/#breadcrumb\",\"itemListElement\":[{\"@type\":\"ListItem\",\"position\":1,\"name\":\"Portada\",\"item\":\"https:\/\/tipnexa.com\/blog\/\"},{\"@type\":\"ListItem\",\"position\":2,\"name\":\"Elecciones FEF 2026: Suspensi\u00f3n Levantada y V\u00eda Libre para la Presidencia\"}]},{\"@type\":\"WebSite\",\"@id\":\"https:\/\/tipnexa.com\/blog\/#website\",\"url\":\"https:\/\/tipnexa.com\/blog\/\",\"name\":\"Blog de Tipnexa\",\"description\":\"Descubre en el blog de Tipnexa las \u00faltimas noticias de f\u00fatbol, pron\u00f3sticos, an\u00e1lisis de partidos, ligas y equipos con enfoque experto y datos actualizados.\",\"publisher\":{\"@id\":\"https:\/\/tipnexa.com\/blog\/#organization\"},\"alternateName\":\"Blog de Tipnexa\",\"potentialAction\":[{\"@type\":\"SearchAction\",\"target\":{\"@type\":\"EntryPoint\",\"urlTemplate\":\"https:\/\/tipnexa.com\/blog\/?s={search_term_string}\"},\"query-input\":{\"@type\":\"PropertyValueSpecification\",\"valueRequired\":true,\"valueName\":\"search_term_string\"}}],\"inLanguage\":\"es\"},{\"@type\":\"Organization\",\"@id\":\"https:\/\/tipnexa.com\/blog\/#organization\",\"name\":\"Tipnexa\",\"url\":\"https:\/\/tipnexa.com\/blog\/\",\"logo\":{\"@type\":\"ImageObject\",\"inLanguage\":\"es\",\"@id\":\"https:\/\/tipnexa.com\/blog\/#\/schema\/logo\/image\/\",\"url\":\"https:\/\/tipnexa.com\/blog\/wp-content\/uploads\/2026\/03\/192x192.png\",\"contentUrl\":\"https:\/\/tipnexa.com\/blog\/wp-content\/uploads\/2026\/03\/192x192.png\",\"width\":192,\"height\":192,\"caption\":\"Tipnexa\"},\"image\":{\"@id\":\"https:\/\/tipnexa.com\/blog\/#\/schema\/logo\/image\/\"}},{\"@type\":\"Person\",\"@id\":\"https:\/\/tipnexa.com\/blog\/#\/schema\/person\/fcfe9a20877b14cc7f2bc3ce77f6d3cf\",\"name\":\"admin\",\"image\":{\"@type\":\"ImageObject\",\"inLanguage\":\"es\",\"@id\":\"https:\/\/secure.gravatar.com\/avatar\/b4f14cb9d9d12a445b91a477b3cf143c91ca7da26f03b6815b159c10ce2e2c74?s=96&d=mm&r=g\",\"url\":\"https:\/\/secure.gravatar.com\/avatar\/b4f14cb9d9d12a445b91a477b3cf143c91ca7da26f03b6815b159c10ce2e2c74?s=96&d=mm&r=g\",\"contentUrl\":\"https:\/\/secure.gravatar.com\/avatar\/b4f14cb9d9d12a445b91a477b3cf143c91ca7da26f03b6815b159c10ce2e2c74?s=96&d=mm&r=g\",\"caption\":\"admin\"},\"sameAs\":[\"https:\/\/tipnexa.com\/blog\"],\"url\":\"https:\/\/tipnexa.com\/blog\/author\/admin\/\"}]}<\/script>\n<!-- \/ Yoast SEO plugin. -->","yoast_head_json":{"title":"Elecciones FEF 2026: Suspensi\u00f3n Levantada y V\u00eda Libre para la Presidencia - Tipnexa","robots":{"index":"index","follow":"follow","max-snippet":"max-snippet:-1","max-image-preview":"max-image-preview:large","max-video-preview":"max-video-preview:-1"},"canonical":"https:\/\/tipnexa.com\/blog\/elecciones-fef-2026-suspension-levantada-y-via-libre-para-la-presidencia\/","og_locale":"es_ES","og_type":"article","og_title":"Elecciones FEF 2026: Suspensi\u00f3n Levantada y V\u00eda Libre para la Presidencia - Tipnexa","og_description":"Se levant\u00f3 la suspensi\u00f3n de las elecciones presidenciales de la Federaci\u00f3n Ecuatoriana de F\u00fatbol 2026. Francisco Egas, \u00fanico candidato. \u00a1Conoce los detalles!","og_url":"https:\/\/tipnexa.com\/blog\/elecciones-fef-2026-suspension-levantada-y-via-libre-para-la-presidencia\/","og_site_name":"Tipnexa","article_published_time":"2026-03-14T18:26:25+00:00","og_image":[{"width":1344,"height":768,"url":"https:\/\/tipnexa.com\/blog\/wp-content\/uploads\/2026\/03\/elecciones-fef-2026-suspension-levantada-y-via-libre-para-la-presidencia-1773512779310.png","type":"image\/png"}],"author":"admin","twitter_card":"summary_large_image","twitter_misc":{"Escrito por":"admin","Tiempo de lectura":"4 minutos"},"schema":{"@context":"https:\/\/schema.org","@graph":[{"@type":"Article","@id":"https:\/\/tipnexa.com\/blog\/elecciones-fef-2026-suspension-levantada-y-via-libre-para-la-presidencia\/#article","isPartOf":{"@id":"https:\/\/tipnexa.com\/blog\/elecciones-fef-2026-suspension-levantada-y-via-libre-para-la-presidencia\/"},"author":{"name":"admin","@id":"https:\/\/tipnexa.com\/blog\/#\/schema\/person\/fcfe9a20877b14cc7f2bc3ce77f6d3cf"},"headline":"Elecciones FEF 2026: Suspensi\u00f3n Levantada y V\u00eda Libre para la Presidencia","datePublished":"2026-03-14T18:26:25+00:00","mainEntityOfPage":{"@id":"https:\/\/tipnexa.com\/blog\/elecciones-fef-2026-suspension-levantada-y-via-libre-para-la-presidencia\/"},"wordCount":805,"commentCount":0,"publisher":{"@id":"https:\/\/tipnexa.com\/blog\/#organization"},"image":{"@id":"https:\/\/tipnexa.com\/blog\/elecciones-fef-2026-suspension-levantada-y-via-libre-para-la-presidencia\/#primaryimage"},"thumbnailUrl":"https:\/\/tipnexa.com\/blog\/wp-content\/uploads\/2026\/03\/elecciones-fef-2026-suspension-levantada-y-via-libre-para-la-presidencia-1773512779310.png","articleSection":["F\u00fatbol Internacional"],"inLanguage":"es","potentialAction":[{"@type":"CommentAction","name":"Comment","target":["https:\/\/tipnexa.com\/blog\/elecciones-fef-2026-suspension-levantada-y-via-libre-para-la-presidencia\/#respond"]}]},{"@type":"WebPage","@id":"https:\/\/tipnexa.com\/blog\/elecciones-fef-2026-suspension-levantada-y-via-libre-para-la-presidencia\/","url":"https:\/\/tipnexa.com\/blog\/elecciones-fef-2026-suspension-levantada-y-via-libre-para-la-presidencia\/","name":"Elecciones FEF 2026: Suspensi\u00f3n Levantada y V\u00eda Libre para la Presidencia - Tipnexa","isPartOf":{"@id":"https:\/\/tipnexa.com\/blog\/#website"},"primaryImageOfPage":{"@id":"https:\/\/tipnexa.com\/blog\/elecciones-fef-2026-suspension-levantada-y-via-libre-para-la-presidencia\/#primaryimage"},"image":{"@id":"https:\/\/tipnexa.com\/blog\/elecciones-fef-2026-suspension-levantada-y-via-libre-para-la-presidencia\/#primaryimage"},"thumbnailUrl":"https:\/\/tipnexa.com\/blog\/wp-content\/uploads\/2026\/03\/elecciones-fef-2026-suspension-levantada-y-via-libre-para-la-presidencia-1773512779310.png","datePublished":"2026-03-14T18:26:25+00:00","breadcrumb":{"@id":"https:\/\/tipnexa.com\/blog\/elecciones-fef-2026-suspension-levantada-y-via-libre-para-la-presidencia\/#breadcrumb"},"inLanguage":"es","potentialAction":[{"@type":"ReadAction","target":["https:\/\/tipnexa.com\/blog\/elecciones-fef-2026-suspension-levantada-y-via-libre-para-la-presidencia\/"]}]},{"@type":"ImageObject","inLanguage":"es","@id":"https:\/\/tipnexa.com\/blog\/elecciones-fef-2026-suspension-levantada-y-via-libre-para-la-presidencia\/#primaryimage","url":"https:\/\/tipnexa.com\/blog\/wp-content\/uploads\/2026\/03\/elecciones-fef-2026-suspension-levantada-y-via-libre-para-la-presidencia-1773512779310.png","contentUrl":"https:\/\/tipnexa.com\/blog\/wp-content\/uploads\/2026\/03\/elecciones-fef-2026-suspension-levantada-y-via-libre-para-la-presidencia-1773512779310.png","width":1344,"height":768},{"@type":"BreadcrumbList","@id":"https:\/\/tipnexa.com\/blog\/elecciones-fef-2026-suspension-levantada-y-via-libre-para-la-presidencia\/#breadcrumb","itemListElement":[{"@type":"ListItem","position":1,"name":"Portada","item":"https:\/\/tipnexa.com\/blog\/"},{"@type":"ListItem","position":2,"name":"Elecciones FEF 2026: Suspensi\u00f3n Levantada y V\u00eda Libre para la Presidencia"}]},{"@type":"WebSite","@id":"https:\/\/tipnexa.com\/blog\/#website","url":"https:\/\/tipnexa.com\/blog\/","name":"Blog de Tipnexa","description":"Descubre en el blog de Tipnexa las \u00faltimas noticias de f\u00fatbol, pron\u00f3sticos, an\u00e1lisis de partidos, ligas y equipos con enfoque experto y datos actualizados.","publisher":{"@id":"https:\/\/tipnexa.com\/blog\/#organization"},"alternateName":"Blog de Tipnexa","potentialAction":[{"@type":"SearchAction","target":{"@type":"EntryPoint","urlTemplate":"https:\/\/tipnexa.com\/blog\/?s={search_term_string}"},"query-input":{"@type":"PropertyValueSpecification","valueRequired":true,"valueName":"search_term_string"}}],"inLanguage":"es"},{"@type":"Organization","@id":"https:\/\/tipnexa.com\/blog\/#organization","name":"Tipnexa","url":"https:\/\/tipnexa.com\/blog\/","logo":{"@type":"ImageObject","inLanguage":"es","@id":"https:\/\/tipnexa.com\/blog\/#\/schema\/logo\/image\/","url":"https:\/\/tipnexa.com\/blog\/wp-content\/uploads\/2026\/03\/192x192.png","contentUrl":"https:\/\/tipnexa.com\/blog\/wp-content\/uploads\/2026\/03\/192x192.png","width":192,"height":192,"caption":"Tipnexa"},"image":{"@id":"https:\/\/tipnexa.com\/blog\/#\/schema\/logo\/image\/"}},{"@type":"Person","@id":"https:\/\/tipnexa.com\/blog\/#\/schema\/person\/fcfe9a20877b14cc7f2bc3ce77f6d3cf","name":"admin","image":{"@type":"ImageObject","inLanguage":"es","@id":"https:\/\/secure.gravatar.com\/avatar\/b4f14cb9d9d12a445b91a477b3cf143c91ca7da26f03b6815b159c10ce2e2c74?s=96&d=mm&r=g","url":"https:\/\/secure.gravatar.com\/avatar\/b4f14cb9d9d12a445b91a477b3cf143c91ca7da26f03b6815b159c10ce2e2c74?s=96&d=mm&r=g","contentUrl":"https:\/\/secure.gravatar.com\/avatar\/b4f14cb9d9d12a445b91a477b3cf143c91ca7da26f03b6815b159c10ce2e2c74?s=96&d=mm&r=g","caption":"admin"},"sameAs":["https:\/\/tipnexa.com\/blog"],"url":"https:\/\/tipnexa.com\/blog\/author\/admin\/"}]}},"_links":{"self":[{"href":"https:\/\/tipnexa.com\/blog\/wp-json\/wp\/v2\/posts\/908","targetHints":{"allow":["GET"]}}],"collection":[{"href":"https:\/\/tipnexa.com\/blog\/wp-json\/wp\/v2\/posts"}],"about":[{"href":"https:\/\/tipnexa.com\/blog\/wp-json\/wp\/v2\/types\/post"}],"author":[{"embeddable":true,"href":"https:\/\/tipnexa.com\/blog\/wp-json\/wp\/v2\/users\/1"}],"replies":[{"embeddable":true,"href":"https:\/\/tipnexa.com\/blog\/wp-json\/wp\/v2\/comments?post=908"}],"version-history":[{"count":0,"href":"https:\/\/tipnexa.com\/blog\/wp-json\/wp\/v2\/posts\/908\/revisions"}],"wp:featuredmedia":[{"embeddable":true,"href":"https:\/\/tipnexa.com\/blog\/wp-json\/wp\/v2\/media\/907"}],"wp:attachment":[{"href":"https:\/\/tipnexa.com\/blog\/wp-json\/wp\/v2\/media?parent=908"}],"wp:term":[{"taxonomy":"category","embeddable":true,"href":"https:\/\/tipnexa.com\/blog\/wp-json\/wp\/v2\/categories?post=908"},{"taxonomy":"post_tag","embeddable":true,"href":"https:\/\/tipnexa.com\/blog\/wp-json\/wp\/v2\/tags?post=908"}],"curies":[{"name":"wp","href":"https:\/\/api.w.org\/{rel}","templated":true}]}}