{"id":8388,"date":"2026-07-06T12:45:37","date_gmt":"2026-07-06T17:45:37","guid":{"rendered":"https:\/\/tipnexa.com\/blog\/francia-condena-fuertes-declaraciones-racistas-contra-kylian-mbappe\/"},"modified":"2026-07-06T12:45:37","modified_gmt":"2026-07-06T17:45:37","slug":"francia-condena-fuertes-declaraciones-racistas-contra-kylian-mbappe","status":"publish","type":"post","link":"https:\/\/tipnexa.com\/blog\/francia-condena-fuertes-declaraciones-racistas-contra-kylian-mbappe\/","title":{"rendered":"Francia Condena Fuertes Declaraciones Racistas contra Kylian Mbapp\u00e9"},"content":{"rendered":"<p>El mundo del f\u00fatbol y la diplomacia se han sacudido tras las recientes declaraciones de una senadora paraguaya, calificadas de \u00ababyectas\u00bb y \u00abracistas\u00bb por el gobierno franc\u00e9s, dirigidas al futbolista <strong>Kylian Mbapp\u00e9<\/strong>. Este incidente ha generado una ola de indignaci\u00f3n y ha puesto de manifiesto la persistencia del racismo en diversos \u00e1mbitos, incluso en el discurso p\u00fablico.<\/p>\n<p>La controversia surgi\u00f3 a ra\u00edz de comentarios despectivos de la senadora, que fueron interpretados como un ataque personal y racial contra el delantero franc\u00e9s. La embajada de Francia en Paraguay no tard\u00f3 en emitir un comunicado oficial, condenando en\u00e9rgicamente las palabras y subrayando la importancia de la lucha contra el racismo y la xenofobia. Este tipo de incidentes recuerda la necesidad constante de promover el respeto y la inclusi\u00f3n, tanto dentro como fuera de las canchas.<\/p>\n<h2>Reacci\u00f3n Oficial y el Impacto en el Deporte<\/h2>\n<p>La reacci\u00f3n francesa fue contundente, destacando que tales expresiones son inaceptables y contrarias a los valores de la Rep\u00fablica. El Ministerio de Asuntos Exteriores galo reafirm\u00f3 su compromiso con la erradicaci\u00f3n de cualquier forma de discriminaci\u00f3n. Este suceso pone en relieve c\u00f3mo las figuras p\u00fablicas tienen una gran responsabilidad en sus declaraciones, especialmente cuando estas pueden incitar al odio o la divisi\u00f3n.<\/p>\n<p>En un contexto donde el f\u00fatbol es una plataforma global para la unidad, la diversidad y el talento, ver a una figura pol\u00edtica emitir juicios racistas es un retroceso. El deporte, y en particular estrellas como Mbapp\u00e9, deber\u00eda ser un ejemplo de superaci\u00f3n y respeto mutuo, libre de prejuicios. Para m\u00e1s an\u00e1lisis sobre eventos y jugadores destacados, visita nuestro <a href=\"https:\/\/tipnexa.com\/blog\/\">blog de deportes<\/a>. La comunidad internacional y diversos organismos deportivos han reiterado su apoyo a Mbapp\u00e9, enfatizando que el racismo no tiene cabida en el deporte ni en la sociedad.<\/p>\n<h2>Conclusi\u00f3n<\/h2>\n<p>La condena de Francia a las palabras racistas contra Kylian Mbapp\u00e9 es un recordatorio crucial de que la lucha contra la discriminaci\u00f3n es una tarea continua. Es fundamental que las voces influyentes promuevan mensajes de unidad y respeto, rechazando cualquier forma de odio. El f\u00fatbol, como deporte universal, debe seguir siendo un espacio de encuentro y celebraci\u00f3n de la diversidad, donde cada jugador sea valorado por su talento y no por su origen o color de piel. La marca sigue de cerca estos temas, ofreciendo informaci\u00f3n relevante sobre el acontecer deportivo global.<\/p>\n","protected":false},"excerpt":{"rendered":"<p>Francia condena duramente las declaraciones racistas de una senadora paraguaya contra Kylian Mbapp\u00e9. Descubre el impacto de este incidente en el f\u00fatbol internacional y la lucha contra la discriminaci\u00f3n en el deporte.<\/p>\n","protected":false},"author":1,"featured_media":8387,"comment_status":"open","ping_status":"open","sticky":false,"template":"","format":"standard","meta":{"footnotes":""},"categories":[16,20],"tags":[],"class_list":["post-8388","post","type-post","status-publish","format-standard","has-post-thumbnail","hentry","category-futbol-internacional","category-ultimas-noticias"],"yoast_head":"<!-- This site is optimized with the Yoast SEO plugin v27.2 - https:\/\/yoast.com\/product\/yoast-seo-wordpress\/ -->\n<title>Francia Condena Fuertes Declaraciones Racistas contra Kylian Mbapp\u00e9 - Tipnexa<\/title>\n<meta name=\"robots\" content=\"index, follow, max-snippet:-1, max-image-preview:large, max-video-preview:-1\" \/>\n<link rel=\"canonical\" href=\"https:\/\/tipnexa.com\/blog\/francia-condena-fuertes-declaraciones-racistas-contra-kylian-mbappe\/\" \/>\n<meta property=\"og:locale\" content=\"es_ES\" \/>\n<meta property=\"og:type\" content=\"article\" \/>\n<meta property=\"og:title\" content=\"Francia Condena Fuertes Declaraciones Racistas contra Kylian Mbapp\u00e9 - Tipnexa\" \/>\n<meta property=\"og:description\" content=\"Francia condena duramente las declaraciones racistas de una senadora paraguaya contra Kylian Mbapp\u00e9. Descubre el impacto de este incidente en el f\u00fatbol internacional y la lucha contra la discriminaci\u00f3n en el deporte.\" \/>\n<meta property=\"og:url\" content=\"https:\/\/tipnexa.com\/blog\/francia-condena-fuertes-declaraciones-racistas-contra-kylian-mbappe\/\" \/>\n<meta property=\"og:site_name\" content=\"Tipnexa\" \/>\n<meta property=\"article:published_time\" content=\"2026-07-06T17:45:37+00:00\" \/>\n<meta property=\"og:image\" content=\"https:\/\/tipnexa.com\/blog\/wp-content\/uploads\/2026\/03\/192x192.png\" \/>\n\t<meta property=\"og:image:width\" content=\"192\" \/>\n\t<meta property=\"og:image:height\" content=\"192\" \/>\n\t<meta property=\"og:image:type\" content=\"image\/png\" \/>\n<meta name=\"author\" content=\"admin\" \/>\n<meta name=\"twitter:card\" content=\"summary_large_image\" \/>\n<meta name=\"twitter:label1\" content=\"Escrito por\" \/>\n\t<meta name=\"twitter:data1\" content=\"admin\" \/>\n\t<meta name=\"twitter:label2\" content=\"Tiempo de lectura\" \/>\n\t<meta name=\"twitter:data2\" content=\"2 minutos\" \/>\n<script type=\"application\/ld+json\" class=\"yoast-schema-graph\">{\"@context\":\"https:\/\/schema.org\",\"@graph\":[{\"@type\":\"Article\",\"@id\":\"https:\/\/tipnexa.com\/blog\/francia-condena-fuertes-declaraciones-racistas-contra-kylian-mbappe\/#article\",\"isPartOf\":{\"@id\":\"https:\/\/tipnexa.com\/blog\/francia-condena-fuertes-declaraciones-racistas-contra-kylian-mbappe\/\"},\"author\":{\"name\":\"admin\",\"@id\":\"https:\/\/tipnexa.com\/blog\/#\/schema\/person\/fcfe9a20877b14cc7f2bc3ce77f6d3cf\"},\"headline\":\"Francia Condena Fuertes Declaraciones Racistas contra Kylian Mbapp\u00e9\",\"datePublished\":\"2026-07-06T17:45:37+00:00\",\"mainEntityOfPage\":{\"@id\":\"https:\/\/tipnexa.com\/blog\/francia-condena-fuertes-declaraciones-racistas-contra-kylian-mbappe\/\"},\"wordCount\":420,\"commentCount\":0,\"publisher\":{\"@id\":\"https:\/\/tipnexa.com\/blog\/#organization\"},\"image\":{\"@id\":\"https:\/\/tipnexa.com\/blog\/francia-condena-fuertes-declaraciones-racistas-contra-kylian-mbappe\/#primaryimage\"},\"thumbnailUrl\":\"https:\/\/tipnexa.com\/blog\/wp-content\/uploads\/2026\/07\/francia-condena-fuertes-declaraciones-racistas-contra-kylian-mbappe-1783359938109.png\",\"articleSection\":[\"F\u00fatbol Internacional\",\"Ultimas Noticias\"],\"inLanguage\":\"es\",\"potentialAction\":[{\"@type\":\"CommentAction\",\"name\":\"Comment\",\"target\":[\"https:\/\/tipnexa.com\/blog\/francia-condena-fuertes-declaraciones-racistas-contra-kylian-mbappe\/#respond\"]}]},{\"@type\":\"WebPage\",\"@id\":\"https:\/\/tipnexa.com\/blog\/francia-condena-fuertes-declaraciones-racistas-contra-kylian-mbappe\/\",\"url\":\"https:\/\/tipnexa.com\/blog\/francia-condena-fuertes-declaraciones-racistas-contra-kylian-mbappe\/\",\"name\":\"Francia Condena Fuertes Declaraciones Racistas contra Kylian Mbapp\u00e9 - Tipnexa\",\"isPartOf\":{\"@id\":\"https:\/\/tipnexa.com\/blog\/#website\"},\"primaryImageOfPage\":{\"@id\":\"https:\/\/tipnexa.com\/blog\/francia-condena-fuertes-declaraciones-racistas-contra-kylian-mbappe\/#primaryimage\"},\"image\":{\"@id\":\"https:\/\/tipnexa.com\/blog\/francia-condena-fuertes-declaraciones-racistas-contra-kylian-mbappe\/#primaryimage\"},\"thumbnailUrl\":\"https:\/\/tipnexa.com\/blog\/wp-content\/uploads\/2026\/07\/francia-condena-fuertes-declaraciones-racistas-contra-kylian-mbappe-1783359938109.png\",\"datePublished\":\"2026-07-06T17:45:37+00:00\",\"breadcrumb\":{\"@id\":\"https:\/\/tipnexa.com\/blog\/francia-condena-fuertes-declaraciones-racistas-contra-kylian-mbappe\/#breadcrumb\"},\"inLanguage\":\"es\",\"potentialAction\":[{\"@type\":\"ReadAction\",\"target\":[\"https:\/\/tipnexa.com\/blog\/francia-condena-fuertes-declaraciones-racistas-contra-kylian-mbappe\/\"]}]},{\"@type\":\"ImageObject\",\"inLanguage\":\"es\",\"@id\":\"https:\/\/tipnexa.com\/blog\/francia-condena-fuertes-declaraciones-racistas-contra-kylian-mbappe\/#primaryimage\",\"url\":\"https:\/\/tipnexa.com\/blog\/wp-content\/uploads\/2026\/07\/francia-condena-fuertes-declaraciones-racistas-contra-kylian-mbappe-1783359938109.png\",\"contentUrl\":\"https:\/\/tipnexa.com\/blog\/wp-content\/uploads\/2026\/07\/francia-condena-fuertes-declaraciones-racistas-contra-kylian-mbappe-1783359938109.png\",\"width\":1344,\"height\":768},{\"@type\":\"BreadcrumbList\",\"@id\":\"https:\/\/tipnexa.com\/blog\/francia-condena-fuertes-declaraciones-racistas-contra-kylian-mbappe\/#breadcrumb\",\"itemListElement\":[{\"@type\":\"ListItem\",\"position\":1,\"name\":\"Portada\",\"item\":\"https:\/\/tipnexa.com\/blog\/\"},{\"@type\":\"ListItem\",\"position\":2,\"name\":\"Francia Condena Fuertes Declaraciones Racistas contra Kylian Mbapp\u00e9\"}]},{\"@type\":\"WebSite\",\"@id\":\"https:\/\/tipnexa.com\/blog\/#website\",\"url\":\"https:\/\/tipnexa.com\/blog\/\",\"name\":\"Blog de Tipnexa\",\"description\":\"Descubre en el blog de Tipnexa las \u00faltimas noticias de f\u00fatbol, pron\u00f3sticos, an\u00e1lisis de partidos, ligas y equipos con enfoque experto y datos actualizados.\",\"publisher\":{\"@id\":\"https:\/\/tipnexa.com\/blog\/#organization\"},\"alternateName\":\"Blog de Tipnexa\",\"potentialAction\":[{\"@type\":\"SearchAction\",\"target\":{\"@type\":\"EntryPoint\",\"urlTemplate\":\"https:\/\/tipnexa.com\/blog\/?s={search_term_string}\"},\"query-input\":{\"@type\":\"PropertyValueSpecification\",\"valueRequired\":true,\"valueName\":\"search_term_string\"}}],\"inLanguage\":\"es\"},{\"@type\":\"Organization\",\"@id\":\"https:\/\/tipnexa.com\/blog\/#organization\",\"name\":\"Tipnexa\",\"url\":\"https:\/\/tipnexa.com\/blog\/\",\"logo\":{\"@type\":\"ImageObject\",\"inLanguage\":\"es\",\"@id\":\"https:\/\/tipnexa.com\/blog\/#\/schema\/logo\/image\/\",\"url\":\"https:\/\/tipnexa.com\/blog\/wp-content\/uploads\/2026\/03\/192x192.png\",\"contentUrl\":\"https:\/\/tipnexa.com\/blog\/wp-content\/uploads\/2026\/03\/192x192.png\",\"width\":192,\"height\":192,\"caption\":\"Tipnexa\"},\"image\":{\"@id\":\"https:\/\/tipnexa.com\/blog\/#\/schema\/logo\/image\/\"}},{\"@type\":\"Person\",\"@id\":\"https:\/\/tipnexa.com\/blog\/#\/schema\/person\/fcfe9a20877b14cc7f2bc3ce77f6d3cf\",\"name\":\"admin\",\"image\":{\"@type\":\"ImageObject\",\"inLanguage\":\"es\",\"@id\":\"https:\/\/secure.gravatar.com\/avatar\/b4f14cb9d9d12a445b91a477b3cf143c91ca7da26f03b6815b159c10ce2e2c74?s=96&d=mm&r=g\",\"url\":\"https:\/\/secure.gravatar.com\/avatar\/b4f14cb9d9d12a445b91a477b3cf143c91ca7da26f03b6815b159c10ce2e2c74?s=96&d=mm&r=g\",\"contentUrl\":\"https:\/\/secure.gravatar.com\/avatar\/b4f14cb9d9d12a445b91a477b3cf143c91ca7da26f03b6815b159c10ce2e2c74?s=96&d=mm&r=g\",\"caption\":\"admin\"},\"sameAs\":[\"https:\/\/tipnexa.com\/blog\"],\"url\":\"https:\/\/tipnexa.com\/blog\/author\/admin\/\"}]}<\/script>\n<!-- \/ Yoast SEO plugin. -->","yoast_head_json":{"title":"Francia Condena Fuertes Declaraciones Racistas contra Kylian Mbapp\u00e9 - Tipnexa","robots":{"index":"index","follow":"follow","max-snippet":"max-snippet:-1","max-image-preview":"max-image-preview:large","max-video-preview":"max-video-preview:-1"},"canonical":"https:\/\/tipnexa.com\/blog\/francia-condena-fuertes-declaraciones-racistas-contra-kylian-mbappe\/","og_locale":"es_ES","og_type":"article","og_title":"Francia Condena Fuertes Declaraciones Racistas contra Kylian Mbapp\u00e9 - Tipnexa","og_description":"Francia condena duramente las declaraciones racistas de una senadora paraguaya contra Kylian Mbapp\u00e9. Descubre el impacto de este incidente en el f\u00fatbol internacional y la lucha contra la discriminaci\u00f3n en el deporte.","og_url":"https:\/\/tipnexa.com\/blog\/francia-condena-fuertes-declaraciones-racistas-contra-kylian-mbappe\/","og_site_name":"Tipnexa","article_published_time":"2026-07-06T17:45:37+00:00","og_image":[{"width":192,"height":192,"url":"https:\/\/tipnexa.com\/blog\/wp-content\/uploads\/2026\/03\/192x192.png","type":"image\/png"}],"author":"admin","twitter_card":"summary_large_image","twitter_misc":{"Escrito por":"admin","Tiempo de lectura":"2 minutos"},"schema":{"@context":"https:\/\/schema.org","@graph":[{"@type":"Article","@id":"https:\/\/tipnexa.com\/blog\/francia-condena-fuertes-declaraciones-racistas-contra-kylian-mbappe\/#article","isPartOf":{"@id":"https:\/\/tipnexa.com\/blog\/francia-condena-fuertes-declaraciones-racistas-contra-kylian-mbappe\/"},"author":{"name":"admin","@id":"https:\/\/tipnexa.com\/blog\/#\/schema\/person\/fcfe9a20877b14cc7f2bc3ce77f6d3cf"},"headline":"Francia Condena Fuertes Declaraciones Racistas contra Kylian Mbapp\u00e9","datePublished":"2026-07-06T17:45:37+00:00","mainEntityOfPage":{"@id":"https:\/\/tipnexa.com\/blog\/francia-condena-fuertes-declaraciones-racistas-contra-kylian-mbappe\/"},"wordCount":420,"commentCount":0,"publisher":{"@id":"https:\/\/tipnexa.com\/blog\/#organization"},"image":{"@id":"https:\/\/tipnexa.com\/blog\/francia-condena-fuertes-declaraciones-racistas-contra-kylian-mbappe\/#primaryimage"},"thumbnailUrl":"https:\/\/tipnexa.com\/blog\/wp-content\/uploads\/2026\/07\/francia-condena-fuertes-declaraciones-racistas-contra-kylian-mbappe-1783359938109.png","articleSection":["F\u00fatbol Internacional","Ultimas Noticias"],"inLanguage":"es","potentialAction":[{"@type":"CommentAction","name":"Comment","target":["https:\/\/tipnexa.com\/blog\/francia-condena-fuertes-declaraciones-racistas-contra-kylian-mbappe\/#respond"]}]},{"@type":"WebPage","@id":"https:\/\/tipnexa.com\/blog\/francia-condena-fuertes-declaraciones-racistas-contra-kylian-mbappe\/","url":"https:\/\/tipnexa.com\/blog\/francia-condena-fuertes-declaraciones-racistas-contra-kylian-mbappe\/","name":"Francia Condena Fuertes Declaraciones Racistas contra Kylian Mbapp\u00e9 - Tipnexa","isPartOf":{"@id":"https:\/\/tipnexa.com\/blog\/#website"},"primaryImageOfPage":{"@id":"https:\/\/tipnexa.com\/blog\/francia-condena-fuertes-declaraciones-racistas-contra-kylian-mbappe\/#primaryimage"},"image":{"@id":"https:\/\/tipnexa.com\/blog\/francia-condena-fuertes-declaraciones-racistas-contra-kylian-mbappe\/#primaryimage"},"thumbnailUrl":"https:\/\/tipnexa.com\/blog\/wp-content\/uploads\/2026\/07\/francia-condena-fuertes-declaraciones-racistas-contra-kylian-mbappe-1783359938109.png","datePublished":"2026-07-06T17:45:37+00:00","breadcrumb":{"@id":"https:\/\/tipnexa.com\/blog\/francia-condena-fuertes-declaraciones-racistas-contra-kylian-mbappe\/#breadcrumb"},"inLanguage":"es","potentialAction":[{"@type":"ReadAction","target":["https:\/\/tipnexa.com\/blog\/francia-condena-fuertes-declaraciones-racistas-contra-kylian-mbappe\/"]}]},{"@type":"ImageObject","inLanguage":"es","@id":"https:\/\/tipnexa.com\/blog\/francia-condena-fuertes-declaraciones-racistas-contra-kylian-mbappe\/#primaryimage","url":"https:\/\/tipnexa.com\/blog\/wp-content\/uploads\/2026\/07\/francia-condena-fuertes-declaraciones-racistas-contra-kylian-mbappe-1783359938109.png","contentUrl":"https:\/\/tipnexa.com\/blog\/wp-content\/uploads\/2026\/07\/francia-condena-fuertes-declaraciones-racistas-contra-kylian-mbappe-1783359938109.png","width":1344,"height":768},{"@type":"BreadcrumbList","@id":"https:\/\/tipnexa.com\/blog\/francia-condena-fuertes-declaraciones-racistas-contra-kylian-mbappe\/#breadcrumb","itemListElement":[{"@type":"ListItem","position":1,"name":"Portada","item":"https:\/\/tipnexa.com\/blog\/"},{"@type":"ListItem","position":2,"name":"Francia Condena Fuertes Declaraciones Racistas contra Kylian Mbapp\u00e9"}]},{"@type":"WebSite","@id":"https:\/\/tipnexa.com\/blog\/#website","url":"https:\/\/tipnexa.com\/blog\/","name":"Blog de Tipnexa","description":"Descubre en el blog de Tipnexa las \u00faltimas noticias de f\u00fatbol, pron\u00f3sticos, an\u00e1lisis de partidos, ligas y equipos con enfoque experto y datos actualizados.","publisher":{"@id":"https:\/\/tipnexa.com\/blog\/#organization"},"alternateName":"Blog de Tipnexa","potentialAction":[{"@type":"SearchAction","target":{"@type":"EntryPoint","urlTemplate":"https:\/\/tipnexa.com\/blog\/?s={search_term_string}"},"query-input":{"@type":"PropertyValueSpecification","valueRequired":true,"valueName":"search_term_string"}}],"inLanguage":"es"},{"@type":"Organization","@id":"https:\/\/tipnexa.com\/blog\/#organization","name":"Tipnexa","url":"https:\/\/tipnexa.com\/blog\/","logo":{"@type":"ImageObject","inLanguage":"es","@id":"https:\/\/tipnexa.com\/blog\/#\/schema\/logo\/image\/","url":"https:\/\/tipnexa.com\/blog\/wp-content\/uploads\/2026\/03\/192x192.png","contentUrl":"https:\/\/tipnexa.com\/blog\/wp-content\/uploads\/2026\/03\/192x192.png","width":192,"height":192,"caption":"Tipnexa"},"image":{"@id":"https:\/\/tipnexa.com\/blog\/#\/schema\/logo\/image\/"}},{"@type":"Person","@id":"https:\/\/tipnexa.com\/blog\/#\/schema\/person\/fcfe9a20877b14cc7f2bc3ce77f6d3cf","name":"admin","image":{"@type":"ImageObject","inLanguage":"es","@id":"https:\/\/secure.gravatar.com\/avatar\/b4f14cb9d9d12a445b91a477b3cf143c91ca7da26f03b6815b159c10ce2e2c74?s=96&d=mm&r=g","url":"https:\/\/secure.gravatar.com\/avatar\/b4f14cb9d9d12a445b91a477b3cf143c91ca7da26f03b6815b159c10ce2e2c74?s=96&d=mm&r=g","contentUrl":"https:\/\/secure.gravatar.com\/avatar\/b4f14cb9d9d12a445b91a477b3cf143c91ca7da26f03b6815b159c10ce2e2c74?s=96&d=mm&r=g","caption":"admin"},"sameAs":["https:\/\/tipnexa.com\/blog"],"url":"https:\/\/tipnexa.com\/blog\/author\/admin\/"}]}},"_links":{"self":[{"href":"https:\/\/tipnexa.com\/blog\/wp-json\/wp\/v2\/posts\/8388","targetHints":{"allow":["GET"]}}],"collection":[{"href":"https:\/\/tipnexa.com\/blog\/wp-json\/wp\/v2\/posts"}],"about":[{"href":"https:\/\/tipnexa.com\/blog\/wp-json\/wp\/v2\/types\/post"}],"author":[{"embeddable":true,"href":"https:\/\/tipnexa.com\/blog\/wp-json\/wp\/v2\/users\/1"}],"replies":[{"embeddable":true,"href":"https:\/\/tipnexa.com\/blog\/wp-json\/wp\/v2\/comments?post=8388"}],"version-history":[{"count":0,"href":"https:\/\/tipnexa.com\/blog\/wp-json\/wp\/v2\/posts\/8388\/revisions"}],"wp:featuredmedia":[{"embeddable":true,"href":"https:\/\/tipnexa.com\/blog\/wp-json\/wp\/v2\/media\/8387"}],"wp:attachment":[{"href":"https:\/\/tipnexa.com\/blog\/wp-json\/wp\/v2\/media?parent=8388"}],"wp:term":[{"taxonomy":"category","embeddable":true,"href":"https:\/\/tipnexa.com\/blog\/wp-json\/wp\/v2\/categories?post=8388"},{"taxonomy":"post_tag","embeddable":true,"href":"https:\/\/tipnexa.com\/blog\/wp-json\/wp\/v2\/tags?post=8388"}],"curies":[{"name":"wp","href":"https:\/\/api.w.org\/{rel}","templated":true}]}}