{"id":8380,"date":"2026-07-06T11:53:14","date_gmt":"2026-07-06T16:53:14","guid":{"rendered":"https:\/\/tipnexa.com\/blog\/marco-rubio-defiende-a-balogun-y-cuestiona-el-var-del-mundial-2026\/"},"modified":"2026-07-06T11:53:14","modified_gmt":"2026-07-06T16:53:14","slug":"marco-rubio-defiende-a-balogun-y-cuestiona-el-var-del-mundial-2026","status":"publish","type":"post","link":"https:\/\/tipnexa.com\/blog\/marco-rubio-defiende-a-balogun-y-cuestiona-el-var-del-mundial-2026\/","title":{"rendered":"Marco Rubio Defiende a Balogun y Cuestiona el VAR del Mundial 2026"},"content":{"rendered":"<p>El senador estadounidense Marco Rubio ha generado debate en el \u00e1mbito deportivo al pronunciarse sobre la reciente sanci\u00f3n impuesta al futbolista <strong>Folarin Balogun<\/strong> y criticar severamente el sistema de <strong>revisi\u00f3n a c\u00e1mara lenta<\/strong> del VAR. Sus declaraciones, que llegan en un momento clave de preparaci\u00f3n para el Mundial 2026, ponen de manifiesto las persistentes tensiones entre la tecnolog\u00eda en el f\u00fatbol y la percepci\u00f3n de justicia en las decisiones arbitrales.<\/p>\n<p>Rubio defendi\u00f3 la retirada de la sanci\u00f3n a Balogun, argumentando que las revisiones excesivamente lentas distorsionan la realidad de las jugadas. Seg\u00fan el senador, estas repeticiones pueden llevar a interpretaciones err\u00f3neas que no reflejan la velocidad y la intensidad del juego en tiempo real. Esta postura resuena con muchos aficionados y expertos que cuestionan la eficacia del VAR cuando su aplicaci\u00f3n parece contradecir el esp\u00edritu del deporte.<\/p>\n<h2>La Cr\u00edtica al VAR y la Integridad del Juego<\/h2>\n<p>La intervenci\u00f3n de Marco Rubio se centra en c\u00f3mo el <strong>Video Assistant Referee (VAR)<\/strong>, particularmente su uso de la c\u00e1mara lenta, podr\u00eda estar afectando la fluidez y la imparcialidad de los partidos. La cr\u00edtica no es nueva; desde la implementaci\u00f3n del VAR, ha habido un constante tira y afloja sobre su capacidad para mejorar o entorpecer el f\u00fatbol. Rubio sugiere que la tecnolog\u00eda, si bien busca la precisi\u00f3n, no debe ser un pretexto para reinterpretar acciones que, en el fragor del partido, no constituir\u00edan una infracci\u00f3n clara.<\/p>\n<p>Este tipo de controversias subraya la necesidad de una estandarizaci\u00f3n m\u00e1s clara en la aplicaci\u00f3n del VAR, especialmente en un evento de la magnitud del Mundial 2026. La coherencia en las decisiones es crucial para mantener la credibilidad del sistema y la confianza de jugadores y aficionados. Para m\u00e1s detalles sobre decisiones arbitrales similares, puedes consultar <a href=\"https:\/\/tipnexa.com\/blog\/impacto-expulsion-de-luis-diaz-por-simulacion-en-leverkusen-vs-bayern\/\">el impacto de expulsiones controvertidas<\/a> en otros partidos importantes.<\/p>\n<h2>Impacto y Expectativas para el Mundial 2026<\/h2>\n<p>Las palabras de una figura pol\u00edtica como Marco Rubio a\u00f1aden una nueva dimensi\u00f3n al debate sobre el VAR. Con Estados Unidos siendo coanfitri\u00f3n del Mundial 2026, la presi\u00f3n sobre la FIFA y los organismos arbitrales para asegurar un torneo justo y sin pol\u00e9micas innecesarias es inmensa. La defensa de Balogun por parte de Rubio podr\u00eda ser vista como un llamado a la reflexi\u00f3n sobre c\u00f3mo la tecnolog\u00eda debe servir al juego, y no al rev\u00e9s.<\/p>\n<p>La expectativa es que para el Mundial 2026, se haya alcanzado un consenso que permita al VAR operar con mayor eficiencia y menor controversia, garantizando que el foco permanezca en el talento de los jugadores y la emoci\u00f3n del f\u00fatbol. Para estar al d\u00eda con m\u00e1s an\u00e1lisis deportivos, visita nuestro <a href=\"https:\/\/tipnexa.com\/blog\/\">blog<\/a>.<\/p>\n<h2>Conclusi\u00f3n<\/h2>\n<p>El debate iniciado por Marco Rubio sobre la sanci\u00f3n a Folarin Balogun y el uso del VAR a c\u00e1mara lenta destaca una preocupaci\u00f3n leg\u00edtima en el mundo del f\u00fatbol. La b\u00fasqueda de la perfecci\u00f3n tecnol\u00f3gica no debe comprometer la esencia del juego ni generar injusticias percibidas. Es fundamental que, de cara al Mundial 2026, se establezcan protocolos claros que aseguren que el VAR sea una herramienta de apoyo, y no una fuente constante de pol\u00e9mica.<\/p>\n","protected":false},"excerpt":{"rendered":"<p>El senador Marco Rubio defiende la retirada de sanci\u00f3n a Folarin Balogun y critica el uso del VAR a c\u00e1mara lenta en el Mundial 2026. Analizamos su postura y el impacto.<\/p>\n","protected":false},"author":1,"featured_media":8379,"comment_status":"open","ping_status":"open","sticky":false,"template":"","format":"standard","meta":{"footnotes":""},"categories":[21,16],"tags":[],"class_list":["post-8380","post","type-post","status-publish","format-standard","has-post-thumbnail","hentry","category-eventos","category-futbol-internacional"],"yoast_head":"<!-- This site is optimized with the Yoast SEO plugin v27.2 - https:\/\/yoast.com\/product\/yoast-seo-wordpress\/ -->\n<title>Marco Rubio Defiende a Balogun y Cuestiona el VAR del Mundial 2026 - Tipnexa<\/title>\n<meta name=\"robots\" content=\"index, follow, max-snippet:-1, max-image-preview:large, max-video-preview:-1\" \/>\n<link rel=\"canonical\" href=\"https:\/\/tipnexa.com\/blog\/marco-rubio-defiende-a-balogun-y-cuestiona-el-var-del-mundial-2026\/\" \/>\n<meta property=\"og:locale\" content=\"es_ES\" \/>\n<meta property=\"og:type\" content=\"article\" \/>\n<meta property=\"og:title\" content=\"Marco Rubio Defiende a Balogun y Cuestiona el VAR del Mundial 2026 - Tipnexa\" \/>\n<meta property=\"og:description\" content=\"El senador Marco Rubio defiende la retirada de sanci\u00f3n a Folarin Balogun y critica el uso del VAR a c\u00e1mara lenta en el Mundial 2026. Analizamos su postura y el impacto.\" \/>\n<meta property=\"og:url\" content=\"https:\/\/tipnexa.com\/blog\/marco-rubio-defiende-a-balogun-y-cuestiona-el-var-del-mundial-2026\/\" \/>\n<meta property=\"og:site_name\" content=\"Tipnexa\" \/>\n<meta property=\"article:published_time\" content=\"2026-07-06T16:53:14+00:00\" \/>\n<meta property=\"og:image\" content=\"https:\/\/tipnexa.com\/blog\/wp-content\/uploads\/2026\/03\/192x192.png\" \/>\n\t<meta property=\"og:image:width\" content=\"192\" \/>\n\t<meta property=\"og:image:height\" content=\"192\" \/>\n\t<meta property=\"og:image:type\" content=\"image\/png\" \/>\n<meta name=\"author\" content=\"admin\" \/>\n<meta name=\"twitter:card\" content=\"summary_large_image\" \/>\n<meta name=\"twitter:label1\" content=\"Escrito por\" \/>\n\t<meta name=\"twitter:data1\" content=\"admin\" \/>\n\t<meta name=\"twitter:label2\" content=\"Tiempo de lectura\" \/>\n\t<meta name=\"twitter:data2\" content=\"3 minutos\" \/>\n<script type=\"application\/ld+json\" class=\"yoast-schema-graph\">{\"@context\":\"https:\/\/schema.org\",\"@graph\":[{\"@type\":\"Article\",\"@id\":\"https:\/\/tipnexa.com\/blog\/marco-rubio-defiende-a-balogun-y-cuestiona-el-var-del-mundial-2026\/#article\",\"isPartOf\":{\"@id\":\"https:\/\/tipnexa.com\/blog\/marco-rubio-defiende-a-balogun-y-cuestiona-el-var-del-mundial-2026\/\"},\"author\":{\"name\":\"admin\",\"@id\":\"https:\/\/tipnexa.com\/blog\/#\/schema\/person\/fcfe9a20877b14cc7f2bc3ce77f6d3cf\"},\"headline\":\"Marco Rubio Defiende a Balogun y Cuestiona el VAR del Mundial 2026\",\"datePublished\":\"2026-07-06T16:53:14+00:00\",\"mainEntityOfPage\":{\"@id\":\"https:\/\/tipnexa.com\/blog\/marco-rubio-defiende-a-balogun-y-cuestiona-el-var-del-mundial-2026\/\"},\"wordCount\":566,\"commentCount\":0,\"publisher\":{\"@id\":\"https:\/\/tipnexa.com\/blog\/#organization\"},\"image\":{\"@id\":\"https:\/\/tipnexa.com\/blog\/marco-rubio-defiende-a-balogun-y-cuestiona-el-var-del-mundial-2026\/#primaryimage\"},\"thumbnailUrl\":\"https:\/\/tipnexa.com\/blog\/wp-content\/uploads\/2026\/07\/marco-rubio-defiende-a-balogun-y-cuestiona-el-var-del-mundial-2026-1783356792072.png\",\"articleSection\":[\"Eventos\",\"F\u00fatbol Internacional\"],\"inLanguage\":\"es\",\"potentialAction\":[{\"@type\":\"CommentAction\",\"name\":\"Comment\",\"target\":[\"https:\/\/tipnexa.com\/blog\/marco-rubio-defiende-a-balogun-y-cuestiona-el-var-del-mundial-2026\/#respond\"]}]},{\"@type\":\"WebPage\",\"@id\":\"https:\/\/tipnexa.com\/blog\/marco-rubio-defiende-a-balogun-y-cuestiona-el-var-del-mundial-2026\/\",\"url\":\"https:\/\/tipnexa.com\/blog\/marco-rubio-defiende-a-balogun-y-cuestiona-el-var-del-mundial-2026\/\",\"name\":\"Marco Rubio Defiende a Balogun y Cuestiona el VAR del Mundial 2026 - Tipnexa\",\"isPartOf\":{\"@id\":\"https:\/\/tipnexa.com\/blog\/#website\"},\"primaryImageOfPage\":{\"@id\":\"https:\/\/tipnexa.com\/blog\/marco-rubio-defiende-a-balogun-y-cuestiona-el-var-del-mundial-2026\/#primaryimage\"},\"image\":{\"@id\":\"https:\/\/tipnexa.com\/blog\/marco-rubio-defiende-a-balogun-y-cuestiona-el-var-del-mundial-2026\/#primaryimage\"},\"thumbnailUrl\":\"https:\/\/tipnexa.com\/blog\/wp-content\/uploads\/2026\/07\/marco-rubio-defiende-a-balogun-y-cuestiona-el-var-del-mundial-2026-1783356792072.png\",\"datePublished\":\"2026-07-06T16:53:14+00:00\",\"breadcrumb\":{\"@id\":\"https:\/\/tipnexa.com\/blog\/marco-rubio-defiende-a-balogun-y-cuestiona-el-var-del-mundial-2026\/#breadcrumb\"},\"inLanguage\":\"es\",\"potentialAction\":[{\"@type\":\"ReadAction\",\"target\":[\"https:\/\/tipnexa.com\/blog\/marco-rubio-defiende-a-balogun-y-cuestiona-el-var-del-mundial-2026\/\"]}]},{\"@type\":\"ImageObject\",\"inLanguage\":\"es\",\"@id\":\"https:\/\/tipnexa.com\/blog\/marco-rubio-defiende-a-balogun-y-cuestiona-el-var-del-mundial-2026\/#primaryimage\",\"url\":\"https:\/\/tipnexa.com\/blog\/wp-content\/uploads\/2026\/07\/marco-rubio-defiende-a-balogun-y-cuestiona-el-var-del-mundial-2026-1783356792072.png\",\"contentUrl\":\"https:\/\/tipnexa.com\/blog\/wp-content\/uploads\/2026\/07\/marco-rubio-defiende-a-balogun-y-cuestiona-el-var-del-mundial-2026-1783356792072.png\",\"width\":1344,\"height\":768},{\"@type\":\"BreadcrumbList\",\"@id\":\"https:\/\/tipnexa.com\/blog\/marco-rubio-defiende-a-balogun-y-cuestiona-el-var-del-mundial-2026\/#breadcrumb\",\"itemListElement\":[{\"@type\":\"ListItem\",\"position\":1,\"name\":\"Portada\",\"item\":\"https:\/\/tipnexa.com\/blog\/\"},{\"@type\":\"ListItem\",\"position\":2,\"name\":\"Marco Rubio Defiende a Balogun y Cuestiona el VAR del Mundial 2026\"}]},{\"@type\":\"WebSite\",\"@id\":\"https:\/\/tipnexa.com\/blog\/#website\",\"url\":\"https:\/\/tipnexa.com\/blog\/\",\"name\":\"Blog de Tipnexa\",\"description\":\"Descubre en el blog de Tipnexa las \u00faltimas noticias de f\u00fatbol, pron\u00f3sticos, an\u00e1lisis de partidos, ligas y equipos con enfoque experto y datos actualizados.\",\"publisher\":{\"@id\":\"https:\/\/tipnexa.com\/blog\/#organization\"},\"alternateName\":\"Blog de Tipnexa\",\"potentialAction\":[{\"@type\":\"SearchAction\",\"target\":{\"@type\":\"EntryPoint\",\"urlTemplate\":\"https:\/\/tipnexa.com\/blog\/?s={search_term_string}\"},\"query-input\":{\"@type\":\"PropertyValueSpecification\",\"valueRequired\":true,\"valueName\":\"search_term_string\"}}],\"inLanguage\":\"es\"},{\"@type\":\"Organization\",\"@id\":\"https:\/\/tipnexa.com\/blog\/#organization\",\"name\":\"Tipnexa\",\"url\":\"https:\/\/tipnexa.com\/blog\/\",\"logo\":{\"@type\":\"ImageObject\",\"inLanguage\":\"es\",\"@id\":\"https:\/\/tipnexa.com\/blog\/#\/schema\/logo\/image\/\",\"url\":\"https:\/\/tipnexa.com\/blog\/wp-content\/uploads\/2026\/03\/192x192.png\",\"contentUrl\":\"https:\/\/tipnexa.com\/blog\/wp-content\/uploads\/2026\/03\/192x192.png\",\"width\":192,\"height\":192,\"caption\":\"Tipnexa\"},\"image\":{\"@id\":\"https:\/\/tipnexa.com\/blog\/#\/schema\/logo\/image\/\"}},{\"@type\":\"Person\",\"@id\":\"https:\/\/tipnexa.com\/blog\/#\/schema\/person\/fcfe9a20877b14cc7f2bc3ce77f6d3cf\",\"name\":\"admin\",\"image\":{\"@type\":\"ImageObject\",\"inLanguage\":\"es\",\"@id\":\"https:\/\/secure.gravatar.com\/avatar\/b4f14cb9d9d12a445b91a477b3cf143c91ca7da26f03b6815b159c10ce2e2c74?s=96&d=mm&r=g\",\"url\":\"https:\/\/secure.gravatar.com\/avatar\/b4f14cb9d9d12a445b91a477b3cf143c91ca7da26f03b6815b159c10ce2e2c74?s=96&d=mm&r=g\",\"contentUrl\":\"https:\/\/secure.gravatar.com\/avatar\/b4f14cb9d9d12a445b91a477b3cf143c91ca7da26f03b6815b159c10ce2e2c74?s=96&d=mm&r=g\",\"caption\":\"admin\"},\"sameAs\":[\"https:\/\/tipnexa.com\/blog\"],\"url\":\"https:\/\/tipnexa.com\/blog\/author\/admin\/\"}]}<\/script>\n<!-- \/ Yoast SEO plugin. -->","yoast_head_json":{"title":"Marco Rubio Defiende a Balogun y Cuestiona el VAR del Mundial 2026 - Tipnexa","robots":{"index":"index","follow":"follow","max-snippet":"max-snippet:-1","max-image-preview":"max-image-preview:large","max-video-preview":"max-video-preview:-1"},"canonical":"https:\/\/tipnexa.com\/blog\/marco-rubio-defiende-a-balogun-y-cuestiona-el-var-del-mundial-2026\/","og_locale":"es_ES","og_type":"article","og_title":"Marco Rubio Defiende a Balogun y Cuestiona el VAR del Mundial 2026 - Tipnexa","og_description":"El senador Marco Rubio defiende la retirada de sanci\u00f3n a Folarin Balogun y critica el uso del VAR a c\u00e1mara lenta en el Mundial 2026. Analizamos su postura y el impacto.","og_url":"https:\/\/tipnexa.com\/blog\/marco-rubio-defiende-a-balogun-y-cuestiona-el-var-del-mundial-2026\/","og_site_name":"Tipnexa","article_published_time":"2026-07-06T16:53:14+00:00","og_image":[{"width":192,"height":192,"url":"https:\/\/tipnexa.com\/blog\/wp-content\/uploads\/2026\/03\/192x192.png","type":"image\/png"}],"author":"admin","twitter_card":"summary_large_image","twitter_misc":{"Escrito por":"admin","Tiempo de lectura":"3 minutos"},"schema":{"@context":"https:\/\/schema.org","@graph":[{"@type":"Article","@id":"https:\/\/tipnexa.com\/blog\/marco-rubio-defiende-a-balogun-y-cuestiona-el-var-del-mundial-2026\/#article","isPartOf":{"@id":"https:\/\/tipnexa.com\/blog\/marco-rubio-defiende-a-balogun-y-cuestiona-el-var-del-mundial-2026\/"},"author":{"name":"admin","@id":"https:\/\/tipnexa.com\/blog\/#\/schema\/person\/fcfe9a20877b14cc7f2bc3ce77f6d3cf"},"headline":"Marco Rubio Defiende a Balogun y Cuestiona el VAR del Mundial 2026","datePublished":"2026-07-06T16:53:14+00:00","mainEntityOfPage":{"@id":"https:\/\/tipnexa.com\/blog\/marco-rubio-defiende-a-balogun-y-cuestiona-el-var-del-mundial-2026\/"},"wordCount":566,"commentCount":0,"publisher":{"@id":"https:\/\/tipnexa.com\/blog\/#organization"},"image":{"@id":"https:\/\/tipnexa.com\/blog\/marco-rubio-defiende-a-balogun-y-cuestiona-el-var-del-mundial-2026\/#primaryimage"},"thumbnailUrl":"https:\/\/tipnexa.com\/blog\/wp-content\/uploads\/2026\/07\/marco-rubio-defiende-a-balogun-y-cuestiona-el-var-del-mundial-2026-1783356792072.png","articleSection":["Eventos","F\u00fatbol Internacional"],"inLanguage":"es","potentialAction":[{"@type":"CommentAction","name":"Comment","target":["https:\/\/tipnexa.com\/blog\/marco-rubio-defiende-a-balogun-y-cuestiona-el-var-del-mundial-2026\/#respond"]}]},{"@type":"WebPage","@id":"https:\/\/tipnexa.com\/blog\/marco-rubio-defiende-a-balogun-y-cuestiona-el-var-del-mundial-2026\/","url":"https:\/\/tipnexa.com\/blog\/marco-rubio-defiende-a-balogun-y-cuestiona-el-var-del-mundial-2026\/","name":"Marco Rubio Defiende a Balogun y Cuestiona el VAR del Mundial 2026 - Tipnexa","isPartOf":{"@id":"https:\/\/tipnexa.com\/blog\/#website"},"primaryImageOfPage":{"@id":"https:\/\/tipnexa.com\/blog\/marco-rubio-defiende-a-balogun-y-cuestiona-el-var-del-mundial-2026\/#primaryimage"},"image":{"@id":"https:\/\/tipnexa.com\/blog\/marco-rubio-defiende-a-balogun-y-cuestiona-el-var-del-mundial-2026\/#primaryimage"},"thumbnailUrl":"https:\/\/tipnexa.com\/blog\/wp-content\/uploads\/2026\/07\/marco-rubio-defiende-a-balogun-y-cuestiona-el-var-del-mundial-2026-1783356792072.png","datePublished":"2026-07-06T16:53:14+00:00","breadcrumb":{"@id":"https:\/\/tipnexa.com\/blog\/marco-rubio-defiende-a-balogun-y-cuestiona-el-var-del-mundial-2026\/#breadcrumb"},"inLanguage":"es","potentialAction":[{"@type":"ReadAction","target":["https:\/\/tipnexa.com\/blog\/marco-rubio-defiende-a-balogun-y-cuestiona-el-var-del-mundial-2026\/"]}]},{"@type":"ImageObject","inLanguage":"es","@id":"https:\/\/tipnexa.com\/blog\/marco-rubio-defiende-a-balogun-y-cuestiona-el-var-del-mundial-2026\/#primaryimage","url":"https:\/\/tipnexa.com\/blog\/wp-content\/uploads\/2026\/07\/marco-rubio-defiende-a-balogun-y-cuestiona-el-var-del-mundial-2026-1783356792072.png","contentUrl":"https:\/\/tipnexa.com\/blog\/wp-content\/uploads\/2026\/07\/marco-rubio-defiende-a-balogun-y-cuestiona-el-var-del-mundial-2026-1783356792072.png","width":1344,"height":768},{"@type":"BreadcrumbList","@id":"https:\/\/tipnexa.com\/blog\/marco-rubio-defiende-a-balogun-y-cuestiona-el-var-del-mundial-2026\/#breadcrumb","itemListElement":[{"@type":"ListItem","position":1,"name":"Portada","item":"https:\/\/tipnexa.com\/blog\/"},{"@type":"ListItem","position":2,"name":"Marco Rubio Defiende a Balogun y Cuestiona el VAR del Mundial 2026"}]},{"@type":"WebSite","@id":"https:\/\/tipnexa.com\/blog\/#website","url":"https:\/\/tipnexa.com\/blog\/","name":"Blog de Tipnexa","description":"Descubre en el blog de Tipnexa las \u00faltimas noticias de f\u00fatbol, pron\u00f3sticos, an\u00e1lisis de partidos, ligas y equipos con enfoque experto y datos actualizados.","publisher":{"@id":"https:\/\/tipnexa.com\/blog\/#organization"},"alternateName":"Blog de Tipnexa","potentialAction":[{"@type":"SearchAction","target":{"@type":"EntryPoint","urlTemplate":"https:\/\/tipnexa.com\/blog\/?s={search_term_string}"},"query-input":{"@type":"PropertyValueSpecification","valueRequired":true,"valueName":"search_term_string"}}],"inLanguage":"es"},{"@type":"Organization","@id":"https:\/\/tipnexa.com\/blog\/#organization","name":"Tipnexa","url":"https:\/\/tipnexa.com\/blog\/","logo":{"@type":"ImageObject","inLanguage":"es","@id":"https:\/\/tipnexa.com\/blog\/#\/schema\/logo\/image\/","url":"https:\/\/tipnexa.com\/blog\/wp-content\/uploads\/2026\/03\/192x192.png","contentUrl":"https:\/\/tipnexa.com\/blog\/wp-content\/uploads\/2026\/03\/192x192.png","width":192,"height":192,"caption":"Tipnexa"},"image":{"@id":"https:\/\/tipnexa.com\/blog\/#\/schema\/logo\/image\/"}},{"@type":"Person","@id":"https:\/\/tipnexa.com\/blog\/#\/schema\/person\/fcfe9a20877b14cc7f2bc3ce77f6d3cf","name":"admin","image":{"@type":"ImageObject","inLanguage":"es","@id":"https:\/\/secure.gravatar.com\/avatar\/b4f14cb9d9d12a445b91a477b3cf143c91ca7da26f03b6815b159c10ce2e2c74?s=96&d=mm&r=g","url":"https:\/\/secure.gravatar.com\/avatar\/b4f14cb9d9d12a445b91a477b3cf143c91ca7da26f03b6815b159c10ce2e2c74?s=96&d=mm&r=g","contentUrl":"https:\/\/secure.gravatar.com\/avatar\/b4f14cb9d9d12a445b91a477b3cf143c91ca7da26f03b6815b159c10ce2e2c74?s=96&d=mm&r=g","caption":"admin"},"sameAs":["https:\/\/tipnexa.com\/blog"],"url":"https:\/\/tipnexa.com\/blog\/author\/admin\/"}]}},"_links":{"self":[{"href":"https:\/\/tipnexa.com\/blog\/wp-json\/wp\/v2\/posts\/8380","targetHints":{"allow":["GET"]}}],"collection":[{"href":"https:\/\/tipnexa.com\/blog\/wp-json\/wp\/v2\/posts"}],"about":[{"href":"https:\/\/tipnexa.com\/blog\/wp-json\/wp\/v2\/types\/post"}],"author":[{"embeddable":true,"href":"https:\/\/tipnexa.com\/blog\/wp-json\/wp\/v2\/users\/1"}],"replies":[{"embeddable":true,"href":"https:\/\/tipnexa.com\/blog\/wp-json\/wp\/v2\/comments?post=8380"}],"version-history":[{"count":0,"href":"https:\/\/tipnexa.com\/blog\/wp-json\/wp\/v2\/posts\/8380\/revisions"}],"wp:featuredmedia":[{"embeddable":true,"href":"https:\/\/tipnexa.com\/blog\/wp-json\/wp\/v2\/media\/8379"}],"wp:attachment":[{"href":"https:\/\/tipnexa.com\/blog\/wp-json\/wp\/v2\/media?parent=8380"}],"wp:term":[{"taxonomy":"category","embeddable":true,"href":"https:\/\/tipnexa.com\/blog\/wp-json\/wp\/v2\/categories?post=8380"},{"taxonomy":"post_tag","embeddable":true,"href":"https:\/\/tipnexa.com\/blog\/wp-json\/wp\/v2\/tags?post=8380"}],"curies":[{"name":"wp","href":"https:\/\/api.w.org\/{rel}","templated":true}]}}