{"id":837,"date":"2026-03-14T19:04:11","date_gmt":"2026-03-14T18:04:11","guid":{"rendered":"https:\/\/tipnexa.com\/blog\/lesiones-clave-en-mexico-malagon-marcel-ruiz-y-bajas-historicas-para-el-mundial-2026\/"},"modified":"2026-03-14T19:04:11","modified_gmt":"2026-03-14T18:04:11","slug":"lesiones-clave-en-mexico-malagon-marcel-ruiz-y-bajas-historicas-para-el-mundial-2026","status":"publish","type":"post","link":"https:\/\/tipnexa.com\/blog\/lesiones-clave-en-mexico-malagon-marcel-ruiz-y-bajas-historicas-para-el-mundial-2026\/","title":{"rendered":"Lesiones Clave en M\u00e9xico: Malag\u00f3n, Marcel Ruiz y Bajas Hist\u00f3ricas para el Mundial 2026"},"content":{"rendered":"<p>La cuenta regresiva para la <strong>Copa del Mundo 2026<\/strong> en M\u00e9xico, Estados Unidos y Canad\u00e1 ha comenzado, trayendo consigo preocupaciones por las lesiones en la Selecci\u00f3n Mexicana. Recientemente, el guardameta <strong>Luis Malag\u00f3n<\/strong> y el mediocampista <strong>Marcel Ruiz<\/strong> han sido confirmados como bajas. Estas ausencias representan un golpe significativo para el combinado nacional, que busca consolidar su plantel rumbo a la m\u00e1xima justa futbol\u00edstica.<\/p>\n<p>Las lesiones son una constante amenaza en el deporte de alto rendimiento. La p\u00e9rdida de jugadores clave en momentos cruciales puede alterar dr\u00e1sticamente la estrategia de cualquier equipo, especialmente en un Mundial. Este art\u00edculo explora las circunstancias de las recientes bajas y recuerda otros casos hist\u00f3ricos que han marcado a la selecci\u00f3n mexicana.<\/p>\n<h2>Bajas Confirmadas para el Mundial 2026<\/h2>\n<p><strong>Luis Malag\u00f3n<\/strong>, portero de la marca, enfrentaba un proceso con altibajos. Sin embargo, una <strong>rotura del tend\u00f3n de Aquiles<\/strong> puso fin a su sue\u00f1o de disputar su primera Copa del Mundo. Esta grave lesi\u00f3n ocurri\u00f3 en una jugada rutinaria durante un partido de la Concacaf Champions Cup, dej\u00e1ndolo fuera de las canchas por un periodo prolongado.<\/p>\n<p>Por su parte, <strong>Marcel Ruiz<\/strong>, mediocampista de la marca, tambi\u00e9n sufri\u00f3 una desafortunada <strong>lesi\u00f3n de ligamento cruzado<\/strong>. Gracias a su destacado desempe\u00f1o con su club, Ruiz hab\u00eda regresado a la Selecci\u00f3n Mexicana y se hab\u00eda consolidado como titular. Su ausencia es particularmente sensible, dado su rol fundamental en el mediocampo tricolor. Ambas bajas obligan al cuerpo t\u00e9cnico a reevaluar sus opciones y buscar alternativas para suplir estas importantes ausencias.<\/p>\n<h2>Un Recorrido por las Bajas Hist\u00f3ricas<\/h2>\n<p>La historia de la Selecci\u00f3n Mexicana est\u00e1 marcada por la lamentable p\u00e9rdida de talentos debido a lesiones antes de los Mundiales. Estos casos demuestran la fragilidad de las carreras deportivas y el impacto emocional y estrat\u00e9gico que conllevan. Para un an\u00e1lisis m\u00e1s profundo sobre el rendimiento y las noticias del f\u00fatbol, puedes <a href=\"https:\/\/tipnexa.com\/blog\/\">visitar nuestro blog<\/a>.<\/p>\n<h3>Alberto Onofre (M\u00e9xico 1970)<\/h3>\n<p>Considerado un referente, Onofre sufri\u00f3 una <strong>fractura de tibia y peron\u00e9<\/strong> a menos de una semana del Mundial de 1970. Un choque en un entrenamiento trunc\u00f3 su participaci\u00f3n en la justa celebrada en casa.<\/p>\n<h3>Francisco \u2018Abuelo\u2019 Cruz (Estados Unidos 1994)<\/h3>\n<p>Cruz fue clave para la clasificaci\u00f3n al Mundial de 1994, pero en ese mismo partido, sufri\u00f3 una <strong>rotura de ligamento cruzado<\/strong>, lo que le impidi\u00f3 jugar en el torneo estadounidense.<\/p>\n<h3>Claudio Su\u00e1rez (Corea y Jap\u00f3n 2002)<\/h3>\n<p>El \u00abEmperador\u00bb era una pieza fundamental en la defensa. Una <strong>fractura de peron\u00e9<\/strong> sufrida en un entrenamiento previo al Mundial de 2002 lo dej\u00f3 fuera, siendo una de las bajas m\u00e1s significativas.<\/p>\n<h3>Luis Montes (Brasil 2014)<\/h3>\n<p>Proyectado para ser titular en el mediocampo en Brasil 2014, Montes sufri\u00f3 una grave <strong>fractura de tibia y peron\u00e9<\/strong> durante un partido amistoso, un incidente dram\u00e1tico en la preparaci\u00f3n.<\/p>\n<h3>Diego Reyes (Rusia 2018)<\/h3>\n<p>Reyes hab\u00eda sido titular en el proceso clasificatorio. Un <strong>desgarre en el muslo derecho<\/strong> no cicatriz\u00f3 a tiempo, obligando a su baja de \u00faltima hora y su reemplazo.<\/p>\n<h3>Jes\u00fas Corona (Qatar 2022)<\/h3>\n<p>\u00abTecatito\u00bb Corona sufri\u00f3 una <strong>rotura de peron\u00e9 y ligamentos del tobillo izquierdo<\/strong> en agosto de 2022. No logr\u00f3 recuperarse a tiempo, perdi\u00e9ndose el Mundial de Qatar 2022 y dejando un vac\u00edo importante en el ataque.<\/p>\n<h2>Impacto y Preparaci\u00f3n Futura<\/h2>\n<p>Las lesiones de Malag\u00f3n y Ruiz para el Mundial 2026, al igual que las hist\u00f3ricas, subrayan la importancia de la gesti\u00f3n de la carga f\u00edsica y la prevenci\u00f3n. Cada ausencia no solo afecta el rendimiento en el campo, sino que tambi\u00e9n puede desestabilizar la moral del equipo y los planes t\u00e1cticos. Los cuerpos t\u00e9cnicos deben trabajar intensamente para encontrar las mejores soluciones y asegurar que el equipo llegue en \u00f3ptimas condiciones al torneo.<\/p>\n<p>Para mantenerse al tanto de las \u00faltimas noticias y an\u00e1lisis del f\u00fatbol, incluyendo los desaf\u00edos que enfrentan los equipos nacionales, explore m\u00e1s contenido en <a href=\"https:\/\/tipnexa.com\/blog\/analisis-futbol-victoria-contundente-en-el-clasico-de-la-jornada\/\">nuestra secci\u00f3n de an\u00e1lisis de partidos<\/a>.<\/p>\n<h2>Conclusi\u00f3n<\/h2>\n<p>Las lesiones de Luis Malag\u00f3n y Marcel Ruiz son un recordatorio de la exigencia del f\u00fatbol moderno y de la imprevisibilidad en la preparaci\u00f3n para la Copa del Mundo. La historia muestra que M\u00e9xico ha enfrentado estas adversidades, y cada vez, el equipo ha tenido que adaptarse. Con el Mundial 2026 en el horizonte, la resiliencia y la capacidad de adaptaci\u00f3n ser\u00e1n cruciales para que la Selecci\u00f3n Mexicana supere estos obst\u00e1culos y presente un equipo competitivo.<\/p>\n","protected":false},"excerpt":{"rendered":"<p>Descubre las lesiones que afectan a la Selecci\u00f3n Mexicana rumbo al Mundial 2026, incluyendo a Malag\u00f3n y Marcel Ruiz. Un repaso por las bajas hist\u00f3ricas. \u00a1Inf\u00f3rmate aqu\u00ed!<\/p>\n","protected":false},"author":1,"featured_media":836,"comment_status":"open","ping_status":"open","sticky":false,"template":"","format":"standard","meta":{"footnotes":""},"categories":[16],"tags":[],"class_list":["post-837","post","type-post","status-publish","format-standard","has-post-thumbnail","hentry","category-futbol-internacional"],"yoast_head":"<!-- This site is optimized with the Yoast SEO plugin v27.2 - https:\/\/yoast.com\/product\/yoast-seo-wordpress\/ -->\n<title>Lesiones Clave en M\u00e9xico: Malag\u00f3n, Marcel Ruiz y Bajas Hist\u00f3ricas para el Mundial 2026 - Tipnexa<\/title>\n<meta name=\"robots\" content=\"index, follow, max-snippet:-1, max-image-preview:large, max-video-preview:-1\" \/>\n<link rel=\"canonical\" href=\"https:\/\/tipnexa.com\/blog\/lesiones-clave-en-mexico-malagon-marcel-ruiz-y-bajas-historicas-para-el-mundial-2026\/\" \/>\n<meta property=\"og:locale\" content=\"es_ES\" \/>\n<meta property=\"og:type\" content=\"article\" \/>\n<meta property=\"og:title\" content=\"Lesiones Clave en M\u00e9xico: Malag\u00f3n, Marcel Ruiz y Bajas Hist\u00f3ricas para el Mundial 2026 - Tipnexa\" \/>\n<meta property=\"og:description\" content=\"Descubre las lesiones que afectan a la Selecci\u00f3n Mexicana rumbo al Mundial 2026, incluyendo a Malag\u00f3n y Marcel Ruiz. Un repaso por las bajas hist\u00f3ricas. \u00a1Inf\u00f3rmate aqu\u00ed!\" \/>\n<meta property=\"og:url\" content=\"https:\/\/tipnexa.com\/blog\/lesiones-clave-en-mexico-malagon-marcel-ruiz-y-bajas-historicas-para-el-mundial-2026\/\" \/>\n<meta property=\"og:site_name\" content=\"Tipnexa\" \/>\n<meta property=\"article:published_time\" content=\"2026-03-14T18:04:11+00:00\" \/>\n<meta property=\"og:image\" content=\"https:\/\/tipnexa.com\/blog\/wp-content\/uploads\/2026\/03\/lesiones-clave-en-mexico-malagon-marcel-ruiz-y-bajas-historicas-para-el-mundial-1773511447258-1024x585.png\" \/>\n\t<meta property=\"og:image:width\" content=\"1024\" \/>\n\t<meta property=\"og:image:height\" content=\"585\" \/>\n\t<meta property=\"og:image:type\" content=\"image\/png\" \/>\n<meta name=\"author\" content=\"admin\" \/>\n<meta name=\"twitter:card\" content=\"summary_large_image\" \/>\n<meta name=\"twitter:label1\" content=\"Escrito por\" \/>\n\t<meta name=\"twitter:data1\" content=\"admin\" \/>\n\t<meta name=\"twitter:label2\" content=\"Tiempo de lectura\" \/>\n\t<meta name=\"twitter:data2\" content=\"4 minutos\" \/>\n<script type=\"application\/ld+json\" class=\"yoast-schema-graph\">{\"@context\":\"https:\/\/schema.org\",\"@graph\":[{\"@type\":\"Article\",\"@id\":\"https:\/\/tipnexa.com\/blog\/lesiones-clave-en-mexico-malagon-marcel-ruiz-y-bajas-historicas-para-el-mundial-2026\/#article\",\"isPartOf\":{\"@id\":\"https:\/\/tipnexa.com\/blog\/lesiones-clave-en-mexico-malagon-marcel-ruiz-y-bajas-historicas-para-el-mundial-2026\/\"},\"author\":{\"name\":\"admin\",\"@id\":\"https:\/\/tipnexa.com\/blog\/#\/schema\/person\/fcfe9a20877b14cc7f2bc3ce77f6d3cf\"},\"headline\":\"Lesiones Clave en M\u00e9xico: Malag\u00f3n, Marcel Ruiz y Bajas Hist\u00f3ricas para el Mundial 2026\",\"datePublished\":\"2026-03-14T18:04:11+00:00\",\"mainEntityOfPage\":{\"@id\":\"https:\/\/tipnexa.com\/blog\/lesiones-clave-en-mexico-malagon-marcel-ruiz-y-bajas-historicas-para-el-mundial-2026\/\"},\"wordCount\":773,\"commentCount\":0,\"publisher\":{\"@id\":\"https:\/\/tipnexa.com\/blog\/#organization\"},\"image\":{\"@id\":\"https:\/\/tipnexa.com\/blog\/lesiones-clave-en-mexico-malagon-marcel-ruiz-y-bajas-historicas-para-el-mundial-2026\/#primaryimage\"},\"thumbnailUrl\":\"https:\/\/tipnexa.com\/blog\/wp-content\/uploads\/2026\/03\/lesiones-clave-en-mexico-malagon-marcel-ruiz-y-bajas-historicas-para-el-mundial-1773511447258.png\",\"articleSection\":[\"F\u00fatbol Internacional\"],\"inLanguage\":\"es\",\"potentialAction\":[{\"@type\":\"CommentAction\",\"name\":\"Comment\",\"target\":[\"https:\/\/tipnexa.com\/blog\/lesiones-clave-en-mexico-malagon-marcel-ruiz-y-bajas-historicas-para-el-mundial-2026\/#respond\"]}]},{\"@type\":\"WebPage\",\"@id\":\"https:\/\/tipnexa.com\/blog\/lesiones-clave-en-mexico-malagon-marcel-ruiz-y-bajas-historicas-para-el-mundial-2026\/\",\"url\":\"https:\/\/tipnexa.com\/blog\/lesiones-clave-en-mexico-malagon-marcel-ruiz-y-bajas-historicas-para-el-mundial-2026\/\",\"name\":\"Lesiones Clave en M\u00e9xico: Malag\u00f3n, Marcel Ruiz y Bajas Hist\u00f3ricas para el Mundial 2026 - Tipnexa\",\"isPartOf\":{\"@id\":\"https:\/\/tipnexa.com\/blog\/#website\"},\"primaryImageOfPage\":{\"@id\":\"https:\/\/tipnexa.com\/blog\/lesiones-clave-en-mexico-malagon-marcel-ruiz-y-bajas-historicas-para-el-mundial-2026\/#primaryimage\"},\"image\":{\"@id\":\"https:\/\/tipnexa.com\/blog\/lesiones-clave-en-mexico-malagon-marcel-ruiz-y-bajas-historicas-para-el-mundial-2026\/#primaryimage\"},\"thumbnailUrl\":\"https:\/\/tipnexa.com\/blog\/wp-content\/uploads\/2026\/03\/lesiones-clave-en-mexico-malagon-marcel-ruiz-y-bajas-historicas-para-el-mundial-1773511447258.png\",\"datePublished\":\"2026-03-14T18:04:11+00:00\",\"breadcrumb\":{\"@id\":\"https:\/\/tipnexa.com\/blog\/lesiones-clave-en-mexico-malagon-marcel-ruiz-y-bajas-historicas-para-el-mundial-2026\/#breadcrumb\"},\"inLanguage\":\"es\",\"potentialAction\":[{\"@type\":\"ReadAction\",\"target\":[\"https:\/\/tipnexa.com\/blog\/lesiones-clave-en-mexico-malagon-marcel-ruiz-y-bajas-historicas-para-el-mundial-2026\/\"]}]},{\"@type\":\"ImageObject\",\"inLanguage\":\"es\",\"@id\":\"https:\/\/tipnexa.com\/blog\/lesiones-clave-en-mexico-malagon-marcel-ruiz-y-bajas-historicas-para-el-mundial-2026\/#primaryimage\",\"url\":\"https:\/\/tipnexa.com\/blog\/wp-content\/uploads\/2026\/03\/lesiones-clave-en-mexico-malagon-marcel-ruiz-y-bajas-historicas-para-el-mundial-1773511447258.png\",\"contentUrl\":\"https:\/\/tipnexa.com\/blog\/wp-content\/uploads\/2026\/03\/lesiones-clave-en-mexico-malagon-marcel-ruiz-y-bajas-historicas-para-el-mundial-1773511447258.png\",\"width\":1344,\"height\":768},{\"@type\":\"BreadcrumbList\",\"@id\":\"https:\/\/tipnexa.com\/blog\/lesiones-clave-en-mexico-malagon-marcel-ruiz-y-bajas-historicas-para-el-mundial-2026\/#breadcrumb\",\"itemListElement\":[{\"@type\":\"ListItem\",\"position\":1,\"name\":\"Portada\",\"item\":\"https:\/\/tipnexa.com\/blog\/\"},{\"@type\":\"ListItem\",\"position\":2,\"name\":\"Lesiones Clave en M\u00e9xico: Malag\u00f3n, Marcel Ruiz y Bajas Hist\u00f3ricas para el Mundial 2026\"}]},{\"@type\":\"WebSite\",\"@id\":\"https:\/\/tipnexa.com\/blog\/#website\",\"url\":\"https:\/\/tipnexa.com\/blog\/\",\"name\":\"Blog de Tipnexa\",\"description\":\"Descubre en el blog de Tipnexa las \u00faltimas noticias de f\u00fatbol, pron\u00f3sticos, an\u00e1lisis de partidos, ligas y equipos con enfoque experto y datos actualizados.\",\"publisher\":{\"@id\":\"https:\/\/tipnexa.com\/blog\/#organization\"},\"alternateName\":\"Blog de Tipnexa\",\"potentialAction\":[{\"@type\":\"SearchAction\",\"target\":{\"@type\":\"EntryPoint\",\"urlTemplate\":\"https:\/\/tipnexa.com\/blog\/?s={search_term_string}\"},\"query-input\":{\"@type\":\"PropertyValueSpecification\",\"valueRequired\":true,\"valueName\":\"search_term_string\"}}],\"inLanguage\":\"es\"},{\"@type\":\"Organization\",\"@id\":\"https:\/\/tipnexa.com\/blog\/#organization\",\"name\":\"Tipnexa\",\"url\":\"https:\/\/tipnexa.com\/blog\/\",\"logo\":{\"@type\":\"ImageObject\",\"inLanguage\":\"es\",\"@id\":\"https:\/\/tipnexa.com\/blog\/#\/schema\/logo\/image\/\",\"url\":\"https:\/\/tipnexa.com\/blog\/wp-content\/uploads\/2026\/03\/192x192.png\",\"contentUrl\":\"https:\/\/tipnexa.com\/blog\/wp-content\/uploads\/2026\/03\/192x192.png\",\"width\":192,\"height\":192,\"caption\":\"Tipnexa\"},\"image\":{\"@id\":\"https:\/\/tipnexa.com\/blog\/#\/schema\/logo\/image\/\"}},{\"@type\":\"Person\",\"@id\":\"https:\/\/tipnexa.com\/blog\/#\/schema\/person\/fcfe9a20877b14cc7f2bc3ce77f6d3cf\",\"name\":\"admin\",\"image\":{\"@type\":\"ImageObject\",\"inLanguage\":\"es\",\"@id\":\"https:\/\/secure.gravatar.com\/avatar\/b4f14cb9d9d12a445b91a477b3cf143c91ca7da26f03b6815b159c10ce2e2c74?s=96&d=mm&r=g\",\"url\":\"https:\/\/secure.gravatar.com\/avatar\/b4f14cb9d9d12a445b91a477b3cf143c91ca7da26f03b6815b159c10ce2e2c74?s=96&d=mm&r=g\",\"contentUrl\":\"https:\/\/secure.gravatar.com\/avatar\/b4f14cb9d9d12a445b91a477b3cf143c91ca7da26f03b6815b159c10ce2e2c74?s=96&d=mm&r=g\",\"caption\":\"admin\"},\"sameAs\":[\"https:\/\/tipnexa.com\/blog\"],\"url\":\"https:\/\/tipnexa.com\/blog\/author\/admin\/\"}]}<\/script>\n<!-- \/ Yoast SEO plugin. -->","yoast_head_json":{"title":"Lesiones Clave en M\u00e9xico: Malag\u00f3n, Marcel Ruiz y Bajas Hist\u00f3ricas para el Mundial 2026 - Tipnexa","robots":{"index":"index","follow":"follow","max-snippet":"max-snippet:-1","max-image-preview":"max-image-preview:large","max-video-preview":"max-video-preview:-1"},"canonical":"https:\/\/tipnexa.com\/blog\/lesiones-clave-en-mexico-malagon-marcel-ruiz-y-bajas-historicas-para-el-mundial-2026\/","og_locale":"es_ES","og_type":"article","og_title":"Lesiones Clave en M\u00e9xico: Malag\u00f3n, Marcel Ruiz y Bajas Hist\u00f3ricas para el Mundial 2026 - Tipnexa","og_description":"Descubre las lesiones que afectan a la Selecci\u00f3n Mexicana rumbo al Mundial 2026, incluyendo a Malag\u00f3n y Marcel Ruiz. Un repaso por las bajas hist\u00f3ricas. \u00a1Inf\u00f3rmate aqu\u00ed!","og_url":"https:\/\/tipnexa.com\/blog\/lesiones-clave-en-mexico-malagon-marcel-ruiz-y-bajas-historicas-para-el-mundial-2026\/","og_site_name":"Tipnexa","article_published_time":"2026-03-14T18:04:11+00:00","og_image":[{"width":1024,"height":585,"url":"https:\/\/tipnexa.com\/blog\/wp-content\/uploads\/2026\/03\/lesiones-clave-en-mexico-malagon-marcel-ruiz-y-bajas-historicas-para-el-mundial-1773511447258-1024x585.png","type":"image\/png"}],"author":"admin","twitter_card":"summary_large_image","twitter_misc":{"Escrito por":"admin","Tiempo de lectura":"4 minutos"},"schema":{"@context":"https:\/\/schema.org","@graph":[{"@type":"Article","@id":"https:\/\/tipnexa.com\/blog\/lesiones-clave-en-mexico-malagon-marcel-ruiz-y-bajas-historicas-para-el-mundial-2026\/#article","isPartOf":{"@id":"https:\/\/tipnexa.com\/blog\/lesiones-clave-en-mexico-malagon-marcel-ruiz-y-bajas-historicas-para-el-mundial-2026\/"},"author":{"name":"admin","@id":"https:\/\/tipnexa.com\/blog\/#\/schema\/person\/fcfe9a20877b14cc7f2bc3ce77f6d3cf"},"headline":"Lesiones Clave en M\u00e9xico: Malag\u00f3n, Marcel Ruiz y Bajas Hist\u00f3ricas para el Mundial 2026","datePublished":"2026-03-14T18:04:11+00:00","mainEntityOfPage":{"@id":"https:\/\/tipnexa.com\/blog\/lesiones-clave-en-mexico-malagon-marcel-ruiz-y-bajas-historicas-para-el-mundial-2026\/"},"wordCount":773,"commentCount":0,"publisher":{"@id":"https:\/\/tipnexa.com\/blog\/#organization"},"image":{"@id":"https:\/\/tipnexa.com\/blog\/lesiones-clave-en-mexico-malagon-marcel-ruiz-y-bajas-historicas-para-el-mundial-2026\/#primaryimage"},"thumbnailUrl":"https:\/\/tipnexa.com\/blog\/wp-content\/uploads\/2026\/03\/lesiones-clave-en-mexico-malagon-marcel-ruiz-y-bajas-historicas-para-el-mundial-1773511447258.png","articleSection":["F\u00fatbol Internacional"],"inLanguage":"es","potentialAction":[{"@type":"CommentAction","name":"Comment","target":["https:\/\/tipnexa.com\/blog\/lesiones-clave-en-mexico-malagon-marcel-ruiz-y-bajas-historicas-para-el-mundial-2026\/#respond"]}]},{"@type":"WebPage","@id":"https:\/\/tipnexa.com\/blog\/lesiones-clave-en-mexico-malagon-marcel-ruiz-y-bajas-historicas-para-el-mundial-2026\/","url":"https:\/\/tipnexa.com\/blog\/lesiones-clave-en-mexico-malagon-marcel-ruiz-y-bajas-historicas-para-el-mundial-2026\/","name":"Lesiones Clave en M\u00e9xico: Malag\u00f3n, Marcel Ruiz y Bajas Hist\u00f3ricas para el Mundial 2026 - Tipnexa","isPartOf":{"@id":"https:\/\/tipnexa.com\/blog\/#website"},"primaryImageOfPage":{"@id":"https:\/\/tipnexa.com\/blog\/lesiones-clave-en-mexico-malagon-marcel-ruiz-y-bajas-historicas-para-el-mundial-2026\/#primaryimage"},"image":{"@id":"https:\/\/tipnexa.com\/blog\/lesiones-clave-en-mexico-malagon-marcel-ruiz-y-bajas-historicas-para-el-mundial-2026\/#primaryimage"},"thumbnailUrl":"https:\/\/tipnexa.com\/blog\/wp-content\/uploads\/2026\/03\/lesiones-clave-en-mexico-malagon-marcel-ruiz-y-bajas-historicas-para-el-mundial-1773511447258.png","datePublished":"2026-03-14T18:04:11+00:00","breadcrumb":{"@id":"https:\/\/tipnexa.com\/blog\/lesiones-clave-en-mexico-malagon-marcel-ruiz-y-bajas-historicas-para-el-mundial-2026\/#breadcrumb"},"inLanguage":"es","potentialAction":[{"@type":"ReadAction","target":["https:\/\/tipnexa.com\/blog\/lesiones-clave-en-mexico-malagon-marcel-ruiz-y-bajas-historicas-para-el-mundial-2026\/"]}]},{"@type":"ImageObject","inLanguage":"es","@id":"https:\/\/tipnexa.com\/blog\/lesiones-clave-en-mexico-malagon-marcel-ruiz-y-bajas-historicas-para-el-mundial-2026\/#primaryimage","url":"https:\/\/tipnexa.com\/blog\/wp-content\/uploads\/2026\/03\/lesiones-clave-en-mexico-malagon-marcel-ruiz-y-bajas-historicas-para-el-mundial-1773511447258.png","contentUrl":"https:\/\/tipnexa.com\/blog\/wp-content\/uploads\/2026\/03\/lesiones-clave-en-mexico-malagon-marcel-ruiz-y-bajas-historicas-para-el-mundial-1773511447258.png","width":1344,"height":768},{"@type":"BreadcrumbList","@id":"https:\/\/tipnexa.com\/blog\/lesiones-clave-en-mexico-malagon-marcel-ruiz-y-bajas-historicas-para-el-mundial-2026\/#breadcrumb","itemListElement":[{"@type":"ListItem","position":1,"name":"Portada","item":"https:\/\/tipnexa.com\/blog\/"},{"@type":"ListItem","position":2,"name":"Lesiones Clave en M\u00e9xico: Malag\u00f3n, Marcel Ruiz y Bajas Hist\u00f3ricas para el Mundial 2026"}]},{"@type":"WebSite","@id":"https:\/\/tipnexa.com\/blog\/#website","url":"https:\/\/tipnexa.com\/blog\/","name":"Blog de Tipnexa","description":"Descubre en el blog de Tipnexa las \u00faltimas noticias de f\u00fatbol, pron\u00f3sticos, an\u00e1lisis de partidos, ligas y equipos con enfoque experto y datos actualizados.","publisher":{"@id":"https:\/\/tipnexa.com\/blog\/#organization"},"alternateName":"Blog de Tipnexa","potentialAction":[{"@type":"SearchAction","target":{"@type":"EntryPoint","urlTemplate":"https:\/\/tipnexa.com\/blog\/?s={search_term_string}"},"query-input":{"@type":"PropertyValueSpecification","valueRequired":true,"valueName":"search_term_string"}}],"inLanguage":"es"},{"@type":"Organization","@id":"https:\/\/tipnexa.com\/blog\/#organization","name":"Tipnexa","url":"https:\/\/tipnexa.com\/blog\/","logo":{"@type":"ImageObject","inLanguage":"es","@id":"https:\/\/tipnexa.com\/blog\/#\/schema\/logo\/image\/","url":"https:\/\/tipnexa.com\/blog\/wp-content\/uploads\/2026\/03\/192x192.png","contentUrl":"https:\/\/tipnexa.com\/blog\/wp-content\/uploads\/2026\/03\/192x192.png","width":192,"height":192,"caption":"Tipnexa"},"image":{"@id":"https:\/\/tipnexa.com\/blog\/#\/schema\/logo\/image\/"}},{"@type":"Person","@id":"https:\/\/tipnexa.com\/blog\/#\/schema\/person\/fcfe9a20877b14cc7f2bc3ce77f6d3cf","name":"admin","image":{"@type":"ImageObject","inLanguage":"es","@id":"https:\/\/secure.gravatar.com\/avatar\/b4f14cb9d9d12a445b91a477b3cf143c91ca7da26f03b6815b159c10ce2e2c74?s=96&d=mm&r=g","url":"https:\/\/secure.gravatar.com\/avatar\/b4f14cb9d9d12a445b91a477b3cf143c91ca7da26f03b6815b159c10ce2e2c74?s=96&d=mm&r=g","contentUrl":"https:\/\/secure.gravatar.com\/avatar\/b4f14cb9d9d12a445b91a477b3cf143c91ca7da26f03b6815b159c10ce2e2c74?s=96&d=mm&r=g","caption":"admin"},"sameAs":["https:\/\/tipnexa.com\/blog"],"url":"https:\/\/tipnexa.com\/blog\/author\/admin\/"}]}},"_links":{"self":[{"href":"https:\/\/tipnexa.com\/blog\/wp-json\/wp\/v2\/posts\/837","targetHints":{"allow":["GET"]}}],"collection":[{"href":"https:\/\/tipnexa.com\/blog\/wp-json\/wp\/v2\/posts"}],"about":[{"href":"https:\/\/tipnexa.com\/blog\/wp-json\/wp\/v2\/types\/post"}],"author":[{"embeddable":true,"href":"https:\/\/tipnexa.com\/blog\/wp-json\/wp\/v2\/users\/1"}],"replies":[{"embeddable":true,"href":"https:\/\/tipnexa.com\/blog\/wp-json\/wp\/v2\/comments?post=837"}],"version-history":[{"count":0,"href":"https:\/\/tipnexa.com\/blog\/wp-json\/wp\/v2\/posts\/837\/revisions"}],"wp:featuredmedia":[{"embeddable":true,"href":"https:\/\/tipnexa.com\/blog\/wp-json\/wp\/v2\/media\/836"}],"wp:attachment":[{"href":"https:\/\/tipnexa.com\/blog\/wp-json\/wp\/v2\/media?parent=837"}],"wp:term":[{"taxonomy":"category","embeddable":true,"href":"https:\/\/tipnexa.com\/blog\/wp-json\/wp\/v2\/categories?post=837"},{"taxonomy":"post_tag","embeddable":true,"href":"https:\/\/tipnexa.com\/blog\/wp-json\/wp\/v2\/tags?post=837"}],"curies":[{"name":"wp","href":"https:\/\/api.w.org\/{rel}","templated":true}]}}