{"id":8324,"date":"2026-07-05T19:49:30","date_gmt":"2026-07-06T00:49:30","guid":{"rendered":"https:\/\/tipnexa.com\/blog\/neymar-jr-anuncia-su-retiro-de-la-seleccion-brasilena-tras-mundial-2026\/"},"modified":"2026-07-05T19:49:30","modified_gmt":"2026-07-06T00:49:30","slug":"neymar-jr-anuncia-su-retiro-de-la-seleccion-brasilena-tras-mundial-2026","status":"publish","type":"post","link":"https:\/\/tipnexa.com\/blog\/neymar-jr-anuncia-su-retiro-de-la-seleccion-brasilena-tras-mundial-2026\/","title":{"rendered":"Neymar Jr. Anuncia su Retiro de la Selecci\u00f3n Brasile\u00f1a Tras Mundial 2026"},"content":{"rendered":"<p>La eliminaci\u00f3n de Brasil en los octavos de final del Mundial 2026 dej\u00f3 una noticia a\u00fan m\u00e1s impactante: el retiro de <strong>Neymar Jr.<\/strong> de la selecci\u00f3n. Tras la derrota por 2-1 frente a Noruega en Estados Unidos, el astro brasile\u00f1o confirm\u00f3 entre l\u00e1grimas que no volver\u00e1 a vestir la camiseta verdeamarela, marcando el fin de una era para el f\u00fatbol de su pa\u00eds.<\/p>\n<h2>El Emotivo Adi\u00f3s de una Estrella<\/h2>\n<p>Visiblemente afectado, Neymar expres\u00f3: \u00abSe acab\u00f3. Intent\u00e9 todo. Hice todo lo que pude. Quer\u00eda darle otra Copa del Mundo a mi pa\u00eds, pero no fue posible\u00bb. Con 34 a\u00f1os, el delantero hab\u00eda regresado para este Mundial tras superar lesiones, buscando el \u00fanico t\u00edtulo que le faltaba. La derrota ante la Noruega de Erling Haaland trunc\u00f3 ese sue\u00f1o. Su emotiva despedida, abrazado por sus compa\u00f1eros, simboliz\u00f3 la frustraci\u00f3n de una generaci\u00f3n. La importancia de un jugador clave en momentos decisivos es fundamental, como se analiza en <a href=\"https:\/\/tipnexa.com\/blog\/luis-diaz-brilla-con-gol-clave-en-vibrante-empate-de-bayern-vs-leverkusen\/\">ejemplos de grandes actuaciones<\/a> en otras ligas.<\/p>\n<h2>Un Legado Imborrable en la Canarinha<\/h2>\n<p>Desde su debut en 2010, Neymar forj\u00f3 una carrera hist\u00f3rica con la Canarinha. Se convirti\u00f3 en el <strong>m\u00e1ximo goleador<\/strong> de la selecci\u00f3n brasile\u00f1a, superando incluso a la leyenda Pel\u00e9. A lo largo de cuatro Copas del Mundo, conquist\u00f3 la Copa Confederaciones en 2013 y la medalla de oro en los Juegos Ol\u00edmpicos de R\u00edo 2016. Aunque el Mundial se le resisti\u00f3, su talento, capacidad de desequilibrio y momentos de brillantez lo consolidan como uno de los futbolistas m\u00e1s influyentes del siglo XXI para Brasil. Su trayectoria dejar\u00e1 una huella imborrable, inspirando a futuras generaciones de talentos, como se analiza en <a href=\"https:\/\/tipnexa.com\/blog\/erick-noriega-el-peruano-mejor-cotizado-con-rumbo-a-europa-en-2026\/\">perfiles de j\u00f3venes promesas<\/a>.<\/p>\n<h2>El Futuro de la Selecci\u00f3n Brasile\u00f1a<\/h2>\n<p>La partida de Neymar abre un nuevo cap\u00edtulo para la selecci\u00f3n brasile\u00f1a. El equipo deber\u00e1 afrontar un proceso de renovaci\u00f3n, con la mirada puesta en j\u00f3venes promesas como <strong>Vin\u00edcius J\u00fanior<\/strong>, Rodrygo y Endrick. Estas nuevas figuras est\u00e1n llamadas a liderar a la pentacampeona y devolverle el protagonismo en el escenario mundial. El legado de Neymar, aunque sin la ansiada sexta estrella, ser\u00e1 un referente para ellos, marcando el camino para una nueva era del f\u00fatbol brasile\u00f1o.<\/p>\n<h2>Conclusi\u00f3n<\/h2>\n<p>El adi\u00f3s de Neymar Jr. a la selecci\u00f3n brasile\u00f1a es un momento cargado de emoci\u00f3n y simbolismo. Su partida cierra una etapa dorada, pero tambi\u00e9n abre las puertas a una nueva generaci\u00f3n que buscar\u00e1 escribir su propia historia en el f\u00fatbol mundial. La leyenda de Neymar, con sus goles, regates y momentos inolvidables, permanecer\u00e1 en la memoria de los aficionados, record\u00e1ndonos la pasi\u00f3n y la complejidad de este deporte.<\/p>\n","protected":false},"excerpt":{"rendered":"<p>Neymar Jr. se despide de la selecci\u00f3n brasile\u00f1a tras la eliminaci\u00f3n del Mundial 2026. Descubre los detalles de su emotivo adi\u00f3s y el legado que deja en la Canarinha.<\/p>\n","protected":false},"author":1,"featured_media":8323,"comment_status":"open","ping_status":"open","sticky":false,"template":"","format":"standard","meta":{"footnotes":""},"categories":[16],"tags":[],"class_list":["post-8324","post","type-post","status-publish","format-standard","has-post-thumbnail","hentry","category-futbol-internacional"],"yoast_head":"<!-- This site is optimized with the Yoast SEO plugin v27.2 - https:\/\/yoast.com\/product\/yoast-seo-wordpress\/ -->\n<title>Neymar Jr. Anuncia su Retiro de la Selecci\u00f3n Brasile\u00f1a Tras Mundial 2026 - Tipnexa<\/title>\n<meta name=\"robots\" content=\"index, follow, max-snippet:-1, max-image-preview:large, max-video-preview:-1\" \/>\n<link rel=\"canonical\" href=\"https:\/\/tipnexa.com\/blog\/neymar-jr-anuncia-su-retiro-de-la-seleccion-brasilena-tras-mundial-2026\/\" \/>\n<meta property=\"og:locale\" content=\"es_ES\" \/>\n<meta property=\"og:type\" content=\"article\" \/>\n<meta property=\"og:title\" content=\"Neymar Jr. Anuncia su Retiro de la Selecci\u00f3n Brasile\u00f1a Tras Mundial 2026 - Tipnexa\" \/>\n<meta property=\"og:description\" content=\"Neymar Jr. se despide de la selecci\u00f3n brasile\u00f1a tras la eliminaci\u00f3n del Mundial 2026. Descubre los detalles de su emotivo adi\u00f3s y el legado que deja en la Canarinha.\" \/>\n<meta property=\"og:url\" content=\"https:\/\/tipnexa.com\/blog\/neymar-jr-anuncia-su-retiro-de-la-seleccion-brasilena-tras-mundial-2026\/\" \/>\n<meta property=\"og:site_name\" content=\"Tipnexa\" \/>\n<meta property=\"article:published_time\" content=\"2026-07-06T00:49:30+00:00\" \/>\n<meta property=\"og:image\" content=\"https:\/\/tipnexa.com\/blog\/wp-content\/uploads\/2026\/03\/192x192.png\" \/>\n\t<meta property=\"og:image:width\" content=\"192\" \/>\n\t<meta property=\"og:image:height\" content=\"192\" \/>\n\t<meta property=\"og:image:type\" content=\"image\/png\" \/>\n<meta name=\"author\" content=\"admin\" \/>\n<meta name=\"twitter:card\" content=\"summary_large_image\" \/>\n<meta name=\"twitter:label1\" content=\"Escrito por\" \/>\n\t<meta name=\"twitter:data1\" content=\"admin\" \/>\n\t<meta name=\"twitter:label2\" content=\"Tiempo de lectura\" \/>\n\t<meta name=\"twitter:data2\" content=\"2 minutos\" \/>\n<script type=\"application\/ld+json\" class=\"yoast-schema-graph\">{\"@context\":\"https:\/\/schema.org\",\"@graph\":[{\"@type\":\"Article\",\"@id\":\"https:\/\/tipnexa.com\/blog\/neymar-jr-anuncia-su-retiro-de-la-seleccion-brasilena-tras-mundial-2026\/#article\",\"isPartOf\":{\"@id\":\"https:\/\/tipnexa.com\/blog\/neymar-jr-anuncia-su-retiro-de-la-seleccion-brasilena-tras-mundial-2026\/\"},\"author\":{\"name\":\"admin\",\"@id\":\"https:\/\/tipnexa.com\/blog\/#\/schema\/person\/fcfe9a20877b14cc7f2bc3ce77f6d3cf\"},\"headline\":\"Neymar Jr. Anuncia su Retiro de la Selecci\u00f3n Brasile\u00f1a Tras Mundial 2026\",\"datePublished\":\"2026-07-06T00:49:30+00:00\",\"mainEntityOfPage\":{\"@id\":\"https:\/\/tipnexa.com\/blog\/neymar-jr-anuncia-su-retiro-de-la-seleccion-brasilena-tras-mundial-2026\/\"},\"wordCount\":479,\"commentCount\":0,\"publisher\":{\"@id\":\"https:\/\/tipnexa.com\/blog\/#organization\"},\"image\":{\"@id\":\"https:\/\/tipnexa.com\/blog\/neymar-jr-anuncia-su-retiro-de-la-seleccion-brasilena-tras-mundial-2026\/#primaryimage\"},\"thumbnailUrl\":\"https:\/\/tipnexa.com\/blog\/wp-content\/uploads\/2026\/07\/neymar-jr-anuncia-su-retiro-de-la-seleccion-brasilena-tras-mundial-2026-1783298971224.png\",\"articleSection\":[\"F\u00fatbol Internacional\"],\"inLanguage\":\"es\",\"potentialAction\":[{\"@type\":\"CommentAction\",\"name\":\"Comment\",\"target\":[\"https:\/\/tipnexa.com\/blog\/neymar-jr-anuncia-su-retiro-de-la-seleccion-brasilena-tras-mundial-2026\/#respond\"]}]},{\"@type\":\"WebPage\",\"@id\":\"https:\/\/tipnexa.com\/blog\/neymar-jr-anuncia-su-retiro-de-la-seleccion-brasilena-tras-mundial-2026\/\",\"url\":\"https:\/\/tipnexa.com\/blog\/neymar-jr-anuncia-su-retiro-de-la-seleccion-brasilena-tras-mundial-2026\/\",\"name\":\"Neymar Jr. Anuncia su Retiro de la Selecci\u00f3n Brasile\u00f1a Tras Mundial 2026 - Tipnexa\",\"isPartOf\":{\"@id\":\"https:\/\/tipnexa.com\/blog\/#website\"},\"primaryImageOfPage\":{\"@id\":\"https:\/\/tipnexa.com\/blog\/neymar-jr-anuncia-su-retiro-de-la-seleccion-brasilena-tras-mundial-2026\/#primaryimage\"},\"image\":{\"@id\":\"https:\/\/tipnexa.com\/blog\/neymar-jr-anuncia-su-retiro-de-la-seleccion-brasilena-tras-mundial-2026\/#primaryimage\"},\"thumbnailUrl\":\"https:\/\/tipnexa.com\/blog\/wp-content\/uploads\/2026\/07\/neymar-jr-anuncia-su-retiro-de-la-seleccion-brasilena-tras-mundial-2026-1783298971224.png\",\"datePublished\":\"2026-07-06T00:49:30+00:00\",\"breadcrumb\":{\"@id\":\"https:\/\/tipnexa.com\/blog\/neymar-jr-anuncia-su-retiro-de-la-seleccion-brasilena-tras-mundial-2026\/#breadcrumb\"},\"inLanguage\":\"es\",\"potentialAction\":[{\"@type\":\"ReadAction\",\"target\":[\"https:\/\/tipnexa.com\/blog\/neymar-jr-anuncia-su-retiro-de-la-seleccion-brasilena-tras-mundial-2026\/\"]}]},{\"@type\":\"ImageObject\",\"inLanguage\":\"es\",\"@id\":\"https:\/\/tipnexa.com\/blog\/neymar-jr-anuncia-su-retiro-de-la-seleccion-brasilena-tras-mundial-2026\/#primaryimage\",\"url\":\"https:\/\/tipnexa.com\/blog\/wp-content\/uploads\/2026\/07\/neymar-jr-anuncia-su-retiro-de-la-seleccion-brasilena-tras-mundial-2026-1783298971224.png\",\"contentUrl\":\"https:\/\/tipnexa.com\/blog\/wp-content\/uploads\/2026\/07\/neymar-jr-anuncia-su-retiro-de-la-seleccion-brasilena-tras-mundial-2026-1783298971224.png\",\"width\":1344,\"height\":768},{\"@type\":\"BreadcrumbList\",\"@id\":\"https:\/\/tipnexa.com\/blog\/neymar-jr-anuncia-su-retiro-de-la-seleccion-brasilena-tras-mundial-2026\/#breadcrumb\",\"itemListElement\":[{\"@type\":\"ListItem\",\"position\":1,\"name\":\"Portada\",\"item\":\"https:\/\/tipnexa.com\/blog\/\"},{\"@type\":\"ListItem\",\"position\":2,\"name\":\"Neymar Jr. Anuncia su Retiro de la Selecci\u00f3n Brasile\u00f1a Tras Mundial 2026\"}]},{\"@type\":\"WebSite\",\"@id\":\"https:\/\/tipnexa.com\/blog\/#website\",\"url\":\"https:\/\/tipnexa.com\/blog\/\",\"name\":\"Blog de Tipnexa\",\"description\":\"Descubre en el blog de Tipnexa las \u00faltimas noticias de f\u00fatbol, pron\u00f3sticos, an\u00e1lisis de partidos, ligas y equipos con enfoque experto y datos actualizados.\",\"publisher\":{\"@id\":\"https:\/\/tipnexa.com\/blog\/#organization\"},\"alternateName\":\"Blog de Tipnexa\",\"potentialAction\":[{\"@type\":\"SearchAction\",\"target\":{\"@type\":\"EntryPoint\",\"urlTemplate\":\"https:\/\/tipnexa.com\/blog\/?s={search_term_string}\"},\"query-input\":{\"@type\":\"PropertyValueSpecification\",\"valueRequired\":true,\"valueName\":\"search_term_string\"}}],\"inLanguage\":\"es\"},{\"@type\":\"Organization\",\"@id\":\"https:\/\/tipnexa.com\/blog\/#organization\",\"name\":\"Tipnexa\",\"url\":\"https:\/\/tipnexa.com\/blog\/\",\"logo\":{\"@type\":\"ImageObject\",\"inLanguage\":\"es\",\"@id\":\"https:\/\/tipnexa.com\/blog\/#\/schema\/logo\/image\/\",\"url\":\"https:\/\/tipnexa.com\/blog\/wp-content\/uploads\/2026\/03\/192x192.png\",\"contentUrl\":\"https:\/\/tipnexa.com\/blog\/wp-content\/uploads\/2026\/03\/192x192.png\",\"width\":192,\"height\":192,\"caption\":\"Tipnexa\"},\"image\":{\"@id\":\"https:\/\/tipnexa.com\/blog\/#\/schema\/logo\/image\/\"}},{\"@type\":\"Person\",\"@id\":\"https:\/\/tipnexa.com\/blog\/#\/schema\/person\/fcfe9a20877b14cc7f2bc3ce77f6d3cf\",\"name\":\"admin\",\"image\":{\"@type\":\"ImageObject\",\"inLanguage\":\"es\",\"@id\":\"https:\/\/secure.gravatar.com\/avatar\/b4f14cb9d9d12a445b91a477b3cf143c91ca7da26f03b6815b159c10ce2e2c74?s=96&d=mm&r=g\",\"url\":\"https:\/\/secure.gravatar.com\/avatar\/b4f14cb9d9d12a445b91a477b3cf143c91ca7da26f03b6815b159c10ce2e2c74?s=96&d=mm&r=g\",\"contentUrl\":\"https:\/\/secure.gravatar.com\/avatar\/b4f14cb9d9d12a445b91a477b3cf143c91ca7da26f03b6815b159c10ce2e2c74?s=96&d=mm&r=g\",\"caption\":\"admin\"},\"sameAs\":[\"https:\/\/tipnexa.com\/blog\"],\"url\":\"https:\/\/tipnexa.com\/blog\/author\/admin\/\"}]}<\/script>\n<!-- \/ Yoast SEO plugin. -->","yoast_head_json":{"title":"Neymar Jr. Anuncia su Retiro de la Selecci\u00f3n Brasile\u00f1a Tras Mundial 2026 - Tipnexa","robots":{"index":"index","follow":"follow","max-snippet":"max-snippet:-1","max-image-preview":"max-image-preview:large","max-video-preview":"max-video-preview:-1"},"canonical":"https:\/\/tipnexa.com\/blog\/neymar-jr-anuncia-su-retiro-de-la-seleccion-brasilena-tras-mundial-2026\/","og_locale":"es_ES","og_type":"article","og_title":"Neymar Jr. Anuncia su Retiro de la Selecci\u00f3n Brasile\u00f1a Tras Mundial 2026 - Tipnexa","og_description":"Neymar Jr. se despide de la selecci\u00f3n brasile\u00f1a tras la eliminaci\u00f3n del Mundial 2026. Descubre los detalles de su emotivo adi\u00f3s y el legado que deja en la Canarinha.","og_url":"https:\/\/tipnexa.com\/blog\/neymar-jr-anuncia-su-retiro-de-la-seleccion-brasilena-tras-mundial-2026\/","og_site_name":"Tipnexa","article_published_time":"2026-07-06T00:49:30+00:00","og_image":[{"width":192,"height":192,"url":"https:\/\/tipnexa.com\/blog\/wp-content\/uploads\/2026\/03\/192x192.png","type":"image\/png"}],"author":"admin","twitter_card":"summary_large_image","twitter_misc":{"Escrito por":"admin","Tiempo de lectura":"2 minutos"},"schema":{"@context":"https:\/\/schema.org","@graph":[{"@type":"Article","@id":"https:\/\/tipnexa.com\/blog\/neymar-jr-anuncia-su-retiro-de-la-seleccion-brasilena-tras-mundial-2026\/#article","isPartOf":{"@id":"https:\/\/tipnexa.com\/blog\/neymar-jr-anuncia-su-retiro-de-la-seleccion-brasilena-tras-mundial-2026\/"},"author":{"name":"admin","@id":"https:\/\/tipnexa.com\/blog\/#\/schema\/person\/fcfe9a20877b14cc7f2bc3ce77f6d3cf"},"headline":"Neymar Jr. Anuncia su Retiro de la Selecci\u00f3n Brasile\u00f1a Tras Mundial 2026","datePublished":"2026-07-06T00:49:30+00:00","mainEntityOfPage":{"@id":"https:\/\/tipnexa.com\/blog\/neymar-jr-anuncia-su-retiro-de-la-seleccion-brasilena-tras-mundial-2026\/"},"wordCount":479,"commentCount":0,"publisher":{"@id":"https:\/\/tipnexa.com\/blog\/#organization"},"image":{"@id":"https:\/\/tipnexa.com\/blog\/neymar-jr-anuncia-su-retiro-de-la-seleccion-brasilena-tras-mundial-2026\/#primaryimage"},"thumbnailUrl":"https:\/\/tipnexa.com\/blog\/wp-content\/uploads\/2026\/07\/neymar-jr-anuncia-su-retiro-de-la-seleccion-brasilena-tras-mundial-2026-1783298971224.png","articleSection":["F\u00fatbol Internacional"],"inLanguage":"es","potentialAction":[{"@type":"CommentAction","name":"Comment","target":["https:\/\/tipnexa.com\/blog\/neymar-jr-anuncia-su-retiro-de-la-seleccion-brasilena-tras-mundial-2026\/#respond"]}]},{"@type":"WebPage","@id":"https:\/\/tipnexa.com\/blog\/neymar-jr-anuncia-su-retiro-de-la-seleccion-brasilena-tras-mundial-2026\/","url":"https:\/\/tipnexa.com\/blog\/neymar-jr-anuncia-su-retiro-de-la-seleccion-brasilena-tras-mundial-2026\/","name":"Neymar Jr. Anuncia su Retiro de la Selecci\u00f3n Brasile\u00f1a Tras Mundial 2026 - Tipnexa","isPartOf":{"@id":"https:\/\/tipnexa.com\/blog\/#website"},"primaryImageOfPage":{"@id":"https:\/\/tipnexa.com\/blog\/neymar-jr-anuncia-su-retiro-de-la-seleccion-brasilena-tras-mundial-2026\/#primaryimage"},"image":{"@id":"https:\/\/tipnexa.com\/blog\/neymar-jr-anuncia-su-retiro-de-la-seleccion-brasilena-tras-mundial-2026\/#primaryimage"},"thumbnailUrl":"https:\/\/tipnexa.com\/blog\/wp-content\/uploads\/2026\/07\/neymar-jr-anuncia-su-retiro-de-la-seleccion-brasilena-tras-mundial-2026-1783298971224.png","datePublished":"2026-07-06T00:49:30+00:00","breadcrumb":{"@id":"https:\/\/tipnexa.com\/blog\/neymar-jr-anuncia-su-retiro-de-la-seleccion-brasilena-tras-mundial-2026\/#breadcrumb"},"inLanguage":"es","potentialAction":[{"@type":"ReadAction","target":["https:\/\/tipnexa.com\/blog\/neymar-jr-anuncia-su-retiro-de-la-seleccion-brasilena-tras-mundial-2026\/"]}]},{"@type":"ImageObject","inLanguage":"es","@id":"https:\/\/tipnexa.com\/blog\/neymar-jr-anuncia-su-retiro-de-la-seleccion-brasilena-tras-mundial-2026\/#primaryimage","url":"https:\/\/tipnexa.com\/blog\/wp-content\/uploads\/2026\/07\/neymar-jr-anuncia-su-retiro-de-la-seleccion-brasilena-tras-mundial-2026-1783298971224.png","contentUrl":"https:\/\/tipnexa.com\/blog\/wp-content\/uploads\/2026\/07\/neymar-jr-anuncia-su-retiro-de-la-seleccion-brasilena-tras-mundial-2026-1783298971224.png","width":1344,"height":768},{"@type":"BreadcrumbList","@id":"https:\/\/tipnexa.com\/blog\/neymar-jr-anuncia-su-retiro-de-la-seleccion-brasilena-tras-mundial-2026\/#breadcrumb","itemListElement":[{"@type":"ListItem","position":1,"name":"Portada","item":"https:\/\/tipnexa.com\/blog\/"},{"@type":"ListItem","position":2,"name":"Neymar Jr. Anuncia su Retiro de la Selecci\u00f3n Brasile\u00f1a Tras Mundial 2026"}]},{"@type":"WebSite","@id":"https:\/\/tipnexa.com\/blog\/#website","url":"https:\/\/tipnexa.com\/blog\/","name":"Blog de Tipnexa","description":"Descubre en el blog de Tipnexa las \u00faltimas noticias de f\u00fatbol, pron\u00f3sticos, an\u00e1lisis de partidos, ligas y equipos con enfoque experto y datos actualizados.","publisher":{"@id":"https:\/\/tipnexa.com\/blog\/#organization"},"alternateName":"Blog de Tipnexa","potentialAction":[{"@type":"SearchAction","target":{"@type":"EntryPoint","urlTemplate":"https:\/\/tipnexa.com\/blog\/?s={search_term_string}"},"query-input":{"@type":"PropertyValueSpecification","valueRequired":true,"valueName":"search_term_string"}}],"inLanguage":"es"},{"@type":"Organization","@id":"https:\/\/tipnexa.com\/blog\/#organization","name":"Tipnexa","url":"https:\/\/tipnexa.com\/blog\/","logo":{"@type":"ImageObject","inLanguage":"es","@id":"https:\/\/tipnexa.com\/blog\/#\/schema\/logo\/image\/","url":"https:\/\/tipnexa.com\/blog\/wp-content\/uploads\/2026\/03\/192x192.png","contentUrl":"https:\/\/tipnexa.com\/blog\/wp-content\/uploads\/2026\/03\/192x192.png","width":192,"height":192,"caption":"Tipnexa"},"image":{"@id":"https:\/\/tipnexa.com\/blog\/#\/schema\/logo\/image\/"}},{"@type":"Person","@id":"https:\/\/tipnexa.com\/blog\/#\/schema\/person\/fcfe9a20877b14cc7f2bc3ce77f6d3cf","name":"admin","image":{"@type":"ImageObject","inLanguage":"es","@id":"https:\/\/secure.gravatar.com\/avatar\/b4f14cb9d9d12a445b91a477b3cf143c91ca7da26f03b6815b159c10ce2e2c74?s=96&d=mm&r=g","url":"https:\/\/secure.gravatar.com\/avatar\/b4f14cb9d9d12a445b91a477b3cf143c91ca7da26f03b6815b159c10ce2e2c74?s=96&d=mm&r=g","contentUrl":"https:\/\/secure.gravatar.com\/avatar\/b4f14cb9d9d12a445b91a477b3cf143c91ca7da26f03b6815b159c10ce2e2c74?s=96&d=mm&r=g","caption":"admin"},"sameAs":["https:\/\/tipnexa.com\/blog"],"url":"https:\/\/tipnexa.com\/blog\/author\/admin\/"}]}},"_links":{"self":[{"href":"https:\/\/tipnexa.com\/blog\/wp-json\/wp\/v2\/posts\/8324","targetHints":{"allow":["GET"]}}],"collection":[{"href":"https:\/\/tipnexa.com\/blog\/wp-json\/wp\/v2\/posts"}],"about":[{"href":"https:\/\/tipnexa.com\/blog\/wp-json\/wp\/v2\/types\/post"}],"author":[{"embeddable":true,"href":"https:\/\/tipnexa.com\/blog\/wp-json\/wp\/v2\/users\/1"}],"replies":[{"embeddable":true,"href":"https:\/\/tipnexa.com\/blog\/wp-json\/wp\/v2\/comments?post=8324"}],"version-history":[{"count":0,"href":"https:\/\/tipnexa.com\/blog\/wp-json\/wp\/v2\/posts\/8324\/revisions"}],"wp:featuredmedia":[{"embeddable":true,"href":"https:\/\/tipnexa.com\/blog\/wp-json\/wp\/v2\/media\/8323"}],"wp:attachment":[{"href":"https:\/\/tipnexa.com\/blog\/wp-json\/wp\/v2\/media?parent=8324"}],"wp:term":[{"taxonomy":"category","embeddable":true,"href":"https:\/\/tipnexa.com\/blog\/wp-json\/wp\/v2\/categories?post=8324"},{"taxonomy":"post_tag","embeddable":true,"href":"https:\/\/tipnexa.com\/blog\/wp-json\/wp\/v2\/tags?post=8324"}],"curies":[{"name":"wp","href":"https:\/\/api.w.org\/{rel}","templated":true}]}}