{"id":7580,"date":"2026-06-28T09:42:20","date_gmt":"2026-06-28T14:42:20","guid":{"rendered":"https:\/\/tipnexa.com\/blog\/teofilo-cubillas-y-pepe-iconos-juntos-en-el-mundial-2026\/"},"modified":"2026-06-28T09:42:20","modified_gmt":"2026-06-28T14:42:20","slug":"teofilo-cubillas-y-pepe-iconos-juntos-en-el-mundial-2026","status":"publish","type":"post","link":"https:\/\/tipnexa.com\/blog\/teofilo-cubillas-y-pepe-iconos-juntos-en-el-mundial-2026\/","title":{"rendered":"Te\u00f3filo Cubillas y Pepe: \u00cdconos Juntos en el Mundial 2026"},"content":{"rendered":"<p>El mundo del f\u00fatbol fue testigo de un momento memorable cuando <strong>Pepe<\/strong>, el legendario exfutbolista de la selecci\u00f3n de Portugal, comparti\u00f3 una fotograf\u00eda junto a <strong>Te\u00f3filo Cubillas<\/strong>. Esta instant\u00e1nea, tomada tras el vibrante partido entre <strong>Colombia y Portugal<\/strong> en el Mundial 2026, r\u00e1pidamente se volvi\u00f3 viral en redes sociales, celebrando la uni\u00f3n de dos gigantes de distintas \u00e9pocas. El encuentro, cargado de simbolismo, resalt\u00f3 la camarader\u00eda y el respeto mutuo entre figuras que han dejado una huella imborrable en la historia del deporte rey.<\/p>\n<h2>Un Momento Inolvidable en Miami<\/h2>\n<p>La coincidencia de estas dos leyendas se produjo en el estadio de Miami, donde ambos disfrutaron del intenso duelo mundialista. La presencia de Te\u00f3filo Cubillas, invitado como embajador especial para el torneo, no pas\u00f3 desapercibida. El \u201cNene\u201d, considerado uno de los futbolistas peruanos m\u00e1s grandes de todos los tiempos, mantiene una cercana relaci\u00f3n con diversas personalidades del f\u00fatbol internacional. Su aparici\u00f3n junto a Pepe gener\u00f3 gran entusiasmo, evocando recuerdos de glorias pasadas y presentes del balompi\u00e9 mundial.<\/p>\n<p>Este tipo de encuentros no solo enriquece la experiencia de los aficionados, sino que tambi\u00e9n subraya la universalidad del f\u00fatbol, capaz de unir a figuras de diferentes continentes y generaciones. Para estar al tanto de otros duelos importantes y resultados, puedes visitar nuestro <a href=\"https:\/\/tipnexa.com\/blog\/\">blog de f\u00fatbol<\/a>, donde encontrar\u00e1s m\u00e1s noticias y an\u00e1lisis deportivos.<\/p>\n<h2>El Legado de Dos Generaciones<\/h2>\n<p>Te\u00f3filo Cubillas es una figura emblem\u00e1tica para el f\u00fatbol peruano, reconocido por su elegancia y capacidad goleadora en los Mundiales de 1970 y 1978. Su legado inspira a nuevas generaciones y su presencia en eventos de esta magnitud siempre es motivo de orgullo. Por su parte, Pepe ha sido un baluarte en la defensa de Portugal y de clubes de \u00e9lite, conocido por su garra y liderazgo, dejando una marca indeleble en cada equipo que defendi\u00f3. Verlos juntos simboliza la continuidad de la pasi\u00f3n por el f\u00fatbol y la admiraci\u00f3n por aquellos que lo han elevado a su m\u00e1xima expresi\u00f3n.<\/p>\n<p>Este cruce de caminos en el Mundial 2026 no solo fue una an\u00e9cdota, sino un recordatorio del impacto perdurable que estos atletas tienen. Desde emocionantes amistosos internacionales, como el <a href=\"https:\/\/tipnexa.com\/blog\/bolivia-vs-trinidad-y-tobago-horarios-canales-y-previa-del-amistoso-2026\/\">Bolivia vs Trinidad y Tobago<\/a>, hasta los grandes torneos, el f\u00fatbol sigue regal\u00e1ndonos momentos que trascienden el campo de juego.<\/p>\n<h2>Conclusi\u00f3n<\/h2>\n<p>El encuentro entre Te\u00f3filo Cubillas y Pepe en el Mundial 2026 fue m\u00e1s que una simple fotograf\u00eda; fue la convergencia de dos \u00e9pocas doradas del f\u00fatbol. La imagen, que se viraliz\u00f3 r\u00e1pidamente, encapsula la esencia de este deporte: la capacidad de reunir a \u00edconos, celebrar la historia y generar nuevas memorias para los aficionados de todo el mundo. Un testimonio de que las leyendas, sin importar su generaci\u00f3n, siempre tendr\u00e1n un lugar especial en el coraz\u00f3n de los amantes del f\u00fatbol.<\/p>\n","protected":false},"excerpt":{"rendered":"<p>Descubre el emotivo encuentro entre Te\u00f3filo Cubillas y Pepe en el Mundial 2026, tras el Portugal vs Colombia. Un momento viral que uni\u00f3 a dos leyendas del f\u00fatbol. \u00a1No te lo pierdas!<\/p>\n","protected":false},"author":1,"featured_media":7579,"comment_status":"open","ping_status":"open","sticky":false,"template":"","format":"standard","meta":{"footnotes":""},"categories":[21,16],"tags":[],"class_list":["post-7580","post","type-post","status-publish","format-standard","has-post-thumbnail","hentry","category-eventos","category-futbol-internacional"],"yoast_head":"<!-- This site is optimized with the Yoast SEO plugin v27.2 - https:\/\/yoast.com\/product\/yoast-seo-wordpress\/ -->\n<title>Te\u00f3filo Cubillas y Pepe: \u00cdconos Juntos en el Mundial 2026 - Tipnexa<\/title>\n<meta name=\"robots\" content=\"index, follow, max-snippet:-1, max-image-preview:large, max-video-preview:-1\" \/>\n<link rel=\"canonical\" href=\"https:\/\/tipnexa.com\/blog\/teofilo-cubillas-y-pepe-iconos-juntos-en-el-mundial-2026\/\" \/>\n<meta property=\"og:locale\" content=\"es_ES\" \/>\n<meta property=\"og:type\" content=\"article\" \/>\n<meta property=\"og:title\" content=\"Te\u00f3filo Cubillas y Pepe: \u00cdconos Juntos en el Mundial 2026 - Tipnexa\" \/>\n<meta property=\"og:description\" content=\"Descubre el emotivo encuentro entre Te\u00f3filo Cubillas y Pepe en el Mundial 2026, tras el Portugal vs Colombia. Un momento viral que uni\u00f3 a dos leyendas del f\u00fatbol. \u00a1No te lo pierdas!\" \/>\n<meta property=\"og:url\" content=\"https:\/\/tipnexa.com\/blog\/teofilo-cubillas-y-pepe-iconos-juntos-en-el-mundial-2026\/\" \/>\n<meta property=\"og:site_name\" content=\"Tipnexa\" \/>\n<meta property=\"article:published_time\" content=\"2026-06-28T14:42:20+00:00\" \/>\n<meta property=\"og:image\" content=\"https:\/\/tipnexa.com\/blog\/wp-content\/uploads\/2026\/03\/192x192.png\" \/>\n\t<meta property=\"og:image:width\" content=\"192\" \/>\n\t<meta property=\"og:image:height\" content=\"192\" \/>\n\t<meta property=\"og:image:type\" content=\"image\/png\" \/>\n<meta name=\"author\" content=\"admin\" \/>\n<meta name=\"twitter:card\" content=\"summary_large_image\" \/>\n<meta name=\"twitter:label1\" content=\"Escrito por\" \/>\n\t<meta name=\"twitter:data1\" content=\"admin\" \/>\n\t<meta name=\"twitter:label2\" content=\"Tiempo de lectura\" \/>\n\t<meta name=\"twitter:data2\" content=\"2 minutos\" \/>\n<script type=\"application\/ld+json\" class=\"yoast-schema-graph\">{\"@context\":\"https:\/\/schema.org\",\"@graph\":[{\"@type\":\"Article\",\"@id\":\"https:\/\/tipnexa.com\/blog\/teofilo-cubillas-y-pepe-iconos-juntos-en-el-mundial-2026\/#article\",\"isPartOf\":{\"@id\":\"https:\/\/tipnexa.com\/blog\/teofilo-cubillas-y-pepe-iconos-juntos-en-el-mundial-2026\/\"},\"author\":{\"name\":\"admin\",\"@id\":\"https:\/\/tipnexa.com\/blog\/#\/schema\/person\/fcfe9a20877b14cc7f2bc3ce77f6d3cf\"},\"headline\":\"Te\u00f3filo Cubillas y Pepe: \u00cdconos Juntos en el Mundial 2026\",\"datePublished\":\"2026-06-28T14:42:20+00:00\",\"mainEntityOfPage\":{\"@id\":\"https:\/\/tipnexa.com\/blog\/teofilo-cubillas-y-pepe-iconos-juntos-en-el-mundial-2026\/\"},\"wordCount\":500,\"commentCount\":0,\"publisher\":{\"@id\":\"https:\/\/tipnexa.com\/blog\/#organization\"},\"image\":{\"@id\":\"https:\/\/tipnexa.com\/blog\/teofilo-cubillas-y-pepe-iconos-juntos-en-el-mundial-2026\/#primaryimage\"},\"thumbnailUrl\":\"https:\/\/tipnexa.com\/blog\/wp-content\/uploads\/2026\/06\/teofilo-cubillas-y-pepe-iconos-juntos-en-el-mundial-2026-1782657736934.png\",\"articleSection\":[\"Eventos\",\"F\u00fatbol Internacional\"],\"inLanguage\":\"es\",\"potentialAction\":[{\"@type\":\"CommentAction\",\"name\":\"Comment\",\"target\":[\"https:\/\/tipnexa.com\/blog\/teofilo-cubillas-y-pepe-iconos-juntos-en-el-mundial-2026\/#respond\"]}]},{\"@type\":\"WebPage\",\"@id\":\"https:\/\/tipnexa.com\/blog\/teofilo-cubillas-y-pepe-iconos-juntos-en-el-mundial-2026\/\",\"url\":\"https:\/\/tipnexa.com\/blog\/teofilo-cubillas-y-pepe-iconos-juntos-en-el-mundial-2026\/\",\"name\":\"Te\u00f3filo Cubillas y Pepe: \u00cdconos Juntos en el Mundial 2026 - Tipnexa\",\"isPartOf\":{\"@id\":\"https:\/\/tipnexa.com\/blog\/#website\"},\"primaryImageOfPage\":{\"@id\":\"https:\/\/tipnexa.com\/blog\/teofilo-cubillas-y-pepe-iconos-juntos-en-el-mundial-2026\/#primaryimage\"},\"image\":{\"@id\":\"https:\/\/tipnexa.com\/blog\/teofilo-cubillas-y-pepe-iconos-juntos-en-el-mundial-2026\/#primaryimage\"},\"thumbnailUrl\":\"https:\/\/tipnexa.com\/blog\/wp-content\/uploads\/2026\/06\/teofilo-cubillas-y-pepe-iconos-juntos-en-el-mundial-2026-1782657736934.png\",\"datePublished\":\"2026-06-28T14:42:20+00:00\",\"breadcrumb\":{\"@id\":\"https:\/\/tipnexa.com\/blog\/teofilo-cubillas-y-pepe-iconos-juntos-en-el-mundial-2026\/#breadcrumb\"},\"inLanguage\":\"es\",\"potentialAction\":[{\"@type\":\"ReadAction\",\"target\":[\"https:\/\/tipnexa.com\/blog\/teofilo-cubillas-y-pepe-iconos-juntos-en-el-mundial-2026\/\"]}]},{\"@type\":\"ImageObject\",\"inLanguage\":\"es\",\"@id\":\"https:\/\/tipnexa.com\/blog\/teofilo-cubillas-y-pepe-iconos-juntos-en-el-mundial-2026\/#primaryimage\",\"url\":\"https:\/\/tipnexa.com\/blog\/wp-content\/uploads\/2026\/06\/teofilo-cubillas-y-pepe-iconos-juntos-en-el-mundial-2026-1782657736934.png\",\"contentUrl\":\"https:\/\/tipnexa.com\/blog\/wp-content\/uploads\/2026\/06\/teofilo-cubillas-y-pepe-iconos-juntos-en-el-mundial-2026-1782657736934.png\",\"width\":1344,\"height\":768},{\"@type\":\"BreadcrumbList\",\"@id\":\"https:\/\/tipnexa.com\/blog\/teofilo-cubillas-y-pepe-iconos-juntos-en-el-mundial-2026\/#breadcrumb\",\"itemListElement\":[{\"@type\":\"ListItem\",\"position\":1,\"name\":\"Portada\",\"item\":\"https:\/\/tipnexa.com\/blog\/\"},{\"@type\":\"ListItem\",\"position\":2,\"name\":\"Te\u00f3filo Cubillas y Pepe: \u00cdconos Juntos en el Mundial 2026\"}]},{\"@type\":\"WebSite\",\"@id\":\"https:\/\/tipnexa.com\/blog\/#website\",\"url\":\"https:\/\/tipnexa.com\/blog\/\",\"name\":\"Blog de Tipnexa\",\"description\":\"Descubre en el blog de Tipnexa las \u00faltimas noticias de f\u00fatbol, pron\u00f3sticos, an\u00e1lisis de partidos, ligas y equipos con enfoque experto y datos actualizados.\",\"publisher\":{\"@id\":\"https:\/\/tipnexa.com\/blog\/#organization\"},\"alternateName\":\"Blog de Tipnexa\",\"potentialAction\":[{\"@type\":\"SearchAction\",\"target\":{\"@type\":\"EntryPoint\",\"urlTemplate\":\"https:\/\/tipnexa.com\/blog\/?s={search_term_string}\"},\"query-input\":{\"@type\":\"PropertyValueSpecification\",\"valueRequired\":true,\"valueName\":\"search_term_string\"}}],\"inLanguage\":\"es\"},{\"@type\":\"Organization\",\"@id\":\"https:\/\/tipnexa.com\/blog\/#organization\",\"name\":\"Tipnexa\",\"url\":\"https:\/\/tipnexa.com\/blog\/\",\"logo\":{\"@type\":\"ImageObject\",\"inLanguage\":\"es\",\"@id\":\"https:\/\/tipnexa.com\/blog\/#\/schema\/logo\/image\/\",\"url\":\"https:\/\/tipnexa.com\/blog\/wp-content\/uploads\/2026\/03\/192x192.png\",\"contentUrl\":\"https:\/\/tipnexa.com\/blog\/wp-content\/uploads\/2026\/03\/192x192.png\",\"width\":192,\"height\":192,\"caption\":\"Tipnexa\"},\"image\":{\"@id\":\"https:\/\/tipnexa.com\/blog\/#\/schema\/logo\/image\/\"}},{\"@type\":\"Person\",\"@id\":\"https:\/\/tipnexa.com\/blog\/#\/schema\/person\/fcfe9a20877b14cc7f2bc3ce77f6d3cf\",\"name\":\"admin\",\"image\":{\"@type\":\"ImageObject\",\"inLanguage\":\"es\",\"@id\":\"https:\/\/secure.gravatar.com\/avatar\/b4f14cb9d9d12a445b91a477b3cf143c91ca7da26f03b6815b159c10ce2e2c74?s=96&d=mm&r=g\",\"url\":\"https:\/\/secure.gravatar.com\/avatar\/b4f14cb9d9d12a445b91a477b3cf143c91ca7da26f03b6815b159c10ce2e2c74?s=96&d=mm&r=g\",\"contentUrl\":\"https:\/\/secure.gravatar.com\/avatar\/b4f14cb9d9d12a445b91a477b3cf143c91ca7da26f03b6815b159c10ce2e2c74?s=96&d=mm&r=g\",\"caption\":\"admin\"},\"sameAs\":[\"https:\/\/tipnexa.com\/blog\"],\"url\":\"https:\/\/tipnexa.com\/blog\/author\/admin\/\"}]}<\/script>\n<!-- \/ Yoast SEO plugin. -->","yoast_head_json":{"title":"Te\u00f3filo Cubillas y Pepe: \u00cdconos Juntos en el Mundial 2026 - Tipnexa","robots":{"index":"index","follow":"follow","max-snippet":"max-snippet:-1","max-image-preview":"max-image-preview:large","max-video-preview":"max-video-preview:-1"},"canonical":"https:\/\/tipnexa.com\/blog\/teofilo-cubillas-y-pepe-iconos-juntos-en-el-mundial-2026\/","og_locale":"es_ES","og_type":"article","og_title":"Te\u00f3filo Cubillas y Pepe: \u00cdconos Juntos en el Mundial 2026 - Tipnexa","og_description":"Descubre el emotivo encuentro entre Te\u00f3filo Cubillas y Pepe en el Mundial 2026, tras el Portugal vs Colombia. Un momento viral que uni\u00f3 a dos leyendas del f\u00fatbol. \u00a1No te lo pierdas!","og_url":"https:\/\/tipnexa.com\/blog\/teofilo-cubillas-y-pepe-iconos-juntos-en-el-mundial-2026\/","og_site_name":"Tipnexa","article_published_time":"2026-06-28T14:42:20+00:00","og_image":[{"width":192,"height":192,"url":"https:\/\/tipnexa.com\/blog\/wp-content\/uploads\/2026\/03\/192x192.png","type":"image\/png"}],"author":"admin","twitter_card":"summary_large_image","twitter_misc":{"Escrito por":"admin","Tiempo de lectura":"2 minutos"},"schema":{"@context":"https:\/\/schema.org","@graph":[{"@type":"Article","@id":"https:\/\/tipnexa.com\/blog\/teofilo-cubillas-y-pepe-iconos-juntos-en-el-mundial-2026\/#article","isPartOf":{"@id":"https:\/\/tipnexa.com\/blog\/teofilo-cubillas-y-pepe-iconos-juntos-en-el-mundial-2026\/"},"author":{"name":"admin","@id":"https:\/\/tipnexa.com\/blog\/#\/schema\/person\/fcfe9a20877b14cc7f2bc3ce77f6d3cf"},"headline":"Te\u00f3filo Cubillas y Pepe: \u00cdconos Juntos en el Mundial 2026","datePublished":"2026-06-28T14:42:20+00:00","mainEntityOfPage":{"@id":"https:\/\/tipnexa.com\/blog\/teofilo-cubillas-y-pepe-iconos-juntos-en-el-mundial-2026\/"},"wordCount":500,"commentCount":0,"publisher":{"@id":"https:\/\/tipnexa.com\/blog\/#organization"},"image":{"@id":"https:\/\/tipnexa.com\/blog\/teofilo-cubillas-y-pepe-iconos-juntos-en-el-mundial-2026\/#primaryimage"},"thumbnailUrl":"https:\/\/tipnexa.com\/blog\/wp-content\/uploads\/2026\/06\/teofilo-cubillas-y-pepe-iconos-juntos-en-el-mundial-2026-1782657736934.png","articleSection":["Eventos","F\u00fatbol Internacional"],"inLanguage":"es","potentialAction":[{"@type":"CommentAction","name":"Comment","target":["https:\/\/tipnexa.com\/blog\/teofilo-cubillas-y-pepe-iconos-juntos-en-el-mundial-2026\/#respond"]}]},{"@type":"WebPage","@id":"https:\/\/tipnexa.com\/blog\/teofilo-cubillas-y-pepe-iconos-juntos-en-el-mundial-2026\/","url":"https:\/\/tipnexa.com\/blog\/teofilo-cubillas-y-pepe-iconos-juntos-en-el-mundial-2026\/","name":"Te\u00f3filo Cubillas y Pepe: \u00cdconos Juntos en el Mundial 2026 - Tipnexa","isPartOf":{"@id":"https:\/\/tipnexa.com\/blog\/#website"},"primaryImageOfPage":{"@id":"https:\/\/tipnexa.com\/blog\/teofilo-cubillas-y-pepe-iconos-juntos-en-el-mundial-2026\/#primaryimage"},"image":{"@id":"https:\/\/tipnexa.com\/blog\/teofilo-cubillas-y-pepe-iconos-juntos-en-el-mundial-2026\/#primaryimage"},"thumbnailUrl":"https:\/\/tipnexa.com\/blog\/wp-content\/uploads\/2026\/06\/teofilo-cubillas-y-pepe-iconos-juntos-en-el-mundial-2026-1782657736934.png","datePublished":"2026-06-28T14:42:20+00:00","breadcrumb":{"@id":"https:\/\/tipnexa.com\/blog\/teofilo-cubillas-y-pepe-iconos-juntos-en-el-mundial-2026\/#breadcrumb"},"inLanguage":"es","potentialAction":[{"@type":"ReadAction","target":["https:\/\/tipnexa.com\/blog\/teofilo-cubillas-y-pepe-iconos-juntos-en-el-mundial-2026\/"]}]},{"@type":"ImageObject","inLanguage":"es","@id":"https:\/\/tipnexa.com\/blog\/teofilo-cubillas-y-pepe-iconos-juntos-en-el-mundial-2026\/#primaryimage","url":"https:\/\/tipnexa.com\/blog\/wp-content\/uploads\/2026\/06\/teofilo-cubillas-y-pepe-iconos-juntos-en-el-mundial-2026-1782657736934.png","contentUrl":"https:\/\/tipnexa.com\/blog\/wp-content\/uploads\/2026\/06\/teofilo-cubillas-y-pepe-iconos-juntos-en-el-mundial-2026-1782657736934.png","width":1344,"height":768},{"@type":"BreadcrumbList","@id":"https:\/\/tipnexa.com\/blog\/teofilo-cubillas-y-pepe-iconos-juntos-en-el-mundial-2026\/#breadcrumb","itemListElement":[{"@type":"ListItem","position":1,"name":"Portada","item":"https:\/\/tipnexa.com\/blog\/"},{"@type":"ListItem","position":2,"name":"Te\u00f3filo Cubillas y Pepe: \u00cdconos Juntos en el Mundial 2026"}]},{"@type":"WebSite","@id":"https:\/\/tipnexa.com\/blog\/#website","url":"https:\/\/tipnexa.com\/blog\/","name":"Blog de Tipnexa","description":"Descubre en el blog de Tipnexa las \u00faltimas noticias de f\u00fatbol, pron\u00f3sticos, an\u00e1lisis de partidos, ligas y equipos con enfoque experto y datos actualizados.","publisher":{"@id":"https:\/\/tipnexa.com\/blog\/#organization"},"alternateName":"Blog de Tipnexa","potentialAction":[{"@type":"SearchAction","target":{"@type":"EntryPoint","urlTemplate":"https:\/\/tipnexa.com\/blog\/?s={search_term_string}"},"query-input":{"@type":"PropertyValueSpecification","valueRequired":true,"valueName":"search_term_string"}}],"inLanguage":"es"},{"@type":"Organization","@id":"https:\/\/tipnexa.com\/blog\/#organization","name":"Tipnexa","url":"https:\/\/tipnexa.com\/blog\/","logo":{"@type":"ImageObject","inLanguage":"es","@id":"https:\/\/tipnexa.com\/blog\/#\/schema\/logo\/image\/","url":"https:\/\/tipnexa.com\/blog\/wp-content\/uploads\/2026\/03\/192x192.png","contentUrl":"https:\/\/tipnexa.com\/blog\/wp-content\/uploads\/2026\/03\/192x192.png","width":192,"height":192,"caption":"Tipnexa"},"image":{"@id":"https:\/\/tipnexa.com\/blog\/#\/schema\/logo\/image\/"}},{"@type":"Person","@id":"https:\/\/tipnexa.com\/blog\/#\/schema\/person\/fcfe9a20877b14cc7f2bc3ce77f6d3cf","name":"admin","image":{"@type":"ImageObject","inLanguage":"es","@id":"https:\/\/secure.gravatar.com\/avatar\/b4f14cb9d9d12a445b91a477b3cf143c91ca7da26f03b6815b159c10ce2e2c74?s=96&d=mm&r=g","url":"https:\/\/secure.gravatar.com\/avatar\/b4f14cb9d9d12a445b91a477b3cf143c91ca7da26f03b6815b159c10ce2e2c74?s=96&d=mm&r=g","contentUrl":"https:\/\/secure.gravatar.com\/avatar\/b4f14cb9d9d12a445b91a477b3cf143c91ca7da26f03b6815b159c10ce2e2c74?s=96&d=mm&r=g","caption":"admin"},"sameAs":["https:\/\/tipnexa.com\/blog"],"url":"https:\/\/tipnexa.com\/blog\/author\/admin\/"}]}},"_links":{"self":[{"href":"https:\/\/tipnexa.com\/blog\/wp-json\/wp\/v2\/posts\/7580","targetHints":{"allow":["GET"]}}],"collection":[{"href":"https:\/\/tipnexa.com\/blog\/wp-json\/wp\/v2\/posts"}],"about":[{"href":"https:\/\/tipnexa.com\/blog\/wp-json\/wp\/v2\/types\/post"}],"author":[{"embeddable":true,"href":"https:\/\/tipnexa.com\/blog\/wp-json\/wp\/v2\/users\/1"}],"replies":[{"embeddable":true,"href":"https:\/\/tipnexa.com\/blog\/wp-json\/wp\/v2\/comments?post=7580"}],"version-history":[{"count":0,"href":"https:\/\/tipnexa.com\/blog\/wp-json\/wp\/v2\/posts\/7580\/revisions"}],"wp:featuredmedia":[{"embeddable":true,"href":"https:\/\/tipnexa.com\/blog\/wp-json\/wp\/v2\/media\/7579"}],"wp:attachment":[{"href":"https:\/\/tipnexa.com\/blog\/wp-json\/wp\/v2\/media?parent=7580"}],"wp:term":[{"taxonomy":"category","embeddable":true,"href":"https:\/\/tipnexa.com\/blog\/wp-json\/wp\/v2\/categories?post=7580"},{"taxonomy":"post_tag","embeddable":true,"href":"https:\/\/tipnexa.com\/blog\/wp-json\/wp\/v2\/tags?post=7580"}],"curies":[{"name":"wp","href":"https:\/\/api.w.org\/{rel}","templated":true}]}}