{"id":7349,"date":"2026-06-25T12:55:31","date_gmt":"2026-06-25T17:55:31","guid":{"rendered":"https:\/\/tipnexa.com\/blog\/real-madrid-activa-recompra-de-nico-paz-futuro-prometedor-en-2026\/"},"modified":"2026-06-25T12:55:31","modified_gmt":"2026-06-25T17:55:31","slug":"real-madrid-activa-recompra-de-nico-paz-futuro-prometedor-en-2026","status":"publish","type":"post","link":"https:\/\/tipnexa.com\/blog\/real-madrid-activa-recompra-de-nico-paz-futuro-prometedor-en-2026\/","title":{"rendered":"Real Madrid Activa Recompra de Nico Paz: Futuro Prometedor en 2026"},"content":{"rendered":"<p>El <strong>Real Madrid<\/strong> ha tomado una decisi\u00f3n trascendental sobre el futuro de <strong>Nico Paz<\/strong>, el talentoso mediocampista argentino. El club blanco ha comunicado oficialmente al Como su intenci\u00f3n de ejecutar la cl\u00e1usula de recompra, un movimiento que traer\u00e1 de vuelta al jugador a la disciplina madridista. Esta operaci\u00f3n, valorada en <strong>9 millones de euros<\/strong>, se espera que se formalice en los pr\u00f3ximos d\u00edas, marcando un paso clave en la carrera del joven futbolista.<\/p>\n<h2>El Regreso del Talento Argentino<\/h2>\n<p>La postura del equipo madrile\u00f1o ya se hab\u00eda vislumbrado de manera informal, pero una reciente reuni\u00f3n entre ambas instituciones ha confirmado el compromiso. Tras una destacada temporada en el f\u00fatbol italiano, <strong>Nico Paz<\/strong> volver\u00e1 a vestir la camiseta del Real Madrid. Su evoluci\u00f3n en la Serie A ha sido un factor determinante para que el club espa\u00f1ol decida asegurar su continuidad y proteger una de sus mayores apuestas de futuro.<\/p>\n<p>El Como, por su parte, hab\u00eda mostrado inter\u00e9s en retener al jugador. Sin embargo, al no contar con una opci\u00f3n preferente ni una cl\u00e1usula de recuperaci\u00f3n establecida, deber\u00e1 negociar directamente con el Real Madrid si desea volver a contar con sus servicios. Esta situaci\u00f3n otorga al club espa\u00f1ol el control total sobre el destino del mediocampista, quien ha sido seguido de cerca durante toda la temporada.<\/p>\n<h2>Estrategia y Valor de Mercado<\/h2>\n<p>La decisi\u00f3n del <strong>Real Madrid<\/strong> subraya su estrategia de desarrollo de j\u00f3venes talentos. La brillante progresi\u00f3n de Paz ha convencido a la directiva de que es fundamental mantenerlo bajo su \u00f3rbita. Aunque la idea inicial del jugador era continuar bajo las \u00f3rdenes de Cesc F\u00e1bregas en el Como, la \u00faltima palabra recae en el club blanco, que ya eval\u00faa las mejores opciones para su pr\u00f3ximo paso.<\/p>\n<p>Se especula que el valor de mercado de <strong>Nico Paz<\/strong> podr\u00eda alcanzar los 60 millones de euros, lo que refleja el alto potencial que se le atribuye. Este regreso no solo fortalece la cantera del Real Madrid, sino que tambi\u00e9n a\u00f1ade una valiosa alternativa para el primer equipo o futuras operaciones estrat\u00e9gicas. Para m\u00e1s detalles sobre la actualidad de LaLiga, puedes visitar nuestro <a href=\"https:\/\/tipnexa.com\/blog\/real-madrid-vs-elche-donde-ver-en-vivo-y-canales-de-transmision-laliga-2026\/\">blog<\/a> y estar al tanto de las \u00faltimas <a href=\"https:\/\/tipnexa.com\/blog\/\">noticias de f\u00fatbol internacional<\/a>.<\/p>\n<h2>Conclusi\u00f3n<\/h2>\n<p>La recompra de <strong>Nico Paz<\/strong> por parte del <strong>Real Madrid<\/strong> es un movimiento estrat\u00e9gico que asegura el futuro de un prometedor talento. Con una inversi\u00f3n de 9 millones de euros, el club blanco reafirma su compromiso con el desarrollo de j\u00f3venes figuras y se posiciona para maximizar el potencial de este mediocampista argentino, quien sin duda ser\u00e1 una pieza a observar en las pr\u00f3ximas temporadas.<\/p>\n","protected":false},"excerpt":{"rendered":"<p>Real Madrid activa la recompra de Nico Paz por 9 millones de euros al Como. Descubre el impacto de este movimiento estrat\u00e9gico en el futuro del joven talento argentino en 2026.<\/p>\n","protected":false},"author":1,"featured_media":7348,"comment_status":"open","ping_status":"open","sticky":false,"template":"","format":"standard","meta":{"footnotes":""},"categories":[10,16],"tags":[],"class_list":["post-7349","post","type-post","status-publish","format-standard","has-post-thumbnail","hentry","category-clubes","category-futbol-internacional"],"yoast_head":"<!-- This site is optimized with the Yoast SEO plugin v27.2 - https:\/\/yoast.com\/product\/yoast-seo-wordpress\/ -->\n<title>Real Madrid Activa Recompra de Nico Paz: Futuro Prometedor en 2026 - Tipnexa<\/title>\n<meta name=\"robots\" content=\"index, follow, max-snippet:-1, max-image-preview:large, max-video-preview:-1\" \/>\n<link rel=\"canonical\" href=\"https:\/\/tipnexa.com\/blog\/real-madrid-activa-recompra-de-nico-paz-futuro-prometedor-en-2026\/\" \/>\n<meta property=\"og:locale\" content=\"es_ES\" \/>\n<meta property=\"og:type\" content=\"article\" \/>\n<meta property=\"og:title\" content=\"Real Madrid Activa Recompra de Nico Paz: Futuro Prometedor en 2026 - Tipnexa\" \/>\n<meta property=\"og:description\" content=\"Real Madrid activa la recompra de Nico Paz por 9 millones de euros al Como. Descubre el impacto de este movimiento estrat\u00e9gico en el futuro del joven talento argentino en 2026.\" \/>\n<meta property=\"og:url\" content=\"https:\/\/tipnexa.com\/blog\/real-madrid-activa-recompra-de-nico-paz-futuro-prometedor-en-2026\/\" \/>\n<meta property=\"og:site_name\" content=\"Tipnexa\" \/>\n<meta property=\"article:published_time\" content=\"2026-06-25T17:55:31+00:00\" \/>\n<meta property=\"og:image\" content=\"https:\/\/tipnexa.com\/blog\/wp-content\/uploads\/2026\/03\/192x192.png\" \/>\n\t<meta property=\"og:image:width\" content=\"192\" \/>\n\t<meta property=\"og:image:height\" content=\"192\" \/>\n\t<meta property=\"og:image:type\" content=\"image\/png\" \/>\n<meta name=\"author\" content=\"admin\" \/>\n<meta name=\"twitter:card\" content=\"summary_large_image\" \/>\n<meta name=\"twitter:label1\" content=\"Escrito por\" \/>\n\t<meta name=\"twitter:data1\" content=\"admin\" \/>\n\t<meta name=\"twitter:label2\" content=\"Tiempo de lectura\" \/>\n\t<meta name=\"twitter:data2\" content=\"2 minutos\" \/>\n<script type=\"application\/ld+json\" class=\"yoast-schema-graph\">{\"@context\":\"https:\/\/schema.org\",\"@graph\":[{\"@type\":\"Article\",\"@id\":\"https:\/\/tipnexa.com\/blog\/real-madrid-activa-recompra-de-nico-paz-futuro-prometedor-en-2026\/#article\",\"isPartOf\":{\"@id\":\"https:\/\/tipnexa.com\/blog\/real-madrid-activa-recompra-de-nico-paz-futuro-prometedor-en-2026\/\"},\"author\":{\"name\":\"admin\",\"@id\":\"https:\/\/tipnexa.com\/blog\/#\/schema\/person\/fcfe9a20877b14cc7f2bc3ce77f6d3cf\"},\"headline\":\"Real Madrid Activa Recompra de Nico Paz: Futuro Prometedor en 2026\",\"datePublished\":\"2026-06-25T17:55:31+00:00\",\"mainEntityOfPage\":{\"@id\":\"https:\/\/tipnexa.com\/blog\/real-madrid-activa-recompra-de-nico-paz-futuro-prometedor-en-2026\/\"},\"wordCount\":469,\"commentCount\":0,\"publisher\":{\"@id\":\"https:\/\/tipnexa.com\/blog\/#organization\"},\"image\":{\"@id\":\"https:\/\/tipnexa.com\/blog\/real-madrid-activa-recompra-de-nico-paz-futuro-prometedor-en-2026\/#primaryimage\"},\"thumbnailUrl\":\"https:\/\/tipnexa.com\/blog\/wp-content\/uploads\/2026\/06\/real-madrid-activa-recompra-de-nico-paz-futuro-prometedor-en-2026-1782410128772.png\",\"articleSection\":[\"Clubes\",\"F\u00fatbol Internacional\"],\"inLanguage\":\"es\",\"potentialAction\":[{\"@type\":\"CommentAction\",\"name\":\"Comment\",\"target\":[\"https:\/\/tipnexa.com\/blog\/real-madrid-activa-recompra-de-nico-paz-futuro-prometedor-en-2026\/#respond\"]}]},{\"@type\":\"WebPage\",\"@id\":\"https:\/\/tipnexa.com\/blog\/real-madrid-activa-recompra-de-nico-paz-futuro-prometedor-en-2026\/\",\"url\":\"https:\/\/tipnexa.com\/blog\/real-madrid-activa-recompra-de-nico-paz-futuro-prometedor-en-2026\/\",\"name\":\"Real Madrid Activa Recompra de Nico Paz: Futuro Prometedor en 2026 - Tipnexa\",\"isPartOf\":{\"@id\":\"https:\/\/tipnexa.com\/blog\/#website\"},\"primaryImageOfPage\":{\"@id\":\"https:\/\/tipnexa.com\/blog\/real-madrid-activa-recompra-de-nico-paz-futuro-prometedor-en-2026\/#primaryimage\"},\"image\":{\"@id\":\"https:\/\/tipnexa.com\/blog\/real-madrid-activa-recompra-de-nico-paz-futuro-prometedor-en-2026\/#primaryimage\"},\"thumbnailUrl\":\"https:\/\/tipnexa.com\/blog\/wp-content\/uploads\/2026\/06\/real-madrid-activa-recompra-de-nico-paz-futuro-prometedor-en-2026-1782410128772.png\",\"datePublished\":\"2026-06-25T17:55:31+00:00\",\"breadcrumb\":{\"@id\":\"https:\/\/tipnexa.com\/blog\/real-madrid-activa-recompra-de-nico-paz-futuro-prometedor-en-2026\/#breadcrumb\"},\"inLanguage\":\"es\",\"potentialAction\":[{\"@type\":\"ReadAction\",\"target\":[\"https:\/\/tipnexa.com\/blog\/real-madrid-activa-recompra-de-nico-paz-futuro-prometedor-en-2026\/\"]}]},{\"@type\":\"ImageObject\",\"inLanguage\":\"es\",\"@id\":\"https:\/\/tipnexa.com\/blog\/real-madrid-activa-recompra-de-nico-paz-futuro-prometedor-en-2026\/#primaryimage\",\"url\":\"https:\/\/tipnexa.com\/blog\/wp-content\/uploads\/2026\/06\/real-madrid-activa-recompra-de-nico-paz-futuro-prometedor-en-2026-1782410128772.png\",\"contentUrl\":\"https:\/\/tipnexa.com\/blog\/wp-content\/uploads\/2026\/06\/real-madrid-activa-recompra-de-nico-paz-futuro-prometedor-en-2026-1782410128772.png\",\"width\":1344,\"height\":768},{\"@type\":\"BreadcrumbList\",\"@id\":\"https:\/\/tipnexa.com\/blog\/real-madrid-activa-recompra-de-nico-paz-futuro-prometedor-en-2026\/#breadcrumb\",\"itemListElement\":[{\"@type\":\"ListItem\",\"position\":1,\"name\":\"Portada\",\"item\":\"https:\/\/tipnexa.com\/blog\/\"},{\"@type\":\"ListItem\",\"position\":2,\"name\":\"Real Madrid Activa Recompra de Nico Paz: Futuro Prometedor en 2026\"}]},{\"@type\":\"WebSite\",\"@id\":\"https:\/\/tipnexa.com\/blog\/#website\",\"url\":\"https:\/\/tipnexa.com\/blog\/\",\"name\":\"Blog de Tipnexa\",\"description\":\"Descubre en el blog de Tipnexa las \u00faltimas noticias de f\u00fatbol, pron\u00f3sticos, an\u00e1lisis de partidos, ligas y equipos con enfoque experto y datos actualizados.\",\"publisher\":{\"@id\":\"https:\/\/tipnexa.com\/blog\/#organization\"},\"alternateName\":\"Blog de Tipnexa\",\"potentialAction\":[{\"@type\":\"SearchAction\",\"target\":{\"@type\":\"EntryPoint\",\"urlTemplate\":\"https:\/\/tipnexa.com\/blog\/?s={search_term_string}\"},\"query-input\":{\"@type\":\"PropertyValueSpecification\",\"valueRequired\":true,\"valueName\":\"search_term_string\"}}],\"inLanguage\":\"es\"},{\"@type\":\"Organization\",\"@id\":\"https:\/\/tipnexa.com\/blog\/#organization\",\"name\":\"Tipnexa\",\"url\":\"https:\/\/tipnexa.com\/blog\/\",\"logo\":{\"@type\":\"ImageObject\",\"inLanguage\":\"es\",\"@id\":\"https:\/\/tipnexa.com\/blog\/#\/schema\/logo\/image\/\",\"url\":\"https:\/\/tipnexa.com\/blog\/wp-content\/uploads\/2026\/03\/192x192.png\",\"contentUrl\":\"https:\/\/tipnexa.com\/blog\/wp-content\/uploads\/2026\/03\/192x192.png\",\"width\":192,\"height\":192,\"caption\":\"Tipnexa\"},\"image\":{\"@id\":\"https:\/\/tipnexa.com\/blog\/#\/schema\/logo\/image\/\"}},{\"@type\":\"Person\",\"@id\":\"https:\/\/tipnexa.com\/blog\/#\/schema\/person\/fcfe9a20877b14cc7f2bc3ce77f6d3cf\",\"name\":\"admin\",\"image\":{\"@type\":\"ImageObject\",\"inLanguage\":\"es\",\"@id\":\"https:\/\/secure.gravatar.com\/avatar\/b4f14cb9d9d12a445b91a477b3cf143c91ca7da26f03b6815b159c10ce2e2c74?s=96&d=mm&r=g\",\"url\":\"https:\/\/secure.gravatar.com\/avatar\/b4f14cb9d9d12a445b91a477b3cf143c91ca7da26f03b6815b159c10ce2e2c74?s=96&d=mm&r=g\",\"contentUrl\":\"https:\/\/secure.gravatar.com\/avatar\/b4f14cb9d9d12a445b91a477b3cf143c91ca7da26f03b6815b159c10ce2e2c74?s=96&d=mm&r=g\",\"caption\":\"admin\"},\"sameAs\":[\"https:\/\/tipnexa.com\/blog\"],\"url\":\"https:\/\/tipnexa.com\/blog\/author\/admin\/\"}]}<\/script>\n<!-- \/ Yoast SEO plugin. -->","yoast_head_json":{"title":"Real Madrid Activa Recompra de Nico Paz: Futuro Prometedor en 2026 - Tipnexa","robots":{"index":"index","follow":"follow","max-snippet":"max-snippet:-1","max-image-preview":"max-image-preview:large","max-video-preview":"max-video-preview:-1"},"canonical":"https:\/\/tipnexa.com\/blog\/real-madrid-activa-recompra-de-nico-paz-futuro-prometedor-en-2026\/","og_locale":"es_ES","og_type":"article","og_title":"Real Madrid Activa Recompra de Nico Paz: Futuro Prometedor en 2026 - Tipnexa","og_description":"Real Madrid activa la recompra de Nico Paz por 9 millones de euros al Como. Descubre el impacto de este movimiento estrat\u00e9gico en el futuro del joven talento argentino en 2026.","og_url":"https:\/\/tipnexa.com\/blog\/real-madrid-activa-recompra-de-nico-paz-futuro-prometedor-en-2026\/","og_site_name":"Tipnexa","article_published_time":"2026-06-25T17:55:31+00:00","og_image":[{"width":192,"height":192,"url":"https:\/\/tipnexa.com\/blog\/wp-content\/uploads\/2026\/03\/192x192.png","type":"image\/png"}],"author":"admin","twitter_card":"summary_large_image","twitter_misc":{"Escrito por":"admin","Tiempo de lectura":"2 minutos"},"schema":{"@context":"https:\/\/schema.org","@graph":[{"@type":"Article","@id":"https:\/\/tipnexa.com\/blog\/real-madrid-activa-recompra-de-nico-paz-futuro-prometedor-en-2026\/#article","isPartOf":{"@id":"https:\/\/tipnexa.com\/blog\/real-madrid-activa-recompra-de-nico-paz-futuro-prometedor-en-2026\/"},"author":{"name":"admin","@id":"https:\/\/tipnexa.com\/blog\/#\/schema\/person\/fcfe9a20877b14cc7f2bc3ce77f6d3cf"},"headline":"Real Madrid Activa Recompra de Nico Paz: Futuro Prometedor en 2026","datePublished":"2026-06-25T17:55:31+00:00","mainEntityOfPage":{"@id":"https:\/\/tipnexa.com\/blog\/real-madrid-activa-recompra-de-nico-paz-futuro-prometedor-en-2026\/"},"wordCount":469,"commentCount":0,"publisher":{"@id":"https:\/\/tipnexa.com\/blog\/#organization"},"image":{"@id":"https:\/\/tipnexa.com\/blog\/real-madrid-activa-recompra-de-nico-paz-futuro-prometedor-en-2026\/#primaryimage"},"thumbnailUrl":"https:\/\/tipnexa.com\/blog\/wp-content\/uploads\/2026\/06\/real-madrid-activa-recompra-de-nico-paz-futuro-prometedor-en-2026-1782410128772.png","articleSection":["Clubes","F\u00fatbol Internacional"],"inLanguage":"es","potentialAction":[{"@type":"CommentAction","name":"Comment","target":["https:\/\/tipnexa.com\/blog\/real-madrid-activa-recompra-de-nico-paz-futuro-prometedor-en-2026\/#respond"]}]},{"@type":"WebPage","@id":"https:\/\/tipnexa.com\/blog\/real-madrid-activa-recompra-de-nico-paz-futuro-prometedor-en-2026\/","url":"https:\/\/tipnexa.com\/blog\/real-madrid-activa-recompra-de-nico-paz-futuro-prometedor-en-2026\/","name":"Real Madrid Activa Recompra de Nico Paz: Futuro Prometedor en 2026 - Tipnexa","isPartOf":{"@id":"https:\/\/tipnexa.com\/blog\/#website"},"primaryImageOfPage":{"@id":"https:\/\/tipnexa.com\/blog\/real-madrid-activa-recompra-de-nico-paz-futuro-prometedor-en-2026\/#primaryimage"},"image":{"@id":"https:\/\/tipnexa.com\/blog\/real-madrid-activa-recompra-de-nico-paz-futuro-prometedor-en-2026\/#primaryimage"},"thumbnailUrl":"https:\/\/tipnexa.com\/blog\/wp-content\/uploads\/2026\/06\/real-madrid-activa-recompra-de-nico-paz-futuro-prometedor-en-2026-1782410128772.png","datePublished":"2026-06-25T17:55:31+00:00","breadcrumb":{"@id":"https:\/\/tipnexa.com\/blog\/real-madrid-activa-recompra-de-nico-paz-futuro-prometedor-en-2026\/#breadcrumb"},"inLanguage":"es","potentialAction":[{"@type":"ReadAction","target":["https:\/\/tipnexa.com\/blog\/real-madrid-activa-recompra-de-nico-paz-futuro-prometedor-en-2026\/"]}]},{"@type":"ImageObject","inLanguage":"es","@id":"https:\/\/tipnexa.com\/blog\/real-madrid-activa-recompra-de-nico-paz-futuro-prometedor-en-2026\/#primaryimage","url":"https:\/\/tipnexa.com\/blog\/wp-content\/uploads\/2026\/06\/real-madrid-activa-recompra-de-nico-paz-futuro-prometedor-en-2026-1782410128772.png","contentUrl":"https:\/\/tipnexa.com\/blog\/wp-content\/uploads\/2026\/06\/real-madrid-activa-recompra-de-nico-paz-futuro-prometedor-en-2026-1782410128772.png","width":1344,"height":768},{"@type":"BreadcrumbList","@id":"https:\/\/tipnexa.com\/blog\/real-madrid-activa-recompra-de-nico-paz-futuro-prometedor-en-2026\/#breadcrumb","itemListElement":[{"@type":"ListItem","position":1,"name":"Portada","item":"https:\/\/tipnexa.com\/blog\/"},{"@type":"ListItem","position":2,"name":"Real Madrid Activa Recompra de Nico Paz: Futuro Prometedor en 2026"}]},{"@type":"WebSite","@id":"https:\/\/tipnexa.com\/blog\/#website","url":"https:\/\/tipnexa.com\/blog\/","name":"Blog de Tipnexa","description":"Descubre en el blog de Tipnexa las \u00faltimas noticias de f\u00fatbol, pron\u00f3sticos, an\u00e1lisis de partidos, ligas y equipos con enfoque experto y datos actualizados.","publisher":{"@id":"https:\/\/tipnexa.com\/blog\/#organization"},"alternateName":"Blog de Tipnexa","potentialAction":[{"@type":"SearchAction","target":{"@type":"EntryPoint","urlTemplate":"https:\/\/tipnexa.com\/blog\/?s={search_term_string}"},"query-input":{"@type":"PropertyValueSpecification","valueRequired":true,"valueName":"search_term_string"}}],"inLanguage":"es"},{"@type":"Organization","@id":"https:\/\/tipnexa.com\/blog\/#organization","name":"Tipnexa","url":"https:\/\/tipnexa.com\/blog\/","logo":{"@type":"ImageObject","inLanguage":"es","@id":"https:\/\/tipnexa.com\/blog\/#\/schema\/logo\/image\/","url":"https:\/\/tipnexa.com\/blog\/wp-content\/uploads\/2026\/03\/192x192.png","contentUrl":"https:\/\/tipnexa.com\/blog\/wp-content\/uploads\/2026\/03\/192x192.png","width":192,"height":192,"caption":"Tipnexa"},"image":{"@id":"https:\/\/tipnexa.com\/blog\/#\/schema\/logo\/image\/"}},{"@type":"Person","@id":"https:\/\/tipnexa.com\/blog\/#\/schema\/person\/fcfe9a20877b14cc7f2bc3ce77f6d3cf","name":"admin","image":{"@type":"ImageObject","inLanguage":"es","@id":"https:\/\/secure.gravatar.com\/avatar\/b4f14cb9d9d12a445b91a477b3cf143c91ca7da26f03b6815b159c10ce2e2c74?s=96&d=mm&r=g","url":"https:\/\/secure.gravatar.com\/avatar\/b4f14cb9d9d12a445b91a477b3cf143c91ca7da26f03b6815b159c10ce2e2c74?s=96&d=mm&r=g","contentUrl":"https:\/\/secure.gravatar.com\/avatar\/b4f14cb9d9d12a445b91a477b3cf143c91ca7da26f03b6815b159c10ce2e2c74?s=96&d=mm&r=g","caption":"admin"},"sameAs":["https:\/\/tipnexa.com\/blog"],"url":"https:\/\/tipnexa.com\/blog\/author\/admin\/"}]}},"_links":{"self":[{"href":"https:\/\/tipnexa.com\/blog\/wp-json\/wp\/v2\/posts\/7349","targetHints":{"allow":["GET"]}}],"collection":[{"href":"https:\/\/tipnexa.com\/blog\/wp-json\/wp\/v2\/posts"}],"about":[{"href":"https:\/\/tipnexa.com\/blog\/wp-json\/wp\/v2\/types\/post"}],"author":[{"embeddable":true,"href":"https:\/\/tipnexa.com\/blog\/wp-json\/wp\/v2\/users\/1"}],"replies":[{"embeddable":true,"href":"https:\/\/tipnexa.com\/blog\/wp-json\/wp\/v2\/comments?post=7349"}],"version-history":[{"count":0,"href":"https:\/\/tipnexa.com\/blog\/wp-json\/wp\/v2\/posts\/7349\/revisions"}],"wp:featuredmedia":[{"embeddable":true,"href":"https:\/\/tipnexa.com\/blog\/wp-json\/wp\/v2\/media\/7348"}],"wp:attachment":[{"href":"https:\/\/tipnexa.com\/blog\/wp-json\/wp\/v2\/media?parent=7349"}],"wp:term":[{"taxonomy":"category","embeddable":true,"href":"https:\/\/tipnexa.com\/blog\/wp-json\/wp\/v2\/categories?post=7349"},{"taxonomy":"post_tag","embeddable":true,"href":"https:\/\/tipnexa.com\/blog\/wp-json\/wp\/v2\/tags?post=7349"}],"curies":[{"name":"wp","href":"https:\/\/api.w.org\/{rel}","templated":true}]}}