{"id":7263,"date":"2026-06-24T13:17:56","date_gmt":"2026-06-24T18:17:56","guid":{"rendered":"https:\/\/tipnexa.com\/blog\/america-de-cali-confirma-interes-por-alex-valera-para-2026\/"},"modified":"2026-06-24T13:17:56","modified_gmt":"2026-06-24T18:17:56","slug":"america-de-cali-confirma-interes-por-alex-valera-para-2026","status":"publish","type":"post","link":"https:\/\/tipnexa.com\/blog\/america-de-cali-confirma-interes-por-alex-valera-para-2026\/","title":{"rendered":"Am\u00e9rica de Cali Confirma Inter\u00e9s por Alex Valera para 2026"},"content":{"rendered":"<p>La liga colombiana podr\u00eda ver una nueva estrella en sus filas. Un directivo del Am\u00e9rica de Cali ha confirmado el inter\u00e9s de su club en el delantero peruano Alex Valera, destacando su perfil y rendimiento. Esta posible transferencia genera gran expectativa entre los aficionados y promete ser una de las noticias m\u00e1s importantes del mercado de pases para la temporada 2026.<\/p>\n<h2>El Inter\u00e9s Oficial del Am\u00e9rica de Cali<\/h2>\n<p>Un alto mando del club &#8216;Escarlata&#8217; ha declarado p\u00fablicamente el deseo de contar con los servicios de Valera. \u00abNos llam\u00f3 la atenci\u00f3n\u00bb, expres\u00f3, dejando claro que el jugador est\u00e1 en la \u00f3rbita del equipo para la pr\u00f3xima temporada. Esta declaraci\u00f3n subraya la intenci\u00f3n del club de fortalecer su ataque con un perfil goleador y de experiencia, buscando un impacto inmediato en sus aspiraciones deportivas.<\/p>\n<h2>\u00bfQui\u00e9n es Alex Valera y por qu\u00e9 es clave?<\/h2>\n<p><strong>Alex Valera<\/strong>, conocido por su paso por clubes peruanos como Universitario de Deportes, se ha consolidado como un delantero con gran olfato goleador y capacidad para desequilibrar. Su potencia f\u00edsica, habilidad para definir y experiencia en partidos importantes lo convierten en un objetivo atractivo para equipos que buscan un impacto inmediato en su ofensiva. Su rendimiento constante en la <a href=\"https:\/\/tipnexa.com\/blog\/universitario-vs-utc-donde-ver-y-horarios-del-duelo-clave-en-liga-1-2026\/\">Liga 1 peruana<\/a> y en competiciones internacionales ha captado la atenci\u00f3n de varios clubes de la regi\u00f3n, posicion\u00e1ndolo como uno de los atacantes m\u00e1s deseados.<\/p>\n<h2>Impacto Potencial y Futuro de la Negociaci\u00f3n<\/h2>\n<p>La llegada de Alex Valera a Am\u00e9rica de Cali significar\u00eda un impulso considerable para el equipo, que busca ser protagonista en las competiciones de 2026. Para Valera, ser\u00eda una excelente oportunidad de consolidarse en una liga de alto nivel y proyectarse a\u00fan m\u00e1s internacionalmente. Las negociaciones se perfilan complejas, dado el valor del jugador, pero el inter\u00e9s del club colombiano es firme. Los aficionados de Am\u00e9rica de Cali ya esperan con entusiasmo las novedades sobre esta posible incorporaci\u00f3n, que podr\u00eda cambiar el panorama del ataque &#8216;Escarlata&#8217; en los pr\u00f3ximos torneos. Para m\u00e1s noticias y an\u00e1lisis sobre el f\u00fatbol internacional, visita <a href=\"https:\/\/tipnexa.com\/blog\/\">nuestro blog<\/a>.<\/p>\n<h2>Conclusi\u00f3n<\/h2>\n<p>La oficializaci\u00f3n del inter\u00e9s de Am\u00e9rica de Cali por Alex Valera marca el inicio de una posible transferencia que podr\u00eda ser una de las m\u00e1s sonadas en el f\u00fatbol sudamericano para 2026. El delantero peruano tiene el perfil ideal para encajar en el esquema del club colombiano, prometiendo emociones y goles si la operaci\u00f3n llega a buen puerto. Estaremos atentos a los pr\u00f3ximos cap\u00edtulos de esta fascinante saga de fichajes.<\/p>\n","protected":false},"excerpt":{"rendered":"<p>Directivos de Am\u00e9rica de Cali oficializan su inter\u00e9s en Alex Valera como refuerzo clave para 2026. Conoce los detalles de esta posible transferencia.<\/p>\n","protected":false},"author":1,"featured_media":7262,"comment_status":"open","ping_status":"open","sticky":false,"template":"","format":"standard","meta":{"footnotes":""},"categories":[16,4],"tags":[],"class_list":["post-7263","post","type-post","status-publish","format-standard","has-post-thumbnail","hentry","category-futbol-internacional","category-peruanos-en-el-mundo"],"yoast_head":"<!-- This site is optimized with the Yoast SEO plugin v27.2 - https:\/\/yoast.com\/product\/yoast-seo-wordpress\/ -->\n<title>Am\u00e9rica de Cali Confirma Inter\u00e9s por Alex Valera para 2026 - Tipnexa<\/title>\n<meta name=\"robots\" content=\"index, follow, max-snippet:-1, max-image-preview:large, max-video-preview:-1\" \/>\n<link rel=\"canonical\" href=\"https:\/\/tipnexa.com\/blog\/america-de-cali-confirma-interes-por-alex-valera-para-2026\/\" \/>\n<meta property=\"og:locale\" content=\"es_ES\" \/>\n<meta property=\"og:type\" content=\"article\" \/>\n<meta property=\"og:title\" content=\"Am\u00e9rica de Cali Confirma Inter\u00e9s por Alex Valera para 2026 - Tipnexa\" \/>\n<meta property=\"og:description\" content=\"Directivos de Am\u00e9rica de Cali oficializan su inter\u00e9s en Alex Valera como refuerzo clave para 2026. Conoce los detalles de esta posible transferencia.\" \/>\n<meta property=\"og:url\" content=\"https:\/\/tipnexa.com\/blog\/america-de-cali-confirma-interes-por-alex-valera-para-2026\/\" \/>\n<meta property=\"og:site_name\" content=\"Tipnexa\" \/>\n<meta property=\"article:published_time\" content=\"2026-06-24T18:17:56+00:00\" \/>\n<meta property=\"og:image\" content=\"https:\/\/tipnexa.com\/blog\/wp-content\/uploads\/2026\/03\/192x192.png\" \/>\n\t<meta property=\"og:image:width\" content=\"192\" \/>\n\t<meta property=\"og:image:height\" content=\"192\" \/>\n\t<meta property=\"og:image:type\" content=\"image\/png\" \/>\n<meta name=\"author\" content=\"admin\" \/>\n<meta name=\"twitter:card\" content=\"summary_large_image\" \/>\n<meta name=\"twitter:label1\" content=\"Escrito por\" \/>\n\t<meta name=\"twitter:data1\" content=\"admin\" \/>\n\t<meta name=\"twitter:label2\" content=\"Tiempo de lectura\" \/>\n\t<meta name=\"twitter:data2\" content=\"2 minutos\" \/>\n<script type=\"application\/ld+json\" class=\"yoast-schema-graph\">{\"@context\":\"https:\/\/schema.org\",\"@graph\":[{\"@type\":\"Article\",\"@id\":\"https:\/\/tipnexa.com\/blog\/america-de-cali-confirma-interes-por-alex-valera-para-2026\/#article\",\"isPartOf\":{\"@id\":\"https:\/\/tipnexa.com\/blog\/america-de-cali-confirma-interes-por-alex-valera-para-2026\/\"},\"author\":{\"name\":\"admin\",\"@id\":\"https:\/\/tipnexa.com\/blog\/#\/schema\/person\/fcfe9a20877b14cc7f2bc3ce77f6d3cf\"},\"headline\":\"Am\u00e9rica de Cali Confirma Inter\u00e9s por Alex Valera para 2026\",\"datePublished\":\"2026-06-24T18:17:56+00:00\",\"mainEntityOfPage\":{\"@id\":\"https:\/\/tipnexa.com\/blog\/america-de-cali-confirma-interes-por-alex-valera-para-2026\/\"},\"wordCount\":453,\"commentCount\":0,\"publisher\":{\"@id\":\"https:\/\/tipnexa.com\/blog\/#organization\"},\"image\":{\"@id\":\"https:\/\/tipnexa.com\/blog\/america-de-cali-confirma-interes-por-alex-valera-para-2026\/#primaryimage\"},\"thumbnailUrl\":\"https:\/\/tipnexa.com\/blog\/wp-content\/uploads\/2026\/06\/america-de-cali-confirma-interes-por-alex-valera-para-2026-1782325072613.png\",\"articleSection\":[\"F\u00fatbol Internacional\",\"Peruanos en el Mundo\"],\"inLanguage\":\"es\",\"potentialAction\":[{\"@type\":\"CommentAction\",\"name\":\"Comment\",\"target\":[\"https:\/\/tipnexa.com\/blog\/america-de-cali-confirma-interes-por-alex-valera-para-2026\/#respond\"]}]},{\"@type\":\"WebPage\",\"@id\":\"https:\/\/tipnexa.com\/blog\/america-de-cali-confirma-interes-por-alex-valera-para-2026\/\",\"url\":\"https:\/\/tipnexa.com\/blog\/america-de-cali-confirma-interes-por-alex-valera-para-2026\/\",\"name\":\"Am\u00e9rica de Cali Confirma Inter\u00e9s por Alex Valera para 2026 - Tipnexa\",\"isPartOf\":{\"@id\":\"https:\/\/tipnexa.com\/blog\/#website\"},\"primaryImageOfPage\":{\"@id\":\"https:\/\/tipnexa.com\/blog\/america-de-cali-confirma-interes-por-alex-valera-para-2026\/#primaryimage\"},\"image\":{\"@id\":\"https:\/\/tipnexa.com\/blog\/america-de-cali-confirma-interes-por-alex-valera-para-2026\/#primaryimage\"},\"thumbnailUrl\":\"https:\/\/tipnexa.com\/blog\/wp-content\/uploads\/2026\/06\/america-de-cali-confirma-interes-por-alex-valera-para-2026-1782325072613.png\",\"datePublished\":\"2026-06-24T18:17:56+00:00\",\"breadcrumb\":{\"@id\":\"https:\/\/tipnexa.com\/blog\/america-de-cali-confirma-interes-por-alex-valera-para-2026\/#breadcrumb\"},\"inLanguage\":\"es\",\"potentialAction\":[{\"@type\":\"ReadAction\",\"target\":[\"https:\/\/tipnexa.com\/blog\/america-de-cali-confirma-interes-por-alex-valera-para-2026\/\"]}]},{\"@type\":\"ImageObject\",\"inLanguage\":\"es\",\"@id\":\"https:\/\/tipnexa.com\/blog\/america-de-cali-confirma-interes-por-alex-valera-para-2026\/#primaryimage\",\"url\":\"https:\/\/tipnexa.com\/blog\/wp-content\/uploads\/2026\/06\/america-de-cali-confirma-interes-por-alex-valera-para-2026-1782325072613.png\",\"contentUrl\":\"https:\/\/tipnexa.com\/blog\/wp-content\/uploads\/2026\/06\/america-de-cali-confirma-interes-por-alex-valera-para-2026-1782325072613.png\",\"width\":1344,\"height\":768},{\"@type\":\"BreadcrumbList\",\"@id\":\"https:\/\/tipnexa.com\/blog\/america-de-cali-confirma-interes-por-alex-valera-para-2026\/#breadcrumb\",\"itemListElement\":[{\"@type\":\"ListItem\",\"position\":1,\"name\":\"Portada\",\"item\":\"https:\/\/tipnexa.com\/blog\/\"},{\"@type\":\"ListItem\",\"position\":2,\"name\":\"Am\u00e9rica de Cali Confirma Inter\u00e9s por Alex Valera para 2026\"}]},{\"@type\":\"WebSite\",\"@id\":\"https:\/\/tipnexa.com\/blog\/#website\",\"url\":\"https:\/\/tipnexa.com\/blog\/\",\"name\":\"Blog de Tipnexa\",\"description\":\"Descubre en el blog de Tipnexa las \u00faltimas noticias de f\u00fatbol, pron\u00f3sticos, an\u00e1lisis de partidos, ligas y equipos con enfoque experto y datos actualizados.\",\"publisher\":{\"@id\":\"https:\/\/tipnexa.com\/blog\/#organization\"},\"alternateName\":\"Blog de Tipnexa\",\"potentialAction\":[{\"@type\":\"SearchAction\",\"target\":{\"@type\":\"EntryPoint\",\"urlTemplate\":\"https:\/\/tipnexa.com\/blog\/?s={search_term_string}\"},\"query-input\":{\"@type\":\"PropertyValueSpecification\",\"valueRequired\":true,\"valueName\":\"search_term_string\"}}],\"inLanguage\":\"es\"},{\"@type\":\"Organization\",\"@id\":\"https:\/\/tipnexa.com\/blog\/#organization\",\"name\":\"Tipnexa\",\"url\":\"https:\/\/tipnexa.com\/blog\/\",\"logo\":{\"@type\":\"ImageObject\",\"inLanguage\":\"es\",\"@id\":\"https:\/\/tipnexa.com\/blog\/#\/schema\/logo\/image\/\",\"url\":\"https:\/\/tipnexa.com\/blog\/wp-content\/uploads\/2026\/03\/192x192.png\",\"contentUrl\":\"https:\/\/tipnexa.com\/blog\/wp-content\/uploads\/2026\/03\/192x192.png\",\"width\":192,\"height\":192,\"caption\":\"Tipnexa\"},\"image\":{\"@id\":\"https:\/\/tipnexa.com\/blog\/#\/schema\/logo\/image\/\"}},{\"@type\":\"Person\",\"@id\":\"https:\/\/tipnexa.com\/blog\/#\/schema\/person\/fcfe9a20877b14cc7f2bc3ce77f6d3cf\",\"name\":\"admin\",\"image\":{\"@type\":\"ImageObject\",\"inLanguage\":\"es\",\"@id\":\"https:\/\/secure.gravatar.com\/avatar\/b4f14cb9d9d12a445b91a477b3cf143c91ca7da26f03b6815b159c10ce2e2c74?s=96&d=mm&r=g\",\"url\":\"https:\/\/secure.gravatar.com\/avatar\/b4f14cb9d9d12a445b91a477b3cf143c91ca7da26f03b6815b159c10ce2e2c74?s=96&d=mm&r=g\",\"contentUrl\":\"https:\/\/secure.gravatar.com\/avatar\/b4f14cb9d9d12a445b91a477b3cf143c91ca7da26f03b6815b159c10ce2e2c74?s=96&d=mm&r=g\",\"caption\":\"admin\"},\"sameAs\":[\"https:\/\/tipnexa.com\/blog\"],\"url\":\"https:\/\/tipnexa.com\/blog\/author\/admin\/\"}]}<\/script>\n<!-- \/ Yoast SEO plugin. -->","yoast_head_json":{"title":"Am\u00e9rica de Cali Confirma Inter\u00e9s por Alex Valera para 2026 - Tipnexa","robots":{"index":"index","follow":"follow","max-snippet":"max-snippet:-1","max-image-preview":"max-image-preview:large","max-video-preview":"max-video-preview:-1"},"canonical":"https:\/\/tipnexa.com\/blog\/america-de-cali-confirma-interes-por-alex-valera-para-2026\/","og_locale":"es_ES","og_type":"article","og_title":"Am\u00e9rica de Cali Confirma Inter\u00e9s por Alex Valera para 2026 - Tipnexa","og_description":"Directivos de Am\u00e9rica de Cali oficializan su inter\u00e9s en Alex Valera como refuerzo clave para 2026. Conoce los detalles de esta posible transferencia.","og_url":"https:\/\/tipnexa.com\/blog\/america-de-cali-confirma-interes-por-alex-valera-para-2026\/","og_site_name":"Tipnexa","article_published_time":"2026-06-24T18:17:56+00:00","og_image":[{"width":192,"height":192,"url":"https:\/\/tipnexa.com\/blog\/wp-content\/uploads\/2026\/03\/192x192.png","type":"image\/png"}],"author":"admin","twitter_card":"summary_large_image","twitter_misc":{"Escrito por":"admin","Tiempo de lectura":"2 minutos"},"schema":{"@context":"https:\/\/schema.org","@graph":[{"@type":"Article","@id":"https:\/\/tipnexa.com\/blog\/america-de-cali-confirma-interes-por-alex-valera-para-2026\/#article","isPartOf":{"@id":"https:\/\/tipnexa.com\/blog\/america-de-cali-confirma-interes-por-alex-valera-para-2026\/"},"author":{"name":"admin","@id":"https:\/\/tipnexa.com\/blog\/#\/schema\/person\/fcfe9a20877b14cc7f2bc3ce77f6d3cf"},"headline":"Am\u00e9rica de Cali Confirma Inter\u00e9s por Alex Valera para 2026","datePublished":"2026-06-24T18:17:56+00:00","mainEntityOfPage":{"@id":"https:\/\/tipnexa.com\/blog\/america-de-cali-confirma-interes-por-alex-valera-para-2026\/"},"wordCount":453,"commentCount":0,"publisher":{"@id":"https:\/\/tipnexa.com\/blog\/#organization"},"image":{"@id":"https:\/\/tipnexa.com\/blog\/america-de-cali-confirma-interes-por-alex-valera-para-2026\/#primaryimage"},"thumbnailUrl":"https:\/\/tipnexa.com\/blog\/wp-content\/uploads\/2026\/06\/america-de-cali-confirma-interes-por-alex-valera-para-2026-1782325072613.png","articleSection":["F\u00fatbol Internacional","Peruanos en el Mundo"],"inLanguage":"es","potentialAction":[{"@type":"CommentAction","name":"Comment","target":["https:\/\/tipnexa.com\/blog\/america-de-cali-confirma-interes-por-alex-valera-para-2026\/#respond"]}]},{"@type":"WebPage","@id":"https:\/\/tipnexa.com\/blog\/america-de-cali-confirma-interes-por-alex-valera-para-2026\/","url":"https:\/\/tipnexa.com\/blog\/america-de-cali-confirma-interes-por-alex-valera-para-2026\/","name":"Am\u00e9rica de Cali Confirma Inter\u00e9s por Alex Valera para 2026 - Tipnexa","isPartOf":{"@id":"https:\/\/tipnexa.com\/blog\/#website"},"primaryImageOfPage":{"@id":"https:\/\/tipnexa.com\/blog\/america-de-cali-confirma-interes-por-alex-valera-para-2026\/#primaryimage"},"image":{"@id":"https:\/\/tipnexa.com\/blog\/america-de-cali-confirma-interes-por-alex-valera-para-2026\/#primaryimage"},"thumbnailUrl":"https:\/\/tipnexa.com\/blog\/wp-content\/uploads\/2026\/06\/america-de-cali-confirma-interes-por-alex-valera-para-2026-1782325072613.png","datePublished":"2026-06-24T18:17:56+00:00","breadcrumb":{"@id":"https:\/\/tipnexa.com\/blog\/america-de-cali-confirma-interes-por-alex-valera-para-2026\/#breadcrumb"},"inLanguage":"es","potentialAction":[{"@type":"ReadAction","target":["https:\/\/tipnexa.com\/blog\/america-de-cali-confirma-interes-por-alex-valera-para-2026\/"]}]},{"@type":"ImageObject","inLanguage":"es","@id":"https:\/\/tipnexa.com\/blog\/america-de-cali-confirma-interes-por-alex-valera-para-2026\/#primaryimage","url":"https:\/\/tipnexa.com\/blog\/wp-content\/uploads\/2026\/06\/america-de-cali-confirma-interes-por-alex-valera-para-2026-1782325072613.png","contentUrl":"https:\/\/tipnexa.com\/blog\/wp-content\/uploads\/2026\/06\/america-de-cali-confirma-interes-por-alex-valera-para-2026-1782325072613.png","width":1344,"height":768},{"@type":"BreadcrumbList","@id":"https:\/\/tipnexa.com\/blog\/america-de-cali-confirma-interes-por-alex-valera-para-2026\/#breadcrumb","itemListElement":[{"@type":"ListItem","position":1,"name":"Portada","item":"https:\/\/tipnexa.com\/blog\/"},{"@type":"ListItem","position":2,"name":"Am\u00e9rica de Cali Confirma Inter\u00e9s por Alex Valera para 2026"}]},{"@type":"WebSite","@id":"https:\/\/tipnexa.com\/blog\/#website","url":"https:\/\/tipnexa.com\/blog\/","name":"Blog de Tipnexa","description":"Descubre en el blog de Tipnexa las \u00faltimas noticias de f\u00fatbol, pron\u00f3sticos, an\u00e1lisis de partidos, ligas y equipos con enfoque experto y datos actualizados.","publisher":{"@id":"https:\/\/tipnexa.com\/blog\/#organization"},"alternateName":"Blog de Tipnexa","potentialAction":[{"@type":"SearchAction","target":{"@type":"EntryPoint","urlTemplate":"https:\/\/tipnexa.com\/blog\/?s={search_term_string}"},"query-input":{"@type":"PropertyValueSpecification","valueRequired":true,"valueName":"search_term_string"}}],"inLanguage":"es"},{"@type":"Organization","@id":"https:\/\/tipnexa.com\/blog\/#organization","name":"Tipnexa","url":"https:\/\/tipnexa.com\/blog\/","logo":{"@type":"ImageObject","inLanguage":"es","@id":"https:\/\/tipnexa.com\/blog\/#\/schema\/logo\/image\/","url":"https:\/\/tipnexa.com\/blog\/wp-content\/uploads\/2026\/03\/192x192.png","contentUrl":"https:\/\/tipnexa.com\/blog\/wp-content\/uploads\/2026\/03\/192x192.png","width":192,"height":192,"caption":"Tipnexa"},"image":{"@id":"https:\/\/tipnexa.com\/blog\/#\/schema\/logo\/image\/"}},{"@type":"Person","@id":"https:\/\/tipnexa.com\/blog\/#\/schema\/person\/fcfe9a20877b14cc7f2bc3ce77f6d3cf","name":"admin","image":{"@type":"ImageObject","inLanguage":"es","@id":"https:\/\/secure.gravatar.com\/avatar\/b4f14cb9d9d12a445b91a477b3cf143c91ca7da26f03b6815b159c10ce2e2c74?s=96&d=mm&r=g","url":"https:\/\/secure.gravatar.com\/avatar\/b4f14cb9d9d12a445b91a477b3cf143c91ca7da26f03b6815b159c10ce2e2c74?s=96&d=mm&r=g","contentUrl":"https:\/\/secure.gravatar.com\/avatar\/b4f14cb9d9d12a445b91a477b3cf143c91ca7da26f03b6815b159c10ce2e2c74?s=96&d=mm&r=g","caption":"admin"},"sameAs":["https:\/\/tipnexa.com\/blog"],"url":"https:\/\/tipnexa.com\/blog\/author\/admin\/"}]}},"_links":{"self":[{"href":"https:\/\/tipnexa.com\/blog\/wp-json\/wp\/v2\/posts\/7263","targetHints":{"allow":["GET"]}}],"collection":[{"href":"https:\/\/tipnexa.com\/blog\/wp-json\/wp\/v2\/posts"}],"about":[{"href":"https:\/\/tipnexa.com\/blog\/wp-json\/wp\/v2\/types\/post"}],"author":[{"embeddable":true,"href":"https:\/\/tipnexa.com\/blog\/wp-json\/wp\/v2\/users\/1"}],"replies":[{"embeddable":true,"href":"https:\/\/tipnexa.com\/blog\/wp-json\/wp\/v2\/comments?post=7263"}],"version-history":[{"count":0,"href":"https:\/\/tipnexa.com\/blog\/wp-json\/wp\/v2\/posts\/7263\/revisions"}],"wp:featuredmedia":[{"embeddable":true,"href":"https:\/\/tipnexa.com\/blog\/wp-json\/wp\/v2\/media\/7262"}],"wp:attachment":[{"href":"https:\/\/tipnexa.com\/blog\/wp-json\/wp\/v2\/media?parent=7263"}],"wp:term":[{"taxonomy":"category","embeddable":true,"href":"https:\/\/tipnexa.com\/blog\/wp-json\/wp\/v2\/categories?post=7263"},{"taxonomy":"post_tag","embeddable":true,"href":"https:\/\/tipnexa.com\/blog\/wp-json\/wp\/v2\/tags?post=7263"}],"curies":[{"name":"wp","href":"https:\/\/api.w.org\/{rel}","templated":true}]}}