{"id":7247,"date":"2026-06-24T11:12:27","date_gmt":"2026-06-24T16:12:27","guid":{"rendered":"https:\/\/tipnexa.com\/blog\/mundial-2026-el-abrazo-emblematico-de-james-quintero-y-pekerman\/"},"modified":"2026-06-24T11:12:27","modified_gmt":"2026-06-24T16:12:27","slug":"mundial-2026-el-abrazo-emblematico-de-james-quintero-y-pekerman","status":"publish","type":"post","link":"https:\/\/tipnexa.com\/blog\/mundial-2026-el-abrazo-emblematico-de-james-quintero-y-pekerman\/","title":{"rendered":"Mundial 2026: El Abrazo Emblem\u00e1tico de James, Quintero y P\u00e9kerman"},"content":{"rendered":"<p>El <strong>Mundial 2026<\/strong> ser\u00e1 recordado por muchos momentos, pero uno que ya ha quedado grabado en la memoria colectiva es el emotivo abrazo entre tres figuras ic\u00f3nicas del f\u00fatbol colombiano: James Rodr\u00edguez, Juan Fernando Quintero y el estratega Jos\u00e9 P\u00e9kerman. Esta escena, cargada de simbolismo y nostalgia, conmovi\u00f3 a toda Colombia y al mundo del f\u00fatbol, reafirmando los lazos que trascienden el tiempo y los resultados.<\/p>\n<p>El reencuentro de este tr\u00edo en el m\u00e1ximo escenario futbol\u00edstico global represent\u00f3 m\u00e1s que una simple interacci\u00f3n. Fue la uni\u00f3n de generaciones y la celebraci\u00f3n de un legado. P\u00e9kerman, el visionario que llev\u00f3 a la selecci\u00f3n colombiana a alturas in\u00e9ditas, ha sido una figura paterna para muchos jugadores, incluyendo a <strong>James Rodr\u00edguez<\/strong> y <strong>Juan Fernando Quintero<\/strong>, quienes brillaron bajo su direcci\u00f3n en pasadas citas mundialistas.<\/p>\n<h2>Un Legado de \u00c9xito y Conexi\u00f3n Emocional<\/h2>\n<p>La era P\u00e9kerman marc\u00f3 un antes y un despu\u00e9s para el f\u00fatbol cafetero, inculcando una mentalidad ganadora y un estilo de juego atractivo. Jugadores como James y Quintero no solo desarrollaron su talento, sino que tambi\u00e9n forjaron una profunda conexi\u00f3n personal con el entrenador. Este abrazo en 2026 simboliza la gratitud, el respeto y el cari\u00f1o mutuo que perdura m\u00e1s all\u00e1 de los banquillos y los terrenos de juego. Es un recordatorio de c\u00f3mo el deporte puede generar v\u00ednculos inquebrantables y momentos de pura emoci\u00f3n.<\/p>\n<p>Para los aficionados, ver a estas leyendas juntas de nuevo en un evento tan significativo como el Mundial es un motivo de orgullo y esperanza. Representa la continuidad de un esp\u00edritu competitivo y la inspiraci\u00f3n para las nuevas generaciones de futbolistas. Si deseas estar al tanto de las \u00faltimas noticias del f\u00fatbol internacional y otros eventos deportivos, te invitamos a visitar nuestro <a href=\"https:\/\/tipnexa.com\/blog\/\">blog deportivo<\/a>.<\/p>\n<h2>El Impacto de las Figuras Colombianas en el Mundo<\/h2>\n<p>La presencia de jugadores colombianos en las ligas m\u00e1s importantes del mundo sigue siendo un testimonio de su calidad. Figuras como Luis D\u00edaz contin\u00faan destacando, y puedes leer m\u00e1s sobre su impacto en art\u00edculos como <a href=\"https:\/\/tipnexa.com\/blog\/luis-diaz-brilla-con-gol-clave-en-vibrante-empate-de-bayern-vs-leverkusen\/\">Luis D\u00edaz brilla con gol clave en vibrante empate de Bayern vs Leverkusen<\/a>. El abrazo de James, Quintero y P\u00e9kerman resalta la rica historia y el futuro prometedor del f\u00fatbol colombiano en la escena global.<\/p>\n<h2>Conclusi\u00f3n<\/h2>\n<p>El abrazo entre James Rodr\u00edguez, Juan Fernando Quintero y Jos\u00e9 P\u00e9kerman en el Mundial 2026 trasciende lo meramente deportivo. Es un s\u00edmbolo poderoso de unidad, respeto y el legado imborrable que dejaron en el f\u00fatbol colombiano. Un momento que, sin duda, quedar\u00e1 en la historia como un testimonio de la pasi\u00f3n y la conexi\u00f3n humana que el deporte puede forjar.<\/p>\n","protected":false},"excerpt":{"rendered":"<p>Revive el emotivo abrazo de James Rodr\u00edguez, Juan Fernando Quintero y P\u00e9kerman en el Mundial 2026. Un momento que marc\u00f3 a Colombia y al f\u00fatbol.<\/p>\n","protected":false},"author":1,"featured_media":7246,"comment_status":"open","ping_status":"open","sticky":false,"template":"","format":"standard","meta":{"footnotes":""},"categories":[16],"tags":[],"class_list":["post-7247","post","type-post","status-publish","format-standard","has-post-thumbnail","hentry","category-futbol-internacional"],"yoast_head":"<!-- This site is optimized with the Yoast SEO plugin v27.2 - https:\/\/yoast.com\/product\/yoast-seo-wordpress\/ -->\n<title>Mundial 2026: El Abrazo Emblem\u00e1tico de James, Quintero y P\u00e9kerman - Tipnexa<\/title>\n<meta name=\"robots\" content=\"index, follow, max-snippet:-1, max-image-preview:large, max-video-preview:-1\" \/>\n<link rel=\"canonical\" href=\"https:\/\/tipnexa.com\/blog\/mundial-2026-el-abrazo-emblematico-de-james-quintero-y-pekerman\/\" \/>\n<meta property=\"og:locale\" content=\"es_ES\" \/>\n<meta property=\"og:type\" content=\"article\" \/>\n<meta property=\"og:title\" content=\"Mundial 2026: El Abrazo Emblem\u00e1tico de James, Quintero y P\u00e9kerman - Tipnexa\" \/>\n<meta property=\"og:description\" content=\"Revive el emotivo abrazo de James Rodr\u00edguez, Juan Fernando Quintero y P\u00e9kerman en el Mundial 2026. Un momento que marc\u00f3 a Colombia y al f\u00fatbol.\" \/>\n<meta property=\"og:url\" content=\"https:\/\/tipnexa.com\/blog\/mundial-2026-el-abrazo-emblematico-de-james-quintero-y-pekerman\/\" \/>\n<meta property=\"og:site_name\" content=\"Tipnexa\" \/>\n<meta property=\"article:published_time\" content=\"2026-06-24T16:12:27+00:00\" \/>\n<meta property=\"og:image\" content=\"https:\/\/tipnexa.com\/blog\/wp-content\/uploads\/2026\/03\/192x192.png\" \/>\n\t<meta property=\"og:image:width\" content=\"192\" \/>\n\t<meta property=\"og:image:height\" content=\"192\" \/>\n\t<meta property=\"og:image:type\" content=\"image\/png\" \/>\n<meta name=\"author\" content=\"admin\" \/>\n<meta name=\"twitter:card\" content=\"summary_large_image\" \/>\n<meta name=\"twitter:label1\" content=\"Escrito por\" \/>\n\t<meta name=\"twitter:data1\" content=\"admin\" \/>\n\t<meta name=\"twitter:label2\" content=\"Tiempo de lectura\" \/>\n\t<meta name=\"twitter:data2\" content=\"2 minutos\" \/>\n<script type=\"application\/ld+json\" class=\"yoast-schema-graph\">{\"@context\":\"https:\/\/schema.org\",\"@graph\":[{\"@type\":\"Article\",\"@id\":\"https:\/\/tipnexa.com\/blog\/mundial-2026-el-abrazo-emblematico-de-james-quintero-y-pekerman\/#article\",\"isPartOf\":{\"@id\":\"https:\/\/tipnexa.com\/blog\/mundial-2026-el-abrazo-emblematico-de-james-quintero-y-pekerman\/\"},\"author\":{\"name\":\"admin\",\"@id\":\"https:\/\/tipnexa.com\/blog\/#\/schema\/person\/fcfe9a20877b14cc7f2bc3ce77f6d3cf\"},\"headline\":\"Mundial 2026: El Abrazo Emblem\u00e1tico de James, Quintero y P\u00e9kerman\",\"datePublished\":\"2026-06-24T16:12:27+00:00\",\"mainEntityOfPage\":{\"@id\":\"https:\/\/tipnexa.com\/blog\/mundial-2026-el-abrazo-emblematico-de-james-quintero-y-pekerman\/\"},\"wordCount\":481,\"commentCount\":0,\"publisher\":{\"@id\":\"https:\/\/tipnexa.com\/blog\/#organization\"},\"image\":{\"@id\":\"https:\/\/tipnexa.com\/blog\/mundial-2026-el-abrazo-emblematico-de-james-quintero-y-pekerman\/#primaryimage\"},\"thumbnailUrl\":\"https:\/\/tipnexa.com\/blog\/wp-content\/uploads\/2026\/06\/mundial-2026-el-abrazo-emblematico-de-james-quintero-y-pekerman-1782317544254.png\",\"articleSection\":[\"F\u00fatbol Internacional\"],\"inLanguage\":\"es\",\"potentialAction\":[{\"@type\":\"CommentAction\",\"name\":\"Comment\",\"target\":[\"https:\/\/tipnexa.com\/blog\/mundial-2026-el-abrazo-emblematico-de-james-quintero-y-pekerman\/#respond\"]}]},{\"@type\":\"WebPage\",\"@id\":\"https:\/\/tipnexa.com\/blog\/mundial-2026-el-abrazo-emblematico-de-james-quintero-y-pekerman\/\",\"url\":\"https:\/\/tipnexa.com\/blog\/mundial-2026-el-abrazo-emblematico-de-james-quintero-y-pekerman\/\",\"name\":\"Mundial 2026: El Abrazo Emblem\u00e1tico de James, Quintero y P\u00e9kerman - Tipnexa\",\"isPartOf\":{\"@id\":\"https:\/\/tipnexa.com\/blog\/#website\"},\"primaryImageOfPage\":{\"@id\":\"https:\/\/tipnexa.com\/blog\/mundial-2026-el-abrazo-emblematico-de-james-quintero-y-pekerman\/#primaryimage\"},\"image\":{\"@id\":\"https:\/\/tipnexa.com\/blog\/mundial-2026-el-abrazo-emblematico-de-james-quintero-y-pekerman\/#primaryimage\"},\"thumbnailUrl\":\"https:\/\/tipnexa.com\/blog\/wp-content\/uploads\/2026\/06\/mundial-2026-el-abrazo-emblematico-de-james-quintero-y-pekerman-1782317544254.png\",\"datePublished\":\"2026-06-24T16:12:27+00:00\",\"breadcrumb\":{\"@id\":\"https:\/\/tipnexa.com\/blog\/mundial-2026-el-abrazo-emblematico-de-james-quintero-y-pekerman\/#breadcrumb\"},\"inLanguage\":\"es\",\"potentialAction\":[{\"@type\":\"ReadAction\",\"target\":[\"https:\/\/tipnexa.com\/blog\/mundial-2026-el-abrazo-emblematico-de-james-quintero-y-pekerman\/\"]}]},{\"@type\":\"ImageObject\",\"inLanguage\":\"es\",\"@id\":\"https:\/\/tipnexa.com\/blog\/mundial-2026-el-abrazo-emblematico-de-james-quintero-y-pekerman\/#primaryimage\",\"url\":\"https:\/\/tipnexa.com\/blog\/wp-content\/uploads\/2026\/06\/mundial-2026-el-abrazo-emblematico-de-james-quintero-y-pekerman-1782317544254.png\",\"contentUrl\":\"https:\/\/tipnexa.com\/blog\/wp-content\/uploads\/2026\/06\/mundial-2026-el-abrazo-emblematico-de-james-quintero-y-pekerman-1782317544254.png\",\"width\":1344,\"height\":768},{\"@type\":\"BreadcrumbList\",\"@id\":\"https:\/\/tipnexa.com\/blog\/mundial-2026-el-abrazo-emblematico-de-james-quintero-y-pekerman\/#breadcrumb\",\"itemListElement\":[{\"@type\":\"ListItem\",\"position\":1,\"name\":\"Portada\",\"item\":\"https:\/\/tipnexa.com\/blog\/\"},{\"@type\":\"ListItem\",\"position\":2,\"name\":\"Mundial 2026: El Abrazo Emblem\u00e1tico de James, Quintero y P\u00e9kerman\"}]},{\"@type\":\"WebSite\",\"@id\":\"https:\/\/tipnexa.com\/blog\/#website\",\"url\":\"https:\/\/tipnexa.com\/blog\/\",\"name\":\"Blog de Tipnexa\",\"description\":\"Descubre en el blog de Tipnexa las \u00faltimas noticias de f\u00fatbol, pron\u00f3sticos, an\u00e1lisis de partidos, ligas y equipos con enfoque experto y datos actualizados.\",\"publisher\":{\"@id\":\"https:\/\/tipnexa.com\/blog\/#organization\"},\"alternateName\":\"Blog de Tipnexa\",\"potentialAction\":[{\"@type\":\"SearchAction\",\"target\":{\"@type\":\"EntryPoint\",\"urlTemplate\":\"https:\/\/tipnexa.com\/blog\/?s={search_term_string}\"},\"query-input\":{\"@type\":\"PropertyValueSpecification\",\"valueRequired\":true,\"valueName\":\"search_term_string\"}}],\"inLanguage\":\"es\"},{\"@type\":\"Organization\",\"@id\":\"https:\/\/tipnexa.com\/blog\/#organization\",\"name\":\"Tipnexa\",\"url\":\"https:\/\/tipnexa.com\/blog\/\",\"logo\":{\"@type\":\"ImageObject\",\"inLanguage\":\"es\",\"@id\":\"https:\/\/tipnexa.com\/blog\/#\/schema\/logo\/image\/\",\"url\":\"https:\/\/tipnexa.com\/blog\/wp-content\/uploads\/2026\/03\/192x192.png\",\"contentUrl\":\"https:\/\/tipnexa.com\/blog\/wp-content\/uploads\/2026\/03\/192x192.png\",\"width\":192,\"height\":192,\"caption\":\"Tipnexa\"},\"image\":{\"@id\":\"https:\/\/tipnexa.com\/blog\/#\/schema\/logo\/image\/\"}},{\"@type\":\"Person\",\"@id\":\"https:\/\/tipnexa.com\/blog\/#\/schema\/person\/fcfe9a20877b14cc7f2bc3ce77f6d3cf\",\"name\":\"admin\",\"image\":{\"@type\":\"ImageObject\",\"inLanguage\":\"es\",\"@id\":\"https:\/\/secure.gravatar.com\/avatar\/b4f14cb9d9d12a445b91a477b3cf143c91ca7da26f03b6815b159c10ce2e2c74?s=96&d=mm&r=g\",\"url\":\"https:\/\/secure.gravatar.com\/avatar\/b4f14cb9d9d12a445b91a477b3cf143c91ca7da26f03b6815b159c10ce2e2c74?s=96&d=mm&r=g\",\"contentUrl\":\"https:\/\/secure.gravatar.com\/avatar\/b4f14cb9d9d12a445b91a477b3cf143c91ca7da26f03b6815b159c10ce2e2c74?s=96&d=mm&r=g\",\"caption\":\"admin\"},\"sameAs\":[\"https:\/\/tipnexa.com\/blog\"],\"url\":\"https:\/\/tipnexa.com\/blog\/author\/admin\/\"}]}<\/script>\n<!-- \/ Yoast SEO plugin. -->","yoast_head_json":{"title":"Mundial 2026: El Abrazo Emblem\u00e1tico de James, Quintero y P\u00e9kerman - Tipnexa","robots":{"index":"index","follow":"follow","max-snippet":"max-snippet:-1","max-image-preview":"max-image-preview:large","max-video-preview":"max-video-preview:-1"},"canonical":"https:\/\/tipnexa.com\/blog\/mundial-2026-el-abrazo-emblematico-de-james-quintero-y-pekerman\/","og_locale":"es_ES","og_type":"article","og_title":"Mundial 2026: El Abrazo Emblem\u00e1tico de James, Quintero y P\u00e9kerman - Tipnexa","og_description":"Revive el emotivo abrazo de James Rodr\u00edguez, Juan Fernando Quintero y P\u00e9kerman en el Mundial 2026. Un momento que marc\u00f3 a Colombia y al f\u00fatbol.","og_url":"https:\/\/tipnexa.com\/blog\/mundial-2026-el-abrazo-emblematico-de-james-quintero-y-pekerman\/","og_site_name":"Tipnexa","article_published_time":"2026-06-24T16:12:27+00:00","og_image":[{"width":192,"height":192,"url":"https:\/\/tipnexa.com\/blog\/wp-content\/uploads\/2026\/03\/192x192.png","type":"image\/png"}],"author":"admin","twitter_card":"summary_large_image","twitter_misc":{"Escrito por":"admin","Tiempo de lectura":"2 minutos"},"schema":{"@context":"https:\/\/schema.org","@graph":[{"@type":"Article","@id":"https:\/\/tipnexa.com\/blog\/mundial-2026-el-abrazo-emblematico-de-james-quintero-y-pekerman\/#article","isPartOf":{"@id":"https:\/\/tipnexa.com\/blog\/mundial-2026-el-abrazo-emblematico-de-james-quintero-y-pekerman\/"},"author":{"name":"admin","@id":"https:\/\/tipnexa.com\/blog\/#\/schema\/person\/fcfe9a20877b14cc7f2bc3ce77f6d3cf"},"headline":"Mundial 2026: El Abrazo Emblem\u00e1tico de James, Quintero y P\u00e9kerman","datePublished":"2026-06-24T16:12:27+00:00","mainEntityOfPage":{"@id":"https:\/\/tipnexa.com\/blog\/mundial-2026-el-abrazo-emblematico-de-james-quintero-y-pekerman\/"},"wordCount":481,"commentCount":0,"publisher":{"@id":"https:\/\/tipnexa.com\/blog\/#organization"},"image":{"@id":"https:\/\/tipnexa.com\/blog\/mundial-2026-el-abrazo-emblematico-de-james-quintero-y-pekerman\/#primaryimage"},"thumbnailUrl":"https:\/\/tipnexa.com\/blog\/wp-content\/uploads\/2026\/06\/mundial-2026-el-abrazo-emblematico-de-james-quintero-y-pekerman-1782317544254.png","articleSection":["F\u00fatbol Internacional"],"inLanguage":"es","potentialAction":[{"@type":"CommentAction","name":"Comment","target":["https:\/\/tipnexa.com\/blog\/mundial-2026-el-abrazo-emblematico-de-james-quintero-y-pekerman\/#respond"]}]},{"@type":"WebPage","@id":"https:\/\/tipnexa.com\/blog\/mundial-2026-el-abrazo-emblematico-de-james-quintero-y-pekerman\/","url":"https:\/\/tipnexa.com\/blog\/mundial-2026-el-abrazo-emblematico-de-james-quintero-y-pekerman\/","name":"Mundial 2026: El Abrazo Emblem\u00e1tico de James, Quintero y P\u00e9kerman - Tipnexa","isPartOf":{"@id":"https:\/\/tipnexa.com\/blog\/#website"},"primaryImageOfPage":{"@id":"https:\/\/tipnexa.com\/blog\/mundial-2026-el-abrazo-emblematico-de-james-quintero-y-pekerman\/#primaryimage"},"image":{"@id":"https:\/\/tipnexa.com\/blog\/mundial-2026-el-abrazo-emblematico-de-james-quintero-y-pekerman\/#primaryimage"},"thumbnailUrl":"https:\/\/tipnexa.com\/blog\/wp-content\/uploads\/2026\/06\/mundial-2026-el-abrazo-emblematico-de-james-quintero-y-pekerman-1782317544254.png","datePublished":"2026-06-24T16:12:27+00:00","breadcrumb":{"@id":"https:\/\/tipnexa.com\/blog\/mundial-2026-el-abrazo-emblematico-de-james-quintero-y-pekerman\/#breadcrumb"},"inLanguage":"es","potentialAction":[{"@type":"ReadAction","target":["https:\/\/tipnexa.com\/blog\/mundial-2026-el-abrazo-emblematico-de-james-quintero-y-pekerman\/"]}]},{"@type":"ImageObject","inLanguage":"es","@id":"https:\/\/tipnexa.com\/blog\/mundial-2026-el-abrazo-emblematico-de-james-quintero-y-pekerman\/#primaryimage","url":"https:\/\/tipnexa.com\/blog\/wp-content\/uploads\/2026\/06\/mundial-2026-el-abrazo-emblematico-de-james-quintero-y-pekerman-1782317544254.png","contentUrl":"https:\/\/tipnexa.com\/blog\/wp-content\/uploads\/2026\/06\/mundial-2026-el-abrazo-emblematico-de-james-quintero-y-pekerman-1782317544254.png","width":1344,"height":768},{"@type":"BreadcrumbList","@id":"https:\/\/tipnexa.com\/blog\/mundial-2026-el-abrazo-emblematico-de-james-quintero-y-pekerman\/#breadcrumb","itemListElement":[{"@type":"ListItem","position":1,"name":"Portada","item":"https:\/\/tipnexa.com\/blog\/"},{"@type":"ListItem","position":2,"name":"Mundial 2026: El Abrazo Emblem\u00e1tico de James, Quintero y P\u00e9kerman"}]},{"@type":"WebSite","@id":"https:\/\/tipnexa.com\/blog\/#website","url":"https:\/\/tipnexa.com\/blog\/","name":"Blog de Tipnexa","description":"Descubre en el blog de Tipnexa las \u00faltimas noticias de f\u00fatbol, pron\u00f3sticos, an\u00e1lisis de partidos, ligas y equipos con enfoque experto y datos actualizados.","publisher":{"@id":"https:\/\/tipnexa.com\/blog\/#organization"},"alternateName":"Blog de Tipnexa","potentialAction":[{"@type":"SearchAction","target":{"@type":"EntryPoint","urlTemplate":"https:\/\/tipnexa.com\/blog\/?s={search_term_string}"},"query-input":{"@type":"PropertyValueSpecification","valueRequired":true,"valueName":"search_term_string"}}],"inLanguage":"es"},{"@type":"Organization","@id":"https:\/\/tipnexa.com\/blog\/#organization","name":"Tipnexa","url":"https:\/\/tipnexa.com\/blog\/","logo":{"@type":"ImageObject","inLanguage":"es","@id":"https:\/\/tipnexa.com\/blog\/#\/schema\/logo\/image\/","url":"https:\/\/tipnexa.com\/blog\/wp-content\/uploads\/2026\/03\/192x192.png","contentUrl":"https:\/\/tipnexa.com\/blog\/wp-content\/uploads\/2026\/03\/192x192.png","width":192,"height":192,"caption":"Tipnexa"},"image":{"@id":"https:\/\/tipnexa.com\/blog\/#\/schema\/logo\/image\/"}},{"@type":"Person","@id":"https:\/\/tipnexa.com\/blog\/#\/schema\/person\/fcfe9a20877b14cc7f2bc3ce77f6d3cf","name":"admin","image":{"@type":"ImageObject","inLanguage":"es","@id":"https:\/\/secure.gravatar.com\/avatar\/b4f14cb9d9d12a445b91a477b3cf143c91ca7da26f03b6815b159c10ce2e2c74?s=96&d=mm&r=g","url":"https:\/\/secure.gravatar.com\/avatar\/b4f14cb9d9d12a445b91a477b3cf143c91ca7da26f03b6815b159c10ce2e2c74?s=96&d=mm&r=g","contentUrl":"https:\/\/secure.gravatar.com\/avatar\/b4f14cb9d9d12a445b91a477b3cf143c91ca7da26f03b6815b159c10ce2e2c74?s=96&d=mm&r=g","caption":"admin"},"sameAs":["https:\/\/tipnexa.com\/blog"],"url":"https:\/\/tipnexa.com\/blog\/author\/admin\/"}]}},"_links":{"self":[{"href":"https:\/\/tipnexa.com\/blog\/wp-json\/wp\/v2\/posts\/7247","targetHints":{"allow":["GET"]}}],"collection":[{"href":"https:\/\/tipnexa.com\/blog\/wp-json\/wp\/v2\/posts"}],"about":[{"href":"https:\/\/tipnexa.com\/blog\/wp-json\/wp\/v2\/types\/post"}],"author":[{"embeddable":true,"href":"https:\/\/tipnexa.com\/blog\/wp-json\/wp\/v2\/users\/1"}],"replies":[{"embeddable":true,"href":"https:\/\/tipnexa.com\/blog\/wp-json\/wp\/v2\/comments?post=7247"}],"version-history":[{"count":0,"href":"https:\/\/tipnexa.com\/blog\/wp-json\/wp\/v2\/posts\/7247\/revisions"}],"wp:featuredmedia":[{"embeddable":true,"href":"https:\/\/tipnexa.com\/blog\/wp-json\/wp\/v2\/media\/7246"}],"wp:attachment":[{"href":"https:\/\/tipnexa.com\/blog\/wp-json\/wp\/v2\/media?parent=7247"}],"wp:term":[{"taxonomy":"category","embeddable":true,"href":"https:\/\/tipnexa.com\/blog\/wp-json\/wp\/v2\/categories?post=7247"},{"taxonomy":"post_tag","embeddable":true,"href":"https:\/\/tipnexa.com\/blog\/wp-json\/wp\/v2\/tags?post=7247"}],"curies":[{"name":"wp","href":"https:\/\/api.w.org\/{rel}","templated":true}]}}