{"id":6728,"date":"2026-04-18T00:00:51","date_gmt":"2026-04-18T05:00:51","guid":{"rendered":"https:\/\/tipnexa.com\/blog\/vicente-sanchez-su-futuro-en-emelec-tras-la-derrota-clave\/"},"modified":"2026-04-18T00:00:51","modified_gmt":"2026-04-18T05:00:51","slug":"vicente-sanchez-su-futuro-en-emelec-tras-la-derrota-clave","status":"publish","type":"post","link":"https:\/\/tipnexa.com\/blog\/vicente-sanchez-su-futuro-en-emelec-tras-la-derrota-clave\/","title":{"rendered":"Vicente S\u00e1nchez: Su Futuro en Emelec tras la Derrota Clave"},"content":{"rendered":"<p>La reciente derrota de Emelec ante Guayaquil City ha puesto en el centro de atenci\u00f3n la situaci\u00f3n del equipo y, en particular, la continuidad de su director t\u00e9cnico, <strong>Vicente S\u00e1nchez<\/strong>. Tras el dif\u00edcil encuentro, el estratega uruguayo ofreci\u00f3 sus impresiones, abordando tanto el an\u00e1lisis del partido como su compromiso con el club a pesar de los <strong>resultados negativos<\/strong>.<\/p>\n<p>S\u00e1nchez expres\u00f3 su profundo pesar por el desenlace del partido, se\u00f1alando que el equipo experiment\u00f3 una notable <strong>ansiedad<\/strong>. \u00abEstamos dolidos, tuvimos ansiedad, perdimos ante un gran equipo como Guayaquil City\u00bb, coment\u00f3. A pesar del rev\u00e9s, el t\u00e9cnico destac\u00f3 un punto positivo: la ausencia de expulsiones, y agradeci\u00f3 el apoyo incondicional de la afici\u00f3n.<\/p>\n<p>Respecto a su permanencia en el banquillo, S\u00e1nchez fue categ\u00f3rico al afirmar que no se enfoca en decisiones que no le corresponden. Su prioridad es el <strong>trabajo diario<\/strong>, especialmente ante un calendario de partidos muy apretado. \u00abNo pienso en decisiones que no me corresponden. Hay un calendario apretado y trabajar\u00e9 con eso, pero no se est\u00e1n dando los resultados\u00bb, explic\u00f3, reconociendo la falta de victorias.<\/p>\n<p>El an\u00e1lisis de la derrota revel\u00f3 que las estrategias planteadas no se ejecutaron como se esperaba. \u00abLa verdad no salieron las cosas que ten\u00edamos en mente. Estuvimos muy imprecisos en ciertos momentos del juego\u00bb, detall\u00f3. La presi\u00f3n por conseguir un gol r\u00e1pido y la expectativa de jugar como local contribuyeron a esa imprecisi\u00f3n. No obstante, el DT subray\u00f3 elementos rescatables, como la <strong>actitud<\/strong> y la <strong>intensidad<\/strong> mostradas por sus jugadores, quienes intentaron revertir el marcador tras encajar el primer gol. Para m\u00e1s detalles sobre estrategias y an\u00e1lisis de partidos, puedes explorar nuestro <a href=\"https:\/\/tipnexa.com\/blog\/\">blog de deportes<\/a>.<\/p>\n<p>El equipo se prepara ahora para un nuevo desaf\u00edo, visitando a T\u00e9cnico Universitario en su pr\u00f3ximo encuentro. A pesar de la presi\u00f3n y los comentarios externos, <strong>Vicente S\u00e1nchez<\/strong> reafirma su postura de seguir adelante, buscando revertir la situaci\u00f3n y encaminar al \u00abBombillo\u00bb hacia mejores actuaciones.<\/p>\n<h2>Conclusi\u00f3n<\/h2>\n<p>La situaci\u00f3n de <strong>Vicente S\u00e1nchez en Emelec<\/strong> refleja la exigencia del f\u00fatbol de alto nivel. A pesar de los resultados adversos, su compromiso y enfoque en el trabajo son claros. La afici\u00f3n espera que la actitud y la intensidad que el t\u00e9cnico valora se traduzcan pronto en victorias, consolidando el proyecto deportivo del club.<\/p>\n","protected":false},"excerpt":{"rendered":"<p>Vicente S\u00e1nchez analiza su futuro en Emelec tras la derrota ante Guayaquil City. Descubre las razones del resultado y su compromiso con el equipo.<\/p>\n","protected":false},"author":1,"featured_media":6727,"comment_status":"open","ping_status":"open","sticky":false,"template":"","format":"standard","meta":{"footnotes":""},"categories":[10,11],"tags":[],"class_list":["post-6728","post","type-post","status-publish","format-standard","has-post-thumbnail","hentry","category-clubes","category-partidos-y-resultados"],"yoast_head":"<!-- This site is optimized with the Yoast SEO plugin v27.2 - https:\/\/yoast.com\/product\/yoast-seo-wordpress\/ -->\n<title>Vicente S\u00e1nchez: Su Futuro en Emelec tras la Derrota Clave - Tipnexa<\/title>\n<meta name=\"robots\" content=\"index, follow, max-snippet:-1, max-image-preview:large, max-video-preview:-1\" \/>\n<link rel=\"canonical\" href=\"https:\/\/tipnexa.com\/blog\/vicente-sanchez-su-futuro-en-emelec-tras-la-derrota-clave\/\" \/>\n<meta property=\"og:locale\" content=\"es_ES\" \/>\n<meta property=\"og:type\" content=\"article\" \/>\n<meta property=\"og:title\" content=\"Vicente S\u00e1nchez: Su Futuro en Emelec tras la Derrota Clave - Tipnexa\" \/>\n<meta property=\"og:description\" content=\"Vicente S\u00e1nchez analiza su futuro en Emelec tras la derrota ante Guayaquil City. Descubre las razones del resultado y su compromiso con el equipo.\" \/>\n<meta property=\"og:url\" content=\"https:\/\/tipnexa.com\/blog\/vicente-sanchez-su-futuro-en-emelec-tras-la-derrota-clave\/\" \/>\n<meta property=\"og:site_name\" content=\"Tipnexa\" \/>\n<meta property=\"article:published_time\" content=\"2026-04-18T05:00:51+00:00\" \/>\n<meta property=\"og:image\" content=\"https:\/\/tipnexa.com\/blog\/wp-content\/uploads\/2026\/03\/192x192.png\" \/>\n\t<meta property=\"og:image:width\" content=\"192\" \/>\n\t<meta property=\"og:image:height\" content=\"192\" \/>\n\t<meta property=\"og:image:type\" content=\"image\/png\" \/>\n<meta name=\"author\" content=\"admin\" \/>\n<meta name=\"twitter:card\" content=\"summary_large_image\" \/>\n<meta name=\"twitter:label1\" content=\"Escrito por\" \/>\n\t<meta name=\"twitter:data1\" content=\"admin\" \/>\n\t<meta name=\"twitter:label2\" content=\"Tiempo de lectura\" \/>\n\t<meta name=\"twitter:data2\" content=\"2 minutos\" \/>\n<script type=\"application\/ld+json\" class=\"yoast-schema-graph\">{\"@context\":\"https:\/\/schema.org\",\"@graph\":[{\"@type\":\"Article\",\"@id\":\"https:\/\/tipnexa.com\/blog\/vicente-sanchez-su-futuro-en-emelec-tras-la-derrota-clave\/#article\",\"isPartOf\":{\"@id\":\"https:\/\/tipnexa.com\/blog\/vicente-sanchez-su-futuro-en-emelec-tras-la-derrota-clave\/\"},\"author\":{\"name\":\"admin\",\"@id\":\"https:\/\/tipnexa.com\/blog\/#\/schema\/person\/fcfe9a20877b14cc7f2bc3ce77f6d3cf\"},\"headline\":\"Vicente S\u00e1nchez: Su Futuro en Emelec tras la Derrota Clave\",\"datePublished\":\"2026-04-18T05:00:51+00:00\",\"mainEntityOfPage\":{\"@id\":\"https:\/\/tipnexa.com\/blog\/vicente-sanchez-su-futuro-en-emelec-tras-la-derrota-clave\/\"},\"wordCount\":415,\"commentCount\":0,\"publisher\":{\"@id\":\"https:\/\/tipnexa.com\/blog\/#organization\"},\"image\":{\"@id\":\"https:\/\/tipnexa.com\/blog\/vicente-sanchez-su-futuro-en-emelec-tras-la-derrota-clave\/#primaryimage\"},\"thumbnailUrl\":\"https:\/\/tipnexa.com\/blog\/wp-content\/uploads\/2026\/04\/vicente-sanchez-su-futuro-en-emelec-tras-la-derrota-clave-1776488440850.png\",\"articleSection\":[\"Clubes\",\"Partidos y Resultados\"],\"inLanguage\":\"es\",\"potentialAction\":[{\"@type\":\"CommentAction\",\"name\":\"Comment\",\"target\":[\"https:\/\/tipnexa.com\/blog\/vicente-sanchez-su-futuro-en-emelec-tras-la-derrota-clave\/#respond\"]}]},{\"@type\":\"WebPage\",\"@id\":\"https:\/\/tipnexa.com\/blog\/vicente-sanchez-su-futuro-en-emelec-tras-la-derrota-clave\/\",\"url\":\"https:\/\/tipnexa.com\/blog\/vicente-sanchez-su-futuro-en-emelec-tras-la-derrota-clave\/\",\"name\":\"Vicente S\u00e1nchez: Su Futuro en Emelec tras la Derrota Clave - Tipnexa\",\"isPartOf\":{\"@id\":\"https:\/\/tipnexa.com\/blog\/#website\"},\"primaryImageOfPage\":{\"@id\":\"https:\/\/tipnexa.com\/blog\/vicente-sanchez-su-futuro-en-emelec-tras-la-derrota-clave\/#primaryimage\"},\"image\":{\"@id\":\"https:\/\/tipnexa.com\/blog\/vicente-sanchez-su-futuro-en-emelec-tras-la-derrota-clave\/#primaryimage\"},\"thumbnailUrl\":\"https:\/\/tipnexa.com\/blog\/wp-content\/uploads\/2026\/04\/vicente-sanchez-su-futuro-en-emelec-tras-la-derrota-clave-1776488440850.png\",\"datePublished\":\"2026-04-18T05:00:51+00:00\",\"breadcrumb\":{\"@id\":\"https:\/\/tipnexa.com\/blog\/vicente-sanchez-su-futuro-en-emelec-tras-la-derrota-clave\/#breadcrumb\"},\"inLanguage\":\"es\",\"potentialAction\":[{\"@type\":\"ReadAction\",\"target\":[\"https:\/\/tipnexa.com\/blog\/vicente-sanchez-su-futuro-en-emelec-tras-la-derrota-clave\/\"]}]},{\"@type\":\"ImageObject\",\"inLanguage\":\"es\",\"@id\":\"https:\/\/tipnexa.com\/blog\/vicente-sanchez-su-futuro-en-emelec-tras-la-derrota-clave\/#primaryimage\",\"url\":\"https:\/\/tipnexa.com\/blog\/wp-content\/uploads\/2026\/04\/vicente-sanchez-su-futuro-en-emelec-tras-la-derrota-clave-1776488440850.png\",\"contentUrl\":\"https:\/\/tipnexa.com\/blog\/wp-content\/uploads\/2026\/04\/vicente-sanchez-su-futuro-en-emelec-tras-la-derrota-clave-1776488440850.png\",\"width\":1344,\"height\":768},{\"@type\":\"BreadcrumbList\",\"@id\":\"https:\/\/tipnexa.com\/blog\/vicente-sanchez-su-futuro-en-emelec-tras-la-derrota-clave\/#breadcrumb\",\"itemListElement\":[{\"@type\":\"ListItem\",\"position\":1,\"name\":\"Portada\",\"item\":\"https:\/\/tipnexa.com\/blog\/\"},{\"@type\":\"ListItem\",\"position\":2,\"name\":\"Vicente S\u00e1nchez: Su Futuro en Emelec tras la Derrota Clave\"}]},{\"@type\":\"WebSite\",\"@id\":\"https:\/\/tipnexa.com\/blog\/#website\",\"url\":\"https:\/\/tipnexa.com\/blog\/\",\"name\":\"Blog de Tipnexa\",\"description\":\"Descubre en el blog de Tipnexa las \u00faltimas noticias de f\u00fatbol, pron\u00f3sticos, an\u00e1lisis de partidos, ligas y equipos con enfoque experto y datos actualizados.\",\"publisher\":{\"@id\":\"https:\/\/tipnexa.com\/blog\/#organization\"},\"alternateName\":\"Blog de Tipnexa\",\"potentialAction\":[{\"@type\":\"SearchAction\",\"target\":{\"@type\":\"EntryPoint\",\"urlTemplate\":\"https:\/\/tipnexa.com\/blog\/?s={search_term_string}\"},\"query-input\":{\"@type\":\"PropertyValueSpecification\",\"valueRequired\":true,\"valueName\":\"search_term_string\"}}],\"inLanguage\":\"es\"},{\"@type\":\"Organization\",\"@id\":\"https:\/\/tipnexa.com\/blog\/#organization\",\"name\":\"Tipnexa\",\"url\":\"https:\/\/tipnexa.com\/blog\/\",\"logo\":{\"@type\":\"ImageObject\",\"inLanguage\":\"es\",\"@id\":\"https:\/\/tipnexa.com\/blog\/#\/schema\/logo\/image\/\",\"url\":\"https:\/\/tipnexa.com\/blog\/wp-content\/uploads\/2026\/03\/192x192.png\",\"contentUrl\":\"https:\/\/tipnexa.com\/blog\/wp-content\/uploads\/2026\/03\/192x192.png\",\"width\":192,\"height\":192,\"caption\":\"Tipnexa\"},\"image\":{\"@id\":\"https:\/\/tipnexa.com\/blog\/#\/schema\/logo\/image\/\"}},{\"@type\":\"Person\",\"@id\":\"https:\/\/tipnexa.com\/blog\/#\/schema\/person\/fcfe9a20877b14cc7f2bc3ce77f6d3cf\",\"name\":\"admin\",\"image\":{\"@type\":\"ImageObject\",\"inLanguage\":\"es\",\"@id\":\"https:\/\/secure.gravatar.com\/avatar\/b4f14cb9d9d12a445b91a477b3cf143c91ca7da26f03b6815b159c10ce2e2c74?s=96&d=mm&r=g\",\"url\":\"https:\/\/secure.gravatar.com\/avatar\/b4f14cb9d9d12a445b91a477b3cf143c91ca7da26f03b6815b159c10ce2e2c74?s=96&d=mm&r=g\",\"contentUrl\":\"https:\/\/secure.gravatar.com\/avatar\/b4f14cb9d9d12a445b91a477b3cf143c91ca7da26f03b6815b159c10ce2e2c74?s=96&d=mm&r=g\",\"caption\":\"admin\"},\"sameAs\":[\"https:\/\/tipnexa.com\/blog\"],\"url\":\"https:\/\/tipnexa.com\/blog\/author\/admin\/\"}]}<\/script>\n<!-- \/ Yoast SEO plugin. -->","yoast_head_json":{"title":"Vicente S\u00e1nchez: Su Futuro en Emelec tras la Derrota Clave - Tipnexa","robots":{"index":"index","follow":"follow","max-snippet":"max-snippet:-1","max-image-preview":"max-image-preview:large","max-video-preview":"max-video-preview:-1"},"canonical":"https:\/\/tipnexa.com\/blog\/vicente-sanchez-su-futuro-en-emelec-tras-la-derrota-clave\/","og_locale":"es_ES","og_type":"article","og_title":"Vicente S\u00e1nchez: Su Futuro en Emelec tras la Derrota Clave - Tipnexa","og_description":"Vicente S\u00e1nchez analiza su futuro en Emelec tras la derrota ante Guayaquil City. Descubre las razones del resultado y su compromiso con el equipo.","og_url":"https:\/\/tipnexa.com\/blog\/vicente-sanchez-su-futuro-en-emelec-tras-la-derrota-clave\/","og_site_name":"Tipnexa","article_published_time":"2026-04-18T05:00:51+00:00","og_image":[{"width":192,"height":192,"url":"https:\/\/tipnexa.com\/blog\/wp-content\/uploads\/2026\/03\/192x192.png","type":"image\/png"}],"author":"admin","twitter_card":"summary_large_image","twitter_misc":{"Escrito por":"admin","Tiempo de lectura":"2 minutos"},"schema":{"@context":"https:\/\/schema.org","@graph":[{"@type":"Article","@id":"https:\/\/tipnexa.com\/blog\/vicente-sanchez-su-futuro-en-emelec-tras-la-derrota-clave\/#article","isPartOf":{"@id":"https:\/\/tipnexa.com\/blog\/vicente-sanchez-su-futuro-en-emelec-tras-la-derrota-clave\/"},"author":{"name":"admin","@id":"https:\/\/tipnexa.com\/blog\/#\/schema\/person\/fcfe9a20877b14cc7f2bc3ce77f6d3cf"},"headline":"Vicente S\u00e1nchez: Su Futuro en Emelec tras la Derrota Clave","datePublished":"2026-04-18T05:00:51+00:00","mainEntityOfPage":{"@id":"https:\/\/tipnexa.com\/blog\/vicente-sanchez-su-futuro-en-emelec-tras-la-derrota-clave\/"},"wordCount":415,"commentCount":0,"publisher":{"@id":"https:\/\/tipnexa.com\/blog\/#organization"},"image":{"@id":"https:\/\/tipnexa.com\/blog\/vicente-sanchez-su-futuro-en-emelec-tras-la-derrota-clave\/#primaryimage"},"thumbnailUrl":"https:\/\/tipnexa.com\/blog\/wp-content\/uploads\/2026\/04\/vicente-sanchez-su-futuro-en-emelec-tras-la-derrota-clave-1776488440850.png","articleSection":["Clubes","Partidos y Resultados"],"inLanguage":"es","potentialAction":[{"@type":"CommentAction","name":"Comment","target":["https:\/\/tipnexa.com\/blog\/vicente-sanchez-su-futuro-en-emelec-tras-la-derrota-clave\/#respond"]}]},{"@type":"WebPage","@id":"https:\/\/tipnexa.com\/blog\/vicente-sanchez-su-futuro-en-emelec-tras-la-derrota-clave\/","url":"https:\/\/tipnexa.com\/blog\/vicente-sanchez-su-futuro-en-emelec-tras-la-derrota-clave\/","name":"Vicente S\u00e1nchez: Su Futuro en Emelec tras la Derrota Clave - Tipnexa","isPartOf":{"@id":"https:\/\/tipnexa.com\/blog\/#website"},"primaryImageOfPage":{"@id":"https:\/\/tipnexa.com\/blog\/vicente-sanchez-su-futuro-en-emelec-tras-la-derrota-clave\/#primaryimage"},"image":{"@id":"https:\/\/tipnexa.com\/blog\/vicente-sanchez-su-futuro-en-emelec-tras-la-derrota-clave\/#primaryimage"},"thumbnailUrl":"https:\/\/tipnexa.com\/blog\/wp-content\/uploads\/2026\/04\/vicente-sanchez-su-futuro-en-emelec-tras-la-derrota-clave-1776488440850.png","datePublished":"2026-04-18T05:00:51+00:00","breadcrumb":{"@id":"https:\/\/tipnexa.com\/blog\/vicente-sanchez-su-futuro-en-emelec-tras-la-derrota-clave\/#breadcrumb"},"inLanguage":"es","potentialAction":[{"@type":"ReadAction","target":["https:\/\/tipnexa.com\/blog\/vicente-sanchez-su-futuro-en-emelec-tras-la-derrota-clave\/"]}]},{"@type":"ImageObject","inLanguage":"es","@id":"https:\/\/tipnexa.com\/blog\/vicente-sanchez-su-futuro-en-emelec-tras-la-derrota-clave\/#primaryimage","url":"https:\/\/tipnexa.com\/blog\/wp-content\/uploads\/2026\/04\/vicente-sanchez-su-futuro-en-emelec-tras-la-derrota-clave-1776488440850.png","contentUrl":"https:\/\/tipnexa.com\/blog\/wp-content\/uploads\/2026\/04\/vicente-sanchez-su-futuro-en-emelec-tras-la-derrota-clave-1776488440850.png","width":1344,"height":768},{"@type":"BreadcrumbList","@id":"https:\/\/tipnexa.com\/blog\/vicente-sanchez-su-futuro-en-emelec-tras-la-derrota-clave\/#breadcrumb","itemListElement":[{"@type":"ListItem","position":1,"name":"Portada","item":"https:\/\/tipnexa.com\/blog\/"},{"@type":"ListItem","position":2,"name":"Vicente S\u00e1nchez: Su Futuro en Emelec tras la Derrota Clave"}]},{"@type":"WebSite","@id":"https:\/\/tipnexa.com\/blog\/#website","url":"https:\/\/tipnexa.com\/blog\/","name":"Blog de Tipnexa","description":"Descubre en el blog de Tipnexa las \u00faltimas noticias de f\u00fatbol, pron\u00f3sticos, an\u00e1lisis de partidos, ligas y equipos con enfoque experto y datos actualizados.","publisher":{"@id":"https:\/\/tipnexa.com\/blog\/#organization"},"alternateName":"Blog de Tipnexa","potentialAction":[{"@type":"SearchAction","target":{"@type":"EntryPoint","urlTemplate":"https:\/\/tipnexa.com\/blog\/?s={search_term_string}"},"query-input":{"@type":"PropertyValueSpecification","valueRequired":true,"valueName":"search_term_string"}}],"inLanguage":"es"},{"@type":"Organization","@id":"https:\/\/tipnexa.com\/blog\/#organization","name":"Tipnexa","url":"https:\/\/tipnexa.com\/blog\/","logo":{"@type":"ImageObject","inLanguage":"es","@id":"https:\/\/tipnexa.com\/blog\/#\/schema\/logo\/image\/","url":"https:\/\/tipnexa.com\/blog\/wp-content\/uploads\/2026\/03\/192x192.png","contentUrl":"https:\/\/tipnexa.com\/blog\/wp-content\/uploads\/2026\/03\/192x192.png","width":192,"height":192,"caption":"Tipnexa"},"image":{"@id":"https:\/\/tipnexa.com\/blog\/#\/schema\/logo\/image\/"}},{"@type":"Person","@id":"https:\/\/tipnexa.com\/blog\/#\/schema\/person\/fcfe9a20877b14cc7f2bc3ce77f6d3cf","name":"admin","image":{"@type":"ImageObject","inLanguage":"es","@id":"https:\/\/secure.gravatar.com\/avatar\/b4f14cb9d9d12a445b91a477b3cf143c91ca7da26f03b6815b159c10ce2e2c74?s=96&d=mm&r=g","url":"https:\/\/secure.gravatar.com\/avatar\/b4f14cb9d9d12a445b91a477b3cf143c91ca7da26f03b6815b159c10ce2e2c74?s=96&d=mm&r=g","contentUrl":"https:\/\/secure.gravatar.com\/avatar\/b4f14cb9d9d12a445b91a477b3cf143c91ca7da26f03b6815b159c10ce2e2c74?s=96&d=mm&r=g","caption":"admin"},"sameAs":["https:\/\/tipnexa.com\/blog"],"url":"https:\/\/tipnexa.com\/blog\/author\/admin\/"}]}},"_links":{"self":[{"href":"https:\/\/tipnexa.com\/blog\/wp-json\/wp\/v2\/posts\/6728","targetHints":{"allow":["GET"]}}],"collection":[{"href":"https:\/\/tipnexa.com\/blog\/wp-json\/wp\/v2\/posts"}],"about":[{"href":"https:\/\/tipnexa.com\/blog\/wp-json\/wp\/v2\/types\/post"}],"author":[{"embeddable":true,"href":"https:\/\/tipnexa.com\/blog\/wp-json\/wp\/v2\/users\/1"}],"replies":[{"embeddable":true,"href":"https:\/\/tipnexa.com\/blog\/wp-json\/wp\/v2\/comments?post=6728"}],"version-history":[{"count":0,"href":"https:\/\/tipnexa.com\/blog\/wp-json\/wp\/v2\/posts\/6728\/revisions"}],"wp:featuredmedia":[{"embeddable":true,"href":"https:\/\/tipnexa.com\/blog\/wp-json\/wp\/v2\/media\/6727"}],"wp:attachment":[{"href":"https:\/\/tipnexa.com\/blog\/wp-json\/wp\/v2\/media?parent=6728"}],"wp:term":[{"taxonomy":"category","embeddable":true,"href":"https:\/\/tipnexa.com\/blog\/wp-json\/wp\/v2\/categories?post=6728"},{"taxonomy":"post_tag","embeddable":true,"href":"https:\/\/tipnexa.com\/blog\/wp-json\/wp\/v2\/tags?post=6728"}],"curies":[{"name":"wp","href":"https:\/\/api.w.org\/{rel}","templated":true}]}}