{"id":6634,"date":"2026-04-10T05:48:02","date_gmt":"2026-04-10T10:48:02","guid":{"rendered":"https:\/\/tipnexa.com\/blog\/cubarsi-asume-culpa-tras-expulsion-en-barcelona-vs-atletico-pique-responde\/"},"modified":"2026-04-10T05:48:02","modified_gmt":"2026-04-10T10:48:02","slug":"cubarsi-asume-culpa-tras-expulsion-en-barcelona-vs-atletico-pique-responde","status":"publish","type":"post","link":"https:\/\/tipnexa.com\/blog\/cubarsi-asume-culpa-tras-expulsion-en-barcelona-vs-atletico-pique-responde\/","title":{"rendered":"Cubars\u00ed Asume Culpa Tras Expulsi\u00f3n en Barcelona vs Atl\u00e9tico: Piqu\u00e9 Responde"},"content":{"rendered":"<p>La tensi\u00f3n se apoder\u00f3 del encuentro entre <strong>Barcelona y Atl\u00e9tico de Madrid<\/strong> en la <strong>Champions League<\/strong>, cuando el joven defensor <strong>Pau Cubars\u00ed<\/strong> fue expulsado por una tarjeta roja directa en la primera mitad. Esta acci\u00f3n crucial dej\u00f3 al equipo azulgrana con un hombre menos y condicion\u00f3 el desarrollo del partido, que culmin\u00f3 con una derrota por 2-0. Tras el encuentro, Cubars\u00ed no tard\u00f3 en reconocer su responsabilidad, generando diversas reacciones en el mundo del f\u00fatbol.<\/p>\n<h2>El Mensaje de Unidad de Cubars\u00ed y el Apoyo Viral de Piqu\u00e9<\/h2>\n<p>Consciente del impacto de su jugada, <strong>Pau Cubars\u00ed<\/strong> comparti\u00f3 un emotivo mensaje en sus redes sociales. En \u00e9l, asumi\u00f3 plenamente la responsabilidad por el resultado y la desventaja que esto representa para la eliminatoria. \u00abUna acci\u00f3n condiciona el partido y la eliminatoria. As\u00ed es el f\u00fatbol y asumo la responsabilidad por el resultado\u00bb, expres\u00f3 el central, enfatizando la unidad del equipo: \u00absomos una familia y siempre lo hemos demostrado. Adelante, con esfuerzo y determinaci\u00f3n, nunca bajaremos los brazos\u00bb.<\/p>\n<p>Entre las numerosas muestras de apoyo, destac\u00f3 la de <strong>Gerard Piqu\u00e9<\/strong>. El exdefensor del Barcelona, conocido por su car\u00e1cter, respondi\u00f3 al mensaje de Cubars\u00ed con un comentario que r\u00e1pidamente se hizo viral: \u00abCon la cabeza bien alta, mito. A estos los revent\u00e1is en la vuelta\u00bb. Este respaldo p\u00fablico subraya la confianza en la capacidad de remontada del equipo y el \u00e1nimo hacia el joven talento, reforzando la moral de cara al partido de vuelta de los cuartos de final de la Champions League. Otros compa\u00f1eros y exfutbolistas tambi\u00e9n se sumaron a la ola de apoyo.<\/p>\n<h2>El Desaf\u00edo de las Expulsiones en el Barcelona<\/h2>\n<p>La expulsi\u00f3n de Cubars\u00ed puso de manifiesto una preocupante tendencia en el equipo catal\u00e1n. El Barcelona ha acumulado un n\u00famero significativo de tarjetas rojas en la \u00faltima d\u00e9cada, liderando esta estad\u00edstica en Europa. Desde la llegada de Flick en el verano de 2025, el equipo ha sufrido ya cuatro expulsiones de jugadores azulgranas, incluyendo dos para Cubars\u00ed, una para Ronald Ara\u00fajo y otra para \u00c8ric Garc\u00eda. Estas 12 rojas en diez a\u00f1os superan con creces a otros grandes clubes, como el Bayern M\u00fanich, que registra ocho en el mismo periodo. Este patr\u00f3n de indisciplina o decisiones arbitrales adversas representa un desaf\u00edo constante para el equipo, afectando su rendimiento en momentos clave. Para m\u00e1s an\u00e1lisis sobre expulsiones en partidos importantes, puedes visitar nuestro <a href=\"https:\/\/tipnexa.com\/blog\/impacto-expulsion-de-luis-diaz-por-simulacion-en-leverkusen-vs-bayern\/\">blog<\/a>.<\/p>\n<h2>Conclusi\u00f3n<\/h2>\n<p>La <strong>expulsi\u00f3n de Pau Cubars\u00ed<\/strong> fue un momento determinante en el encuentro de Champions, y su posterior asunci\u00f3n de culpa, junto con el espaldarazo de Piqu\u00e9, reflejan el esp\u00edritu de equipo y la resiliencia que el Barcelona necesitar\u00e1 para afrontar la vuelta. Superar la desventaja y controlar la disciplina en el campo ser\u00e1n claves para avanzar en la competici\u00f3n, demostrando que, a pesar de los contratiempos, la uni\u00f3n prevalece.<\/p>\n","protected":false},"excerpt":{"rendered":"<p>Pau Cubars\u00ed asume la culpa tras su expulsi\u00f3n en Barcelona vs Atl\u00e9tico de Madrid, recibiendo el apoyo viral de Piqu\u00e9. Analizamos el impacto y el desaf\u00edo de las rojas en el club.<\/p>\n","protected":false},"author":1,"featured_media":6633,"comment_status":"open","ping_status":"open","sticky":false,"template":"","format":"standard","meta":{"footnotes":""},"categories":[10,16],"tags":[],"class_list":["post-6634","post","type-post","status-publish","format-standard","has-post-thumbnail","hentry","category-clubes","category-futbol-internacional"],"yoast_head":"<!-- This site is optimized with the Yoast SEO plugin v27.2 - https:\/\/yoast.com\/product\/yoast-seo-wordpress\/ -->\n<title>Cubars\u00ed Asume Culpa Tras Expulsi\u00f3n en Barcelona vs Atl\u00e9tico: Piqu\u00e9 Responde - Tipnexa<\/title>\n<meta name=\"robots\" content=\"index, follow, max-snippet:-1, max-image-preview:large, max-video-preview:-1\" \/>\n<link rel=\"canonical\" href=\"https:\/\/tipnexa.com\/blog\/cubarsi-asume-culpa-tras-expulsion-en-barcelona-vs-atletico-pique-responde\/\" \/>\n<meta property=\"og:locale\" content=\"es_ES\" \/>\n<meta property=\"og:type\" content=\"article\" \/>\n<meta property=\"og:title\" content=\"Cubars\u00ed Asume Culpa Tras Expulsi\u00f3n en Barcelona vs Atl\u00e9tico: Piqu\u00e9 Responde - Tipnexa\" \/>\n<meta property=\"og:description\" content=\"Pau Cubars\u00ed asume la culpa tras su expulsi\u00f3n en Barcelona vs Atl\u00e9tico de Madrid, recibiendo el apoyo viral de Piqu\u00e9. Analizamos el impacto y el desaf\u00edo de las rojas en el club.\" \/>\n<meta property=\"og:url\" content=\"https:\/\/tipnexa.com\/blog\/cubarsi-asume-culpa-tras-expulsion-en-barcelona-vs-atletico-pique-responde\/\" \/>\n<meta property=\"og:site_name\" content=\"Tipnexa\" \/>\n<meta property=\"article:published_time\" content=\"2026-04-10T10:48:02+00:00\" \/>\n<meta property=\"og:image\" content=\"https:\/\/tipnexa.com\/blog\/wp-content\/uploads\/2026\/03\/192x192.png\" \/>\n\t<meta property=\"og:image:width\" content=\"192\" \/>\n\t<meta property=\"og:image:height\" content=\"192\" \/>\n\t<meta property=\"og:image:type\" content=\"image\/png\" \/>\n<meta name=\"author\" content=\"admin\" \/>\n<meta name=\"twitter:card\" content=\"summary_large_image\" \/>\n<meta name=\"twitter:label1\" content=\"Escrito por\" \/>\n\t<meta name=\"twitter:data1\" content=\"admin\" \/>\n\t<meta name=\"twitter:label2\" content=\"Tiempo de lectura\" \/>\n\t<meta name=\"twitter:data2\" content=\"2 minutos\" \/>\n<script type=\"application\/ld+json\" class=\"yoast-schema-graph\">{\"@context\":\"https:\/\/schema.org\",\"@graph\":[{\"@type\":\"Article\",\"@id\":\"https:\/\/tipnexa.com\/blog\/cubarsi-asume-culpa-tras-expulsion-en-barcelona-vs-atletico-pique-responde\/#article\",\"isPartOf\":{\"@id\":\"https:\/\/tipnexa.com\/blog\/cubarsi-asume-culpa-tras-expulsion-en-barcelona-vs-atletico-pique-responde\/\"},\"author\":{\"name\":\"admin\",\"@id\":\"https:\/\/tipnexa.com\/blog\/#\/schema\/person\/fcfe9a20877b14cc7f2bc3ce77f6d3cf\"},\"headline\":\"Cubars\u00ed Asume Culpa Tras Expulsi\u00f3n en Barcelona vs Atl\u00e9tico: Piqu\u00e9 Responde\",\"datePublished\":\"2026-04-10T10:48:02+00:00\",\"mainEntityOfPage\":{\"@id\":\"https:\/\/tipnexa.com\/blog\/cubarsi-asume-culpa-tras-expulsion-en-barcelona-vs-atletico-pique-responde\/\"},\"wordCount\":506,\"commentCount\":0,\"publisher\":{\"@id\":\"https:\/\/tipnexa.com\/blog\/#organization\"},\"image\":{\"@id\":\"https:\/\/tipnexa.com\/blog\/cubarsi-asume-culpa-tras-expulsion-en-barcelona-vs-atletico-pique-responde\/#primaryimage\"},\"thumbnailUrl\":\"https:\/\/tipnexa.com\/blog\/wp-content\/uploads\/2026\/04\/cubarsi-asume-culpa-tras-expulsion-en-barcelona-vs-atletico-pique-responde-1775818072802.png\",\"articleSection\":[\"Clubes\",\"F\u00fatbol Internacional\"],\"inLanguage\":\"es\",\"potentialAction\":[{\"@type\":\"CommentAction\",\"name\":\"Comment\",\"target\":[\"https:\/\/tipnexa.com\/blog\/cubarsi-asume-culpa-tras-expulsion-en-barcelona-vs-atletico-pique-responde\/#respond\"]}]},{\"@type\":\"WebPage\",\"@id\":\"https:\/\/tipnexa.com\/blog\/cubarsi-asume-culpa-tras-expulsion-en-barcelona-vs-atletico-pique-responde\/\",\"url\":\"https:\/\/tipnexa.com\/blog\/cubarsi-asume-culpa-tras-expulsion-en-barcelona-vs-atletico-pique-responde\/\",\"name\":\"Cubars\u00ed Asume Culpa Tras Expulsi\u00f3n en Barcelona vs Atl\u00e9tico: Piqu\u00e9 Responde - Tipnexa\",\"isPartOf\":{\"@id\":\"https:\/\/tipnexa.com\/blog\/#website\"},\"primaryImageOfPage\":{\"@id\":\"https:\/\/tipnexa.com\/blog\/cubarsi-asume-culpa-tras-expulsion-en-barcelona-vs-atletico-pique-responde\/#primaryimage\"},\"image\":{\"@id\":\"https:\/\/tipnexa.com\/blog\/cubarsi-asume-culpa-tras-expulsion-en-barcelona-vs-atletico-pique-responde\/#primaryimage\"},\"thumbnailUrl\":\"https:\/\/tipnexa.com\/blog\/wp-content\/uploads\/2026\/04\/cubarsi-asume-culpa-tras-expulsion-en-barcelona-vs-atletico-pique-responde-1775818072802.png\",\"datePublished\":\"2026-04-10T10:48:02+00:00\",\"breadcrumb\":{\"@id\":\"https:\/\/tipnexa.com\/blog\/cubarsi-asume-culpa-tras-expulsion-en-barcelona-vs-atletico-pique-responde\/#breadcrumb\"},\"inLanguage\":\"es\",\"potentialAction\":[{\"@type\":\"ReadAction\",\"target\":[\"https:\/\/tipnexa.com\/blog\/cubarsi-asume-culpa-tras-expulsion-en-barcelona-vs-atletico-pique-responde\/\"]}]},{\"@type\":\"ImageObject\",\"inLanguage\":\"es\",\"@id\":\"https:\/\/tipnexa.com\/blog\/cubarsi-asume-culpa-tras-expulsion-en-barcelona-vs-atletico-pique-responde\/#primaryimage\",\"url\":\"https:\/\/tipnexa.com\/blog\/wp-content\/uploads\/2026\/04\/cubarsi-asume-culpa-tras-expulsion-en-barcelona-vs-atletico-pique-responde-1775818072802.png\",\"contentUrl\":\"https:\/\/tipnexa.com\/blog\/wp-content\/uploads\/2026\/04\/cubarsi-asume-culpa-tras-expulsion-en-barcelona-vs-atletico-pique-responde-1775818072802.png\",\"width\":1344,\"height\":768},{\"@type\":\"BreadcrumbList\",\"@id\":\"https:\/\/tipnexa.com\/blog\/cubarsi-asume-culpa-tras-expulsion-en-barcelona-vs-atletico-pique-responde\/#breadcrumb\",\"itemListElement\":[{\"@type\":\"ListItem\",\"position\":1,\"name\":\"Portada\",\"item\":\"https:\/\/tipnexa.com\/blog\/\"},{\"@type\":\"ListItem\",\"position\":2,\"name\":\"Cubars\u00ed Asume Culpa Tras Expulsi\u00f3n en Barcelona vs Atl\u00e9tico: Piqu\u00e9 Responde\"}]},{\"@type\":\"WebSite\",\"@id\":\"https:\/\/tipnexa.com\/blog\/#website\",\"url\":\"https:\/\/tipnexa.com\/blog\/\",\"name\":\"Blog de Tipnexa\",\"description\":\"Descubre en el blog de Tipnexa las \u00faltimas noticias de f\u00fatbol, pron\u00f3sticos, an\u00e1lisis de partidos, ligas y equipos con enfoque experto y datos actualizados.\",\"publisher\":{\"@id\":\"https:\/\/tipnexa.com\/blog\/#organization\"},\"alternateName\":\"Blog de Tipnexa\",\"potentialAction\":[{\"@type\":\"SearchAction\",\"target\":{\"@type\":\"EntryPoint\",\"urlTemplate\":\"https:\/\/tipnexa.com\/blog\/?s={search_term_string}\"},\"query-input\":{\"@type\":\"PropertyValueSpecification\",\"valueRequired\":true,\"valueName\":\"search_term_string\"}}],\"inLanguage\":\"es\"},{\"@type\":\"Organization\",\"@id\":\"https:\/\/tipnexa.com\/blog\/#organization\",\"name\":\"Tipnexa\",\"url\":\"https:\/\/tipnexa.com\/blog\/\",\"logo\":{\"@type\":\"ImageObject\",\"inLanguage\":\"es\",\"@id\":\"https:\/\/tipnexa.com\/blog\/#\/schema\/logo\/image\/\",\"url\":\"https:\/\/tipnexa.com\/blog\/wp-content\/uploads\/2026\/03\/192x192.png\",\"contentUrl\":\"https:\/\/tipnexa.com\/blog\/wp-content\/uploads\/2026\/03\/192x192.png\",\"width\":192,\"height\":192,\"caption\":\"Tipnexa\"},\"image\":{\"@id\":\"https:\/\/tipnexa.com\/blog\/#\/schema\/logo\/image\/\"}},{\"@type\":\"Person\",\"@id\":\"https:\/\/tipnexa.com\/blog\/#\/schema\/person\/fcfe9a20877b14cc7f2bc3ce77f6d3cf\",\"name\":\"admin\",\"image\":{\"@type\":\"ImageObject\",\"inLanguage\":\"es\",\"@id\":\"https:\/\/secure.gravatar.com\/avatar\/b4f14cb9d9d12a445b91a477b3cf143c91ca7da26f03b6815b159c10ce2e2c74?s=96&d=mm&r=g\",\"url\":\"https:\/\/secure.gravatar.com\/avatar\/b4f14cb9d9d12a445b91a477b3cf143c91ca7da26f03b6815b159c10ce2e2c74?s=96&d=mm&r=g\",\"contentUrl\":\"https:\/\/secure.gravatar.com\/avatar\/b4f14cb9d9d12a445b91a477b3cf143c91ca7da26f03b6815b159c10ce2e2c74?s=96&d=mm&r=g\",\"caption\":\"admin\"},\"sameAs\":[\"https:\/\/tipnexa.com\/blog\"],\"url\":\"https:\/\/tipnexa.com\/blog\/author\/admin\/\"}]}<\/script>\n<!-- \/ Yoast SEO plugin. -->","yoast_head_json":{"title":"Cubars\u00ed Asume Culpa Tras Expulsi\u00f3n en Barcelona vs Atl\u00e9tico: Piqu\u00e9 Responde - Tipnexa","robots":{"index":"index","follow":"follow","max-snippet":"max-snippet:-1","max-image-preview":"max-image-preview:large","max-video-preview":"max-video-preview:-1"},"canonical":"https:\/\/tipnexa.com\/blog\/cubarsi-asume-culpa-tras-expulsion-en-barcelona-vs-atletico-pique-responde\/","og_locale":"es_ES","og_type":"article","og_title":"Cubars\u00ed Asume Culpa Tras Expulsi\u00f3n en Barcelona vs Atl\u00e9tico: Piqu\u00e9 Responde - Tipnexa","og_description":"Pau Cubars\u00ed asume la culpa tras su expulsi\u00f3n en Barcelona vs Atl\u00e9tico de Madrid, recibiendo el apoyo viral de Piqu\u00e9. Analizamos el impacto y el desaf\u00edo de las rojas en el club.","og_url":"https:\/\/tipnexa.com\/blog\/cubarsi-asume-culpa-tras-expulsion-en-barcelona-vs-atletico-pique-responde\/","og_site_name":"Tipnexa","article_published_time":"2026-04-10T10:48:02+00:00","og_image":[{"width":192,"height":192,"url":"https:\/\/tipnexa.com\/blog\/wp-content\/uploads\/2026\/03\/192x192.png","type":"image\/png"}],"author":"admin","twitter_card":"summary_large_image","twitter_misc":{"Escrito por":"admin","Tiempo de lectura":"2 minutos"},"schema":{"@context":"https:\/\/schema.org","@graph":[{"@type":"Article","@id":"https:\/\/tipnexa.com\/blog\/cubarsi-asume-culpa-tras-expulsion-en-barcelona-vs-atletico-pique-responde\/#article","isPartOf":{"@id":"https:\/\/tipnexa.com\/blog\/cubarsi-asume-culpa-tras-expulsion-en-barcelona-vs-atletico-pique-responde\/"},"author":{"name":"admin","@id":"https:\/\/tipnexa.com\/blog\/#\/schema\/person\/fcfe9a20877b14cc7f2bc3ce77f6d3cf"},"headline":"Cubars\u00ed Asume Culpa Tras Expulsi\u00f3n en Barcelona vs Atl\u00e9tico: Piqu\u00e9 Responde","datePublished":"2026-04-10T10:48:02+00:00","mainEntityOfPage":{"@id":"https:\/\/tipnexa.com\/blog\/cubarsi-asume-culpa-tras-expulsion-en-barcelona-vs-atletico-pique-responde\/"},"wordCount":506,"commentCount":0,"publisher":{"@id":"https:\/\/tipnexa.com\/blog\/#organization"},"image":{"@id":"https:\/\/tipnexa.com\/blog\/cubarsi-asume-culpa-tras-expulsion-en-barcelona-vs-atletico-pique-responde\/#primaryimage"},"thumbnailUrl":"https:\/\/tipnexa.com\/blog\/wp-content\/uploads\/2026\/04\/cubarsi-asume-culpa-tras-expulsion-en-barcelona-vs-atletico-pique-responde-1775818072802.png","articleSection":["Clubes","F\u00fatbol Internacional"],"inLanguage":"es","potentialAction":[{"@type":"CommentAction","name":"Comment","target":["https:\/\/tipnexa.com\/blog\/cubarsi-asume-culpa-tras-expulsion-en-barcelona-vs-atletico-pique-responde\/#respond"]}]},{"@type":"WebPage","@id":"https:\/\/tipnexa.com\/blog\/cubarsi-asume-culpa-tras-expulsion-en-barcelona-vs-atletico-pique-responde\/","url":"https:\/\/tipnexa.com\/blog\/cubarsi-asume-culpa-tras-expulsion-en-barcelona-vs-atletico-pique-responde\/","name":"Cubars\u00ed Asume Culpa Tras Expulsi\u00f3n en Barcelona vs Atl\u00e9tico: Piqu\u00e9 Responde - Tipnexa","isPartOf":{"@id":"https:\/\/tipnexa.com\/blog\/#website"},"primaryImageOfPage":{"@id":"https:\/\/tipnexa.com\/blog\/cubarsi-asume-culpa-tras-expulsion-en-barcelona-vs-atletico-pique-responde\/#primaryimage"},"image":{"@id":"https:\/\/tipnexa.com\/blog\/cubarsi-asume-culpa-tras-expulsion-en-barcelona-vs-atletico-pique-responde\/#primaryimage"},"thumbnailUrl":"https:\/\/tipnexa.com\/blog\/wp-content\/uploads\/2026\/04\/cubarsi-asume-culpa-tras-expulsion-en-barcelona-vs-atletico-pique-responde-1775818072802.png","datePublished":"2026-04-10T10:48:02+00:00","breadcrumb":{"@id":"https:\/\/tipnexa.com\/blog\/cubarsi-asume-culpa-tras-expulsion-en-barcelona-vs-atletico-pique-responde\/#breadcrumb"},"inLanguage":"es","potentialAction":[{"@type":"ReadAction","target":["https:\/\/tipnexa.com\/blog\/cubarsi-asume-culpa-tras-expulsion-en-barcelona-vs-atletico-pique-responde\/"]}]},{"@type":"ImageObject","inLanguage":"es","@id":"https:\/\/tipnexa.com\/blog\/cubarsi-asume-culpa-tras-expulsion-en-barcelona-vs-atletico-pique-responde\/#primaryimage","url":"https:\/\/tipnexa.com\/blog\/wp-content\/uploads\/2026\/04\/cubarsi-asume-culpa-tras-expulsion-en-barcelona-vs-atletico-pique-responde-1775818072802.png","contentUrl":"https:\/\/tipnexa.com\/blog\/wp-content\/uploads\/2026\/04\/cubarsi-asume-culpa-tras-expulsion-en-barcelona-vs-atletico-pique-responde-1775818072802.png","width":1344,"height":768},{"@type":"BreadcrumbList","@id":"https:\/\/tipnexa.com\/blog\/cubarsi-asume-culpa-tras-expulsion-en-barcelona-vs-atletico-pique-responde\/#breadcrumb","itemListElement":[{"@type":"ListItem","position":1,"name":"Portada","item":"https:\/\/tipnexa.com\/blog\/"},{"@type":"ListItem","position":2,"name":"Cubars\u00ed Asume Culpa Tras Expulsi\u00f3n en Barcelona vs Atl\u00e9tico: Piqu\u00e9 Responde"}]},{"@type":"WebSite","@id":"https:\/\/tipnexa.com\/blog\/#website","url":"https:\/\/tipnexa.com\/blog\/","name":"Blog de Tipnexa","description":"Descubre en el blog de Tipnexa las \u00faltimas noticias de f\u00fatbol, pron\u00f3sticos, an\u00e1lisis de partidos, ligas y equipos con enfoque experto y datos actualizados.","publisher":{"@id":"https:\/\/tipnexa.com\/blog\/#organization"},"alternateName":"Blog de Tipnexa","potentialAction":[{"@type":"SearchAction","target":{"@type":"EntryPoint","urlTemplate":"https:\/\/tipnexa.com\/blog\/?s={search_term_string}"},"query-input":{"@type":"PropertyValueSpecification","valueRequired":true,"valueName":"search_term_string"}}],"inLanguage":"es"},{"@type":"Organization","@id":"https:\/\/tipnexa.com\/blog\/#organization","name":"Tipnexa","url":"https:\/\/tipnexa.com\/blog\/","logo":{"@type":"ImageObject","inLanguage":"es","@id":"https:\/\/tipnexa.com\/blog\/#\/schema\/logo\/image\/","url":"https:\/\/tipnexa.com\/blog\/wp-content\/uploads\/2026\/03\/192x192.png","contentUrl":"https:\/\/tipnexa.com\/blog\/wp-content\/uploads\/2026\/03\/192x192.png","width":192,"height":192,"caption":"Tipnexa"},"image":{"@id":"https:\/\/tipnexa.com\/blog\/#\/schema\/logo\/image\/"}},{"@type":"Person","@id":"https:\/\/tipnexa.com\/blog\/#\/schema\/person\/fcfe9a20877b14cc7f2bc3ce77f6d3cf","name":"admin","image":{"@type":"ImageObject","inLanguage":"es","@id":"https:\/\/secure.gravatar.com\/avatar\/b4f14cb9d9d12a445b91a477b3cf143c91ca7da26f03b6815b159c10ce2e2c74?s=96&d=mm&r=g","url":"https:\/\/secure.gravatar.com\/avatar\/b4f14cb9d9d12a445b91a477b3cf143c91ca7da26f03b6815b159c10ce2e2c74?s=96&d=mm&r=g","contentUrl":"https:\/\/secure.gravatar.com\/avatar\/b4f14cb9d9d12a445b91a477b3cf143c91ca7da26f03b6815b159c10ce2e2c74?s=96&d=mm&r=g","caption":"admin"},"sameAs":["https:\/\/tipnexa.com\/blog"],"url":"https:\/\/tipnexa.com\/blog\/author\/admin\/"}]}},"_links":{"self":[{"href":"https:\/\/tipnexa.com\/blog\/wp-json\/wp\/v2\/posts\/6634","targetHints":{"allow":["GET"]}}],"collection":[{"href":"https:\/\/tipnexa.com\/blog\/wp-json\/wp\/v2\/posts"}],"about":[{"href":"https:\/\/tipnexa.com\/blog\/wp-json\/wp\/v2\/types\/post"}],"author":[{"embeddable":true,"href":"https:\/\/tipnexa.com\/blog\/wp-json\/wp\/v2\/users\/1"}],"replies":[{"embeddable":true,"href":"https:\/\/tipnexa.com\/blog\/wp-json\/wp\/v2\/comments?post=6634"}],"version-history":[{"count":0,"href":"https:\/\/tipnexa.com\/blog\/wp-json\/wp\/v2\/posts\/6634\/revisions"}],"wp:featuredmedia":[{"embeddable":true,"href":"https:\/\/tipnexa.com\/blog\/wp-json\/wp\/v2\/media\/6633"}],"wp:attachment":[{"href":"https:\/\/tipnexa.com\/blog\/wp-json\/wp\/v2\/media?parent=6634"}],"wp:term":[{"taxonomy":"category","embeddable":true,"href":"https:\/\/tipnexa.com\/blog\/wp-json\/wp\/v2\/categories?post=6634"},{"taxonomy":"post_tag","embeddable":true,"href":"https:\/\/tipnexa.com\/blog\/wp-json\/wp\/v2\/tags?post=6634"}],"curies":[{"name":"wp","href":"https:\/\/api.w.org\/{rel}","templated":true}]}}