{"id":6491,"date":"2026-04-03T05:22:25","date_gmt":"2026-04-03T10:22:25","guid":{"rendered":"https:\/\/tipnexa.com\/blog\/real-madrid-arbeloa-aclara-polemicas-de-mbappe-y-estado-de-vinicius\/"},"modified":"2026-04-03T05:22:25","modified_gmt":"2026-04-03T10:22:25","slug":"real-madrid-arbeloa-aclara-polemicas-de-mbappe-y-estado-de-vinicius","status":"publish","type":"post","link":"https:\/\/tipnexa.com\/blog\/real-madrid-arbeloa-aclara-polemicas-de-mbappe-y-estado-de-vinicius\/","title":{"rendered":"Real Madrid: Arbeloa Aclara Pol\u00e9micas de Mbapp\u00e9 y Estado de Vin\u00edcius"},"content":{"rendered":"<p>El Real Madrid se prepara para un nuevo desaf\u00edo en LaLiga 2026, enfrent\u00e1ndose a Mallorca. En la antesala del encuentro, el entrenador <strong>\u00c1lvaro Arbeloa<\/strong> abord\u00f3 varios temas clave, disipando rumores y ofreciendo claridad sobre el estado de sus figuras, especialmente <strong>Kylian Mbapp\u00e9<\/strong> y <strong>Vin\u00edcius J\u00fanior<\/strong>, y el esperado regreso de <strong>\u00c9der Militao<\/strong>.<\/p>\n<h2>La Situaci\u00f3n de Mbapp\u00e9 y su Compromiso<\/h2>\n<p>Arbeloa fue enf\u00e1tico al desmentir cualquier pol\u00e9mica en torno a la suplencia de Mbapp\u00e9 en el reciente derbi. El t\u00e9cnico defendi\u00f3 su decisi\u00f3n como \u201cuna medida de sentido com\u00fan\u201d, asegurando una comunicaci\u00f3n directa y fluida con el delantero. Adem\u00e1s, el entrenador refut\u00f3 categ\u00f3ricamente las informaciones sobre un supuesto error m\u00e9dico en el diagn\u00f3stico de la rodilla de Mbapp\u00e9, calific\u00e1ndolas de \u201cabsolutamente falsas\u201d y pidiendo centrarse en el rendimiento goleador del jugador.<\/p>\n<p>Sobre el compromiso defensivo de Mbapp\u00e9, Arbeloa subray\u00f3 que el delantero \u201ctiene un compromiso enorme\u201d y comprende las exigencias del equipo. Explic\u00f3 que, si bien los atacantes defienden menos que los defensas, la clave reside en un esfuerzo colectivo de los 25 jugadores para terminar cada partido sin reservas, confiando en que el talento individual marcar\u00e1 la diferencia. Para m\u00e1s detalles sobre partidos de LaLiga, puedes visitar nuestro <a href=\"https:\/\/tipnexa.com\/blog\/\">blog<\/a>.<\/p>\n<h2>Estado F\u00edsico de Vin\u00edcius y Regreso de Militao<\/h2>\n<p>Respecto a <strong>Vin\u00edcius J\u00fanior<\/strong>, Arbeloa reconoci\u00f3 que el brasile\u00f1o se encuentra \u201ccansado\u201d tras la intensa carga de minutos con su selecci\u00f3n. La decisi\u00f3n sobre su posible descanso este fin de semana en LaLiga ser\u00e1 evaluada, considerando la alta exigencia del club. La buena noticia para el conjunto blanco es el inminente regreso de <strong>\u00c9der Militao<\/strong>, quien volver\u00e1 a la acci\u00f3n tras cuatro meses de lesi\u00f3n. Arbeloa elogi\u00f3 al central, describi\u00e9ndolo como \u201cseguramente el mejor central del mundo en forma\u201d y destacando su impacto diferencial en el campo.<\/p>\n<h2>Conclusi\u00f3n<\/h2>\n<p>El Real Madrid afronta la recta final de la temporada 2026 con un enfoque claro en la unidad y el rendimiento. Las declaraciones de Arbeloa reflejan una gesti\u00f3n transparente de las situaciones de sus estrellas, buscando mantener la cohesi\u00f3n del equipo y maximizar el potencial de jugadores como Mbapp\u00e9 y Vin\u00edcius, mientras celebra la crucial vuelta de Militao. La meta es clara: asegurar el m\u00e1ximo rendimiento en cada encuentro de <a href=\"https:\/\/tipnexa.com\/blog\/real-madrid-vs-elche-donde-ver-en-vivo-y-canales-de-transmision-laliga-2026\/\">LaLiga<\/a> y los dem\u00e1s torneos.<\/p>\n","protected":false},"excerpt":{"rendered":"<p>Descubre las declaraciones de Arbeloa sobre la suplencia de Mbapp\u00e9, la forma f\u00edsica de Vin\u00edcius y el regreso de Militao en el Real Madrid. \u00a1Prep\u00e1rate para LaLiga 2026!<\/p>\n","protected":false},"author":1,"featured_media":6490,"comment_status":"open","ping_status":"open","sticky":false,"template":"","format":"standard","meta":{"footnotes":""},"categories":[12],"tags":[],"class_list":["post-6491","post","type-post","status-publish","format-standard","has-post-thumbnail","hentry","category-laliga"],"yoast_head":"<!-- This site is optimized with the Yoast SEO plugin v27.2 - https:\/\/yoast.com\/product\/yoast-seo-wordpress\/ -->\n<title>Real Madrid: Arbeloa Aclara Pol\u00e9micas de Mbapp\u00e9 y Estado de Vin\u00edcius - Tipnexa<\/title>\n<meta name=\"robots\" content=\"index, follow, max-snippet:-1, max-image-preview:large, max-video-preview:-1\" \/>\n<link rel=\"canonical\" href=\"https:\/\/tipnexa.com\/blog\/real-madrid-arbeloa-aclara-polemicas-de-mbappe-y-estado-de-vinicius\/\" \/>\n<meta property=\"og:locale\" content=\"es_ES\" \/>\n<meta property=\"og:type\" content=\"article\" \/>\n<meta property=\"og:title\" content=\"Real Madrid: Arbeloa Aclara Pol\u00e9micas de Mbapp\u00e9 y Estado de Vin\u00edcius - Tipnexa\" \/>\n<meta property=\"og:description\" content=\"Descubre las declaraciones de Arbeloa sobre la suplencia de Mbapp\u00e9, la forma f\u00edsica de Vin\u00edcius y el regreso de Militao en el Real Madrid. \u00a1Prep\u00e1rate para LaLiga 2026!\" \/>\n<meta property=\"og:url\" content=\"https:\/\/tipnexa.com\/blog\/real-madrid-arbeloa-aclara-polemicas-de-mbappe-y-estado-de-vinicius\/\" \/>\n<meta property=\"og:site_name\" content=\"Tipnexa\" \/>\n<meta property=\"article:published_time\" content=\"2026-04-03T10:22:25+00:00\" \/>\n<meta property=\"og:image\" content=\"https:\/\/tipnexa.com\/blog\/wp-content\/uploads\/2026\/03\/192x192.png\" \/>\n\t<meta property=\"og:image:width\" content=\"192\" \/>\n\t<meta property=\"og:image:height\" content=\"192\" \/>\n\t<meta property=\"og:image:type\" content=\"image\/png\" \/>\n<meta name=\"author\" content=\"admin\" \/>\n<meta name=\"twitter:card\" content=\"summary_large_image\" \/>\n<meta name=\"twitter:label1\" content=\"Escrito por\" \/>\n\t<meta name=\"twitter:data1\" content=\"admin\" \/>\n\t<meta name=\"twitter:label2\" content=\"Tiempo de lectura\" \/>\n\t<meta name=\"twitter:data2\" content=\"2 minutos\" \/>\n<script type=\"application\/ld+json\" class=\"yoast-schema-graph\">{\"@context\":\"https:\/\/schema.org\",\"@graph\":[{\"@type\":\"Article\",\"@id\":\"https:\/\/tipnexa.com\/blog\/real-madrid-arbeloa-aclara-polemicas-de-mbappe-y-estado-de-vinicius\/#article\",\"isPartOf\":{\"@id\":\"https:\/\/tipnexa.com\/blog\/real-madrid-arbeloa-aclara-polemicas-de-mbappe-y-estado-de-vinicius\/\"},\"author\":{\"name\":\"admin\",\"@id\":\"https:\/\/tipnexa.com\/blog\/#\/schema\/person\/fcfe9a20877b14cc7f2bc3ce77f6d3cf\"},\"headline\":\"Real Madrid: Arbeloa Aclara Pol\u00e9micas de Mbapp\u00e9 y Estado de Vin\u00edcius\",\"datePublished\":\"2026-04-03T10:22:25+00:00\",\"mainEntityOfPage\":{\"@id\":\"https:\/\/tipnexa.com\/blog\/real-madrid-arbeloa-aclara-polemicas-de-mbappe-y-estado-de-vinicius\/\"},\"wordCount\":413,\"commentCount\":0,\"publisher\":{\"@id\":\"https:\/\/tipnexa.com\/blog\/#organization\"},\"image\":{\"@id\":\"https:\/\/tipnexa.com\/blog\/real-madrid-arbeloa-aclara-polemicas-de-mbappe-y-estado-de-vinicius\/#primaryimage\"},\"thumbnailUrl\":\"https:\/\/tipnexa.com\/blog\/wp-content\/uploads\/2026\/04\/real-madrid-arbeloa-aclara-polemicas-de-mbappe-y-estado-de-vinicius-1775211738758.png\",\"articleSection\":[\"LaLiga\"],\"inLanguage\":\"es\",\"potentialAction\":[{\"@type\":\"CommentAction\",\"name\":\"Comment\",\"target\":[\"https:\/\/tipnexa.com\/blog\/real-madrid-arbeloa-aclara-polemicas-de-mbappe-y-estado-de-vinicius\/#respond\"]}]},{\"@type\":\"WebPage\",\"@id\":\"https:\/\/tipnexa.com\/blog\/real-madrid-arbeloa-aclara-polemicas-de-mbappe-y-estado-de-vinicius\/\",\"url\":\"https:\/\/tipnexa.com\/blog\/real-madrid-arbeloa-aclara-polemicas-de-mbappe-y-estado-de-vinicius\/\",\"name\":\"Real Madrid: Arbeloa Aclara Pol\u00e9micas de Mbapp\u00e9 y Estado de Vin\u00edcius - Tipnexa\",\"isPartOf\":{\"@id\":\"https:\/\/tipnexa.com\/blog\/#website\"},\"primaryImageOfPage\":{\"@id\":\"https:\/\/tipnexa.com\/blog\/real-madrid-arbeloa-aclara-polemicas-de-mbappe-y-estado-de-vinicius\/#primaryimage\"},\"image\":{\"@id\":\"https:\/\/tipnexa.com\/blog\/real-madrid-arbeloa-aclara-polemicas-de-mbappe-y-estado-de-vinicius\/#primaryimage\"},\"thumbnailUrl\":\"https:\/\/tipnexa.com\/blog\/wp-content\/uploads\/2026\/04\/real-madrid-arbeloa-aclara-polemicas-de-mbappe-y-estado-de-vinicius-1775211738758.png\",\"datePublished\":\"2026-04-03T10:22:25+00:00\",\"breadcrumb\":{\"@id\":\"https:\/\/tipnexa.com\/blog\/real-madrid-arbeloa-aclara-polemicas-de-mbappe-y-estado-de-vinicius\/#breadcrumb\"},\"inLanguage\":\"es\",\"potentialAction\":[{\"@type\":\"ReadAction\",\"target\":[\"https:\/\/tipnexa.com\/blog\/real-madrid-arbeloa-aclara-polemicas-de-mbappe-y-estado-de-vinicius\/\"]}]},{\"@type\":\"ImageObject\",\"inLanguage\":\"es\",\"@id\":\"https:\/\/tipnexa.com\/blog\/real-madrid-arbeloa-aclara-polemicas-de-mbappe-y-estado-de-vinicius\/#primaryimage\",\"url\":\"https:\/\/tipnexa.com\/blog\/wp-content\/uploads\/2026\/04\/real-madrid-arbeloa-aclara-polemicas-de-mbappe-y-estado-de-vinicius-1775211738758.png\",\"contentUrl\":\"https:\/\/tipnexa.com\/blog\/wp-content\/uploads\/2026\/04\/real-madrid-arbeloa-aclara-polemicas-de-mbappe-y-estado-de-vinicius-1775211738758.png\",\"width\":1344,\"height\":768},{\"@type\":\"BreadcrumbList\",\"@id\":\"https:\/\/tipnexa.com\/blog\/real-madrid-arbeloa-aclara-polemicas-de-mbappe-y-estado-de-vinicius\/#breadcrumb\",\"itemListElement\":[{\"@type\":\"ListItem\",\"position\":1,\"name\":\"Portada\",\"item\":\"https:\/\/tipnexa.com\/blog\/\"},{\"@type\":\"ListItem\",\"position\":2,\"name\":\"Real Madrid: Arbeloa Aclara Pol\u00e9micas de Mbapp\u00e9 y Estado de Vin\u00edcius\"}]},{\"@type\":\"WebSite\",\"@id\":\"https:\/\/tipnexa.com\/blog\/#website\",\"url\":\"https:\/\/tipnexa.com\/blog\/\",\"name\":\"Blog de Tipnexa\",\"description\":\"Descubre en el blog de Tipnexa las \u00faltimas noticias de f\u00fatbol, pron\u00f3sticos, an\u00e1lisis de partidos, ligas y equipos con enfoque experto y datos actualizados.\",\"publisher\":{\"@id\":\"https:\/\/tipnexa.com\/blog\/#organization\"},\"alternateName\":\"Blog de Tipnexa\",\"potentialAction\":[{\"@type\":\"SearchAction\",\"target\":{\"@type\":\"EntryPoint\",\"urlTemplate\":\"https:\/\/tipnexa.com\/blog\/?s={search_term_string}\"},\"query-input\":{\"@type\":\"PropertyValueSpecification\",\"valueRequired\":true,\"valueName\":\"search_term_string\"}}],\"inLanguage\":\"es\"},{\"@type\":\"Organization\",\"@id\":\"https:\/\/tipnexa.com\/blog\/#organization\",\"name\":\"Tipnexa\",\"url\":\"https:\/\/tipnexa.com\/blog\/\",\"logo\":{\"@type\":\"ImageObject\",\"inLanguage\":\"es\",\"@id\":\"https:\/\/tipnexa.com\/blog\/#\/schema\/logo\/image\/\",\"url\":\"https:\/\/tipnexa.com\/blog\/wp-content\/uploads\/2026\/03\/192x192.png\",\"contentUrl\":\"https:\/\/tipnexa.com\/blog\/wp-content\/uploads\/2026\/03\/192x192.png\",\"width\":192,\"height\":192,\"caption\":\"Tipnexa\"},\"image\":{\"@id\":\"https:\/\/tipnexa.com\/blog\/#\/schema\/logo\/image\/\"}},{\"@type\":\"Person\",\"@id\":\"https:\/\/tipnexa.com\/blog\/#\/schema\/person\/fcfe9a20877b14cc7f2bc3ce77f6d3cf\",\"name\":\"admin\",\"image\":{\"@type\":\"ImageObject\",\"inLanguage\":\"es\",\"@id\":\"https:\/\/secure.gravatar.com\/avatar\/b4f14cb9d9d12a445b91a477b3cf143c91ca7da26f03b6815b159c10ce2e2c74?s=96&d=mm&r=g\",\"url\":\"https:\/\/secure.gravatar.com\/avatar\/b4f14cb9d9d12a445b91a477b3cf143c91ca7da26f03b6815b159c10ce2e2c74?s=96&d=mm&r=g\",\"contentUrl\":\"https:\/\/secure.gravatar.com\/avatar\/b4f14cb9d9d12a445b91a477b3cf143c91ca7da26f03b6815b159c10ce2e2c74?s=96&d=mm&r=g\",\"caption\":\"admin\"},\"sameAs\":[\"https:\/\/tipnexa.com\/blog\"],\"url\":\"https:\/\/tipnexa.com\/blog\/author\/admin\/\"}]}<\/script>\n<!-- \/ Yoast SEO plugin. -->","yoast_head_json":{"title":"Real Madrid: Arbeloa Aclara Pol\u00e9micas de Mbapp\u00e9 y Estado de Vin\u00edcius - Tipnexa","robots":{"index":"index","follow":"follow","max-snippet":"max-snippet:-1","max-image-preview":"max-image-preview:large","max-video-preview":"max-video-preview:-1"},"canonical":"https:\/\/tipnexa.com\/blog\/real-madrid-arbeloa-aclara-polemicas-de-mbappe-y-estado-de-vinicius\/","og_locale":"es_ES","og_type":"article","og_title":"Real Madrid: Arbeloa Aclara Pol\u00e9micas de Mbapp\u00e9 y Estado de Vin\u00edcius - Tipnexa","og_description":"Descubre las declaraciones de Arbeloa sobre la suplencia de Mbapp\u00e9, la forma f\u00edsica de Vin\u00edcius y el regreso de Militao en el Real Madrid. \u00a1Prep\u00e1rate para LaLiga 2026!","og_url":"https:\/\/tipnexa.com\/blog\/real-madrid-arbeloa-aclara-polemicas-de-mbappe-y-estado-de-vinicius\/","og_site_name":"Tipnexa","article_published_time":"2026-04-03T10:22:25+00:00","og_image":[{"width":192,"height":192,"url":"https:\/\/tipnexa.com\/blog\/wp-content\/uploads\/2026\/03\/192x192.png","type":"image\/png"}],"author":"admin","twitter_card":"summary_large_image","twitter_misc":{"Escrito por":"admin","Tiempo de lectura":"2 minutos"},"schema":{"@context":"https:\/\/schema.org","@graph":[{"@type":"Article","@id":"https:\/\/tipnexa.com\/blog\/real-madrid-arbeloa-aclara-polemicas-de-mbappe-y-estado-de-vinicius\/#article","isPartOf":{"@id":"https:\/\/tipnexa.com\/blog\/real-madrid-arbeloa-aclara-polemicas-de-mbappe-y-estado-de-vinicius\/"},"author":{"name":"admin","@id":"https:\/\/tipnexa.com\/blog\/#\/schema\/person\/fcfe9a20877b14cc7f2bc3ce77f6d3cf"},"headline":"Real Madrid: Arbeloa Aclara Pol\u00e9micas de Mbapp\u00e9 y Estado de Vin\u00edcius","datePublished":"2026-04-03T10:22:25+00:00","mainEntityOfPage":{"@id":"https:\/\/tipnexa.com\/blog\/real-madrid-arbeloa-aclara-polemicas-de-mbappe-y-estado-de-vinicius\/"},"wordCount":413,"commentCount":0,"publisher":{"@id":"https:\/\/tipnexa.com\/blog\/#organization"},"image":{"@id":"https:\/\/tipnexa.com\/blog\/real-madrid-arbeloa-aclara-polemicas-de-mbappe-y-estado-de-vinicius\/#primaryimage"},"thumbnailUrl":"https:\/\/tipnexa.com\/blog\/wp-content\/uploads\/2026\/04\/real-madrid-arbeloa-aclara-polemicas-de-mbappe-y-estado-de-vinicius-1775211738758.png","articleSection":["LaLiga"],"inLanguage":"es","potentialAction":[{"@type":"CommentAction","name":"Comment","target":["https:\/\/tipnexa.com\/blog\/real-madrid-arbeloa-aclara-polemicas-de-mbappe-y-estado-de-vinicius\/#respond"]}]},{"@type":"WebPage","@id":"https:\/\/tipnexa.com\/blog\/real-madrid-arbeloa-aclara-polemicas-de-mbappe-y-estado-de-vinicius\/","url":"https:\/\/tipnexa.com\/blog\/real-madrid-arbeloa-aclara-polemicas-de-mbappe-y-estado-de-vinicius\/","name":"Real Madrid: Arbeloa Aclara Pol\u00e9micas de Mbapp\u00e9 y Estado de Vin\u00edcius - Tipnexa","isPartOf":{"@id":"https:\/\/tipnexa.com\/blog\/#website"},"primaryImageOfPage":{"@id":"https:\/\/tipnexa.com\/blog\/real-madrid-arbeloa-aclara-polemicas-de-mbappe-y-estado-de-vinicius\/#primaryimage"},"image":{"@id":"https:\/\/tipnexa.com\/blog\/real-madrid-arbeloa-aclara-polemicas-de-mbappe-y-estado-de-vinicius\/#primaryimage"},"thumbnailUrl":"https:\/\/tipnexa.com\/blog\/wp-content\/uploads\/2026\/04\/real-madrid-arbeloa-aclara-polemicas-de-mbappe-y-estado-de-vinicius-1775211738758.png","datePublished":"2026-04-03T10:22:25+00:00","breadcrumb":{"@id":"https:\/\/tipnexa.com\/blog\/real-madrid-arbeloa-aclara-polemicas-de-mbappe-y-estado-de-vinicius\/#breadcrumb"},"inLanguage":"es","potentialAction":[{"@type":"ReadAction","target":["https:\/\/tipnexa.com\/blog\/real-madrid-arbeloa-aclara-polemicas-de-mbappe-y-estado-de-vinicius\/"]}]},{"@type":"ImageObject","inLanguage":"es","@id":"https:\/\/tipnexa.com\/blog\/real-madrid-arbeloa-aclara-polemicas-de-mbappe-y-estado-de-vinicius\/#primaryimage","url":"https:\/\/tipnexa.com\/blog\/wp-content\/uploads\/2026\/04\/real-madrid-arbeloa-aclara-polemicas-de-mbappe-y-estado-de-vinicius-1775211738758.png","contentUrl":"https:\/\/tipnexa.com\/blog\/wp-content\/uploads\/2026\/04\/real-madrid-arbeloa-aclara-polemicas-de-mbappe-y-estado-de-vinicius-1775211738758.png","width":1344,"height":768},{"@type":"BreadcrumbList","@id":"https:\/\/tipnexa.com\/blog\/real-madrid-arbeloa-aclara-polemicas-de-mbappe-y-estado-de-vinicius\/#breadcrumb","itemListElement":[{"@type":"ListItem","position":1,"name":"Portada","item":"https:\/\/tipnexa.com\/blog\/"},{"@type":"ListItem","position":2,"name":"Real Madrid: Arbeloa Aclara Pol\u00e9micas de Mbapp\u00e9 y Estado de Vin\u00edcius"}]},{"@type":"WebSite","@id":"https:\/\/tipnexa.com\/blog\/#website","url":"https:\/\/tipnexa.com\/blog\/","name":"Blog de Tipnexa","description":"Descubre en el blog de Tipnexa las \u00faltimas noticias de f\u00fatbol, pron\u00f3sticos, an\u00e1lisis de partidos, ligas y equipos con enfoque experto y datos actualizados.","publisher":{"@id":"https:\/\/tipnexa.com\/blog\/#organization"},"alternateName":"Blog de Tipnexa","potentialAction":[{"@type":"SearchAction","target":{"@type":"EntryPoint","urlTemplate":"https:\/\/tipnexa.com\/blog\/?s={search_term_string}"},"query-input":{"@type":"PropertyValueSpecification","valueRequired":true,"valueName":"search_term_string"}}],"inLanguage":"es"},{"@type":"Organization","@id":"https:\/\/tipnexa.com\/blog\/#organization","name":"Tipnexa","url":"https:\/\/tipnexa.com\/blog\/","logo":{"@type":"ImageObject","inLanguage":"es","@id":"https:\/\/tipnexa.com\/blog\/#\/schema\/logo\/image\/","url":"https:\/\/tipnexa.com\/blog\/wp-content\/uploads\/2026\/03\/192x192.png","contentUrl":"https:\/\/tipnexa.com\/blog\/wp-content\/uploads\/2026\/03\/192x192.png","width":192,"height":192,"caption":"Tipnexa"},"image":{"@id":"https:\/\/tipnexa.com\/blog\/#\/schema\/logo\/image\/"}},{"@type":"Person","@id":"https:\/\/tipnexa.com\/blog\/#\/schema\/person\/fcfe9a20877b14cc7f2bc3ce77f6d3cf","name":"admin","image":{"@type":"ImageObject","inLanguage":"es","@id":"https:\/\/secure.gravatar.com\/avatar\/b4f14cb9d9d12a445b91a477b3cf143c91ca7da26f03b6815b159c10ce2e2c74?s=96&d=mm&r=g","url":"https:\/\/secure.gravatar.com\/avatar\/b4f14cb9d9d12a445b91a477b3cf143c91ca7da26f03b6815b159c10ce2e2c74?s=96&d=mm&r=g","contentUrl":"https:\/\/secure.gravatar.com\/avatar\/b4f14cb9d9d12a445b91a477b3cf143c91ca7da26f03b6815b159c10ce2e2c74?s=96&d=mm&r=g","caption":"admin"},"sameAs":["https:\/\/tipnexa.com\/blog"],"url":"https:\/\/tipnexa.com\/blog\/author\/admin\/"}]}},"_links":{"self":[{"href":"https:\/\/tipnexa.com\/blog\/wp-json\/wp\/v2\/posts\/6491","targetHints":{"allow":["GET"]}}],"collection":[{"href":"https:\/\/tipnexa.com\/blog\/wp-json\/wp\/v2\/posts"}],"about":[{"href":"https:\/\/tipnexa.com\/blog\/wp-json\/wp\/v2\/types\/post"}],"author":[{"embeddable":true,"href":"https:\/\/tipnexa.com\/blog\/wp-json\/wp\/v2\/users\/1"}],"replies":[{"embeddable":true,"href":"https:\/\/tipnexa.com\/blog\/wp-json\/wp\/v2\/comments?post=6491"}],"version-history":[{"count":0,"href":"https:\/\/tipnexa.com\/blog\/wp-json\/wp\/v2\/posts\/6491\/revisions"}],"wp:featuredmedia":[{"embeddable":true,"href":"https:\/\/tipnexa.com\/blog\/wp-json\/wp\/v2\/media\/6490"}],"wp:attachment":[{"href":"https:\/\/tipnexa.com\/blog\/wp-json\/wp\/v2\/media?parent=6491"}],"wp:term":[{"taxonomy":"category","embeddable":true,"href":"https:\/\/tipnexa.com\/blog\/wp-json\/wp\/v2\/categories?post=6491"},{"taxonomy":"post_tag","embeddable":true,"href":"https:\/\/tipnexa.com\/blog\/wp-json\/wp\/v2\/tags?post=6491"}],"curies":[{"name":"wp","href":"https:\/\/api.w.org\/{rel}","templated":true}]}}