{"id":5897,"date":"2026-03-31T03:48:53","date_gmt":"2026-03-31T08:48:53","guid":{"rendered":"https:\/\/tipnexa.com\/blog\/cristiano-ronaldo-fecha-de-regreso-y-estado-de-su-lesion-en-2026\/"},"modified":"2026-03-31T03:48:53","modified_gmt":"2026-03-31T08:48:53","slug":"cristiano-ronaldo-fecha-de-regreso-y-estado-de-su-lesion-en-2026","status":"publish","type":"post","link":"https:\/\/tipnexa.com\/blog\/cristiano-ronaldo-fecha-de-regreso-y-estado-de-su-lesion-en-2026\/","title":{"rendered":"Cristiano Ronaldo: Fecha de Regreso y Estado de su Lesi\u00f3n en 2026"},"content":{"rendered":"<p>La preocupaci\u00f3n por la lesi\u00f3n de <strong>Cristiano Ronaldo<\/strong> ha mantenido en vilo a los aficionados, pero Roberto Mart\u00ednez, seleccionador de Portugal, ha tra\u00eddo tranquilidad. El t\u00e9cnico ha asegurado que el problema f\u00edsico del delantero no es \u00abnada serio\u00bb y ha vaticinado su retorno a los entrenamientos grupales y a los partidos con su equipo para la pr\u00f3xima semana de 2026.<\/p>\n<h2>Actualizaci\u00f3n sobre la Lesi\u00f3n de CR7<\/h2>\n<p>El astro portugu\u00e9s ha estado alejado de las canchas desde finales de febrero debido a un inconveniente en el tend\u00f3n de la corva de su pierna derecha. Durante el mes de marzo, se someti\u00f3 a un tratamiento especializado en Madrid, lo que lo margin\u00f3 de las convocatorias con su selecci\u00f3n para los encuentros contra M\u00e9xico y Estados Unidos. Sin embargo, su recuperaci\u00f3n avanza a buen ritmo.<\/p>\n<p>Mart\u00ednez, en una reciente conferencia de prensa, expres\u00f3 su optimismo: \u00abEs dif\u00edcil predecir con Cristiano, r\u00e1pidamente aprend\u00ed a no intentarlo. Se enfoca en estar lo mejor posible ahora. Tiene una <strong>lesi\u00f3n menor<\/strong> y seguramente estar\u00e1 jugando y entrenando la pr\u00f3xima semana. No es nada serio\u00bb, reiter\u00f3 el seleccionador, disipando cualquier duda sobre la gravedad del asunto.<\/p>\n<h2>El Liderazgo Inquebrantable de Cristiano Ronaldo<\/h2>\n<p>A pesar de su ausencia temporal, el impacto de <strong>Cristiano Ronaldo<\/strong> en el vestuario es innegable. Mart\u00ednez no escatim\u00f3 en elogios para el n\u00famero 7, destacando su rol de <strong>capit\u00e1n<\/strong> y <strong>modelo a seguir<\/strong>. \u00abNo es solo un jugador de 41 a\u00f1os, es alguien con hambre de mejorar todos los d\u00edas. Demuestra ser un capit\u00e1n ejemplar y una inspiraci\u00f3n para los m\u00e1s j\u00f3venes, mostrando el camino y encarnando nuestros valores\u00bb, afirm\u00f3 el t\u00e9cnico.<\/p>\n<p>Su importancia en el campo tambi\u00e9n es crucial, especialmente por su movimiento en el \u00e1rea rival, un factor determinante en el tercio final del juego. En sus \u00faltimos 30 partidos, ha demostrado su val\u00eda con 25 goles, reafirmando su impacto en el <a href=\"https:\/\/tipnexa.com\/blog\/futbol-internacional\/\">f\u00fatbol internacional<\/a> y su rol de capit\u00e1n y modelo a seguir en el vestuario, un aspecto crucial en el \u00e9xito de cualquier <a href=\"https:\/\/tipnexa.com\/blog\/clubes\/\">club<\/a>.<\/p>\n<p>Tras finalizar su tratamiento en Madrid, el exjugador de grandes clubes europeos regres\u00f3 a Arabia Saudita y ya se le ha visto realizando <strong>ejercicios individuales<\/strong> en el campo de entrenamiento de su equipo. Se espera su reincorporaci\u00f3n plena al plantel para el pr\u00f3ximo partido, marcando un esperado regreso a la acci\u00f3n en 2026.<\/p>\n<h2>Conclusi\u00f3n<\/h2>\n<p>La noticia del inminente <strong>regreso de Cristiano Ronaldo<\/strong> es un gran alivio para su equipo y para la selecci\u00f3n portuguesa. Su determinaci\u00f3n y capacidad de recuperaci\u00f3n, sumadas a su liderazgo y olfato goleador, lo mantienen como una figura central en el panorama futbol\u00edstico mundial. Los aficionados esperan con ansias verle de nuevo en plena forma, aportando su inigualable talento al juego.<\/p>\n","protected":false},"excerpt":{"rendered":"<p>Roberto Mart\u00ednez confirma que la lesi\u00f3n de Cristiano Ronaldo no es grave. Descubre cu\u00e1ndo regresar\u00e1 el astro portugu\u00e9s a los entrenamientos y partidos con su equipo en 2026.<\/p>\n","protected":false},"author":1,"featured_media":5896,"comment_status":"open","ping_status":"open","sticky":false,"template":"","format":"standard","meta":{"footnotes":""},"categories":[10,16],"tags":[],"class_list":["post-5897","post","type-post","status-publish","format-standard","has-post-thumbnail","hentry","category-clubes","category-futbol-internacional"],"yoast_head":"<!-- This site is optimized with the Yoast SEO plugin v27.2 - https:\/\/yoast.com\/product\/yoast-seo-wordpress\/ -->\n<title>Cristiano Ronaldo: Fecha de Regreso y Estado de su Lesi\u00f3n en 2026 - Tipnexa<\/title>\n<meta name=\"robots\" content=\"index, follow, max-snippet:-1, max-image-preview:large, max-video-preview:-1\" \/>\n<link rel=\"canonical\" href=\"https:\/\/tipnexa.com\/blog\/cristiano-ronaldo-fecha-de-regreso-y-estado-de-su-lesion-en-2026\/\" \/>\n<meta property=\"og:locale\" content=\"es_ES\" \/>\n<meta property=\"og:type\" content=\"article\" \/>\n<meta property=\"og:title\" content=\"Cristiano Ronaldo: Fecha de Regreso y Estado de su Lesi\u00f3n en 2026 - Tipnexa\" \/>\n<meta property=\"og:description\" content=\"Roberto Mart\u00ednez confirma que la lesi\u00f3n de Cristiano Ronaldo no es grave. Descubre cu\u00e1ndo regresar\u00e1 el astro portugu\u00e9s a los entrenamientos y partidos con su equipo en 2026.\" \/>\n<meta property=\"og:url\" content=\"https:\/\/tipnexa.com\/blog\/cristiano-ronaldo-fecha-de-regreso-y-estado-de-su-lesion-en-2026\/\" \/>\n<meta property=\"og:site_name\" content=\"Tipnexa\" \/>\n<meta property=\"article:published_time\" content=\"2026-03-31T08:48:53+00:00\" \/>\n<meta property=\"og:image\" content=\"https:\/\/tipnexa.com\/blog\/wp-content\/uploads\/2026\/03\/192x192.png\" \/>\n\t<meta property=\"og:image:width\" content=\"192\" \/>\n\t<meta property=\"og:image:height\" content=\"192\" \/>\n\t<meta property=\"og:image:type\" content=\"image\/png\" \/>\n<meta name=\"author\" content=\"admin\" \/>\n<meta name=\"twitter:card\" content=\"summary_large_image\" \/>\n<meta name=\"twitter:label1\" content=\"Escrito por\" \/>\n\t<meta name=\"twitter:data1\" content=\"admin\" \/>\n\t<meta name=\"twitter:label2\" content=\"Tiempo de lectura\" \/>\n\t<meta name=\"twitter:data2\" content=\"2 minutos\" \/>\n<script type=\"application\/ld+json\" class=\"yoast-schema-graph\">{\"@context\":\"https:\/\/schema.org\",\"@graph\":[{\"@type\":\"Article\",\"@id\":\"https:\/\/tipnexa.com\/blog\/cristiano-ronaldo-fecha-de-regreso-y-estado-de-su-lesion-en-2026\/#article\",\"isPartOf\":{\"@id\":\"https:\/\/tipnexa.com\/blog\/cristiano-ronaldo-fecha-de-regreso-y-estado-de-su-lesion-en-2026\/\"},\"author\":{\"name\":\"admin\",\"@id\":\"https:\/\/tipnexa.com\/blog\/#\/schema\/person\/fcfe9a20877b14cc7f2bc3ce77f6d3cf\"},\"headline\":\"Cristiano Ronaldo: Fecha de Regreso y Estado de su Lesi\u00f3n en 2026\",\"datePublished\":\"2026-03-31T08:48:53+00:00\",\"mainEntityOfPage\":{\"@id\":\"https:\/\/tipnexa.com\/blog\/cristiano-ronaldo-fecha-de-regreso-y-estado-de-su-lesion-en-2026\/\"},\"wordCount\":494,\"commentCount\":0,\"publisher\":{\"@id\":\"https:\/\/tipnexa.com\/blog\/#organization\"},\"image\":{\"@id\":\"https:\/\/tipnexa.com\/blog\/cristiano-ronaldo-fecha-de-regreso-y-estado-de-su-lesion-en-2026\/#primaryimage\"},\"thumbnailUrl\":\"https:\/\/tipnexa.com\/blog\/wp-content\/uploads\/2026\/03\/cristiano-ronaldo-fecha-de-regreso-y-estado-de-su-lesion-en-2026-1774946926455.png\",\"articleSection\":[\"Clubes\",\"F\u00fatbol Internacional\"],\"inLanguage\":\"es\",\"potentialAction\":[{\"@type\":\"CommentAction\",\"name\":\"Comment\",\"target\":[\"https:\/\/tipnexa.com\/blog\/cristiano-ronaldo-fecha-de-regreso-y-estado-de-su-lesion-en-2026\/#respond\"]}]},{\"@type\":\"WebPage\",\"@id\":\"https:\/\/tipnexa.com\/blog\/cristiano-ronaldo-fecha-de-regreso-y-estado-de-su-lesion-en-2026\/\",\"url\":\"https:\/\/tipnexa.com\/blog\/cristiano-ronaldo-fecha-de-regreso-y-estado-de-su-lesion-en-2026\/\",\"name\":\"Cristiano Ronaldo: Fecha de Regreso y Estado de su Lesi\u00f3n en 2026 - Tipnexa\",\"isPartOf\":{\"@id\":\"https:\/\/tipnexa.com\/blog\/#website\"},\"primaryImageOfPage\":{\"@id\":\"https:\/\/tipnexa.com\/blog\/cristiano-ronaldo-fecha-de-regreso-y-estado-de-su-lesion-en-2026\/#primaryimage\"},\"image\":{\"@id\":\"https:\/\/tipnexa.com\/blog\/cristiano-ronaldo-fecha-de-regreso-y-estado-de-su-lesion-en-2026\/#primaryimage\"},\"thumbnailUrl\":\"https:\/\/tipnexa.com\/blog\/wp-content\/uploads\/2026\/03\/cristiano-ronaldo-fecha-de-regreso-y-estado-de-su-lesion-en-2026-1774946926455.png\",\"datePublished\":\"2026-03-31T08:48:53+00:00\",\"breadcrumb\":{\"@id\":\"https:\/\/tipnexa.com\/blog\/cristiano-ronaldo-fecha-de-regreso-y-estado-de-su-lesion-en-2026\/#breadcrumb\"},\"inLanguage\":\"es\",\"potentialAction\":[{\"@type\":\"ReadAction\",\"target\":[\"https:\/\/tipnexa.com\/blog\/cristiano-ronaldo-fecha-de-regreso-y-estado-de-su-lesion-en-2026\/\"]}]},{\"@type\":\"ImageObject\",\"inLanguage\":\"es\",\"@id\":\"https:\/\/tipnexa.com\/blog\/cristiano-ronaldo-fecha-de-regreso-y-estado-de-su-lesion-en-2026\/#primaryimage\",\"url\":\"https:\/\/tipnexa.com\/blog\/wp-content\/uploads\/2026\/03\/cristiano-ronaldo-fecha-de-regreso-y-estado-de-su-lesion-en-2026-1774946926455.png\",\"contentUrl\":\"https:\/\/tipnexa.com\/blog\/wp-content\/uploads\/2026\/03\/cristiano-ronaldo-fecha-de-regreso-y-estado-de-su-lesion-en-2026-1774946926455.png\",\"width\":1344,\"height\":768},{\"@type\":\"BreadcrumbList\",\"@id\":\"https:\/\/tipnexa.com\/blog\/cristiano-ronaldo-fecha-de-regreso-y-estado-de-su-lesion-en-2026\/#breadcrumb\",\"itemListElement\":[{\"@type\":\"ListItem\",\"position\":1,\"name\":\"Portada\",\"item\":\"https:\/\/tipnexa.com\/blog\/\"},{\"@type\":\"ListItem\",\"position\":2,\"name\":\"Cristiano Ronaldo: Fecha de Regreso y Estado de su Lesi\u00f3n en 2026\"}]},{\"@type\":\"WebSite\",\"@id\":\"https:\/\/tipnexa.com\/blog\/#website\",\"url\":\"https:\/\/tipnexa.com\/blog\/\",\"name\":\"Blog de Tipnexa\",\"description\":\"Descubre en el blog de Tipnexa las \u00faltimas noticias de f\u00fatbol, pron\u00f3sticos, an\u00e1lisis de partidos, ligas y equipos con enfoque experto y datos actualizados.\",\"publisher\":{\"@id\":\"https:\/\/tipnexa.com\/blog\/#organization\"},\"alternateName\":\"Blog de Tipnexa\",\"potentialAction\":[{\"@type\":\"SearchAction\",\"target\":{\"@type\":\"EntryPoint\",\"urlTemplate\":\"https:\/\/tipnexa.com\/blog\/?s={search_term_string}\"},\"query-input\":{\"@type\":\"PropertyValueSpecification\",\"valueRequired\":true,\"valueName\":\"search_term_string\"}}],\"inLanguage\":\"es\"},{\"@type\":\"Organization\",\"@id\":\"https:\/\/tipnexa.com\/blog\/#organization\",\"name\":\"Tipnexa\",\"url\":\"https:\/\/tipnexa.com\/blog\/\",\"logo\":{\"@type\":\"ImageObject\",\"inLanguage\":\"es\",\"@id\":\"https:\/\/tipnexa.com\/blog\/#\/schema\/logo\/image\/\",\"url\":\"https:\/\/tipnexa.com\/blog\/wp-content\/uploads\/2026\/03\/192x192.png\",\"contentUrl\":\"https:\/\/tipnexa.com\/blog\/wp-content\/uploads\/2026\/03\/192x192.png\",\"width\":192,\"height\":192,\"caption\":\"Tipnexa\"},\"image\":{\"@id\":\"https:\/\/tipnexa.com\/blog\/#\/schema\/logo\/image\/\"}},{\"@type\":\"Person\",\"@id\":\"https:\/\/tipnexa.com\/blog\/#\/schema\/person\/fcfe9a20877b14cc7f2bc3ce77f6d3cf\",\"name\":\"admin\",\"image\":{\"@type\":\"ImageObject\",\"inLanguage\":\"es\",\"@id\":\"https:\/\/secure.gravatar.com\/avatar\/b4f14cb9d9d12a445b91a477b3cf143c91ca7da26f03b6815b159c10ce2e2c74?s=96&d=mm&r=g\",\"url\":\"https:\/\/secure.gravatar.com\/avatar\/b4f14cb9d9d12a445b91a477b3cf143c91ca7da26f03b6815b159c10ce2e2c74?s=96&d=mm&r=g\",\"contentUrl\":\"https:\/\/secure.gravatar.com\/avatar\/b4f14cb9d9d12a445b91a477b3cf143c91ca7da26f03b6815b159c10ce2e2c74?s=96&d=mm&r=g\",\"caption\":\"admin\"},\"sameAs\":[\"https:\/\/tipnexa.com\/blog\"],\"url\":\"https:\/\/tipnexa.com\/blog\/author\/admin\/\"}]}<\/script>\n<!-- \/ Yoast SEO plugin. -->","yoast_head_json":{"title":"Cristiano Ronaldo: Fecha de Regreso y Estado de su Lesi\u00f3n en 2026 - Tipnexa","robots":{"index":"index","follow":"follow","max-snippet":"max-snippet:-1","max-image-preview":"max-image-preview:large","max-video-preview":"max-video-preview:-1"},"canonical":"https:\/\/tipnexa.com\/blog\/cristiano-ronaldo-fecha-de-regreso-y-estado-de-su-lesion-en-2026\/","og_locale":"es_ES","og_type":"article","og_title":"Cristiano Ronaldo: Fecha de Regreso y Estado de su Lesi\u00f3n en 2026 - Tipnexa","og_description":"Roberto Mart\u00ednez confirma que la lesi\u00f3n de Cristiano Ronaldo no es grave. Descubre cu\u00e1ndo regresar\u00e1 el astro portugu\u00e9s a los entrenamientos y partidos con su equipo en 2026.","og_url":"https:\/\/tipnexa.com\/blog\/cristiano-ronaldo-fecha-de-regreso-y-estado-de-su-lesion-en-2026\/","og_site_name":"Tipnexa","article_published_time":"2026-03-31T08:48:53+00:00","og_image":[{"width":192,"height":192,"url":"https:\/\/tipnexa.com\/blog\/wp-content\/uploads\/2026\/03\/192x192.png","type":"image\/png"}],"author":"admin","twitter_card":"summary_large_image","twitter_misc":{"Escrito por":"admin","Tiempo de lectura":"2 minutos"},"schema":{"@context":"https:\/\/schema.org","@graph":[{"@type":"Article","@id":"https:\/\/tipnexa.com\/blog\/cristiano-ronaldo-fecha-de-regreso-y-estado-de-su-lesion-en-2026\/#article","isPartOf":{"@id":"https:\/\/tipnexa.com\/blog\/cristiano-ronaldo-fecha-de-regreso-y-estado-de-su-lesion-en-2026\/"},"author":{"name":"admin","@id":"https:\/\/tipnexa.com\/blog\/#\/schema\/person\/fcfe9a20877b14cc7f2bc3ce77f6d3cf"},"headline":"Cristiano Ronaldo: Fecha de Regreso y Estado de su Lesi\u00f3n en 2026","datePublished":"2026-03-31T08:48:53+00:00","mainEntityOfPage":{"@id":"https:\/\/tipnexa.com\/blog\/cristiano-ronaldo-fecha-de-regreso-y-estado-de-su-lesion-en-2026\/"},"wordCount":494,"commentCount":0,"publisher":{"@id":"https:\/\/tipnexa.com\/blog\/#organization"},"image":{"@id":"https:\/\/tipnexa.com\/blog\/cristiano-ronaldo-fecha-de-regreso-y-estado-de-su-lesion-en-2026\/#primaryimage"},"thumbnailUrl":"https:\/\/tipnexa.com\/blog\/wp-content\/uploads\/2026\/03\/cristiano-ronaldo-fecha-de-regreso-y-estado-de-su-lesion-en-2026-1774946926455.png","articleSection":["Clubes","F\u00fatbol Internacional"],"inLanguage":"es","potentialAction":[{"@type":"CommentAction","name":"Comment","target":["https:\/\/tipnexa.com\/blog\/cristiano-ronaldo-fecha-de-regreso-y-estado-de-su-lesion-en-2026\/#respond"]}]},{"@type":"WebPage","@id":"https:\/\/tipnexa.com\/blog\/cristiano-ronaldo-fecha-de-regreso-y-estado-de-su-lesion-en-2026\/","url":"https:\/\/tipnexa.com\/blog\/cristiano-ronaldo-fecha-de-regreso-y-estado-de-su-lesion-en-2026\/","name":"Cristiano Ronaldo: Fecha de Regreso y Estado de su Lesi\u00f3n en 2026 - Tipnexa","isPartOf":{"@id":"https:\/\/tipnexa.com\/blog\/#website"},"primaryImageOfPage":{"@id":"https:\/\/tipnexa.com\/blog\/cristiano-ronaldo-fecha-de-regreso-y-estado-de-su-lesion-en-2026\/#primaryimage"},"image":{"@id":"https:\/\/tipnexa.com\/blog\/cristiano-ronaldo-fecha-de-regreso-y-estado-de-su-lesion-en-2026\/#primaryimage"},"thumbnailUrl":"https:\/\/tipnexa.com\/blog\/wp-content\/uploads\/2026\/03\/cristiano-ronaldo-fecha-de-regreso-y-estado-de-su-lesion-en-2026-1774946926455.png","datePublished":"2026-03-31T08:48:53+00:00","breadcrumb":{"@id":"https:\/\/tipnexa.com\/blog\/cristiano-ronaldo-fecha-de-regreso-y-estado-de-su-lesion-en-2026\/#breadcrumb"},"inLanguage":"es","potentialAction":[{"@type":"ReadAction","target":["https:\/\/tipnexa.com\/blog\/cristiano-ronaldo-fecha-de-regreso-y-estado-de-su-lesion-en-2026\/"]}]},{"@type":"ImageObject","inLanguage":"es","@id":"https:\/\/tipnexa.com\/blog\/cristiano-ronaldo-fecha-de-regreso-y-estado-de-su-lesion-en-2026\/#primaryimage","url":"https:\/\/tipnexa.com\/blog\/wp-content\/uploads\/2026\/03\/cristiano-ronaldo-fecha-de-regreso-y-estado-de-su-lesion-en-2026-1774946926455.png","contentUrl":"https:\/\/tipnexa.com\/blog\/wp-content\/uploads\/2026\/03\/cristiano-ronaldo-fecha-de-regreso-y-estado-de-su-lesion-en-2026-1774946926455.png","width":1344,"height":768},{"@type":"BreadcrumbList","@id":"https:\/\/tipnexa.com\/blog\/cristiano-ronaldo-fecha-de-regreso-y-estado-de-su-lesion-en-2026\/#breadcrumb","itemListElement":[{"@type":"ListItem","position":1,"name":"Portada","item":"https:\/\/tipnexa.com\/blog\/"},{"@type":"ListItem","position":2,"name":"Cristiano Ronaldo: Fecha de Regreso y Estado de su Lesi\u00f3n en 2026"}]},{"@type":"WebSite","@id":"https:\/\/tipnexa.com\/blog\/#website","url":"https:\/\/tipnexa.com\/blog\/","name":"Blog de Tipnexa","description":"Descubre en el blog de Tipnexa las \u00faltimas noticias de f\u00fatbol, pron\u00f3sticos, an\u00e1lisis de partidos, ligas y equipos con enfoque experto y datos actualizados.","publisher":{"@id":"https:\/\/tipnexa.com\/blog\/#organization"},"alternateName":"Blog de Tipnexa","potentialAction":[{"@type":"SearchAction","target":{"@type":"EntryPoint","urlTemplate":"https:\/\/tipnexa.com\/blog\/?s={search_term_string}"},"query-input":{"@type":"PropertyValueSpecification","valueRequired":true,"valueName":"search_term_string"}}],"inLanguage":"es"},{"@type":"Organization","@id":"https:\/\/tipnexa.com\/blog\/#organization","name":"Tipnexa","url":"https:\/\/tipnexa.com\/blog\/","logo":{"@type":"ImageObject","inLanguage":"es","@id":"https:\/\/tipnexa.com\/blog\/#\/schema\/logo\/image\/","url":"https:\/\/tipnexa.com\/blog\/wp-content\/uploads\/2026\/03\/192x192.png","contentUrl":"https:\/\/tipnexa.com\/blog\/wp-content\/uploads\/2026\/03\/192x192.png","width":192,"height":192,"caption":"Tipnexa"},"image":{"@id":"https:\/\/tipnexa.com\/blog\/#\/schema\/logo\/image\/"}},{"@type":"Person","@id":"https:\/\/tipnexa.com\/blog\/#\/schema\/person\/fcfe9a20877b14cc7f2bc3ce77f6d3cf","name":"admin","image":{"@type":"ImageObject","inLanguage":"es","@id":"https:\/\/secure.gravatar.com\/avatar\/b4f14cb9d9d12a445b91a477b3cf143c91ca7da26f03b6815b159c10ce2e2c74?s=96&d=mm&r=g","url":"https:\/\/secure.gravatar.com\/avatar\/b4f14cb9d9d12a445b91a477b3cf143c91ca7da26f03b6815b159c10ce2e2c74?s=96&d=mm&r=g","contentUrl":"https:\/\/secure.gravatar.com\/avatar\/b4f14cb9d9d12a445b91a477b3cf143c91ca7da26f03b6815b159c10ce2e2c74?s=96&d=mm&r=g","caption":"admin"},"sameAs":["https:\/\/tipnexa.com\/blog"],"url":"https:\/\/tipnexa.com\/blog\/author\/admin\/"}]}},"_links":{"self":[{"href":"https:\/\/tipnexa.com\/blog\/wp-json\/wp\/v2\/posts\/5897","targetHints":{"allow":["GET"]}}],"collection":[{"href":"https:\/\/tipnexa.com\/blog\/wp-json\/wp\/v2\/posts"}],"about":[{"href":"https:\/\/tipnexa.com\/blog\/wp-json\/wp\/v2\/types\/post"}],"author":[{"embeddable":true,"href":"https:\/\/tipnexa.com\/blog\/wp-json\/wp\/v2\/users\/1"}],"replies":[{"embeddable":true,"href":"https:\/\/tipnexa.com\/blog\/wp-json\/wp\/v2\/comments?post=5897"}],"version-history":[{"count":0,"href":"https:\/\/tipnexa.com\/blog\/wp-json\/wp\/v2\/posts\/5897\/revisions"}],"wp:featuredmedia":[{"embeddable":true,"href":"https:\/\/tipnexa.com\/blog\/wp-json\/wp\/v2\/media\/5896"}],"wp:attachment":[{"href":"https:\/\/tipnexa.com\/blog\/wp-json\/wp\/v2\/media?parent=5897"}],"wp:term":[{"taxonomy":"category","embeddable":true,"href":"https:\/\/tipnexa.com\/blog\/wp-json\/wp\/v2\/categories?post=5897"},{"taxonomy":"post_tag","embeddable":true,"href":"https:\/\/tipnexa.com\/blog\/wp-json\/wp\/v2\/tags?post=5897"}],"curies":[{"name":"wp","href":"https:\/\/api.w.org\/{rel}","templated":true}]}}