{"id":5767,"date":"2026-03-30T13:23:26","date_gmt":"2026-03-30T18:23:26","guid":{"rendered":"https:\/\/tipnexa.com\/blog\/bayern-munich-confirma-salida-de-raphael-guerreiro-impacto-en-el-club\/"},"modified":"2026-03-30T13:23:26","modified_gmt":"2026-03-30T18:23:26","slug":"bayern-munich-confirma-salida-de-raphael-guerreiro-impacto-en-el-club","status":"publish","type":"post","link":"https:\/\/tipnexa.com\/blog\/bayern-munich-confirma-salida-de-raphael-guerreiro-impacto-en-el-club\/","title":{"rendered":"Bayern M\u00fanich Confirma Salida de Raphael Guerreiro: Impacto en el Club"},"content":{"rendered":"<p>El <strong>Bayern M\u00fanich<\/strong>, equipo donde milita el destacado <strong>Luis D\u00edaz<\/strong>, ha anunciado oficialmente la partida de <strong>Raphael Guerreiro<\/strong> al finalizar la temporada 2025-26. Esta noticia llega mientras el club se prepara para el tramo final de la Bundesliga y otras importantes competiciones. La salida del vers\u00e1til jugador portugu\u00e9s marca el fin de una etapa significativa, generando expectativas sobre la reestructuraci\u00f3n del equipo b\u00e1varo.<\/p>\n<p>Guerreiro, quien lleg\u00f3 al equipo en 2023, se consolid\u00f3 r\u00e1pidamente como un elemento crucial. Su <strong>polifuncionalidad<\/strong> le permiti\u00f3 desempe\u00f1arse con \u00e9xito como lateral, volante e incluso extremo, aportando tanto en defensa como en ataque. Durante su estancia, contribuy\u00f3 a la conquista de t\u00edtulos importantes, incluyendo una Bundesliga y la Supercopa, dejando una huella de profesionalismo y compromiso en el club.<\/p>\n<h2>Agradecimiento y Legado en el Bayern<\/h2>\n<p>En un comunicado oficial, la directiva del Bayern M\u00fanich expres\u00f3 su gratitud hacia Raphael Guerreiro. Max Eberl, miembro de la junta directiva, destac\u00f3 la confianza depositada en \u00e9l y la calidad que aport\u00f3 al vestuario. \u00abQueremos agradecerle a Rapha por el tiempo que compartimos juntos. Siempre pudimos confiar en \u00e9l en cancha y jugadores de su calibre enriquecen el camerino,\u00bb afirm\u00f3 Eberl. Con 89 partidos disputados, 12 goles y 8 asistencias, Guerreiro deja un registro importante. Antes de su partida, el jugador a\u00fan lucha por el anhelado triplete. Para seguir de cerca el rendimiento del equipo, puedes revisar el <a href=\"https:\/\/tipnexa.com\/blog\/luis-diaz-brilla-con-gol-clave-en-vibrante-empate-de-bayern-vs-leverkusen\/\">an\u00e1lisis del empate de Bayern vs. Leverkusen<\/a>.<\/p>\n<h2>Pr\u00f3ximos Desaf\u00edos y Cambios en la Plantilla<\/h2>\n<p>Mientras se gestiona esta salida, el Bayern M\u00fanich se enfoca en sus pr\u00f3ximos compromisos: el duelo contra Friburgo en la Bundesliga, los decisivos partidos de la Liga de Campeones contra el Real Madrid, y las semifinales de la Copa de Alemania ante el Leverkusen. Se ha anticipado que Goretzka tambi\u00e9n podr\u00eda seguir el camino de Raphael Guerreiro al finalizar la temporada, lo que indica una reestructuraci\u00f3n significativa en la plantilla b\u00e1vara para los pr\u00f3ximos a\u00f1os.<\/p>\n<h2>Conclusi\u00f3n<\/h2>\n<p>La partida de Raphael Guerreiro representa un cambio notable para el Bayern M\u00fanich. Su versatilidad y contribuciones ser\u00e1n recordadas con aprecio. El club afronta una fase de transici\u00f3n, pero con la determinaci\u00f3n de cerrar la temporada 2025-26 con los m\u00e1ximos honores, confiando en la calidad de su plantilla para alcanzar los objetivos restantes y sentar las bases para el futuro.<\/p>\n","protected":false},"excerpt":{"rendered":"<p>Bayern M\u00fanich anuncia la salida de Raphael Guerreiro al final de la temporada 2025-26. Descubre el legado del polifuncional jugador y los desaf\u00edos del club.<\/p>\n","protected":false},"author":1,"featured_media":5766,"comment_status":"open","ping_status":"open","sticky":false,"template":"","format":"standard","meta":{"footnotes":""},"categories":[15,10],"tags":[],"class_list":["post-5767","post","type-post","status-publish","format-standard","has-post-thumbnail","hentry","category-bundesliga","category-clubes"],"yoast_head":"<!-- This site is optimized with the Yoast SEO plugin v27.2 - https:\/\/yoast.com\/product\/yoast-seo-wordpress\/ -->\n<title>Bayern M\u00fanich Confirma Salida de Raphael Guerreiro: Impacto en el Club - Tipnexa<\/title>\n<meta name=\"robots\" content=\"index, follow, max-snippet:-1, max-image-preview:large, max-video-preview:-1\" \/>\n<link rel=\"canonical\" href=\"https:\/\/tipnexa.com\/blog\/bayern-munich-confirma-salida-de-raphael-guerreiro-impacto-en-el-club\/\" \/>\n<meta property=\"og:locale\" content=\"es_ES\" \/>\n<meta property=\"og:type\" content=\"article\" \/>\n<meta property=\"og:title\" content=\"Bayern M\u00fanich Confirma Salida de Raphael Guerreiro: Impacto en el Club - Tipnexa\" \/>\n<meta property=\"og:description\" content=\"Bayern M\u00fanich anuncia la salida de Raphael Guerreiro al final de la temporada 2025-26. Descubre el legado del polifuncional jugador y los desaf\u00edos del club.\" \/>\n<meta property=\"og:url\" content=\"https:\/\/tipnexa.com\/blog\/bayern-munich-confirma-salida-de-raphael-guerreiro-impacto-en-el-club\/\" \/>\n<meta property=\"og:site_name\" content=\"Tipnexa\" \/>\n<meta property=\"article:published_time\" content=\"2026-03-30T18:23:26+00:00\" \/>\n<meta property=\"og:image\" content=\"https:\/\/tipnexa.com\/blog\/wp-content\/uploads\/2026\/03\/192x192.png\" \/>\n\t<meta property=\"og:image:width\" content=\"192\" \/>\n\t<meta property=\"og:image:height\" content=\"192\" \/>\n\t<meta property=\"og:image:type\" content=\"image\/png\" \/>\n<meta name=\"author\" content=\"admin\" \/>\n<meta name=\"twitter:card\" content=\"summary_large_image\" \/>\n<meta name=\"twitter:label1\" content=\"Escrito por\" \/>\n\t<meta name=\"twitter:data1\" content=\"admin\" \/>\n\t<meta name=\"twitter:label2\" content=\"Tiempo de lectura\" \/>\n\t<meta name=\"twitter:data2\" content=\"2 minutos\" \/>\n<script type=\"application\/ld+json\" class=\"yoast-schema-graph\">{\"@context\":\"https:\/\/schema.org\",\"@graph\":[{\"@type\":\"Article\",\"@id\":\"https:\/\/tipnexa.com\/blog\/bayern-munich-confirma-salida-de-raphael-guerreiro-impacto-en-el-club\/#article\",\"isPartOf\":{\"@id\":\"https:\/\/tipnexa.com\/blog\/bayern-munich-confirma-salida-de-raphael-guerreiro-impacto-en-el-club\/\"},\"author\":{\"name\":\"admin\",\"@id\":\"https:\/\/tipnexa.com\/blog\/#\/schema\/person\/fcfe9a20877b14cc7f2bc3ce77f6d3cf\"},\"headline\":\"Bayern M\u00fanich Confirma Salida de Raphael Guerreiro: Impacto en el Club\",\"datePublished\":\"2026-03-30T18:23:26+00:00\",\"mainEntityOfPage\":{\"@id\":\"https:\/\/tipnexa.com\/blog\/bayern-munich-confirma-salida-de-raphael-guerreiro-impacto-en-el-club\/\"},\"wordCount\":414,\"commentCount\":0,\"publisher\":{\"@id\":\"https:\/\/tipnexa.com\/blog\/#organization\"},\"image\":{\"@id\":\"https:\/\/tipnexa.com\/blog\/bayern-munich-confirma-salida-de-raphael-guerreiro-impacto-en-el-club\/#primaryimage\"},\"thumbnailUrl\":\"https:\/\/tipnexa.com\/blog\/wp-content\/uploads\/2026\/03\/bayern-munich-confirma-salida-de-raphael-guerreiro-impacto-en-el-club-1774895001226.png\",\"articleSection\":[\"Bundesliga\",\"Clubes\"],\"inLanguage\":\"es\",\"potentialAction\":[{\"@type\":\"CommentAction\",\"name\":\"Comment\",\"target\":[\"https:\/\/tipnexa.com\/blog\/bayern-munich-confirma-salida-de-raphael-guerreiro-impacto-en-el-club\/#respond\"]}]},{\"@type\":\"WebPage\",\"@id\":\"https:\/\/tipnexa.com\/blog\/bayern-munich-confirma-salida-de-raphael-guerreiro-impacto-en-el-club\/\",\"url\":\"https:\/\/tipnexa.com\/blog\/bayern-munich-confirma-salida-de-raphael-guerreiro-impacto-en-el-club\/\",\"name\":\"Bayern M\u00fanich Confirma Salida de Raphael Guerreiro: Impacto en el Club - Tipnexa\",\"isPartOf\":{\"@id\":\"https:\/\/tipnexa.com\/blog\/#website\"},\"primaryImageOfPage\":{\"@id\":\"https:\/\/tipnexa.com\/blog\/bayern-munich-confirma-salida-de-raphael-guerreiro-impacto-en-el-club\/#primaryimage\"},\"image\":{\"@id\":\"https:\/\/tipnexa.com\/blog\/bayern-munich-confirma-salida-de-raphael-guerreiro-impacto-en-el-club\/#primaryimage\"},\"thumbnailUrl\":\"https:\/\/tipnexa.com\/blog\/wp-content\/uploads\/2026\/03\/bayern-munich-confirma-salida-de-raphael-guerreiro-impacto-en-el-club-1774895001226.png\",\"datePublished\":\"2026-03-30T18:23:26+00:00\",\"breadcrumb\":{\"@id\":\"https:\/\/tipnexa.com\/blog\/bayern-munich-confirma-salida-de-raphael-guerreiro-impacto-en-el-club\/#breadcrumb\"},\"inLanguage\":\"es\",\"potentialAction\":[{\"@type\":\"ReadAction\",\"target\":[\"https:\/\/tipnexa.com\/blog\/bayern-munich-confirma-salida-de-raphael-guerreiro-impacto-en-el-club\/\"]}]},{\"@type\":\"ImageObject\",\"inLanguage\":\"es\",\"@id\":\"https:\/\/tipnexa.com\/blog\/bayern-munich-confirma-salida-de-raphael-guerreiro-impacto-en-el-club\/#primaryimage\",\"url\":\"https:\/\/tipnexa.com\/blog\/wp-content\/uploads\/2026\/03\/bayern-munich-confirma-salida-de-raphael-guerreiro-impacto-en-el-club-1774895001226.png\",\"contentUrl\":\"https:\/\/tipnexa.com\/blog\/wp-content\/uploads\/2026\/03\/bayern-munich-confirma-salida-de-raphael-guerreiro-impacto-en-el-club-1774895001226.png\",\"width\":1344,\"height\":768},{\"@type\":\"BreadcrumbList\",\"@id\":\"https:\/\/tipnexa.com\/blog\/bayern-munich-confirma-salida-de-raphael-guerreiro-impacto-en-el-club\/#breadcrumb\",\"itemListElement\":[{\"@type\":\"ListItem\",\"position\":1,\"name\":\"Portada\",\"item\":\"https:\/\/tipnexa.com\/blog\/\"},{\"@type\":\"ListItem\",\"position\":2,\"name\":\"Bayern M\u00fanich Confirma Salida de Raphael Guerreiro: Impacto en el Club\"}]},{\"@type\":\"WebSite\",\"@id\":\"https:\/\/tipnexa.com\/blog\/#website\",\"url\":\"https:\/\/tipnexa.com\/blog\/\",\"name\":\"Blog de Tipnexa\",\"description\":\"Descubre en el blog de Tipnexa las \u00faltimas noticias de f\u00fatbol, pron\u00f3sticos, an\u00e1lisis de partidos, ligas y equipos con enfoque experto y datos actualizados.\",\"publisher\":{\"@id\":\"https:\/\/tipnexa.com\/blog\/#organization\"},\"alternateName\":\"Blog de Tipnexa\",\"potentialAction\":[{\"@type\":\"SearchAction\",\"target\":{\"@type\":\"EntryPoint\",\"urlTemplate\":\"https:\/\/tipnexa.com\/blog\/?s={search_term_string}\"},\"query-input\":{\"@type\":\"PropertyValueSpecification\",\"valueRequired\":true,\"valueName\":\"search_term_string\"}}],\"inLanguage\":\"es\"},{\"@type\":\"Organization\",\"@id\":\"https:\/\/tipnexa.com\/blog\/#organization\",\"name\":\"Tipnexa\",\"url\":\"https:\/\/tipnexa.com\/blog\/\",\"logo\":{\"@type\":\"ImageObject\",\"inLanguage\":\"es\",\"@id\":\"https:\/\/tipnexa.com\/blog\/#\/schema\/logo\/image\/\",\"url\":\"https:\/\/tipnexa.com\/blog\/wp-content\/uploads\/2026\/03\/192x192.png\",\"contentUrl\":\"https:\/\/tipnexa.com\/blog\/wp-content\/uploads\/2026\/03\/192x192.png\",\"width\":192,\"height\":192,\"caption\":\"Tipnexa\"},\"image\":{\"@id\":\"https:\/\/tipnexa.com\/blog\/#\/schema\/logo\/image\/\"}},{\"@type\":\"Person\",\"@id\":\"https:\/\/tipnexa.com\/blog\/#\/schema\/person\/fcfe9a20877b14cc7f2bc3ce77f6d3cf\",\"name\":\"admin\",\"image\":{\"@type\":\"ImageObject\",\"inLanguage\":\"es\",\"@id\":\"https:\/\/secure.gravatar.com\/avatar\/b4f14cb9d9d12a445b91a477b3cf143c91ca7da26f03b6815b159c10ce2e2c74?s=96&d=mm&r=g\",\"url\":\"https:\/\/secure.gravatar.com\/avatar\/b4f14cb9d9d12a445b91a477b3cf143c91ca7da26f03b6815b159c10ce2e2c74?s=96&d=mm&r=g\",\"contentUrl\":\"https:\/\/secure.gravatar.com\/avatar\/b4f14cb9d9d12a445b91a477b3cf143c91ca7da26f03b6815b159c10ce2e2c74?s=96&d=mm&r=g\",\"caption\":\"admin\"},\"sameAs\":[\"https:\/\/tipnexa.com\/blog\"],\"url\":\"https:\/\/tipnexa.com\/blog\/author\/admin\/\"}]}<\/script>\n<!-- \/ Yoast SEO plugin. -->","yoast_head_json":{"title":"Bayern M\u00fanich Confirma Salida de Raphael Guerreiro: Impacto en el Club - Tipnexa","robots":{"index":"index","follow":"follow","max-snippet":"max-snippet:-1","max-image-preview":"max-image-preview:large","max-video-preview":"max-video-preview:-1"},"canonical":"https:\/\/tipnexa.com\/blog\/bayern-munich-confirma-salida-de-raphael-guerreiro-impacto-en-el-club\/","og_locale":"es_ES","og_type":"article","og_title":"Bayern M\u00fanich Confirma Salida de Raphael Guerreiro: Impacto en el Club - Tipnexa","og_description":"Bayern M\u00fanich anuncia la salida de Raphael Guerreiro al final de la temporada 2025-26. Descubre el legado del polifuncional jugador y los desaf\u00edos del club.","og_url":"https:\/\/tipnexa.com\/blog\/bayern-munich-confirma-salida-de-raphael-guerreiro-impacto-en-el-club\/","og_site_name":"Tipnexa","article_published_time":"2026-03-30T18:23:26+00:00","og_image":[{"width":192,"height":192,"url":"https:\/\/tipnexa.com\/blog\/wp-content\/uploads\/2026\/03\/192x192.png","type":"image\/png"}],"author":"admin","twitter_card":"summary_large_image","twitter_misc":{"Escrito por":"admin","Tiempo de lectura":"2 minutos"},"schema":{"@context":"https:\/\/schema.org","@graph":[{"@type":"Article","@id":"https:\/\/tipnexa.com\/blog\/bayern-munich-confirma-salida-de-raphael-guerreiro-impacto-en-el-club\/#article","isPartOf":{"@id":"https:\/\/tipnexa.com\/blog\/bayern-munich-confirma-salida-de-raphael-guerreiro-impacto-en-el-club\/"},"author":{"name":"admin","@id":"https:\/\/tipnexa.com\/blog\/#\/schema\/person\/fcfe9a20877b14cc7f2bc3ce77f6d3cf"},"headline":"Bayern M\u00fanich Confirma Salida de Raphael Guerreiro: Impacto en el Club","datePublished":"2026-03-30T18:23:26+00:00","mainEntityOfPage":{"@id":"https:\/\/tipnexa.com\/blog\/bayern-munich-confirma-salida-de-raphael-guerreiro-impacto-en-el-club\/"},"wordCount":414,"commentCount":0,"publisher":{"@id":"https:\/\/tipnexa.com\/blog\/#organization"},"image":{"@id":"https:\/\/tipnexa.com\/blog\/bayern-munich-confirma-salida-de-raphael-guerreiro-impacto-en-el-club\/#primaryimage"},"thumbnailUrl":"https:\/\/tipnexa.com\/blog\/wp-content\/uploads\/2026\/03\/bayern-munich-confirma-salida-de-raphael-guerreiro-impacto-en-el-club-1774895001226.png","articleSection":["Bundesliga","Clubes"],"inLanguage":"es","potentialAction":[{"@type":"CommentAction","name":"Comment","target":["https:\/\/tipnexa.com\/blog\/bayern-munich-confirma-salida-de-raphael-guerreiro-impacto-en-el-club\/#respond"]}]},{"@type":"WebPage","@id":"https:\/\/tipnexa.com\/blog\/bayern-munich-confirma-salida-de-raphael-guerreiro-impacto-en-el-club\/","url":"https:\/\/tipnexa.com\/blog\/bayern-munich-confirma-salida-de-raphael-guerreiro-impacto-en-el-club\/","name":"Bayern M\u00fanich Confirma Salida de Raphael Guerreiro: Impacto en el Club - Tipnexa","isPartOf":{"@id":"https:\/\/tipnexa.com\/blog\/#website"},"primaryImageOfPage":{"@id":"https:\/\/tipnexa.com\/blog\/bayern-munich-confirma-salida-de-raphael-guerreiro-impacto-en-el-club\/#primaryimage"},"image":{"@id":"https:\/\/tipnexa.com\/blog\/bayern-munich-confirma-salida-de-raphael-guerreiro-impacto-en-el-club\/#primaryimage"},"thumbnailUrl":"https:\/\/tipnexa.com\/blog\/wp-content\/uploads\/2026\/03\/bayern-munich-confirma-salida-de-raphael-guerreiro-impacto-en-el-club-1774895001226.png","datePublished":"2026-03-30T18:23:26+00:00","breadcrumb":{"@id":"https:\/\/tipnexa.com\/blog\/bayern-munich-confirma-salida-de-raphael-guerreiro-impacto-en-el-club\/#breadcrumb"},"inLanguage":"es","potentialAction":[{"@type":"ReadAction","target":["https:\/\/tipnexa.com\/blog\/bayern-munich-confirma-salida-de-raphael-guerreiro-impacto-en-el-club\/"]}]},{"@type":"ImageObject","inLanguage":"es","@id":"https:\/\/tipnexa.com\/blog\/bayern-munich-confirma-salida-de-raphael-guerreiro-impacto-en-el-club\/#primaryimage","url":"https:\/\/tipnexa.com\/blog\/wp-content\/uploads\/2026\/03\/bayern-munich-confirma-salida-de-raphael-guerreiro-impacto-en-el-club-1774895001226.png","contentUrl":"https:\/\/tipnexa.com\/blog\/wp-content\/uploads\/2026\/03\/bayern-munich-confirma-salida-de-raphael-guerreiro-impacto-en-el-club-1774895001226.png","width":1344,"height":768},{"@type":"BreadcrumbList","@id":"https:\/\/tipnexa.com\/blog\/bayern-munich-confirma-salida-de-raphael-guerreiro-impacto-en-el-club\/#breadcrumb","itemListElement":[{"@type":"ListItem","position":1,"name":"Portada","item":"https:\/\/tipnexa.com\/blog\/"},{"@type":"ListItem","position":2,"name":"Bayern M\u00fanich Confirma Salida de Raphael Guerreiro: Impacto en el Club"}]},{"@type":"WebSite","@id":"https:\/\/tipnexa.com\/blog\/#website","url":"https:\/\/tipnexa.com\/blog\/","name":"Blog de Tipnexa","description":"Descubre en el blog de Tipnexa las \u00faltimas noticias de f\u00fatbol, pron\u00f3sticos, an\u00e1lisis de partidos, ligas y equipos con enfoque experto y datos actualizados.","publisher":{"@id":"https:\/\/tipnexa.com\/blog\/#organization"},"alternateName":"Blog de Tipnexa","potentialAction":[{"@type":"SearchAction","target":{"@type":"EntryPoint","urlTemplate":"https:\/\/tipnexa.com\/blog\/?s={search_term_string}"},"query-input":{"@type":"PropertyValueSpecification","valueRequired":true,"valueName":"search_term_string"}}],"inLanguage":"es"},{"@type":"Organization","@id":"https:\/\/tipnexa.com\/blog\/#organization","name":"Tipnexa","url":"https:\/\/tipnexa.com\/blog\/","logo":{"@type":"ImageObject","inLanguage":"es","@id":"https:\/\/tipnexa.com\/blog\/#\/schema\/logo\/image\/","url":"https:\/\/tipnexa.com\/blog\/wp-content\/uploads\/2026\/03\/192x192.png","contentUrl":"https:\/\/tipnexa.com\/blog\/wp-content\/uploads\/2026\/03\/192x192.png","width":192,"height":192,"caption":"Tipnexa"},"image":{"@id":"https:\/\/tipnexa.com\/blog\/#\/schema\/logo\/image\/"}},{"@type":"Person","@id":"https:\/\/tipnexa.com\/blog\/#\/schema\/person\/fcfe9a20877b14cc7f2bc3ce77f6d3cf","name":"admin","image":{"@type":"ImageObject","inLanguage":"es","@id":"https:\/\/secure.gravatar.com\/avatar\/b4f14cb9d9d12a445b91a477b3cf143c91ca7da26f03b6815b159c10ce2e2c74?s=96&d=mm&r=g","url":"https:\/\/secure.gravatar.com\/avatar\/b4f14cb9d9d12a445b91a477b3cf143c91ca7da26f03b6815b159c10ce2e2c74?s=96&d=mm&r=g","contentUrl":"https:\/\/secure.gravatar.com\/avatar\/b4f14cb9d9d12a445b91a477b3cf143c91ca7da26f03b6815b159c10ce2e2c74?s=96&d=mm&r=g","caption":"admin"},"sameAs":["https:\/\/tipnexa.com\/blog"],"url":"https:\/\/tipnexa.com\/blog\/author\/admin\/"}]}},"_links":{"self":[{"href":"https:\/\/tipnexa.com\/blog\/wp-json\/wp\/v2\/posts\/5767","targetHints":{"allow":["GET"]}}],"collection":[{"href":"https:\/\/tipnexa.com\/blog\/wp-json\/wp\/v2\/posts"}],"about":[{"href":"https:\/\/tipnexa.com\/blog\/wp-json\/wp\/v2\/types\/post"}],"author":[{"embeddable":true,"href":"https:\/\/tipnexa.com\/blog\/wp-json\/wp\/v2\/users\/1"}],"replies":[{"embeddable":true,"href":"https:\/\/tipnexa.com\/blog\/wp-json\/wp\/v2\/comments?post=5767"}],"version-history":[{"count":0,"href":"https:\/\/tipnexa.com\/blog\/wp-json\/wp\/v2\/posts\/5767\/revisions"}],"wp:featuredmedia":[{"embeddable":true,"href":"https:\/\/tipnexa.com\/blog\/wp-json\/wp\/v2\/media\/5766"}],"wp:attachment":[{"href":"https:\/\/tipnexa.com\/blog\/wp-json\/wp\/v2\/media?parent=5767"}],"wp:term":[{"taxonomy":"category","embeddable":true,"href":"https:\/\/tipnexa.com\/blog\/wp-json\/wp\/v2\/categories?post=5767"},{"taxonomy":"post_tag","embeddable":true,"href":"https:\/\/tipnexa.com\/blog\/wp-json\/wp\/v2\/tags?post=5767"}],"curies":[{"name":"wp","href":"https:\/\/api.w.org\/{rel}","templated":true}]}}