{"id":492,"date":"2026-03-14T06:32:21","date_gmt":"2026-03-14T05:32:21","guid":{"rendered":"https:\/\/tipnexa.com\/blog\/maxi-silvera-primer-gol-en-nacional-y-el-impacto-en-la-liga-auf-2026\/"},"modified":"2026-03-15T05:36:44","modified_gmt":"2026-03-15T10:36:44","slug":"maxi-silvera-primer-gol-en-nacional-y-el-impacto-en-la-liga-auf-2026","status":"publish","type":"post","link":"https:\/\/tipnexa.com\/blog\/maxi-silvera-primer-gol-en-nacional-y-el-impacto-en-la-liga-auf-2026\/","title":{"rendered":"Maxi Silvera: Primer Gol en Nacional y el Impacto en la Liga AUF 2026"},"content":{"rendered":"<p>La emoci\u00f3n del f\u00fatbol uruguayo se vivi\u00f3 intensamente en la sexta fecha del Torneo Apertura 2026, donde <strong>Nacional<\/strong> consigui\u00f3 una importante victoria de 2-0 frente a Wanderers en el Gran Parque Central. El protagonista de la jornada, <strong>Maximiliano Silvera<\/strong>, delantero del \u00abBolso\u00bb, rompi\u00f3 el hielo al anotar su primer gol oficial con la camiseta tricolor, un momento que esper\u00f3 con ansias y que signific\u00f3 un respiro para el equipo.<\/p>\n<h2>El Anhelado Primer Gol de Silvera<\/h2>\n<p>Tras el crucial encuentro, Silvera comparti\u00f3 sus sensaciones, destacando la importancia personal y colectiva de su anotaci\u00f3n. \u00abFue muy importante, <strong>lo esper\u00e9 much\u00edsimo<\/strong>\u00ab, afirm\u00f3 el atacante. Este gol no solo representa un hito en su carrera con Nacional, sino que tambi\u00e9n lleg\u00f3 en un momento clave para el equipo, que necesitaba consolidar su rendimiento en casa. La espera de los hinchas y del propio jugador por ver el bal\u00f3n en la red finalmente termin\u00f3, inyectando una dosis de confianza muy necesaria.<\/p>\n<p>La presi\u00f3n de debutar con gol en un club de la envergadura de Nacional es considerable. Silvera, con experiencia previa en otros equipos, manej\u00f3 esta expectativa y su recompensa lleg\u00f3. Su tanto contribuy\u00f3 directamente a un marcador que brind\u00f3 tranquilidad, permitiendo al equipo gestionar el resto del partido con mayor holgura y estrategia. Este tipo de momentos suelen ser catalizadores para el desempe\u00f1o individual y grupal a lo largo de una temporada.<\/p>\n<h2>Impacto en el Rendimiento del Equipo<\/h2>\n<p>M\u00e1s all\u00e1 de su logro personal, Silvera hizo hincapi\u00e9 en la mejora colectiva. \u00abMe quedo con el rendimiento del equipo, hoy se vio una faceta mejor del grupo\u00bb, se\u00f1al\u00f3. Nacional ven\u00eda de una racha adversa que necesitaba ser cortada, y esta victoria ante Wanderers fue el escenario perfecto para demostrar una recuperaci\u00f3n. La cohesi\u00f3n en el campo y la efectividad en la definici\u00f3n fueron elementos cruciales que el equipo supo capitalizar.<\/p>\n<p>El delantero explic\u00f3 que \u00abprecis\u00e1bamos un resultado as\u00ed, en nuestra casa y con nuestra gente, dejando todo y con un marcador que nos da tranquilidad\u00bb. Este triunfo no solo sum\u00f3 tres puntos vitales, sino que tambi\u00e9n fortaleci\u00f3 la moral del plantel. La capacidad de generar m\u00e1s oportunidades de gol y convertirlas, algo que \u00abantes no entraban\u00bb, es un indicio positivo de que Nacional est\u00e1 encontrando su ritmo y ajustando los detalles necesarios para competir al m\u00e1ximo nivel en la Liga AUF 2026.<\/p>\n<h2>La Conexi\u00f3n con la Hinchada y el Futuro<\/h2>\n<p>La ovaci\u00f3n de los aficionados al ser sustituido en los minutos finales del partido fue un claro reflejo del cari\u00f1o y el reconocimiento hacia Silvera. \u00abLa gente empuja y no est\u00e1bamos a la altura de lo que este equipo puede dar\u00bb, coment\u00f3 el jugador. Esta conexi\u00f3n con la tribuna es fundamental para Nacional, ya que el apoyo incondicional de sus seguidores es un motor clave en cada encuentro. El gol de Silvera y la victoria revitalizaron esa relaci\u00f3n, creando un ambiente de optimismo.<\/p>\n<p>Para Nacional, esta victoria es un punto de inflexi\u00f3n en el Torneo Apertura. Demuestra que el equipo tiene la capacidad de superar momentos dif\u00edciles y que sus figuras, como Silvera, pueden aparecer en los momentos decisivos. Mantener este nivel de rendimiento ser\u00e1 crucial para escalar posiciones en la tabla y luchar por el campeonato. Los pr\u00f3ximos partidos ser\u00e1n una prueba de fuego para confirmar esta mejor\u00eda y consolidar la buena racha. Para un an\u00e1lisis m\u00e1s profundo sobre el desempe\u00f1o de los clubes en sus respectivas ligas, se puede consultar <a href=\"https:\/\/tipnexa.com\/blog\/analisis-de-resultados-de-futbol-goles-figuras-y-rendimiento-clave\/\">an\u00e1lisis de resultados de f\u00fatbol, goles y figuras clave<\/a>.<\/p>\n<h2>Conclusi\u00f3n<\/h2>\n<p>El primer gol de Maxi Silvera con Nacional no es solo una estad\u00edstica m\u00e1s, sino un s\u00edmbolo de la recuperaci\u00f3n y la ambici\u00f3n del equipo en el Torneo Apertura 2026. Su actuaci\u00f3n, combinada con un rendimiento colectivo superior, ha inyectado una nueva energ\u00eda en el \u00abBolso\u00bb y entre sus aficionados. Este triunfo ante Wanderers es un claro mensaje de que Nacional est\u00e1 listo para competir con determinaci\u00f3n, buscando consolidar su posici\u00f3n y luchar por los objetivos planteados para la temporada.<\/p>\n","protected":false},"excerpt":{"rendered":"<p>Maxi Silvera celebra su primer gol con Nacional en el Torneo Apertura 2026. Descubre sus declaraciones y el impacto de la victoria sobre Wanderers.<\/p>\n","protected":false},"author":1,"featured_media":491,"comment_status":"open","ping_status":"open","sticky":false,"template":"","format":"standard","meta":{"footnotes":""},"categories":[10,11],"tags":[],"class_list":["post-492","post","type-post","status-publish","format-standard","has-post-thumbnail","hentry","category-clubes","category-partidos-y-resultados"],"yoast_head":"<!-- This site is optimized with the Yoast SEO plugin v27.2 - https:\/\/yoast.com\/product\/yoast-seo-wordpress\/ -->\n<title>Maxi Silvera: Primer Gol en Nacional y el Impacto en la Liga AUF 2026 - Tipnexa<\/title>\n<meta name=\"robots\" content=\"index, follow, max-snippet:-1, max-image-preview:large, max-video-preview:-1\" \/>\n<link rel=\"canonical\" href=\"https:\/\/tipnexa.com\/blog\/maxi-silvera-primer-gol-en-nacional-y-el-impacto-en-la-liga-auf-2026\/\" \/>\n<meta property=\"og:locale\" content=\"es_ES\" \/>\n<meta property=\"og:type\" content=\"article\" \/>\n<meta property=\"og:title\" content=\"Maxi Silvera: Primer Gol en Nacional y el Impacto en la Liga AUF 2026 - Tipnexa\" \/>\n<meta property=\"og:description\" content=\"Maxi Silvera celebra su primer gol con Nacional en el Torneo Apertura 2026. Descubre sus declaraciones y el impacto de la victoria sobre Wanderers.\" \/>\n<meta property=\"og:url\" content=\"https:\/\/tipnexa.com\/blog\/maxi-silvera-primer-gol-en-nacional-y-el-impacto-en-la-liga-auf-2026\/\" \/>\n<meta property=\"og:site_name\" content=\"Tipnexa\" \/>\n<meta property=\"article:published_time\" content=\"2026-03-14T05:32:21+00:00\" \/>\n<meta property=\"article:modified_time\" content=\"2026-03-15T10:36:44+00:00\" \/>\n<meta property=\"og:image\" content=\"https:\/\/tipnexa.com\/blog\/wp-content\/uploads\/2026\/03\/maxi-silvera-primer-gol-en-nacional-y-el-impacto-en-la-liga-auf-2026-1773466338926.png\" \/>\n\t<meta property=\"og:image:width\" content=\"1344\" \/>\n\t<meta property=\"og:image:height\" content=\"768\" \/>\n\t<meta property=\"og:image:type\" content=\"image\/png\" \/>\n<meta name=\"author\" content=\"admin\" \/>\n<meta name=\"twitter:card\" content=\"summary_large_image\" \/>\n<meta name=\"twitter:label1\" content=\"Escrito por\" \/>\n\t<meta name=\"twitter:data1\" content=\"admin\" \/>\n\t<meta name=\"twitter:label2\" content=\"Tiempo de lectura\" \/>\n\t<meta name=\"twitter:data2\" content=\"3 minutos\" \/>\n<script type=\"application\/ld+json\" class=\"yoast-schema-graph\">{\"@context\":\"https:\/\/schema.org\",\"@graph\":[{\"@type\":\"Article\",\"@id\":\"https:\/\/tipnexa.com\/blog\/maxi-silvera-primer-gol-en-nacional-y-el-impacto-en-la-liga-auf-2026\/#article\",\"isPartOf\":{\"@id\":\"https:\/\/tipnexa.com\/blog\/maxi-silvera-primer-gol-en-nacional-y-el-impacto-en-la-liga-auf-2026\/\"},\"author\":{\"name\":\"admin\",\"@id\":\"https:\/\/tipnexa.com\/blog\/#\/schema\/person\/fcfe9a20877b14cc7f2bc3ce77f6d3cf\"},\"headline\":\"Maxi Silvera: Primer Gol en Nacional y el Impacto en la Liga AUF 2026\",\"datePublished\":\"2026-03-14T05:32:21+00:00\",\"dateModified\":\"2026-03-15T10:36:44+00:00\",\"mainEntityOfPage\":{\"@id\":\"https:\/\/tipnexa.com\/blog\/maxi-silvera-primer-gol-en-nacional-y-el-impacto-en-la-liga-auf-2026\/\"},\"wordCount\":711,\"commentCount\":0,\"publisher\":{\"@id\":\"https:\/\/tipnexa.com\/blog\/#organization\"},\"image\":{\"@id\":\"https:\/\/tipnexa.com\/blog\/maxi-silvera-primer-gol-en-nacional-y-el-impacto-en-la-liga-auf-2026\/#primaryimage\"},\"thumbnailUrl\":\"https:\/\/tipnexa.com\/blog\/wp-content\/uploads\/2026\/03\/maxi-silvera-primer-gol-en-nacional-y-el-impacto-en-la-liga-auf-2026-1773466338926.png\",\"articleSection\":[\"Clubes\",\"Partidos y Resultados\"],\"inLanguage\":\"es\",\"potentialAction\":[{\"@type\":\"CommentAction\",\"name\":\"Comment\",\"target\":[\"https:\/\/tipnexa.com\/blog\/maxi-silvera-primer-gol-en-nacional-y-el-impacto-en-la-liga-auf-2026\/#respond\"]}]},{\"@type\":\"WebPage\",\"@id\":\"https:\/\/tipnexa.com\/blog\/maxi-silvera-primer-gol-en-nacional-y-el-impacto-en-la-liga-auf-2026\/\",\"url\":\"https:\/\/tipnexa.com\/blog\/maxi-silvera-primer-gol-en-nacional-y-el-impacto-en-la-liga-auf-2026\/\",\"name\":\"Maxi Silvera: Primer Gol en Nacional y el Impacto en la Liga AUF 2026 - Tipnexa\",\"isPartOf\":{\"@id\":\"https:\/\/tipnexa.com\/blog\/#website\"},\"primaryImageOfPage\":{\"@id\":\"https:\/\/tipnexa.com\/blog\/maxi-silvera-primer-gol-en-nacional-y-el-impacto-en-la-liga-auf-2026\/#primaryimage\"},\"image\":{\"@id\":\"https:\/\/tipnexa.com\/blog\/maxi-silvera-primer-gol-en-nacional-y-el-impacto-en-la-liga-auf-2026\/#primaryimage\"},\"thumbnailUrl\":\"https:\/\/tipnexa.com\/blog\/wp-content\/uploads\/2026\/03\/maxi-silvera-primer-gol-en-nacional-y-el-impacto-en-la-liga-auf-2026-1773466338926.png\",\"datePublished\":\"2026-03-14T05:32:21+00:00\",\"dateModified\":\"2026-03-15T10:36:44+00:00\",\"breadcrumb\":{\"@id\":\"https:\/\/tipnexa.com\/blog\/maxi-silvera-primer-gol-en-nacional-y-el-impacto-en-la-liga-auf-2026\/#breadcrumb\"},\"inLanguage\":\"es\",\"potentialAction\":[{\"@type\":\"ReadAction\",\"target\":[\"https:\/\/tipnexa.com\/blog\/maxi-silvera-primer-gol-en-nacional-y-el-impacto-en-la-liga-auf-2026\/\"]}]},{\"@type\":\"ImageObject\",\"inLanguage\":\"es\",\"@id\":\"https:\/\/tipnexa.com\/blog\/maxi-silvera-primer-gol-en-nacional-y-el-impacto-en-la-liga-auf-2026\/#primaryimage\",\"url\":\"https:\/\/tipnexa.com\/blog\/wp-content\/uploads\/2026\/03\/maxi-silvera-primer-gol-en-nacional-y-el-impacto-en-la-liga-auf-2026-1773466338926.png\",\"contentUrl\":\"https:\/\/tipnexa.com\/blog\/wp-content\/uploads\/2026\/03\/maxi-silvera-primer-gol-en-nacional-y-el-impacto-en-la-liga-auf-2026-1773466338926.png\",\"width\":1344,\"height\":768},{\"@type\":\"BreadcrumbList\",\"@id\":\"https:\/\/tipnexa.com\/blog\/maxi-silvera-primer-gol-en-nacional-y-el-impacto-en-la-liga-auf-2026\/#breadcrumb\",\"itemListElement\":[{\"@type\":\"ListItem\",\"position\":1,\"name\":\"Portada\",\"item\":\"https:\/\/tipnexa.com\/blog\/\"},{\"@type\":\"ListItem\",\"position\":2,\"name\":\"Maxi Silvera: Primer Gol en Nacional y el Impacto en la Liga AUF 2026\"}]},{\"@type\":\"WebSite\",\"@id\":\"https:\/\/tipnexa.com\/blog\/#website\",\"url\":\"https:\/\/tipnexa.com\/blog\/\",\"name\":\"Blog de Tipnexa\",\"description\":\"Descubre en el blog de Tipnexa las \u00faltimas noticias de f\u00fatbol, pron\u00f3sticos, an\u00e1lisis de partidos, ligas y equipos con enfoque experto y datos actualizados.\",\"publisher\":{\"@id\":\"https:\/\/tipnexa.com\/blog\/#organization\"},\"alternateName\":\"Blog de Tipnexa\",\"potentialAction\":[{\"@type\":\"SearchAction\",\"target\":{\"@type\":\"EntryPoint\",\"urlTemplate\":\"https:\/\/tipnexa.com\/blog\/?s={search_term_string}\"},\"query-input\":{\"@type\":\"PropertyValueSpecification\",\"valueRequired\":true,\"valueName\":\"search_term_string\"}}],\"inLanguage\":\"es\"},{\"@type\":\"Organization\",\"@id\":\"https:\/\/tipnexa.com\/blog\/#organization\",\"name\":\"Tipnexa\",\"url\":\"https:\/\/tipnexa.com\/blog\/\",\"logo\":{\"@type\":\"ImageObject\",\"inLanguage\":\"es\",\"@id\":\"https:\/\/tipnexa.com\/blog\/#\/schema\/logo\/image\/\",\"url\":\"https:\/\/tipnexa.com\/blog\/wp-content\/uploads\/2026\/03\/192x192.png\",\"contentUrl\":\"https:\/\/tipnexa.com\/blog\/wp-content\/uploads\/2026\/03\/192x192.png\",\"width\":192,\"height\":192,\"caption\":\"Tipnexa\"},\"image\":{\"@id\":\"https:\/\/tipnexa.com\/blog\/#\/schema\/logo\/image\/\"}},{\"@type\":\"Person\",\"@id\":\"https:\/\/tipnexa.com\/blog\/#\/schema\/person\/fcfe9a20877b14cc7f2bc3ce77f6d3cf\",\"name\":\"admin\",\"image\":{\"@type\":\"ImageObject\",\"inLanguage\":\"es\",\"@id\":\"https:\/\/secure.gravatar.com\/avatar\/b4f14cb9d9d12a445b91a477b3cf143c91ca7da26f03b6815b159c10ce2e2c74?s=96&d=mm&r=g\",\"url\":\"https:\/\/secure.gravatar.com\/avatar\/b4f14cb9d9d12a445b91a477b3cf143c91ca7da26f03b6815b159c10ce2e2c74?s=96&d=mm&r=g\",\"contentUrl\":\"https:\/\/secure.gravatar.com\/avatar\/b4f14cb9d9d12a445b91a477b3cf143c91ca7da26f03b6815b159c10ce2e2c74?s=96&d=mm&r=g\",\"caption\":\"admin\"},\"sameAs\":[\"https:\/\/tipnexa.com\/blog\"],\"url\":\"https:\/\/tipnexa.com\/blog\/author\/admin\/\"}]}<\/script>\n<!-- \/ Yoast SEO plugin. -->","yoast_head_json":{"title":"Maxi Silvera: Primer Gol en Nacional y el Impacto en la Liga AUF 2026 - Tipnexa","robots":{"index":"index","follow":"follow","max-snippet":"max-snippet:-1","max-image-preview":"max-image-preview:large","max-video-preview":"max-video-preview:-1"},"canonical":"https:\/\/tipnexa.com\/blog\/maxi-silvera-primer-gol-en-nacional-y-el-impacto-en-la-liga-auf-2026\/","og_locale":"es_ES","og_type":"article","og_title":"Maxi Silvera: Primer Gol en Nacional y el Impacto en la Liga AUF 2026 - Tipnexa","og_description":"Maxi Silvera celebra su primer gol con Nacional en el Torneo Apertura 2026. Descubre sus declaraciones y el impacto de la victoria sobre Wanderers.","og_url":"https:\/\/tipnexa.com\/blog\/maxi-silvera-primer-gol-en-nacional-y-el-impacto-en-la-liga-auf-2026\/","og_site_name":"Tipnexa","article_published_time":"2026-03-14T05:32:21+00:00","article_modified_time":"2026-03-15T10:36:44+00:00","og_image":[{"width":1344,"height":768,"url":"https:\/\/tipnexa.com\/blog\/wp-content\/uploads\/2026\/03\/maxi-silvera-primer-gol-en-nacional-y-el-impacto-en-la-liga-auf-2026-1773466338926.png","type":"image\/png"}],"author":"admin","twitter_card":"summary_large_image","twitter_misc":{"Escrito por":"admin","Tiempo de lectura":"3 minutos"},"schema":{"@context":"https:\/\/schema.org","@graph":[{"@type":"Article","@id":"https:\/\/tipnexa.com\/blog\/maxi-silvera-primer-gol-en-nacional-y-el-impacto-en-la-liga-auf-2026\/#article","isPartOf":{"@id":"https:\/\/tipnexa.com\/blog\/maxi-silvera-primer-gol-en-nacional-y-el-impacto-en-la-liga-auf-2026\/"},"author":{"name":"admin","@id":"https:\/\/tipnexa.com\/blog\/#\/schema\/person\/fcfe9a20877b14cc7f2bc3ce77f6d3cf"},"headline":"Maxi Silvera: Primer Gol en Nacional y el Impacto en la Liga AUF 2026","datePublished":"2026-03-14T05:32:21+00:00","dateModified":"2026-03-15T10:36:44+00:00","mainEntityOfPage":{"@id":"https:\/\/tipnexa.com\/blog\/maxi-silvera-primer-gol-en-nacional-y-el-impacto-en-la-liga-auf-2026\/"},"wordCount":711,"commentCount":0,"publisher":{"@id":"https:\/\/tipnexa.com\/blog\/#organization"},"image":{"@id":"https:\/\/tipnexa.com\/blog\/maxi-silvera-primer-gol-en-nacional-y-el-impacto-en-la-liga-auf-2026\/#primaryimage"},"thumbnailUrl":"https:\/\/tipnexa.com\/blog\/wp-content\/uploads\/2026\/03\/maxi-silvera-primer-gol-en-nacional-y-el-impacto-en-la-liga-auf-2026-1773466338926.png","articleSection":["Clubes","Partidos y Resultados"],"inLanguage":"es","potentialAction":[{"@type":"CommentAction","name":"Comment","target":["https:\/\/tipnexa.com\/blog\/maxi-silvera-primer-gol-en-nacional-y-el-impacto-en-la-liga-auf-2026\/#respond"]}]},{"@type":"WebPage","@id":"https:\/\/tipnexa.com\/blog\/maxi-silvera-primer-gol-en-nacional-y-el-impacto-en-la-liga-auf-2026\/","url":"https:\/\/tipnexa.com\/blog\/maxi-silvera-primer-gol-en-nacional-y-el-impacto-en-la-liga-auf-2026\/","name":"Maxi Silvera: Primer Gol en Nacional y el Impacto en la Liga AUF 2026 - Tipnexa","isPartOf":{"@id":"https:\/\/tipnexa.com\/blog\/#website"},"primaryImageOfPage":{"@id":"https:\/\/tipnexa.com\/blog\/maxi-silvera-primer-gol-en-nacional-y-el-impacto-en-la-liga-auf-2026\/#primaryimage"},"image":{"@id":"https:\/\/tipnexa.com\/blog\/maxi-silvera-primer-gol-en-nacional-y-el-impacto-en-la-liga-auf-2026\/#primaryimage"},"thumbnailUrl":"https:\/\/tipnexa.com\/blog\/wp-content\/uploads\/2026\/03\/maxi-silvera-primer-gol-en-nacional-y-el-impacto-en-la-liga-auf-2026-1773466338926.png","datePublished":"2026-03-14T05:32:21+00:00","dateModified":"2026-03-15T10:36:44+00:00","breadcrumb":{"@id":"https:\/\/tipnexa.com\/blog\/maxi-silvera-primer-gol-en-nacional-y-el-impacto-en-la-liga-auf-2026\/#breadcrumb"},"inLanguage":"es","potentialAction":[{"@type":"ReadAction","target":["https:\/\/tipnexa.com\/blog\/maxi-silvera-primer-gol-en-nacional-y-el-impacto-en-la-liga-auf-2026\/"]}]},{"@type":"ImageObject","inLanguage":"es","@id":"https:\/\/tipnexa.com\/blog\/maxi-silvera-primer-gol-en-nacional-y-el-impacto-en-la-liga-auf-2026\/#primaryimage","url":"https:\/\/tipnexa.com\/blog\/wp-content\/uploads\/2026\/03\/maxi-silvera-primer-gol-en-nacional-y-el-impacto-en-la-liga-auf-2026-1773466338926.png","contentUrl":"https:\/\/tipnexa.com\/blog\/wp-content\/uploads\/2026\/03\/maxi-silvera-primer-gol-en-nacional-y-el-impacto-en-la-liga-auf-2026-1773466338926.png","width":1344,"height":768},{"@type":"BreadcrumbList","@id":"https:\/\/tipnexa.com\/blog\/maxi-silvera-primer-gol-en-nacional-y-el-impacto-en-la-liga-auf-2026\/#breadcrumb","itemListElement":[{"@type":"ListItem","position":1,"name":"Portada","item":"https:\/\/tipnexa.com\/blog\/"},{"@type":"ListItem","position":2,"name":"Maxi Silvera: Primer Gol en Nacional y el Impacto en la Liga AUF 2026"}]},{"@type":"WebSite","@id":"https:\/\/tipnexa.com\/blog\/#website","url":"https:\/\/tipnexa.com\/blog\/","name":"Blog de Tipnexa","description":"Descubre en el blog de Tipnexa las \u00faltimas noticias de f\u00fatbol, pron\u00f3sticos, an\u00e1lisis de partidos, ligas y equipos con enfoque experto y datos actualizados.","publisher":{"@id":"https:\/\/tipnexa.com\/blog\/#organization"},"alternateName":"Blog de Tipnexa","potentialAction":[{"@type":"SearchAction","target":{"@type":"EntryPoint","urlTemplate":"https:\/\/tipnexa.com\/blog\/?s={search_term_string}"},"query-input":{"@type":"PropertyValueSpecification","valueRequired":true,"valueName":"search_term_string"}}],"inLanguage":"es"},{"@type":"Organization","@id":"https:\/\/tipnexa.com\/blog\/#organization","name":"Tipnexa","url":"https:\/\/tipnexa.com\/blog\/","logo":{"@type":"ImageObject","inLanguage":"es","@id":"https:\/\/tipnexa.com\/blog\/#\/schema\/logo\/image\/","url":"https:\/\/tipnexa.com\/blog\/wp-content\/uploads\/2026\/03\/192x192.png","contentUrl":"https:\/\/tipnexa.com\/blog\/wp-content\/uploads\/2026\/03\/192x192.png","width":192,"height":192,"caption":"Tipnexa"},"image":{"@id":"https:\/\/tipnexa.com\/blog\/#\/schema\/logo\/image\/"}},{"@type":"Person","@id":"https:\/\/tipnexa.com\/blog\/#\/schema\/person\/fcfe9a20877b14cc7f2bc3ce77f6d3cf","name":"admin","image":{"@type":"ImageObject","inLanguage":"es","@id":"https:\/\/secure.gravatar.com\/avatar\/b4f14cb9d9d12a445b91a477b3cf143c91ca7da26f03b6815b159c10ce2e2c74?s=96&d=mm&r=g","url":"https:\/\/secure.gravatar.com\/avatar\/b4f14cb9d9d12a445b91a477b3cf143c91ca7da26f03b6815b159c10ce2e2c74?s=96&d=mm&r=g","contentUrl":"https:\/\/secure.gravatar.com\/avatar\/b4f14cb9d9d12a445b91a477b3cf143c91ca7da26f03b6815b159c10ce2e2c74?s=96&d=mm&r=g","caption":"admin"},"sameAs":["https:\/\/tipnexa.com\/blog"],"url":"https:\/\/tipnexa.com\/blog\/author\/admin\/"}]}},"_links":{"self":[{"href":"https:\/\/tipnexa.com\/blog\/wp-json\/wp\/v2\/posts\/492","targetHints":{"allow":["GET"]}}],"collection":[{"href":"https:\/\/tipnexa.com\/blog\/wp-json\/wp\/v2\/posts"}],"about":[{"href":"https:\/\/tipnexa.com\/blog\/wp-json\/wp\/v2\/types\/post"}],"author":[{"embeddable":true,"href":"https:\/\/tipnexa.com\/blog\/wp-json\/wp\/v2\/users\/1"}],"replies":[{"embeddable":true,"href":"https:\/\/tipnexa.com\/blog\/wp-json\/wp\/v2\/comments?post=492"}],"version-history":[{"count":1,"href":"https:\/\/tipnexa.com\/blog\/wp-json\/wp\/v2\/posts\/492\/revisions"}],"predecessor-version":[{"id":1651,"href":"https:\/\/tipnexa.com\/blog\/wp-json\/wp\/v2\/posts\/492\/revisions\/1651"}],"wp:featuredmedia":[{"embeddable":true,"href":"https:\/\/tipnexa.com\/blog\/wp-json\/wp\/v2\/media\/491"}],"wp:attachment":[{"href":"https:\/\/tipnexa.com\/blog\/wp-json\/wp\/v2\/media?parent=492"}],"wp:term":[{"taxonomy":"category","embeddable":true,"href":"https:\/\/tipnexa.com\/blog\/wp-json\/wp\/v2\/categories?post=492"},{"taxonomy":"post_tag","embeddable":true,"href":"https:\/\/tipnexa.com\/blog\/wp-json\/wp\/v2\/tags?post=492"}],"curies":[{"name":"wp","href":"https:\/\/api.w.org\/{rel}","templated":true}]}}