{"id":4865,"date":"2026-03-26T09:28:15","date_gmt":"2026-03-26T14:28:15","guid":{"rendered":"https:\/\/tipnexa.com\/blog\/marcelo-bielsa-elogia-el-rendimiento-clave-de-federico-valverde-en-el-real-madrid\/"},"modified":"2026-03-26T09:28:15","modified_gmt":"2026-03-26T14:28:15","slug":"marcelo-bielsa-elogia-el-rendimiento-clave-de-federico-valverde-en-el-real-madrid","status":"publish","type":"post","link":"https:\/\/tipnexa.com\/blog\/marcelo-bielsa-elogia-el-rendimiento-clave-de-federico-valverde-en-el-real-madrid\/","title":{"rendered":"Marcelo Bielsa Elogia el Rendimiento Clave de Federico Valverde en el Real Madrid"},"content":{"rendered":"<p>El reconocido entrenador de la Selecci\u00f3n Uruguaya, Marcelo Bielsa, ha expresado su profunda admiraci\u00f3n por el excepcional momento que vive <strong>Federico Valverde<\/strong>. El mediocampista uruguayo se ha consolidado como una pieza fundamental en el esquema del Real Madrid, destacando por su <strong>versatilidad<\/strong> y su notable capacidad de influencia en el juego, tanto en defensa como en ataque.<\/p>\n<h2>La Evoluci\u00f3n y Polivalencia de Valverde<\/h2>\n<p>Bielsa resalt\u00f3 que Valverde siempre ha sido un jugador sobresaliente, con un rendimiento valioso a lo largo de los \u00faltimos a\u00f1os. Sin embargo, en los partidos m\u00e1s recientes de la temporada 2025-2026, su <strong>capacidad de desequilibrio<\/strong> ha sido particularmente llamativa, revelando una nueva y potente faceta de su juego. \u00abEn los \u00faltimos partidos ha tenido una capacidad de desequilibrio muy llamativa, que hace que se observe una nueva faceta de \u00e9l\u00bb, afirm\u00f3 el t\u00e9cnico.<\/p>\n<p>El \u00abPajarito\u00bb ha demostrado una adaptabilidad impresionante, desempe\u00f1\u00e1ndose no solo en su posici\u00f3n natural de volante interior, sino tambi\u00e9n cubriendo necesidades como lateral derecho. Esta \u00faltima versi\u00f3n, actuando como <strong>wing o atacante externo por la derecha<\/strong>, ha permitido que el jugador muestre habilidades que antes no eran tan frecuentes. Su dinamismo le permite resolver situaciones en casi cualquier zona del campo, desde la retaguardia hasta el frente de ataque.<\/p>\n<h2>Impacto en Club y Selecci\u00f3n para 2026<\/h2>\n<p>La habilidad de Valverde para encontrar respuestas positivas en cada rol que asume lo convierte en un futbolista integral. \u00abEs muy dif\u00edcil que Valverde ignore c\u00f3mo resolver situaciones en casi todos los lugares del campo que circunstancialmente ocupa porque es un jugador muy din\u00e1mico\u00bb, asegur\u00f3 Bielsa. Esta cualidad lo posiciona como un activo invaluable tanto para el <strong>Real Madrid<\/strong> en LaLiga como para la <strong>Selecci\u00f3n Uruguaya<\/strong> en sus pr\u00f3ximos desaf\u00edos. Para estar al tanto de m\u00e1s noticias del f\u00fatbol internacional y an\u00e1lisis de jugadores, puedes visitar nuestro <a href=\"https:\/\/tipnexa.com\/blog\/\">blog<\/a>.<\/p>\n<p>Su constante movimiento y participaci\u00f3n en diversas acciones de juego lo hacen un protagonista indiscutible en cada encuentro. Su liderazgo y rendimiento son aspectos que se siguen con atenci\u00f3n en el panorama futbol\u00edstico, como otros talentos destacados en sus ligas. Por ejemplo, en el contexto de LaLiga, tambi\u00e9n se analizan las actuaciones de jugadores clave en otros equipos, puedes ver <a href=\"https:\/\/tipnexa.com\/blog\/matias-vecino-liderazgo-clave-en-el-celta-de-giraldez-para-laliga-2026\/\">aqu\u00ed un an\u00e1lisis sobre Mat\u00edas Vecino<\/a>.<\/p>\n<h2>Conclusi\u00f3n<\/h2>\n<p>Los elogios de Marcelo Bielsa a Federico Valverde subrayan la trascendencia de un jugador que no solo ha alcanzado un alto nivel, sino que contin\u00faa evolucionando y sorprendiendo con su polivalencia. Su impacto en el campo lo consolida como una de las figuras m\u00e1s importantes del f\u00fatbol actual, prometiendo seguir siendo decisivo en los campeonatos de 2026.<\/p>\n","protected":false},"excerpt":{"rendered":"<p>Marcelo Bielsa elogia la capacidad de desequilibrio de Federico Valverde en el Real Madrid. Descubre su versatilidad y el impacto en su equipo y la Selecci\u00f3n Uruguaya en 2026.<\/p>\n","protected":false},"author":1,"featured_media":4864,"comment_status":"open","ping_status":"open","sticky":false,"template":"","format":"standard","meta":{"footnotes":""},"categories":[16,12],"tags":[],"class_list":["post-4865","post","type-post","status-publish","format-standard","has-post-thumbnail","hentry","category-futbol-internacional","category-laliga"],"yoast_head":"<!-- This site is optimized with the Yoast SEO plugin v27.2 - https:\/\/yoast.com\/product\/yoast-seo-wordpress\/ -->\n<title>Marcelo Bielsa Elogia el Rendimiento Clave de Federico Valverde en el Real Madrid - Tipnexa<\/title>\n<meta name=\"robots\" content=\"index, follow, max-snippet:-1, max-image-preview:large, max-video-preview:-1\" \/>\n<link rel=\"canonical\" href=\"https:\/\/tipnexa.com\/blog\/marcelo-bielsa-elogia-el-rendimiento-clave-de-federico-valverde-en-el-real-madrid\/\" \/>\n<meta property=\"og:locale\" content=\"es_ES\" \/>\n<meta property=\"og:type\" content=\"article\" \/>\n<meta property=\"og:title\" content=\"Marcelo Bielsa Elogia el Rendimiento Clave de Federico Valverde en el Real Madrid - Tipnexa\" \/>\n<meta property=\"og:description\" content=\"Marcelo Bielsa elogia la capacidad de desequilibrio de Federico Valverde en el Real Madrid. Descubre su versatilidad y el impacto en su equipo y la Selecci\u00f3n Uruguaya en 2026.\" \/>\n<meta property=\"og:url\" content=\"https:\/\/tipnexa.com\/blog\/marcelo-bielsa-elogia-el-rendimiento-clave-de-federico-valverde-en-el-real-madrid\/\" \/>\n<meta property=\"og:site_name\" content=\"Tipnexa\" \/>\n<meta property=\"article:published_time\" content=\"2026-03-26T14:28:15+00:00\" \/>\n<meta property=\"og:image\" content=\"https:\/\/tipnexa.com\/blog\/wp-content\/uploads\/2026\/03\/192x192.png\" \/>\n\t<meta property=\"og:image:width\" content=\"192\" \/>\n\t<meta property=\"og:image:height\" content=\"192\" \/>\n\t<meta property=\"og:image:type\" content=\"image\/png\" \/>\n<meta name=\"author\" content=\"admin\" \/>\n<meta name=\"twitter:card\" content=\"summary_large_image\" \/>\n<meta name=\"twitter:label1\" content=\"Escrito por\" \/>\n\t<meta name=\"twitter:data1\" content=\"admin\" \/>\n\t<meta name=\"twitter:label2\" content=\"Tiempo de lectura\" \/>\n\t<meta name=\"twitter:data2\" content=\"2 minutos\" \/>\n<script type=\"application\/ld+json\" class=\"yoast-schema-graph\">{\"@context\":\"https:\/\/schema.org\",\"@graph\":[{\"@type\":\"Article\",\"@id\":\"https:\/\/tipnexa.com\/blog\/marcelo-bielsa-elogia-el-rendimiento-clave-de-federico-valverde-en-el-real-madrid\/#article\",\"isPartOf\":{\"@id\":\"https:\/\/tipnexa.com\/blog\/marcelo-bielsa-elogia-el-rendimiento-clave-de-federico-valverde-en-el-real-madrid\/\"},\"author\":{\"name\":\"admin\",\"@id\":\"https:\/\/tipnexa.com\/blog\/#\/schema\/person\/fcfe9a20877b14cc7f2bc3ce77f6d3cf\"},\"headline\":\"Marcelo Bielsa Elogia el Rendimiento Clave de Federico Valverde en el Real Madrid\",\"datePublished\":\"2026-03-26T14:28:15+00:00\",\"mainEntityOfPage\":{\"@id\":\"https:\/\/tipnexa.com\/blog\/marcelo-bielsa-elogia-el-rendimiento-clave-de-federico-valverde-en-el-real-madrid\/\"},\"wordCount\":466,\"commentCount\":0,\"publisher\":{\"@id\":\"https:\/\/tipnexa.com\/blog\/#organization\"},\"image\":{\"@id\":\"https:\/\/tipnexa.com\/blog\/marcelo-bielsa-elogia-el-rendimiento-clave-de-federico-valverde-en-el-real-madrid\/#primaryimage\"},\"thumbnailUrl\":\"https:\/\/tipnexa.com\/blog\/wp-content\/uploads\/2026\/03\/marcelo-bielsa-elogia-el-rendimiento-clave-de-federico-valverde-en-el-real-madri-1774535287648.png\",\"articleSection\":[\"F\u00fatbol Internacional\",\"LaLiga\"],\"inLanguage\":\"es\",\"potentialAction\":[{\"@type\":\"CommentAction\",\"name\":\"Comment\",\"target\":[\"https:\/\/tipnexa.com\/blog\/marcelo-bielsa-elogia-el-rendimiento-clave-de-federico-valverde-en-el-real-madrid\/#respond\"]}]},{\"@type\":\"WebPage\",\"@id\":\"https:\/\/tipnexa.com\/blog\/marcelo-bielsa-elogia-el-rendimiento-clave-de-federico-valverde-en-el-real-madrid\/\",\"url\":\"https:\/\/tipnexa.com\/blog\/marcelo-bielsa-elogia-el-rendimiento-clave-de-federico-valverde-en-el-real-madrid\/\",\"name\":\"Marcelo Bielsa Elogia el Rendimiento Clave de Federico Valverde en el Real Madrid - Tipnexa\",\"isPartOf\":{\"@id\":\"https:\/\/tipnexa.com\/blog\/#website\"},\"primaryImageOfPage\":{\"@id\":\"https:\/\/tipnexa.com\/blog\/marcelo-bielsa-elogia-el-rendimiento-clave-de-federico-valverde-en-el-real-madrid\/#primaryimage\"},\"image\":{\"@id\":\"https:\/\/tipnexa.com\/blog\/marcelo-bielsa-elogia-el-rendimiento-clave-de-federico-valverde-en-el-real-madrid\/#primaryimage\"},\"thumbnailUrl\":\"https:\/\/tipnexa.com\/blog\/wp-content\/uploads\/2026\/03\/marcelo-bielsa-elogia-el-rendimiento-clave-de-federico-valverde-en-el-real-madri-1774535287648.png\",\"datePublished\":\"2026-03-26T14:28:15+00:00\",\"breadcrumb\":{\"@id\":\"https:\/\/tipnexa.com\/blog\/marcelo-bielsa-elogia-el-rendimiento-clave-de-federico-valverde-en-el-real-madrid\/#breadcrumb\"},\"inLanguage\":\"es\",\"potentialAction\":[{\"@type\":\"ReadAction\",\"target\":[\"https:\/\/tipnexa.com\/blog\/marcelo-bielsa-elogia-el-rendimiento-clave-de-federico-valverde-en-el-real-madrid\/\"]}]},{\"@type\":\"ImageObject\",\"inLanguage\":\"es\",\"@id\":\"https:\/\/tipnexa.com\/blog\/marcelo-bielsa-elogia-el-rendimiento-clave-de-federico-valverde-en-el-real-madrid\/#primaryimage\",\"url\":\"https:\/\/tipnexa.com\/blog\/wp-content\/uploads\/2026\/03\/marcelo-bielsa-elogia-el-rendimiento-clave-de-federico-valverde-en-el-real-madri-1774535287648.png\",\"contentUrl\":\"https:\/\/tipnexa.com\/blog\/wp-content\/uploads\/2026\/03\/marcelo-bielsa-elogia-el-rendimiento-clave-de-federico-valverde-en-el-real-madri-1774535287648.png\",\"width\":1344,\"height\":768},{\"@type\":\"BreadcrumbList\",\"@id\":\"https:\/\/tipnexa.com\/blog\/marcelo-bielsa-elogia-el-rendimiento-clave-de-federico-valverde-en-el-real-madrid\/#breadcrumb\",\"itemListElement\":[{\"@type\":\"ListItem\",\"position\":1,\"name\":\"Portada\",\"item\":\"https:\/\/tipnexa.com\/blog\/\"},{\"@type\":\"ListItem\",\"position\":2,\"name\":\"Marcelo Bielsa Elogia el Rendimiento Clave de Federico Valverde en el Real Madrid\"}]},{\"@type\":\"WebSite\",\"@id\":\"https:\/\/tipnexa.com\/blog\/#website\",\"url\":\"https:\/\/tipnexa.com\/blog\/\",\"name\":\"Blog de Tipnexa\",\"description\":\"Descubre en el blog de Tipnexa las \u00faltimas noticias de f\u00fatbol, pron\u00f3sticos, an\u00e1lisis de partidos, ligas y equipos con enfoque experto y datos actualizados.\",\"publisher\":{\"@id\":\"https:\/\/tipnexa.com\/blog\/#organization\"},\"alternateName\":\"Blog de Tipnexa\",\"potentialAction\":[{\"@type\":\"SearchAction\",\"target\":{\"@type\":\"EntryPoint\",\"urlTemplate\":\"https:\/\/tipnexa.com\/blog\/?s={search_term_string}\"},\"query-input\":{\"@type\":\"PropertyValueSpecification\",\"valueRequired\":true,\"valueName\":\"search_term_string\"}}],\"inLanguage\":\"es\"},{\"@type\":\"Organization\",\"@id\":\"https:\/\/tipnexa.com\/blog\/#organization\",\"name\":\"Tipnexa\",\"url\":\"https:\/\/tipnexa.com\/blog\/\",\"logo\":{\"@type\":\"ImageObject\",\"inLanguage\":\"es\",\"@id\":\"https:\/\/tipnexa.com\/blog\/#\/schema\/logo\/image\/\",\"url\":\"https:\/\/tipnexa.com\/blog\/wp-content\/uploads\/2026\/03\/192x192.png\",\"contentUrl\":\"https:\/\/tipnexa.com\/blog\/wp-content\/uploads\/2026\/03\/192x192.png\",\"width\":192,\"height\":192,\"caption\":\"Tipnexa\"},\"image\":{\"@id\":\"https:\/\/tipnexa.com\/blog\/#\/schema\/logo\/image\/\"}},{\"@type\":\"Person\",\"@id\":\"https:\/\/tipnexa.com\/blog\/#\/schema\/person\/fcfe9a20877b14cc7f2bc3ce77f6d3cf\",\"name\":\"admin\",\"image\":{\"@type\":\"ImageObject\",\"inLanguage\":\"es\",\"@id\":\"https:\/\/secure.gravatar.com\/avatar\/b4f14cb9d9d12a445b91a477b3cf143c91ca7da26f03b6815b159c10ce2e2c74?s=96&d=mm&r=g\",\"url\":\"https:\/\/secure.gravatar.com\/avatar\/b4f14cb9d9d12a445b91a477b3cf143c91ca7da26f03b6815b159c10ce2e2c74?s=96&d=mm&r=g\",\"contentUrl\":\"https:\/\/secure.gravatar.com\/avatar\/b4f14cb9d9d12a445b91a477b3cf143c91ca7da26f03b6815b159c10ce2e2c74?s=96&d=mm&r=g\",\"caption\":\"admin\"},\"sameAs\":[\"https:\/\/tipnexa.com\/blog\"],\"url\":\"https:\/\/tipnexa.com\/blog\/author\/admin\/\"}]}<\/script>\n<!-- \/ Yoast SEO plugin. -->","yoast_head_json":{"title":"Marcelo Bielsa Elogia el Rendimiento Clave de Federico Valverde en el Real Madrid - Tipnexa","robots":{"index":"index","follow":"follow","max-snippet":"max-snippet:-1","max-image-preview":"max-image-preview:large","max-video-preview":"max-video-preview:-1"},"canonical":"https:\/\/tipnexa.com\/blog\/marcelo-bielsa-elogia-el-rendimiento-clave-de-federico-valverde-en-el-real-madrid\/","og_locale":"es_ES","og_type":"article","og_title":"Marcelo Bielsa Elogia el Rendimiento Clave de Federico Valverde en el Real Madrid - Tipnexa","og_description":"Marcelo Bielsa elogia la capacidad de desequilibrio de Federico Valverde en el Real Madrid. Descubre su versatilidad y el impacto en su equipo y la Selecci\u00f3n Uruguaya en 2026.","og_url":"https:\/\/tipnexa.com\/blog\/marcelo-bielsa-elogia-el-rendimiento-clave-de-federico-valverde-en-el-real-madrid\/","og_site_name":"Tipnexa","article_published_time":"2026-03-26T14:28:15+00:00","og_image":[{"width":192,"height":192,"url":"https:\/\/tipnexa.com\/blog\/wp-content\/uploads\/2026\/03\/192x192.png","type":"image\/png"}],"author":"admin","twitter_card":"summary_large_image","twitter_misc":{"Escrito por":"admin","Tiempo de lectura":"2 minutos"},"schema":{"@context":"https:\/\/schema.org","@graph":[{"@type":"Article","@id":"https:\/\/tipnexa.com\/blog\/marcelo-bielsa-elogia-el-rendimiento-clave-de-federico-valverde-en-el-real-madrid\/#article","isPartOf":{"@id":"https:\/\/tipnexa.com\/blog\/marcelo-bielsa-elogia-el-rendimiento-clave-de-federico-valverde-en-el-real-madrid\/"},"author":{"name":"admin","@id":"https:\/\/tipnexa.com\/blog\/#\/schema\/person\/fcfe9a20877b14cc7f2bc3ce77f6d3cf"},"headline":"Marcelo Bielsa Elogia el Rendimiento Clave de Federico Valverde en el Real Madrid","datePublished":"2026-03-26T14:28:15+00:00","mainEntityOfPage":{"@id":"https:\/\/tipnexa.com\/blog\/marcelo-bielsa-elogia-el-rendimiento-clave-de-federico-valverde-en-el-real-madrid\/"},"wordCount":466,"commentCount":0,"publisher":{"@id":"https:\/\/tipnexa.com\/blog\/#organization"},"image":{"@id":"https:\/\/tipnexa.com\/blog\/marcelo-bielsa-elogia-el-rendimiento-clave-de-federico-valverde-en-el-real-madrid\/#primaryimage"},"thumbnailUrl":"https:\/\/tipnexa.com\/blog\/wp-content\/uploads\/2026\/03\/marcelo-bielsa-elogia-el-rendimiento-clave-de-federico-valverde-en-el-real-madri-1774535287648.png","articleSection":["F\u00fatbol Internacional","LaLiga"],"inLanguage":"es","potentialAction":[{"@type":"CommentAction","name":"Comment","target":["https:\/\/tipnexa.com\/blog\/marcelo-bielsa-elogia-el-rendimiento-clave-de-federico-valverde-en-el-real-madrid\/#respond"]}]},{"@type":"WebPage","@id":"https:\/\/tipnexa.com\/blog\/marcelo-bielsa-elogia-el-rendimiento-clave-de-federico-valverde-en-el-real-madrid\/","url":"https:\/\/tipnexa.com\/blog\/marcelo-bielsa-elogia-el-rendimiento-clave-de-federico-valverde-en-el-real-madrid\/","name":"Marcelo Bielsa Elogia el Rendimiento Clave de Federico Valverde en el Real Madrid - Tipnexa","isPartOf":{"@id":"https:\/\/tipnexa.com\/blog\/#website"},"primaryImageOfPage":{"@id":"https:\/\/tipnexa.com\/blog\/marcelo-bielsa-elogia-el-rendimiento-clave-de-federico-valverde-en-el-real-madrid\/#primaryimage"},"image":{"@id":"https:\/\/tipnexa.com\/blog\/marcelo-bielsa-elogia-el-rendimiento-clave-de-federico-valverde-en-el-real-madrid\/#primaryimage"},"thumbnailUrl":"https:\/\/tipnexa.com\/blog\/wp-content\/uploads\/2026\/03\/marcelo-bielsa-elogia-el-rendimiento-clave-de-federico-valverde-en-el-real-madri-1774535287648.png","datePublished":"2026-03-26T14:28:15+00:00","breadcrumb":{"@id":"https:\/\/tipnexa.com\/blog\/marcelo-bielsa-elogia-el-rendimiento-clave-de-federico-valverde-en-el-real-madrid\/#breadcrumb"},"inLanguage":"es","potentialAction":[{"@type":"ReadAction","target":["https:\/\/tipnexa.com\/blog\/marcelo-bielsa-elogia-el-rendimiento-clave-de-federico-valverde-en-el-real-madrid\/"]}]},{"@type":"ImageObject","inLanguage":"es","@id":"https:\/\/tipnexa.com\/blog\/marcelo-bielsa-elogia-el-rendimiento-clave-de-federico-valverde-en-el-real-madrid\/#primaryimage","url":"https:\/\/tipnexa.com\/blog\/wp-content\/uploads\/2026\/03\/marcelo-bielsa-elogia-el-rendimiento-clave-de-federico-valverde-en-el-real-madri-1774535287648.png","contentUrl":"https:\/\/tipnexa.com\/blog\/wp-content\/uploads\/2026\/03\/marcelo-bielsa-elogia-el-rendimiento-clave-de-federico-valverde-en-el-real-madri-1774535287648.png","width":1344,"height":768},{"@type":"BreadcrumbList","@id":"https:\/\/tipnexa.com\/blog\/marcelo-bielsa-elogia-el-rendimiento-clave-de-federico-valverde-en-el-real-madrid\/#breadcrumb","itemListElement":[{"@type":"ListItem","position":1,"name":"Portada","item":"https:\/\/tipnexa.com\/blog\/"},{"@type":"ListItem","position":2,"name":"Marcelo Bielsa Elogia el Rendimiento Clave de Federico Valverde en el Real Madrid"}]},{"@type":"WebSite","@id":"https:\/\/tipnexa.com\/blog\/#website","url":"https:\/\/tipnexa.com\/blog\/","name":"Blog de Tipnexa","description":"Descubre en el blog de Tipnexa las \u00faltimas noticias de f\u00fatbol, pron\u00f3sticos, an\u00e1lisis de partidos, ligas y equipos con enfoque experto y datos actualizados.","publisher":{"@id":"https:\/\/tipnexa.com\/blog\/#organization"},"alternateName":"Blog de Tipnexa","potentialAction":[{"@type":"SearchAction","target":{"@type":"EntryPoint","urlTemplate":"https:\/\/tipnexa.com\/blog\/?s={search_term_string}"},"query-input":{"@type":"PropertyValueSpecification","valueRequired":true,"valueName":"search_term_string"}}],"inLanguage":"es"},{"@type":"Organization","@id":"https:\/\/tipnexa.com\/blog\/#organization","name":"Tipnexa","url":"https:\/\/tipnexa.com\/blog\/","logo":{"@type":"ImageObject","inLanguage":"es","@id":"https:\/\/tipnexa.com\/blog\/#\/schema\/logo\/image\/","url":"https:\/\/tipnexa.com\/blog\/wp-content\/uploads\/2026\/03\/192x192.png","contentUrl":"https:\/\/tipnexa.com\/blog\/wp-content\/uploads\/2026\/03\/192x192.png","width":192,"height":192,"caption":"Tipnexa"},"image":{"@id":"https:\/\/tipnexa.com\/blog\/#\/schema\/logo\/image\/"}},{"@type":"Person","@id":"https:\/\/tipnexa.com\/blog\/#\/schema\/person\/fcfe9a20877b14cc7f2bc3ce77f6d3cf","name":"admin","image":{"@type":"ImageObject","inLanguage":"es","@id":"https:\/\/secure.gravatar.com\/avatar\/b4f14cb9d9d12a445b91a477b3cf143c91ca7da26f03b6815b159c10ce2e2c74?s=96&d=mm&r=g","url":"https:\/\/secure.gravatar.com\/avatar\/b4f14cb9d9d12a445b91a477b3cf143c91ca7da26f03b6815b159c10ce2e2c74?s=96&d=mm&r=g","contentUrl":"https:\/\/secure.gravatar.com\/avatar\/b4f14cb9d9d12a445b91a477b3cf143c91ca7da26f03b6815b159c10ce2e2c74?s=96&d=mm&r=g","caption":"admin"},"sameAs":["https:\/\/tipnexa.com\/blog"],"url":"https:\/\/tipnexa.com\/blog\/author\/admin\/"}]}},"_links":{"self":[{"href":"https:\/\/tipnexa.com\/blog\/wp-json\/wp\/v2\/posts\/4865","targetHints":{"allow":["GET"]}}],"collection":[{"href":"https:\/\/tipnexa.com\/blog\/wp-json\/wp\/v2\/posts"}],"about":[{"href":"https:\/\/tipnexa.com\/blog\/wp-json\/wp\/v2\/types\/post"}],"author":[{"embeddable":true,"href":"https:\/\/tipnexa.com\/blog\/wp-json\/wp\/v2\/users\/1"}],"replies":[{"embeddable":true,"href":"https:\/\/tipnexa.com\/blog\/wp-json\/wp\/v2\/comments?post=4865"}],"version-history":[{"count":0,"href":"https:\/\/tipnexa.com\/blog\/wp-json\/wp\/v2\/posts\/4865\/revisions"}],"wp:featuredmedia":[{"embeddable":true,"href":"https:\/\/tipnexa.com\/blog\/wp-json\/wp\/v2\/media\/4864"}],"wp:attachment":[{"href":"https:\/\/tipnexa.com\/blog\/wp-json\/wp\/v2\/media?parent=4865"}],"wp:term":[{"taxonomy":"category","embeddable":true,"href":"https:\/\/tipnexa.com\/blog\/wp-json\/wp\/v2\/categories?post=4865"},{"taxonomy":"post_tag","embeddable":true,"href":"https:\/\/tipnexa.com\/blog\/wp-json\/wp\/v2\/tags?post=4865"}],"curies":[{"name":"wp","href":"https:\/\/api.w.org\/{rel}","templated":true}]}}