{"id":482,"date":"2026-03-14T06:29:27","date_gmt":"2026-03-14T05:29:27","guid":{"rendered":"https:\/\/tipnexa.com\/blog\/sede-de-la-finalissima-2026-uefa-y-conmebol-aplazan-decision-clave\/"},"modified":"2026-03-15T05:33:34","modified_gmt":"2026-03-15T10:33:34","slug":"sede-de-la-finalissima-2026-uefa-y-conmebol-aplazan-decision-clave","status":"publish","type":"post","link":"https:\/\/tipnexa.com\/blog\/sede-de-la-finalissima-2026-uefa-y-conmebol-aplazan-decision-clave\/","title":{"rendered":"Sede de la Finalissima 2026: UEFA y Conmebol Aplazan Decisi\u00f3n Clave"},"content":{"rendered":"<p>El mundo del f\u00fatbol se mantiene en vilo tras el anuncio de la UEFA y la Conmebol de posponer la decisi\u00f3n sobre la sede de la <strong>Finalissima 2026<\/strong>. Este esperado encuentro, que enfrentar\u00e1 a las selecciones campeonas de la Eurocopa, Espa\u00f1a, y de la Copa Am\u00e9rica, Argentina, estaba programado inicialmente para el 27 de marzo en el estadio de Lusail, Catar. Sin embargo, la inestabilidad geopol\u00edtica en Oriente Medio ha obligado a ambas confederaciones a buscar una nueva locaci\u00f3n y fecha. La reciente cumbre de dirigentes concluy\u00f3 sin una resoluci\u00f3n definitiva, extendiendo la incertidumbre.<\/p>\n<h2>Razones del Aplazamiento y la B\u00fasqueda de Alternativas<\/h2>\n<p>La Finalissima, un duelo que promete ser un espect\u00e1culo de alto nivel, se ha visto directamente afectada por el conflicto en Oriente Medio. Los ataques y bombardeos en la regi\u00f3n, que comenzaron a finales de febrero de 2026, han provocado una suspensi\u00f3n de todos los torneos y competiciones en Catar por parte de su Asociaci\u00f3n de F\u00fatbol. Esta situaci\u00f3n de inestabilidad hizo inviable la celebraci\u00f3n del partido en el escenario previsto, dejando el evento en un limbo y forzando a UEFA y Conmebol a buscar activamente alternativas. La seguridad de los jugadores, el personal y los aficionados es, sin duda, la m\u00e1xima prioridad en estas circunstancias.<\/p>\n<h2>Propuestas de Sedes y el Inter\u00e9s Argentino<\/h2>\n<p>Durante las deliberaciones, se pusieron sobre la mesa varias opciones para acoger este prestigioso encuentro. Seg\u00fan reportes de medios argentinos, el presidente de la Asociaci\u00f3n del F\u00fatbol Argentino (AFA) y el presidente de Conmebol propusieron realizar el partido en pa\u00edses europeos como <strong>Portugal, Inglaterra o Italia<\/strong>. Estos destinos ofrecen infraestructuras adecuadas y una tradici\u00f3n futbol\u00edstica que garantizar\u00eda un marco apropiado para un partido de esta envergadura. Curiosamente, en un momento dado, el estadio de un importante club espa\u00f1ol tambi\u00e9n surgi\u00f3 como una posible opci\u00f3n, aunque luego se desestim\u00f3.<\/p>\n<p>El presidente de la AFA, Claudio Tapia, hab\u00eda expresado p\u00fablicamente su inter\u00e9s en que el encuentro se disputara en Argentina. Esta postura refleja el deseo de la naci\u00f3n sudamericana de ser anfitriona de eventos internacionales de gran calado, aprovechando la pasi\u00f3n de su afici\u00f3n por el f\u00fatbol. Para conocer m\u00e1s sobre el panorama futbol\u00edstico en la regi\u00f3n, puedes consultar nuestro <a href=\"https:\/\/tipnexa.com\/blog\/futbol-argentino-analisis-detallado-del-ultimo-gran-partido\/\">an\u00e1lisis detallado del f\u00fatbol argentino<\/a>.<\/p>\n<h2>Solidaridad y Urgencia en la Decisi\u00f3n<\/h2>\n<p>La situaci\u00f3n ha generado una carrera contra el tiempo para ambas confederaciones. Representantes de la Real Federaci\u00f3n Espa\u00f1ola de F\u00fatbol destacaron la importancia de este partido para la preparaci\u00f3n de sus selecciones de cara a futuros torneos, como el Mundial 2026. La urgencia de la decisi\u00f3n es palpable, ya que el tiempo se agota y es fundamental notificar a las selecciones y a los aficionados con la mayor antelaci\u00f3n posible.<\/p>\n<p>Asimismo, desde las federaciones se ha transmitido un mensaje de <strong>solidaridad con los pa\u00edses afectados<\/strong> por la situaci\u00f3n geopol\u00edtica. Esta muestra de apoyo resalta la interconexi\u00f3n del deporte con los eventos mundiales y la sensibilidad necesaria al tomar decisiones que impactan a diversas naciones. La monitorizaci\u00f3n constante de la situaci\u00f3n es clave para garantizar una resoluci\u00f3n segura y viable. Para entender c\u00f3mo se analizan otros eventos deportivos, visita nuestro <a href=\"https:\/\/tipnexa.com\/blog\/analisis-futbol-victoria-contundente-en-el-clasico-de-la-jornada\/\">an\u00e1lisis de partidos de alto nivel<\/a>.<\/p>\n<h2>Conclusi\u00f3n<\/h2>\n<p>La Finalissima 2026 entre Argentina y Espa\u00f1a sigue en b\u00fasqueda de una sede definitiva. La UEFA y la Conmebol enfrentan el desaf\u00edo de reubicar este importante partido, priorizando la seguridad y buscando una locaci\u00f3n que honre la magnitud del evento. Mientras se espera la decisi\u00f3n final, la comunidad futbol\u00edstica permanece atenta a los pr\u00f3ximos anuncios, esperando que este choque de campeones pueda celebrarse en un entorno seguro y festivo. La capacidad de adaptaci\u00f3n y la diplomacia ser\u00e1n cruciales para resolver este dilema log\u00edstico y deportivo.<\/p>\n","protected":false},"excerpt":{"rendered":"<p>UEFA y Conmebol posponen la elecci\u00f3n de sede para la Finalissima 2026 entre Argentina y Espa\u00f1a. Descubre las razones del aplazamiento y las opciones de locaci\u00f3n.<\/p>\n","protected":false},"author":1,"featured_media":481,"comment_status":"open","ping_status":"open","sticky":false,"template":"","format":"standard","meta":{"footnotes":""},"categories":[16],"tags":[],"class_list":["post-482","post","type-post","status-publish","format-standard","has-post-thumbnail","hentry","category-futbol-internacional"],"yoast_head":"<!-- This site is optimized with the Yoast SEO plugin v27.2 - https:\/\/yoast.com\/product\/yoast-seo-wordpress\/ -->\n<title>Sede de la Finalissima 2026: UEFA y Conmebol Aplazan Decisi\u00f3n Clave - Tipnexa<\/title>\n<meta name=\"robots\" content=\"index, follow, max-snippet:-1, max-image-preview:large, max-video-preview:-1\" \/>\n<link rel=\"canonical\" href=\"https:\/\/tipnexa.com\/blog\/sede-de-la-finalissima-2026-uefa-y-conmebol-aplazan-decision-clave\/\" \/>\n<meta property=\"og:locale\" content=\"es_ES\" \/>\n<meta property=\"og:type\" content=\"article\" \/>\n<meta property=\"og:title\" content=\"Sede de la Finalissima 2026: UEFA y Conmebol Aplazan Decisi\u00f3n Clave - Tipnexa\" \/>\n<meta property=\"og:description\" content=\"UEFA y Conmebol posponen la elecci\u00f3n de sede para la Finalissima 2026 entre Argentina y Espa\u00f1a. Descubre las razones del aplazamiento y las opciones de locaci\u00f3n.\" \/>\n<meta property=\"og:url\" content=\"https:\/\/tipnexa.com\/blog\/sede-de-la-finalissima-2026-uefa-y-conmebol-aplazan-decision-clave\/\" \/>\n<meta property=\"og:site_name\" content=\"Tipnexa\" \/>\n<meta property=\"article:published_time\" content=\"2026-03-14T05:29:27+00:00\" \/>\n<meta property=\"article:modified_time\" content=\"2026-03-15T10:33:34+00:00\" \/>\n<meta property=\"og:image\" content=\"https:\/\/tipnexa.com\/blog\/wp-content\/uploads\/2026\/03\/sede-de-la-finalissima-2026-uefa-y-conmebol-aplazan-decision-clave-1773466164020.png\" \/>\n\t<meta property=\"og:image:width\" content=\"1344\" \/>\n\t<meta property=\"og:image:height\" content=\"768\" \/>\n\t<meta property=\"og:image:type\" content=\"image\/png\" \/>\n<meta name=\"author\" content=\"admin\" \/>\n<meta name=\"twitter:card\" content=\"summary_large_image\" \/>\n<meta name=\"twitter:label1\" content=\"Escrito por\" \/>\n\t<meta name=\"twitter:data1\" content=\"admin\" \/>\n\t<meta name=\"twitter:label2\" content=\"Tiempo de lectura\" \/>\n\t<meta name=\"twitter:data2\" content=\"3 minutos\" \/>\n<script type=\"application\/ld+json\" class=\"yoast-schema-graph\">{\"@context\":\"https:\/\/schema.org\",\"@graph\":[{\"@type\":\"Article\",\"@id\":\"https:\/\/tipnexa.com\/blog\/sede-de-la-finalissima-2026-uefa-y-conmebol-aplazan-decision-clave\/#article\",\"isPartOf\":{\"@id\":\"https:\/\/tipnexa.com\/blog\/sede-de-la-finalissima-2026-uefa-y-conmebol-aplazan-decision-clave\/\"},\"author\":{\"name\":\"admin\",\"@id\":\"https:\/\/tipnexa.com\/blog\/#\/schema\/person\/fcfe9a20877b14cc7f2bc3ce77f6d3cf\"},\"headline\":\"Sede de la Finalissima 2026: UEFA y Conmebol Aplazan Decisi\u00f3n Clave\",\"datePublished\":\"2026-03-14T05:29:27+00:00\",\"dateModified\":\"2026-03-15T10:33:34+00:00\",\"mainEntityOfPage\":{\"@id\":\"https:\/\/tipnexa.com\/blog\/sede-de-la-finalissima-2026-uefa-y-conmebol-aplazan-decision-clave\/\"},\"wordCount\":678,\"commentCount\":0,\"publisher\":{\"@id\":\"https:\/\/tipnexa.com\/blog\/#organization\"},\"image\":{\"@id\":\"https:\/\/tipnexa.com\/blog\/sede-de-la-finalissima-2026-uefa-y-conmebol-aplazan-decision-clave\/#primaryimage\"},\"thumbnailUrl\":\"https:\/\/tipnexa.com\/blog\/wp-content\/uploads\/2026\/03\/sede-de-la-finalissima-2026-uefa-y-conmebol-aplazan-decision-clave-1773466164020.png\",\"articleSection\":[\"F\u00fatbol Internacional\"],\"inLanguage\":\"es\",\"potentialAction\":[{\"@type\":\"CommentAction\",\"name\":\"Comment\",\"target\":[\"https:\/\/tipnexa.com\/blog\/sede-de-la-finalissima-2026-uefa-y-conmebol-aplazan-decision-clave\/#respond\"]}]},{\"@type\":\"WebPage\",\"@id\":\"https:\/\/tipnexa.com\/blog\/sede-de-la-finalissima-2026-uefa-y-conmebol-aplazan-decision-clave\/\",\"url\":\"https:\/\/tipnexa.com\/blog\/sede-de-la-finalissima-2026-uefa-y-conmebol-aplazan-decision-clave\/\",\"name\":\"Sede de la Finalissima 2026: UEFA y Conmebol Aplazan Decisi\u00f3n Clave - Tipnexa\",\"isPartOf\":{\"@id\":\"https:\/\/tipnexa.com\/blog\/#website\"},\"primaryImageOfPage\":{\"@id\":\"https:\/\/tipnexa.com\/blog\/sede-de-la-finalissima-2026-uefa-y-conmebol-aplazan-decision-clave\/#primaryimage\"},\"image\":{\"@id\":\"https:\/\/tipnexa.com\/blog\/sede-de-la-finalissima-2026-uefa-y-conmebol-aplazan-decision-clave\/#primaryimage\"},\"thumbnailUrl\":\"https:\/\/tipnexa.com\/blog\/wp-content\/uploads\/2026\/03\/sede-de-la-finalissima-2026-uefa-y-conmebol-aplazan-decision-clave-1773466164020.png\",\"datePublished\":\"2026-03-14T05:29:27+00:00\",\"dateModified\":\"2026-03-15T10:33:34+00:00\",\"breadcrumb\":{\"@id\":\"https:\/\/tipnexa.com\/blog\/sede-de-la-finalissima-2026-uefa-y-conmebol-aplazan-decision-clave\/#breadcrumb\"},\"inLanguage\":\"es\",\"potentialAction\":[{\"@type\":\"ReadAction\",\"target\":[\"https:\/\/tipnexa.com\/blog\/sede-de-la-finalissima-2026-uefa-y-conmebol-aplazan-decision-clave\/\"]}]},{\"@type\":\"ImageObject\",\"inLanguage\":\"es\",\"@id\":\"https:\/\/tipnexa.com\/blog\/sede-de-la-finalissima-2026-uefa-y-conmebol-aplazan-decision-clave\/#primaryimage\",\"url\":\"https:\/\/tipnexa.com\/blog\/wp-content\/uploads\/2026\/03\/sede-de-la-finalissima-2026-uefa-y-conmebol-aplazan-decision-clave-1773466164020.png\",\"contentUrl\":\"https:\/\/tipnexa.com\/blog\/wp-content\/uploads\/2026\/03\/sede-de-la-finalissima-2026-uefa-y-conmebol-aplazan-decision-clave-1773466164020.png\",\"width\":1344,\"height\":768},{\"@type\":\"BreadcrumbList\",\"@id\":\"https:\/\/tipnexa.com\/blog\/sede-de-la-finalissima-2026-uefa-y-conmebol-aplazan-decision-clave\/#breadcrumb\",\"itemListElement\":[{\"@type\":\"ListItem\",\"position\":1,\"name\":\"Portada\",\"item\":\"https:\/\/tipnexa.com\/blog\/\"},{\"@type\":\"ListItem\",\"position\":2,\"name\":\"Sede de la Finalissima 2026: UEFA y Conmebol Aplazan Decisi\u00f3n Clave\"}]},{\"@type\":\"WebSite\",\"@id\":\"https:\/\/tipnexa.com\/blog\/#website\",\"url\":\"https:\/\/tipnexa.com\/blog\/\",\"name\":\"Blog de Tipnexa\",\"description\":\"Descubre en el blog de Tipnexa las \u00faltimas noticias de f\u00fatbol, pron\u00f3sticos, an\u00e1lisis de partidos, ligas y equipos con enfoque experto y datos actualizados.\",\"publisher\":{\"@id\":\"https:\/\/tipnexa.com\/blog\/#organization\"},\"alternateName\":\"Blog de Tipnexa\",\"potentialAction\":[{\"@type\":\"SearchAction\",\"target\":{\"@type\":\"EntryPoint\",\"urlTemplate\":\"https:\/\/tipnexa.com\/blog\/?s={search_term_string}\"},\"query-input\":{\"@type\":\"PropertyValueSpecification\",\"valueRequired\":true,\"valueName\":\"search_term_string\"}}],\"inLanguage\":\"es\"},{\"@type\":\"Organization\",\"@id\":\"https:\/\/tipnexa.com\/blog\/#organization\",\"name\":\"Tipnexa\",\"url\":\"https:\/\/tipnexa.com\/blog\/\",\"logo\":{\"@type\":\"ImageObject\",\"inLanguage\":\"es\",\"@id\":\"https:\/\/tipnexa.com\/blog\/#\/schema\/logo\/image\/\",\"url\":\"https:\/\/tipnexa.com\/blog\/wp-content\/uploads\/2026\/03\/192x192.png\",\"contentUrl\":\"https:\/\/tipnexa.com\/blog\/wp-content\/uploads\/2026\/03\/192x192.png\",\"width\":192,\"height\":192,\"caption\":\"Tipnexa\"},\"image\":{\"@id\":\"https:\/\/tipnexa.com\/blog\/#\/schema\/logo\/image\/\"}},{\"@type\":\"Person\",\"@id\":\"https:\/\/tipnexa.com\/blog\/#\/schema\/person\/fcfe9a20877b14cc7f2bc3ce77f6d3cf\",\"name\":\"admin\",\"image\":{\"@type\":\"ImageObject\",\"inLanguage\":\"es\",\"@id\":\"https:\/\/secure.gravatar.com\/avatar\/b4f14cb9d9d12a445b91a477b3cf143c91ca7da26f03b6815b159c10ce2e2c74?s=96&d=mm&r=g\",\"url\":\"https:\/\/secure.gravatar.com\/avatar\/b4f14cb9d9d12a445b91a477b3cf143c91ca7da26f03b6815b159c10ce2e2c74?s=96&d=mm&r=g\",\"contentUrl\":\"https:\/\/secure.gravatar.com\/avatar\/b4f14cb9d9d12a445b91a477b3cf143c91ca7da26f03b6815b159c10ce2e2c74?s=96&d=mm&r=g\",\"caption\":\"admin\"},\"sameAs\":[\"https:\/\/tipnexa.com\/blog\"],\"url\":\"https:\/\/tipnexa.com\/blog\/author\/admin\/\"}]}<\/script>\n<!-- \/ Yoast SEO plugin. -->","yoast_head_json":{"title":"Sede de la Finalissima 2026: UEFA y Conmebol Aplazan Decisi\u00f3n Clave - Tipnexa","robots":{"index":"index","follow":"follow","max-snippet":"max-snippet:-1","max-image-preview":"max-image-preview:large","max-video-preview":"max-video-preview:-1"},"canonical":"https:\/\/tipnexa.com\/blog\/sede-de-la-finalissima-2026-uefa-y-conmebol-aplazan-decision-clave\/","og_locale":"es_ES","og_type":"article","og_title":"Sede de la Finalissima 2026: UEFA y Conmebol Aplazan Decisi\u00f3n Clave - Tipnexa","og_description":"UEFA y Conmebol posponen la elecci\u00f3n de sede para la Finalissima 2026 entre Argentina y Espa\u00f1a. Descubre las razones del aplazamiento y las opciones de locaci\u00f3n.","og_url":"https:\/\/tipnexa.com\/blog\/sede-de-la-finalissima-2026-uefa-y-conmebol-aplazan-decision-clave\/","og_site_name":"Tipnexa","article_published_time":"2026-03-14T05:29:27+00:00","article_modified_time":"2026-03-15T10:33:34+00:00","og_image":[{"width":1344,"height":768,"url":"https:\/\/tipnexa.com\/blog\/wp-content\/uploads\/2026\/03\/sede-de-la-finalissima-2026-uefa-y-conmebol-aplazan-decision-clave-1773466164020.png","type":"image\/png"}],"author":"admin","twitter_card":"summary_large_image","twitter_misc":{"Escrito por":"admin","Tiempo de lectura":"3 minutos"},"schema":{"@context":"https:\/\/schema.org","@graph":[{"@type":"Article","@id":"https:\/\/tipnexa.com\/blog\/sede-de-la-finalissima-2026-uefa-y-conmebol-aplazan-decision-clave\/#article","isPartOf":{"@id":"https:\/\/tipnexa.com\/blog\/sede-de-la-finalissima-2026-uefa-y-conmebol-aplazan-decision-clave\/"},"author":{"name":"admin","@id":"https:\/\/tipnexa.com\/blog\/#\/schema\/person\/fcfe9a20877b14cc7f2bc3ce77f6d3cf"},"headline":"Sede de la Finalissima 2026: UEFA y Conmebol Aplazan Decisi\u00f3n Clave","datePublished":"2026-03-14T05:29:27+00:00","dateModified":"2026-03-15T10:33:34+00:00","mainEntityOfPage":{"@id":"https:\/\/tipnexa.com\/blog\/sede-de-la-finalissima-2026-uefa-y-conmebol-aplazan-decision-clave\/"},"wordCount":678,"commentCount":0,"publisher":{"@id":"https:\/\/tipnexa.com\/blog\/#organization"},"image":{"@id":"https:\/\/tipnexa.com\/blog\/sede-de-la-finalissima-2026-uefa-y-conmebol-aplazan-decision-clave\/#primaryimage"},"thumbnailUrl":"https:\/\/tipnexa.com\/blog\/wp-content\/uploads\/2026\/03\/sede-de-la-finalissima-2026-uefa-y-conmebol-aplazan-decision-clave-1773466164020.png","articleSection":["F\u00fatbol Internacional"],"inLanguage":"es","potentialAction":[{"@type":"CommentAction","name":"Comment","target":["https:\/\/tipnexa.com\/blog\/sede-de-la-finalissima-2026-uefa-y-conmebol-aplazan-decision-clave\/#respond"]}]},{"@type":"WebPage","@id":"https:\/\/tipnexa.com\/blog\/sede-de-la-finalissima-2026-uefa-y-conmebol-aplazan-decision-clave\/","url":"https:\/\/tipnexa.com\/blog\/sede-de-la-finalissima-2026-uefa-y-conmebol-aplazan-decision-clave\/","name":"Sede de la Finalissima 2026: UEFA y Conmebol Aplazan Decisi\u00f3n Clave - Tipnexa","isPartOf":{"@id":"https:\/\/tipnexa.com\/blog\/#website"},"primaryImageOfPage":{"@id":"https:\/\/tipnexa.com\/blog\/sede-de-la-finalissima-2026-uefa-y-conmebol-aplazan-decision-clave\/#primaryimage"},"image":{"@id":"https:\/\/tipnexa.com\/blog\/sede-de-la-finalissima-2026-uefa-y-conmebol-aplazan-decision-clave\/#primaryimage"},"thumbnailUrl":"https:\/\/tipnexa.com\/blog\/wp-content\/uploads\/2026\/03\/sede-de-la-finalissima-2026-uefa-y-conmebol-aplazan-decision-clave-1773466164020.png","datePublished":"2026-03-14T05:29:27+00:00","dateModified":"2026-03-15T10:33:34+00:00","breadcrumb":{"@id":"https:\/\/tipnexa.com\/blog\/sede-de-la-finalissima-2026-uefa-y-conmebol-aplazan-decision-clave\/#breadcrumb"},"inLanguage":"es","potentialAction":[{"@type":"ReadAction","target":["https:\/\/tipnexa.com\/blog\/sede-de-la-finalissima-2026-uefa-y-conmebol-aplazan-decision-clave\/"]}]},{"@type":"ImageObject","inLanguage":"es","@id":"https:\/\/tipnexa.com\/blog\/sede-de-la-finalissima-2026-uefa-y-conmebol-aplazan-decision-clave\/#primaryimage","url":"https:\/\/tipnexa.com\/blog\/wp-content\/uploads\/2026\/03\/sede-de-la-finalissima-2026-uefa-y-conmebol-aplazan-decision-clave-1773466164020.png","contentUrl":"https:\/\/tipnexa.com\/blog\/wp-content\/uploads\/2026\/03\/sede-de-la-finalissima-2026-uefa-y-conmebol-aplazan-decision-clave-1773466164020.png","width":1344,"height":768},{"@type":"BreadcrumbList","@id":"https:\/\/tipnexa.com\/blog\/sede-de-la-finalissima-2026-uefa-y-conmebol-aplazan-decision-clave\/#breadcrumb","itemListElement":[{"@type":"ListItem","position":1,"name":"Portada","item":"https:\/\/tipnexa.com\/blog\/"},{"@type":"ListItem","position":2,"name":"Sede de la Finalissima 2026: UEFA y Conmebol Aplazan Decisi\u00f3n Clave"}]},{"@type":"WebSite","@id":"https:\/\/tipnexa.com\/blog\/#website","url":"https:\/\/tipnexa.com\/blog\/","name":"Blog de Tipnexa","description":"Descubre en el blog de Tipnexa las \u00faltimas noticias de f\u00fatbol, pron\u00f3sticos, an\u00e1lisis de partidos, ligas y equipos con enfoque experto y datos actualizados.","publisher":{"@id":"https:\/\/tipnexa.com\/blog\/#organization"},"alternateName":"Blog de Tipnexa","potentialAction":[{"@type":"SearchAction","target":{"@type":"EntryPoint","urlTemplate":"https:\/\/tipnexa.com\/blog\/?s={search_term_string}"},"query-input":{"@type":"PropertyValueSpecification","valueRequired":true,"valueName":"search_term_string"}}],"inLanguage":"es"},{"@type":"Organization","@id":"https:\/\/tipnexa.com\/blog\/#organization","name":"Tipnexa","url":"https:\/\/tipnexa.com\/blog\/","logo":{"@type":"ImageObject","inLanguage":"es","@id":"https:\/\/tipnexa.com\/blog\/#\/schema\/logo\/image\/","url":"https:\/\/tipnexa.com\/blog\/wp-content\/uploads\/2026\/03\/192x192.png","contentUrl":"https:\/\/tipnexa.com\/blog\/wp-content\/uploads\/2026\/03\/192x192.png","width":192,"height":192,"caption":"Tipnexa"},"image":{"@id":"https:\/\/tipnexa.com\/blog\/#\/schema\/logo\/image\/"}},{"@type":"Person","@id":"https:\/\/tipnexa.com\/blog\/#\/schema\/person\/fcfe9a20877b14cc7f2bc3ce77f6d3cf","name":"admin","image":{"@type":"ImageObject","inLanguage":"es","@id":"https:\/\/secure.gravatar.com\/avatar\/b4f14cb9d9d12a445b91a477b3cf143c91ca7da26f03b6815b159c10ce2e2c74?s=96&d=mm&r=g","url":"https:\/\/secure.gravatar.com\/avatar\/b4f14cb9d9d12a445b91a477b3cf143c91ca7da26f03b6815b159c10ce2e2c74?s=96&d=mm&r=g","contentUrl":"https:\/\/secure.gravatar.com\/avatar\/b4f14cb9d9d12a445b91a477b3cf143c91ca7da26f03b6815b159c10ce2e2c74?s=96&d=mm&r=g","caption":"admin"},"sameAs":["https:\/\/tipnexa.com\/blog"],"url":"https:\/\/tipnexa.com\/blog\/author\/admin\/"}]}},"_links":{"self":[{"href":"https:\/\/tipnexa.com\/blog\/wp-json\/wp\/v2\/posts\/482","targetHints":{"allow":["GET"]}}],"collection":[{"href":"https:\/\/tipnexa.com\/blog\/wp-json\/wp\/v2\/posts"}],"about":[{"href":"https:\/\/tipnexa.com\/blog\/wp-json\/wp\/v2\/types\/post"}],"author":[{"embeddable":true,"href":"https:\/\/tipnexa.com\/blog\/wp-json\/wp\/v2\/users\/1"}],"replies":[{"embeddable":true,"href":"https:\/\/tipnexa.com\/blog\/wp-json\/wp\/v2\/comments?post=482"}],"version-history":[{"count":1,"href":"https:\/\/tipnexa.com\/blog\/wp-json\/wp\/v2\/posts\/482\/revisions"}],"predecessor-version":[{"id":1645,"href":"https:\/\/tipnexa.com\/blog\/wp-json\/wp\/v2\/posts\/482\/revisions\/1645"}],"wp:featuredmedia":[{"embeddable":true,"href":"https:\/\/tipnexa.com\/blog\/wp-json\/wp\/v2\/media\/481"}],"wp:attachment":[{"href":"https:\/\/tipnexa.com\/blog\/wp-json\/wp\/v2\/media?parent=482"}],"wp:term":[{"taxonomy":"category","embeddable":true,"href":"https:\/\/tipnexa.com\/blog\/wp-json\/wp\/v2\/categories?post=482"},{"taxonomy":"post_tag","embeddable":true,"href":"https:\/\/tipnexa.com\/blog\/wp-json\/wp\/v2\/tags?post=482"}],"curies":[{"name":"wp","href":"https:\/\/api.w.org\/{rel}","templated":true}]}}