{"id":4793,"date":"2026-03-26T00:13:17","date_gmt":"2026-03-26T05:13:17","guid":{"rendered":"https:\/\/tipnexa.com\/blog\/peru-en-francia-gruber-y-el-clima-puneno-en-la-bicolor\/"},"modified":"2026-03-26T00:13:17","modified_gmt":"2026-03-26T05:13:17","slug":"peru-en-francia-gruber-y-el-clima-puneno-en-la-bicolor","status":"publish","type":"post","link":"https:\/\/tipnexa.com\/blog\/peru-en-francia-gruber-y-el-clima-puneno-en-la-bicolor\/","title":{"rendered":"Per\u00fa en Francia: Gruber y el clima \u00abpune\u00f1o\u00bb en la Bicolor"},"content":{"rendered":"<p>La <strong>Selecci\u00f3n Peruana<\/strong> contin\u00faa su preparaci\u00f3n en <strong>Francia<\/strong>. El segundo d\u00eda de la <strong>Bicolor<\/strong> dej\u00f3 an\u00e9cdotas que trascienden los entrenamientos, revelando el ambiente interno del equipo con detalles curiosos y un clima que sorprendi\u00f3 a todos, recordando a una de las ciudades m\u00e1s altas de Per\u00fa.<\/p>\n<h2>La Camarader\u00eda de Gruber y el Equipo<\/h2>\n<p>Uno de los momentos m\u00e1s comentados fue la espont\u00e1nea declaraci\u00f3n de un miembro del staff t\u00e9cnico, <strong>Gruber<\/strong>, quien, con afecto y humor, exclam\u00f3 sobre sus compa\u00f1eros: \u201cSon muy chistosos, me encantan\u201d. Esta frase, que no lleg\u00f3 a los titulares principales, refleja el excelente clima y la <strong>camarader\u00eda<\/strong> que reina en la <strong>Bicolor<\/strong>. La uni\u00f3n y el buen humor son pilares fundamentales para mantener la moral alta de cara a los importantes encuentros de 2026. Para seguir de cerca las \u00faltimas novedades del f\u00fatbol, visita nuestro <a href=\"https:\/\/tipnexa.com\/blog\/\">blog de tipnexa.com<\/a>.<\/p>\n<h2>Par\u00eds con Vientos de Puno: Un Clima Inusual<\/h2>\n<p>M\u00e1s all\u00e1 de las risas, el d\u00eda 2 en <strong>Par\u00eds<\/strong> tambi\u00e9n estuvo marcado por un factor clim\u00e1tico sorprendente. Varios miembros de la delegaci\u00f3n comentaron sobre un <strong>clima<\/strong> inusualmente fr\u00edo y ventoso, que evocaba las condiciones atmosf\u00e9ricas de <strong>Puno<\/strong>. Esta particularidad meteorol\u00f3gica a\u00f1ade un elemento inesperado a la adaptaci\u00f3n del equipo. Aunque no represent\u00f3 un obst\u00e1culo insuperable, s\u00ed fue un detalle que gener\u00f3 comentarios, demostrando la capacidad de la Bicolor para enfrentar cualquier condici\u00f3n.<\/p>\n<h2>Lo Que No Se Vio: Adaptaci\u00f3n y Esp\u00edritu<\/h2>\n<p>Estos peque\u00f1os detalles, como el comentario de <strong>Gruber<\/strong> o el peculiar <strong>clima<\/strong>, son parte de \u201clo que no se vio\u201d en las transmisiones oficiales. Son pinceladas que pintan un cuadro m\u00e1s completo de la vida de la <strong>Selecci\u00f3n Peruana<\/strong> fuera de las canchas. Muestran a un grupo unido, que se apoya y que encuentra el humor incluso en situaciones inesperadas. La capacidad de adaptaci\u00f3n, tanto al ambiente del vestuario como a las condiciones externas, ser\u00e1 clave en la preparaci\u00f3n para los desaf\u00edos que se avecinan. El equipo est\u00e1 enfocado, pero sin perder la alegr\u00eda y la buena vibra. Para conocer m\u00e1s sobre preparaciones de equipos internacionales, revisa art\u00edculos como la previa de <a href=\"https:\/\/tipnexa.com\/blog\/bolivia-vs-trinidad-y-tobago-horarios-canales-y-previa-del-amistoso-2026\/\">Bolivia vs. Trinidad y Tobago<\/a>.<\/p>\n<h2>Conclusi\u00f3n<\/h2>\n<p>El segundo d\u00eda de la <strong>Bicolor<\/strong> en <strong>Francia<\/strong> ofreci\u00f3 una visi\u00f3n \u00edntima de la din\u00e1mica del equipo. Desde las palabras de <strong>Gruber<\/strong> que resaltan la excelente relaci\u00f3n entre los jugadores, hasta el peculiar <strong>clima<\/strong> que transport\u00f3 a <strong>Par\u00eds<\/strong> a la atm\u00f3sfera de <strong>Puno<\/strong>, estos momentos subrayan la resiliencia y el buen \u00e1nimo de la <strong>Selecci\u00f3n Peruana<\/strong>. Elementos como estos son fundamentales para construir un equipo fuerte y cohesionado, listo para afrontar cualquier reto en 2026.<\/p>\n","protected":false},"excerpt":{"rendered":"<p>Descubre los detalles in\u00e9ditos del segundo d\u00eda de la Selecci\u00f3n Peruana en Francia: las bromas de Gruber y el sorprendente clima que record\u00f3 a Puno.<\/p>\n","protected":false},"author":1,"featured_media":4792,"comment_status":"open","ping_status":"open","sticky":false,"template":"","format":"standard","meta":{"footnotes":""},"categories":[7],"tags":[],"class_list":["post-4793","post","type-post","status-publish","format-standard","has-post-thumbnail","hentry","category-seleccion-peruana"],"yoast_head":"<!-- This site is optimized with the Yoast SEO plugin v27.2 - https:\/\/yoast.com\/product\/yoast-seo-wordpress\/ -->\n<title>Per\u00fa en Francia: Gruber y el clima &quot;pune\u00f1o&quot; en la Bicolor - Tipnexa<\/title>\n<meta name=\"robots\" content=\"index, follow, max-snippet:-1, max-image-preview:large, max-video-preview:-1\" \/>\n<link rel=\"canonical\" href=\"https:\/\/tipnexa.com\/blog\/peru-en-francia-gruber-y-el-clima-puneno-en-la-bicolor\/\" \/>\n<meta property=\"og:locale\" content=\"es_ES\" \/>\n<meta property=\"og:type\" content=\"article\" \/>\n<meta property=\"og:title\" content=\"Per\u00fa en Francia: Gruber y el clima &quot;pune\u00f1o&quot; en la Bicolor - Tipnexa\" \/>\n<meta property=\"og:description\" content=\"Descubre los detalles in\u00e9ditos del segundo d\u00eda de la Selecci\u00f3n Peruana en Francia: las bromas de Gruber y el sorprendente clima que record\u00f3 a Puno.\" \/>\n<meta property=\"og:url\" content=\"https:\/\/tipnexa.com\/blog\/peru-en-francia-gruber-y-el-clima-puneno-en-la-bicolor\/\" \/>\n<meta property=\"og:site_name\" content=\"Tipnexa\" \/>\n<meta property=\"article:published_time\" content=\"2026-03-26T05:13:17+00:00\" \/>\n<meta property=\"og:image\" content=\"https:\/\/tipnexa.com\/blog\/wp-content\/uploads\/2026\/03\/192x192.png\" \/>\n\t<meta property=\"og:image:width\" content=\"192\" \/>\n\t<meta property=\"og:image:height\" content=\"192\" \/>\n\t<meta property=\"og:image:type\" content=\"image\/png\" \/>\n<meta name=\"author\" content=\"admin\" \/>\n<meta name=\"twitter:card\" content=\"summary_large_image\" \/>\n<meta name=\"twitter:label1\" content=\"Escrito por\" \/>\n\t<meta name=\"twitter:data1\" content=\"admin\" \/>\n\t<meta name=\"twitter:label2\" content=\"Tiempo de lectura\" \/>\n\t<meta name=\"twitter:data2\" content=\"2 minutos\" \/>\n<script type=\"application\/ld+json\" class=\"yoast-schema-graph\">{\"@context\":\"https:\/\/schema.org\",\"@graph\":[{\"@type\":\"Article\",\"@id\":\"https:\/\/tipnexa.com\/blog\/peru-en-francia-gruber-y-el-clima-puneno-en-la-bicolor\/#article\",\"isPartOf\":{\"@id\":\"https:\/\/tipnexa.com\/blog\/peru-en-francia-gruber-y-el-clima-puneno-en-la-bicolor\/\"},\"author\":{\"name\":\"admin\",\"@id\":\"https:\/\/tipnexa.com\/blog\/#\/schema\/person\/fcfe9a20877b14cc7f2bc3ce77f6d3cf\"},\"headline\":\"Per\u00fa en Francia: Gruber y el clima \u00abpune\u00f1o\u00bb en la Bicolor\",\"datePublished\":\"2026-03-26T05:13:17+00:00\",\"mainEntityOfPage\":{\"@id\":\"https:\/\/tipnexa.com\/blog\/peru-en-francia-gruber-y-el-clima-puneno-en-la-bicolor\/\"},\"wordCount\":481,\"commentCount\":0,\"publisher\":{\"@id\":\"https:\/\/tipnexa.com\/blog\/#organization\"},\"image\":{\"@id\":\"https:\/\/tipnexa.com\/blog\/peru-en-francia-gruber-y-el-clima-puneno-en-la-bicolor\/#primaryimage\"},\"thumbnailUrl\":\"https:\/\/tipnexa.com\/blog\/wp-content\/uploads\/2026\/03\/peru-en-francia-gruber-y-el-clima-puneno-en-la-bicolor-1774501989606.png\",\"articleSection\":[\"Selecci\u00f3n Peruana\"],\"inLanguage\":\"es\",\"potentialAction\":[{\"@type\":\"CommentAction\",\"name\":\"Comment\",\"target\":[\"https:\/\/tipnexa.com\/blog\/peru-en-francia-gruber-y-el-clima-puneno-en-la-bicolor\/#respond\"]}]},{\"@type\":\"WebPage\",\"@id\":\"https:\/\/tipnexa.com\/blog\/peru-en-francia-gruber-y-el-clima-puneno-en-la-bicolor\/\",\"url\":\"https:\/\/tipnexa.com\/blog\/peru-en-francia-gruber-y-el-clima-puneno-en-la-bicolor\/\",\"name\":\"Per\u00fa en Francia: Gruber y el clima \\\"pune\u00f1o\\\" en la Bicolor - Tipnexa\",\"isPartOf\":{\"@id\":\"https:\/\/tipnexa.com\/blog\/#website\"},\"primaryImageOfPage\":{\"@id\":\"https:\/\/tipnexa.com\/blog\/peru-en-francia-gruber-y-el-clima-puneno-en-la-bicolor\/#primaryimage\"},\"image\":{\"@id\":\"https:\/\/tipnexa.com\/blog\/peru-en-francia-gruber-y-el-clima-puneno-en-la-bicolor\/#primaryimage\"},\"thumbnailUrl\":\"https:\/\/tipnexa.com\/blog\/wp-content\/uploads\/2026\/03\/peru-en-francia-gruber-y-el-clima-puneno-en-la-bicolor-1774501989606.png\",\"datePublished\":\"2026-03-26T05:13:17+00:00\",\"breadcrumb\":{\"@id\":\"https:\/\/tipnexa.com\/blog\/peru-en-francia-gruber-y-el-clima-puneno-en-la-bicolor\/#breadcrumb\"},\"inLanguage\":\"es\",\"potentialAction\":[{\"@type\":\"ReadAction\",\"target\":[\"https:\/\/tipnexa.com\/blog\/peru-en-francia-gruber-y-el-clima-puneno-en-la-bicolor\/\"]}]},{\"@type\":\"ImageObject\",\"inLanguage\":\"es\",\"@id\":\"https:\/\/tipnexa.com\/blog\/peru-en-francia-gruber-y-el-clima-puneno-en-la-bicolor\/#primaryimage\",\"url\":\"https:\/\/tipnexa.com\/blog\/wp-content\/uploads\/2026\/03\/peru-en-francia-gruber-y-el-clima-puneno-en-la-bicolor-1774501989606.png\",\"contentUrl\":\"https:\/\/tipnexa.com\/blog\/wp-content\/uploads\/2026\/03\/peru-en-francia-gruber-y-el-clima-puneno-en-la-bicolor-1774501989606.png\",\"width\":1344,\"height\":768},{\"@type\":\"BreadcrumbList\",\"@id\":\"https:\/\/tipnexa.com\/blog\/peru-en-francia-gruber-y-el-clima-puneno-en-la-bicolor\/#breadcrumb\",\"itemListElement\":[{\"@type\":\"ListItem\",\"position\":1,\"name\":\"Portada\",\"item\":\"https:\/\/tipnexa.com\/blog\/\"},{\"@type\":\"ListItem\",\"position\":2,\"name\":\"Per\u00fa en Francia: Gruber y el clima \u00abpune\u00f1o\u00bb en la Bicolor\"}]},{\"@type\":\"WebSite\",\"@id\":\"https:\/\/tipnexa.com\/blog\/#website\",\"url\":\"https:\/\/tipnexa.com\/blog\/\",\"name\":\"Blog de Tipnexa\",\"description\":\"Descubre en el blog de Tipnexa las \u00faltimas noticias de f\u00fatbol, pron\u00f3sticos, an\u00e1lisis de partidos, ligas y equipos con enfoque experto y datos actualizados.\",\"publisher\":{\"@id\":\"https:\/\/tipnexa.com\/blog\/#organization\"},\"alternateName\":\"Blog de Tipnexa\",\"potentialAction\":[{\"@type\":\"SearchAction\",\"target\":{\"@type\":\"EntryPoint\",\"urlTemplate\":\"https:\/\/tipnexa.com\/blog\/?s={search_term_string}\"},\"query-input\":{\"@type\":\"PropertyValueSpecification\",\"valueRequired\":true,\"valueName\":\"search_term_string\"}}],\"inLanguage\":\"es\"},{\"@type\":\"Organization\",\"@id\":\"https:\/\/tipnexa.com\/blog\/#organization\",\"name\":\"Tipnexa\",\"url\":\"https:\/\/tipnexa.com\/blog\/\",\"logo\":{\"@type\":\"ImageObject\",\"inLanguage\":\"es\",\"@id\":\"https:\/\/tipnexa.com\/blog\/#\/schema\/logo\/image\/\",\"url\":\"https:\/\/tipnexa.com\/blog\/wp-content\/uploads\/2026\/03\/192x192.png\",\"contentUrl\":\"https:\/\/tipnexa.com\/blog\/wp-content\/uploads\/2026\/03\/192x192.png\",\"width\":192,\"height\":192,\"caption\":\"Tipnexa\"},\"image\":{\"@id\":\"https:\/\/tipnexa.com\/blog\/#\/schema\/logo\/image\/\"}},{\"@type\":\"Person\",\"@id\":\"https:\/\/tipnexa.com\/blog\/#\/schema\/person\/fcfe9a20877b14cc7f2bc3ce77f6d3cf\",\"name\":\"admin\",\"image\":{\"@type\":\"ImageObject\",\"inLanguage\":\"es\",\"@id\":\"https:\/\/secure.gravatar.com\/avatar\/b4f14cb9d9d12a445b91a477b3cf143c91ca7da26f03b6815b159c10ce2e2c74?s=96&d=mm&r=g\",\"url\":\"https:\/\/secure.gravatar.com\/avatar\/b4f14cb9d9d12a445b91a477b3cf143c91ca7da26f03b6815b159c10ce2e2c74?s=96&d=mm&r=g\",\"contentUrl\":\"https:\/\/secure.gravatar.com\/avatar\/b4f14cb9d9d12a445b91a477b3cf143c91ca7da26f03b6815b159c10ce2e2c74?s=96&d=mm&r=g\",\"caption\":\"admin\"},\"sameAs\":[\"https:\/\/tipnexa.com\/blog\"],\"url\":\"https:\/\/tipnexa.com\/blog\/author\/admin\/\"}]}<\/script>\n<!-- \/ Yoast SEO plugin. -->","yoast_head_json":{"title":"Per\u00fa en Francia: Gruber y el clima \"pune\u00f1o\" en la Bicolor - Tipnexa","robots":{"index":"index","follow":"follow","max-snippet":"max-snippet:-1","max-image-preview":"max-image-preview:large","max-video-preview":"max-video-preview:-1"},"canonical":"https:\/\/tipnexa.com\/blog\/peru-en-francia-gruber-y-el-clima-puneno-en-la-bicolor\/","og_locale":"es_ES","og_type":"article","og_title":"Per\u00fa en Francia: Gruber y el clima \"pune\u00f1o\" en la Bicolor - Tipnexa","og_description":"Descubre los detalles in\u00e9ditos del segundo d\u00eda de la Selecci\u00f3n Peruana en Francia: las bromas de Gruber y el sorprendente clima que record\u00f3 a Puno.","og_url":"https:\/\/tipnexa.com\/blog\/peru-en-francia-gruber-y-el-clima-puneno-en-la-bicolor\/","og_site_name":"Tipnexa","article_published_time":"2026-03-26T05:13:17+00:00","og_image":[{"width":192,"height":192,"url":"https:\/\/tipnexa.com\/blog\/wp-content\/uploads\/2026\/03\/192x192.png","type":"image\/png"}],"author":"admin","twitter_card":"summary_large_image","twitter_misc":{"Escrito por":"admin","Tiempo de lectura":"2 minutos"},"schema":{"@context":"https:\/\/schema.org","@graph":[{"@type":"Article","@id":"https:\/\/tipnexa.com\/blog\/peru-en-francia-gruber-y-el-clima-puneno-en-la-bicolor\/#article","isPartOf":{"@id":"https:\/\/tipnexa.com\/blog\/peru-en-francia-gruber-y-el-clima-puneno-en-la-bicolor\/"},"author":{"name":"admin","@id":"https:\/\/tipnexa.com\/blog\/#\/schema\/person\/fcfe9a20877b14cc7f2bc3ce77f6d3cf"},"headline":"Per\u00fa en Francia: Gruber y el clima \u00abpune\u00f1o\u00bb en la Bicolor","datePublished":"2026-03-26T05:13:17+00:00","mainEntityOfPage":{"@id":"https:\/\/tipnexa.com\/blog\/peru-en-francia-gruber-y-el-clima-puneno-en-la-bicolor\/"},"wordCount":481,"commentCount":0,"publisher":{"@id":"https:\/\/tipnexa.com\/blog\/#organization"},"image":{"@id":"https:\/\/tipnexa.com\/blog\/peru-en-francia-gruber-y-el-clima-puneno-en-la-bicolor\/#primaryimage"},"thumbnailUrl":"https:\/\/tipnexa.com\/blog\/wp-content\/uploads\/2026\/03\/peru-en-francia-gruber-y-el-clima-puneno-en-la-bicolor-1774501989606.png","articleSection":["Selecci\u00f3n Peruana"],"inLanguage":"es","potentialAction":[{"@type":"CommentAction","name":"Comment","target":["https:\/\/tipnexa.com\/blog\/peru-en-francia-gruber-y-el-clima-puneno-en-la-bicolor\/#respond"]}]},{"@type":"WebPage","@id":"https:\/\/tipnexa.com\/blog\/peru-en-francia-gruber-y-el-clima-puneno-en-la-bicolor\/","url":"https:\/\/tipnexa.com\/blog\/peru-en-francia-gruber-y-el-clima-puneno-en-la-bicolor\/","name":"Per\u00fa en Francia: Gruber y el clima \"pune\u00f1o\" en la Bicolor - Tipnexa","isPartOf":{"@id":"https:\/\/tipnexa.com\/blog\/#website"},"primaryImageOfPage":{"@id":"https:\/\/tipnexa.com\/blog\/peru-en-francia-gruber-y-el-clima-puneno-en-la-bicolor\/#primaryimage"},"image":{"@id":"https:\/\/tipnexa.com\/blog\/peru-en-francia-gruber-y-el-clima-puneno-en-la-bicolor\/#primaryimage"},"thumbnailUrl":"https:\/\/tipnexa.com\/blog\/wp-content\/uploads\/2026\/03\/peru-en-francia-gruber-y-el-clima-puneno-en-la-bicolor-1774501989606.png","datePublished":"2026-03-26T05:13:17+00:00","breadcrumb":{"@id":"https:\/\/tipnexa.com\/blog\/peru-en-francia-gruber-y-el-clima-puneno-en-la-bicolor\/#breadcrumb"},"inLanguage":"es","potentialAction":[{"@type":"ReadAction","target":["https:\/\/tipnexa.com\/blog\/peru-en-francia-gruber-y-el-clima-puneno-en-la-bicolor\/"]}]},{"@type":"ImageObject","inLanguage":"es","@id":"https:\/\/tipnexa.com\/blog\/peru-en-francia-gruber-y-el-clima-puneno-en-la-bicolor\/#primaryimage","url":"https:\/\/tipnexa.com\/blog\/wp-content\/uploads\/2026\/03\/peru-en-francia-gruber-y-el-clima-puneno-en-la-bicolor-1774501989606.png","contentUrl":"https:\/\/tipnexa.com\/blog\/wp-content\/uploads\/2026\/03\/peru-en-francia-gruber-y-el-clima-puneno-en-la-bicolor-1774501989606.png","width":1344,"height":768},{"@type":"BreadcrumbList","@id":"https:\/\/tipnexa.com\/blog\/peru-en-francia-gruber-y-el-clima-puneno-en-la-bicolor\/#breadcrumb","itemListElement":[{"@type":"ListItem","position":1,"name":"Portada","item":"https:\/\/tipnexa.com\/blog\/"},{"@type":"ListItem","position":2,"name":"Per\u00fa en Francia: Gruber y el clima \u00abpune\u00f1o\u00bb en la Bicolor"}]},{"@type":"WebSite","@id":"https:\/\/tipnexa.com\/blog\/#website","url":"https:\/\/tipnexa.com\/blog\/","name":"Blog de Tipnexa","description":"Descubre en el blog de Tipnexa las \u00faltimas noticias de f\u00fatbol, pron\u00f3sticos, an\u00e1lisis de partidos, ligas y equipos con enfoque experto y datos actualizados.","publisher":{"@id":"https:\/\/tipnexa.com\/blog\/#organization"},"alternateName":"Blog de Tipnexa","potentialAction":[{"@type":"SearchAction","target":{"@type":"EntryPoint","urlTemplate":"https:\/\/tipnexa.com\/blog\/?s={search_term_string}"},"query-input":{"@type":"PropertyValueSpecification","valueRequired":true,"valueName":"search_term_string"}}],"inLanguage":"es"},{"@type":"Organization","@id":"https:\/\/tipnexa.com\/blog\/#organization","name":"Tipnexa","url":"https:\/\/tipnexa.com\/blog\/","logo":{"@type":"ImageObject","inLanguage":"es","@id":"https:\/\/tipnexa.com\/blog\/#\/schema\/logo\/image\/","url":"https:\/\/tipnexa.com\/blog\/wp-content\/uploads\/2026\/03\/192x192.png","contentUrl":"https:\/\/tipnexa.com\/blog\/wp-content\/uploads\/2026\/03\/192x192.png","width":192,"height":192,"caption":"Tipnexa"},"image":{"@id":"https:\/\/tipnexa.com\/blog\/#\/schema\/logo\/image\/"}},{"@type":"Person","@id":"https:\/\/tipnexa.com\/blog\/#\/schema\/person\/fcfe9a20877b14cc7f2bc3ce77f6d3cf","name":"admin","image":{"@type":"ImageObject","inLanguage":"es","@id":"https:\/\/secure.gravatar.com\/avatar\/b4f14cb9d9d12a445b91a477b3cf143c91ca7da26f03b6815b159c10ce2e2c74?s=96&d=mm&r=g","url":"https:\/\/secure.gravatar.com\/avatar\/b4f14cb9d9d12a445b91a477b3cf143c91ca7da26f03b6815b159c10ce2e2c74?s=96&d=mm&r=g","contentUrl":"https:\/\/secure.gravatar.com\/avatar\/b4f14cb9d9d12a445b91a477b3cf143c91ca7da26f03b6815b159c10ce2e2c74?s=96&d=mm&r=g","caption":"admin"},"sameAs":["https:\/\/tipnexa.com\/blog"],"url":"https:\/\/tipnexa.com\/blog\/author\/admin\/"}]}},"_links":{"self":[{"href":"https:\/\/tipnexa.com\/blog\/wp-json\/wp\/v2\/posts\/4793","targetHints":{"allow":["GET"]}}],"collection":[{"href":"https:\/\/tipnexa.com\/blog\/wp-json\/wp\/v2\/posts"}],"about":[{"href":"https:\/\/tipnexa.com\/blog\/wp-json\/wp\/v2\/types\/post"}],"author":[{"embeddable":true,"href":"https:\/\/tipnexa.com\/blog\/wp-json\/wp\/v2\/users\/1"}],"replies":[{"embeddable":true,"href":"https:\/\/tipnexa.com\/blog\/wp-json\/wp\/v2\/comments?post=4793"}],"version-history":[{"count":0,"href":"https:\/\/tipnexa.com\/blog\/wp-json\/wp\/v2\/posts\/4793\/revisions"}],"wp:featuredmedia":[{"embeddable":true,"href":"https:\/\/tipnexa.com\/blog\/wp-json\/wp\/v2\/media\/4792"}],"wp:attachment":[{"href":"https:\/\/tipnexa.com\/blog\/wp-json\/wp\/v2\/media?parent=4793"}],"wp:term":[{"taxonomy":"category","embeddable":true,"href":"https:\/\/tipnexa.com\/blog\/wp-json\/wp\/v2\/categories?post=4793"},{"taxonomy":"post_tag","embeddable":true,"href":"https:\/\/tipnexa.com\/blog\/wp-json\/wp\/v2\/tags?post=4793"}],"curies":[{"name":"wp","href":"https:\/\/api.w.org\/{rel}","templated":true}]}}