{"id":4761,"date":"2026-03-25T21:00:02","date_gmt":"2026-03-26T02:00:02","guid":{"rendered":"https:\/\/tipnexa.com\/blog\/lesion-de-esteban-pavez-se-perdera-el-clasico-alianza-lima-vs-universitario-2026\/"},"modified":"2026-03-25T21:00:02","modified_gmt":"2026-03-26T02:00:02","slug":"lesion-de-esteban-pavez-se-perdera-el-clasico-alianza-lima-vs-universitario-2026","status":"publish","type":"post","link":"https:\/\/tipnexa.com\/blog\/lesion-de-esteban-pavez-se-perdera-el-clasico-alianza-lima-vs-universitario-2026\/","title":{"rendered":"Lesi\u00f3n de Esteban Pavez: \u00bfSe perder\u00e1 el Cl\u00e1sico Alianza Lima vs. Universitario 2026?"},"content":{"rendered":"<p>Alianza Lima enfrenta un desaf\u00edo importante en el Torneo Apertura de la Liga 1. El club ha confirmado la lesi\u00f3n de su mediocampista clave, <strong>Esteban Pavez<\/strong>, tras el encuentro de la fecha 8 contra Juan Pablo II. Esta noticia genera gran preocupaci\u00f3n entre los aficionados y el comando t\u00e9cnico, especialmente de cara al esperado cl\u00e1sico nacional.<\/p>\n<h2>Detalles de la Lesi\u00f3n de Pavez<\/h2>\n<p>El parte m\u00e9dico oficial, emitido por la instituci\u00f3n, revel\u00f3 que Pavez sufri\u00f3 un <strong>desgarro en el m\u00fasculo recto femoral derecho<\/strong>. Este tipo de dolencia muscular requiere un periodo de recuperaci\u00f3n que, seg\u00fan las estimaciones m\u00e9dicas, puede oscilar entre una y tres semanas. La ausencia de un jugador de su calibre es un golpe sensible para el esquema t\u00e1ctico del equipo blanquiazul, dado su rol fundamental en el mediocampo.<\/p>\n<h2>El Cl\u00e1sico y la Inc\u00f3gnita de su Presencia<\/h2>\n<p>La gran inc\u00f3gnita ahora es si Esteban Pavez lograr\u00e1 recuperarse a tiempo para el trascendental partido contra Universitario de Deportes. Este encuentro, programado para el s\u00e1bado 4 de abril de 2026 en el Estadio Monumental, es uno de los m\u00e1s importantes del calendario futbol\u00edstico peruano y podr\u00eda ser clave en la definici\u00f3n del Torneo Apertura. La presencia de Pavez es crucial para el mediocampo de <a href=\"https:\/\/tipnexa.com\/blog\/alianza-lima-vs-deportivo-garcilaso-previa-y-donde-ver-la-liga-1-2026\/\">Alianza Lima<\/a>, aportando equilibrio, recuperaci\u00f3n y visi\u00f3n de juego. Su liderazgo y experiencia son activos dif\u00edciles de reemplazar en un duelo de esta magnitud.<\/p>\n<p>El comando t\u00e9cnico de Alianza Lima deber\u00e1 reajustar sus estrategias y buscar alternativas para suplir la baja de Pavez. La profundidad del plantel ser\u00e1 puesta a prueba en un momento decisivo del torneo. Mientras tanto, <a href=\"https:\/\/tipnexa.com\/blog\/universitario-vs-utc-analisis-y-previa-clave-de-la-liga-1-2026\/\">Universitario<\/a> se prepara para el duelo, buscando aprovechar cualquier ventaja que esta situaci\u00f3n pueda presentar.<\/p>\n<h2>Conclusi\u00f3n<\/h2>\n<p>La lesi\u00f3n de Esteban Pavez representa un obst\u00e1culo considerable para Alianza Lima en su camino por el Torneo Apertura 2026. Aunque la esperanza de verlo en el campo para el cl\u00e1sico se mantiene, la prioridad es su completa recuperaci\u00f3n para evitar futuras reca\u00eddas. Este incidente subraya la importancia de la gesti\u00f3n de lesiones en el f\u00fatbol de alta competencia y c\u00f3mo puede influir en los resultados clave de la temporada, especialmente en partidos de la envergadura del cl\u00e1sico peruano.<\/p>\n","protected":false},"excerpt":{"rendered":"<p>Alianza Lima confirma la lesi\u00f3n de Esteban Pavez con un desgarro. Descubre el tiempo de recuperaci\u00f3n y si llegar\u00e1 al crucial cl\u00e1sico contra Universitario en 2026.<\/p>\n","protected":false},"author":1,"featured_media":4760,"comment_status":"open","ping_status":"open","sticky":false,"template":"","format":"standard","meta":{"footnotes":""},"categories":[3,2],"tags":[],"class_list":["post-4761","post","type-post","status-publish","format-standard","has-post-thumbnail","hentry","category-descentralizado","category-futbol-peruano"],"yoast_head":"<!-- This site is optimized with the Yoast SEO plugin v27.2 - https:\/\/yoast.com\/product\/yoast-seo-wordpress\/ -->\n<title>Lesi\u00f3n de Esteban Pavez: \u00bfSe perder\u00e1 el Cl\u00e1sico Alianza Lima vs. Universitario 2026? - Tipnexa<\/title>\n<meta name=\"robots\" content=\"index, follow, max-snippet:-1, max-image-preview:large, max-video-preview:-1\" \/>\n<link rel=\"canonical\" href=\"https:\/\/tipnexa.com\/blog\/lesion-de-esteban-pavez-se-perdera-el-clasico-alianza-lima-vs-universitario-2026\/\" \/>\n<meta property=\"og:locale\" content=\"es_ES\" \/>\n<meta property=\"og:type\" content=\"article\" \/>\n<meta property=\"og:title\" content=\"Lesi\u00f3n de Esteban Pavez: \u00bfSe perder\u00e1 el Cl\u00e1sico Alianza Lima vs. Universitario 2026? - Tipnexa\" \/>\n<meta property=\"og:description\" content=\"Alianza Lima confirma la lesi\u00f3n de Esteban Pavez con un desgarro. Descubre el tiempo de recuperaci\u00f3n y si llegar\u00e1 al crucial cl\u00e1sico contra Universitario en 2026.\" \/>\n<meta property=\"og:url\" content=\"https:\/\/tipnexa.com\/blog\/lesion-de-esteban-pavez-se-perdera-el-clasico-alianza-lima-vs-universitario-2026\/\" \/>\n<meta property=\"og:site_name\" content=\"Tipnexa\" \/>\n<meta property=\"article:published_time\" content=\"2026-03-26T02:00:02+00:00\" \/>\n<meta property=\"og:image\" content=\"https:\/\/tipnexa.com\/blog\/wp-content\/uploads\/2026\/03\/192x192.png\" \/>\n\t<meta property=\"og:image:width\" content=\"192\" \/>\n\t<meta property=\"og:image:height\" content=\"192\" \/>\n\t<meta property=\"og:image:type\" content=\"image\/png\" \/>\n<meta name=\"author\" content=\"admin\" \/>\n<meta name=\"twitter:card\" content=\"summary_large_image\" \/>\n<meta name=\"twitter:label1\" content=\"Escrito por\" \/>\n\t<meta name=\"twitter:data1\" content=\"admin\" \/>\n\t<meta name=\"twitter:label2\" content=\"Tiempo de lectura\" \/>\n\t<meta name=\"twitter:data2\" content=\"2 minutos\" \/>\n<script type=\"application\/ld+json\" class=\"yoast-schema-graph\">{\"@context\":\"https:\/\/schema.org\",\"@graph\":[{\"@type\":\"Article\",\"@id\":\"https:\/\/tipnexa.com\/blog\/lesion-de-esteban-pavez-se-perdera-el-clasico-alianza-lima-vs-universitario-2026\/#article\",\"isPartOf\":{\"@id\":\"https:\/\/tipnexa.com\/blog\/lesion-de-esteban-pavez-se-perdera-el-clasico-alianza-lima-vs-universitario-2026\/\"},\"author\":{\"name\":\"admin\",\"@id\":\"https:\/\/tipnexa.com\/blog\/#\/schema\/person\/fcfe9a20877b14cc7f2bc3ce77f6d3cf\"},\"headline\":\"Lesi\u00f3n de Esteban Pavez: \u00bfSe perder\u00e1 el Cl\u00e1sico Alianza Lima vs. Universitario 2026?\",\"datePublished\":\"2026-03-26T02:00:02+00:00\",\"mainEntityOfPage\":{\"@id\":\"https:\/\/tipnexa.com\/blog\/lesion-de-esteban-pavez-se-perdera-el-clasico-alianza-lima-vs-universitario-2026\/\"},\"wordCount\":402,\"commentCount\":0,\"publisher\":{\"@id\":\"https:\/\/tipnexa.com\/blog\/#organization\"},\"image\":{\"@id\":\"https:\/\/tipnexa.com\/blog\/lesion-de-esteban-pavez-se-perdera-el-clasico-alianza-lima-vs-universitario-2026\/#primaryimage\"},\"thumbnailUrl\":\"https:\/\/tipnexa.com\/blog\/wp-content\/uploads\/2026\/03\/lesion-de-esteban-pavez-se-perdera-el-clasico-alianza-lima-vs-universitario-2026-1774490394560.png\",\"articleSection\":[\"Descentralizado\",\"F\u00fatbol Peruano\"],\"inLanguage\":\"es\",\"potentialAction\":[{\"@type\":\"CommentAction\",\"name\":\"Comment\",\"target\":[\"https:\/\/tipnexa.com\/blog\/lesion-de-esteban-pavez-se-perdera-el-clasico-alianza-lima-vs-universitario-2026\/#respond\"]}]},{\"@type\":\"WebPage\",\"@id\":\"https:\/\/tipnexa.com\/blog\/lesion-de-esteban-pavez-se-perdera-el-clasico-alianza-lima-vs-universitario-2026\/\",\"url\":\"https:\/\/tipnexa.com\/blog\/lesion-de-esteban-pavez-se-perdera-el-clasico-alianza-lima-vs-universitario-2026\/\",\"name\":\"Lesi\u00f3n de Esteban Pavez: \u00bfSe perder\u00e1 el Cl\u00e1sico Alianza Lima vs. Universitario 2026? - Tipnexa\",\"isPartOf\":{\"@id\":\"https:\/\/tipnexa.com\/blog\/#website\"},\"primaryImageOfPage\":{\"@id\":\"https:\/\/tipnexa.com\/blog\/lesion-de-esteban-pavez-se-perdera-el-clasico-alianza-lima-vs-universitario-2026\/#primaryimage\"},\"image\":{\"@id\":\"https:\/\/tipnexa.com\/blog\/lesion-de-esteban-pavez-se-perdera-el-clasico-alianza-lima-vs-universitario-2026\/#primaryimage\"},\"thumbnailUrl\":\"https:\/\/tipnexa.com\/blog\/wp-content\/uploads\/2026\/03\/lesion-de-esteban-pavez-se-perdera-el-clasico-alianza-lima-vs-universitario-2026-1774490394560.png\",\"datePublished\":\"2026-03-26T02:00:02+00:00\",\"breadcrumb\":{\"@id\":\"https:\/\/tipnexa.com\/blog\/lesion-de-esteban-pavez-se-perdera-el-clasico-alianza-lima-vs-universitario-2026\/#breadcrumb\"},\"inLanguage\":\"es\",\"potentialAction\":[{\"@type\":\"ReadAction\",\"target\":[\"https:\/\/tipnexa.com\/blog\/lesion-de-esteban-pavez-se-perdera-el-clasico-alianza-lima-vs-universitario-2026\/\"]}]},{\"@type\":\"ImageObject\",\"inLanguage\":\"es\",\"@id\":\"https:\/\/tipnexa.com\/blog\/lesion-de-esteban-pavez-se-perdera-el-clasico-alianza-lima-vs-universitario-2026\/#primaryimage\",\"url\":\"https:\/\/tipnexa.com\/blog\/wp-content\/uploads\/2026\/03\/lesion-de-esteban-pavez-se-perdera-el-clasico-alianza-lima-vs-universitario-2026-1774490394560.png\",\"contentUrl\":\"https:\/\/tipnexa.com\/blog\/wp-content\/uploads\/2026\/03\/lesion-de-esteban-pavez-se-perdera-el-clasico-alianza-lima-vs-universitario-2026-1774490394560.png\",\"width\":1344,\"height\":768},{\"@type\":\"BreadcrumbList\",\"@id\":\"https:\/\/tipnexa.com\/blog\/lesion-de-esteban-pavez-se-perdera-el-clasico-alianza-lima-vs-universitario-2026\/#breadcrumb\",\"itemListElement\":[{\"@type\":\"ListItem\",\"position\":1,\"name\":\"Portada\",\"item\":\"https:\/\/tipnexa.com\/blog\/\"},{\"@type\":\"ListItem\",\"position\":2,\"name\":\"Lesi\u00f3n de Esteban Pavez: \u00bfSe perder\u00e1 el Cl\u00e1sico Alianza Lima vs. Universitario 2026?\"}]},{\"@type\":\"WebSite\",\"@id\":\"https:\/\/tipnexa.com\/blog\/#website\",\"url\":\"https:\/\/tipnexa.com\/blog\/\",\"name\":\"Blog de Tipnexa\",\"description\":\"Descubre en el blog de Tipnexa las \u00faltimas noticias de f\u00fatbol, pron\u00f3sticos, an\u00e1lisis de partidos, ligas y equipos con enfoque experto y datos actualizados.\",\"publisher\":{\"@id\":\"https:\/\/tipnexa.com\/blog\/#organization\"},\"alternateName\":\"Blog de Tipnexa\",\"potentialAction\":[{\"@type\":\"SearchAction\",\"target\":{\"@type\":\"EntryPoint\",\"urlTemplate\":\"https:\/\/tipnexa.com\/blog\/?s={search_term_string}\"},\"query-input\":{\"@type\":\"PropertyValueSpecification\",\"valueRequired\":true,\"valueName\":\"search_term_string\"}}],\"inLanguage\":\"es\"},{\"@type\":\"Organization\",\"@id\":\"https:\/\/tipnexa.com\/blog\/#organization\",\"name\":\"Tipnexa\",\"url\":\"https:\/\/tipnexa.com\/blog\/\",\"logo\":{\"@type\":\"ImageObject\",\"inLanguage\":\"es\",\"@id\":\"https:\/\/tipnexa.com\/blog\/#\/schema\/logo\/image\/\",\"url\":\"https:\/\/tipnexa.com\/blog\/wp-content\/uploads\/2026\/03\/192x192.png\",\"contentUrl\":\"https:\/\/tipnexa.com\/blog\/wp-content\/uploads\/2026\/03\/192x192.png\",\"width\":192,\"height\":192,\"caption\":\"Tipnexa\"},\"image\":{\"@id\":\"https:\/\/tipnexa.com\/blog\/#\/schema\/logo\/image\/\"}},{\"@type\":\"Person\",\"@id\":\"https:\/\/tipnexa.com\/blog\/#\/schema\/person\/fcfe9a20877b14cc7f2bc3ce77f6d3cf\",\"name\":\"admin\",\"image\":{\"@type\":\"ImageObject\",\"inLanguage\":\"es\",\"@id\":\"https:\/\/secure.gravatar.com\/avatar\/b4f14cb9d9d12a445b91a477b3cf143c91ca7da26f03b6815b159c10ce2e2c74?s=96&d=mm&r=g\",\"url\":\"https:\/\/secure.gravatar.com\/avatar\/b4f14cb9d9d12a445b91a477b3cf143c91ca7da26f03b6815b159c10ce2e2c74?s=96&d=mm&r=g\",\"contentUrl\":\"https:\/\/secure.gravatar.com\/avatar\/b4f14cb9d9d12a445b91a477b3cf143c91ca7da26f03b6815b159c10ce2e2c74?s=96&d=mm&r=g\",\"caption\":\"admin\"},\"sameAs\":[\"https:\/\/tipnexa.com\/blog\"],\"url\":\"https:\/\/tipnexa.com\/blog\/author\/admin\/\"}]}<\/script>\n<!-- \/ Yoast SEO plugin. -->","yoast_head_json":{"title":"Lesi\u00f3n de Esteban Pavez: \u00bfSe perder\u00e1 el Cl\u00e1sico Alianza Lima vs. Universitario 2026? - Tipnexa","robots":{"index":"index","follow":"follow","max-snippet":"max-snippet:-1","max-image-preview":"max-image-preview:large","max-video-preview":"max-video-preview:-1"},"canonical":"https:\/\/tipnexa.com\/blog\/lesion-de-esteban-pavez-se-perdera-el-clasico-alianza-lima-vs-universitario-2026\/","og_locale":"es_ES","og_type":"article","og_title":"Lesi\u00f3n de Esteban Pavez: \u00bfSe perder\u00e1 el Cl\u00e1sico Alianza Lima vs. Universitario 2026? - Tipnexa","og_description":"Alianza Lima confirma la lesi\u00f3n de Esteban Pavez con un desgarro. Descubre el tiempo de recuperaci\u00f3n y si llegar\u00e1 al crucial cl\u00e1sico contra Universitario en 2026.","og_url":"https:\/\/tipnexa.com\/blog\/lesion-de-esteban-pavez-se-perdera-el-clasico-alianza-lima-vs-universitario-2026\/","og_site_name":"Tipnexa","article_published_time":"2026-03-26T02:00:02+00:00","og_image":[{"width":192,"height":192,"url":"https:\/\/tipnexa.com\/blog\/wp-content\/uploads\/2026\/03\/192x192.png","type":"image\/png"}],"author":"admin","twitter_card":"summary_large_image","twitter_misc":{"Escrito por":"admin","Tiempo de lectura":"2 minutos"},"schema":{"@context":"https:\/\/schema.org","@graph":[{"@type":"Article","@id":"https:\/\/tipnexa.com\/blog\/lesion-de-esteban-pavez-se-perdera-el-clasico-alianza-lima-vs-universitario-2026\/#article","isPartOf":{"@id":"https:\/\/tipnexa.com\/blog\/lesion-de-esteban-pavez-se-perdera-el-clasico-alianza-lima-vs-universitario-2026\/"},"author":{"name":"admin","@id":"https:\/\/tipnexa.com\/blog\/#\/schema\/person\/fcfe9a20877b14cc7f2bc3ce77f6d3cf"},"headline":"Lesi\u00f3n de Esteban Pavez: \u00bfSe perder\u00e1 el Cl\u00e1sico Alianza Lima vs. Universitario 2026?","datePublished":"2026-03-26T02:00:02+00:00","mainEntityOfPage":{"@id":"https:\/\/tipnexa.com\/blog\/lesion-de-esteban-pavez-se-perdera-el-clasico-alianza-lima-vs-universitario-2026\/"},"wordCount":402,"commentCount":0,"publisher":{"@id":"https:\/\/tipnexa.com\/blog\/#organization"},"image":{"@id":"https:\/\/tipnexa.com\/blog\/lesion-de-esteban-pavez-se-perdera-el-clasico-alianza-lima-vs-universitario-2026\/#primaryimage"},"thumbnailUrl":"https:\/\/tipnexa.com\/blog\/wp-content\/uploads\/2026\/03\/lesion-de-esteban-pavez-se-perdera-el-clasico-alianza-lima-vs-universitario-2026-1774490394560.png","articleSection":["Descentralizado","F\u00fatbol Peruano"],"inLanguage":"es","potentialAction":[{"@type":"CommentAction","name":"Comment","target":["https:\/\/tipnexa.com\/blog\/lesion-de-esteban-pavez-se-perdera-el-clasico-alianza-lima-vs-universitario-2026\/#respond"]}]},{"@type":"WebPage","@id":"https:\/\/tipnexa.com\/blog\/lesion-de-esteban-pavez-se-perdera-el-clasico-alianza-lima-vs-universitario-2026\/","url":"https:\/\/tipnexa.com\/blog\/lesion-de-esteban-pavez-se-perdera-el-clasico-alianza-lima-vs-universitario-2026\/","name":"Lesi\u00f3n de Esteban Pavez: \u00bfSe perder\u00e1 el Cl\u00e1sico Alianza Lima vs. Universitario 2026? - Tipnexa","isPartOf":{"@id":"https:\/\/tipnexa.com\/blog\/#website"},"primaryImageOfPage":{"@id":"https:\/\/tipnexa.com\/blog\/lesion-de-esteban-pavez-se-perdera-el-clasico-alianza-lima-vs-universitario-2026\/#primaryimage"},"image":{"@id":"https:\/\/tipnexa.com\/blog\/lesion-de-esteban-pavez-se-perdera-el-clasico-alianza-lima-vs-universitario-2026\/#primaryimage"},"thumbnailUrl":"https:\/\/tipnexa.com\/blog\/wp-content\/uploads\/2026\/03\/lesion-de-esteban-pavez-se-perdera-el-clasico-alianza-lima-vs-universitario-2026-1774490394560.png","datePublished":"2026-03-26T02:00:02+00:00","breadcrumb":{"@id":"https:\/\/tipnexa.com\/blog\/lesion-de-esteban-pavez-se-perdera-el-clasico-alianza-lima-vs-universitario-2026\/#breadcrumb"},"inLanguage":"es","potentialAction":[{"@type":"ReadAction","target":["https:\/\/tipnexa.com\/blog\/lesion-de-esteban-pavez-se-perdera-el-clasico-alianza-lima-vs-universitario-2026\/"]}]},{"@type":"ImageObject","inLanguage":"es","@id":"https:\/\/tipnexa.com\/blog\/lesion-de-esteban-pavez-se-perdera-el-clasico-alianza-lima-vs-universitario-2026\/#primaryimage","url":"https:\/\/tipnexa.com\/blog\/wp-content\/uploads\/2026\/03\/lesion-de-esteban-pavez-se-perdera-el-clasico-alianza-lima-vs-universitario-2026-1774490394560.png","contentUrl":"https:\/\/tipnexa.com\/blog\/wp-content\/uploads\/2026\/03\/lesion-de-esteban-pavez-se-perdera-el-clasico-alianza-lima-vs-universitario-2026-1774490394560.png","width":1344,"height":768},{"@type":"BreadcrumbList","@id":"https:\/\/tipnexa.com\/blog\/lesion-de-esteban-pavez-se-perdera-el-clasico-alianza-lima-vs-universitario-2026\/#breadcrumb","itemListElement":[{"@type":"ListItem","position":1,"name":"Portada","item":"https:\/\/tipnexa.com\/blog\/"},{"@type":"ListItem","position":2,"name":"Lesi\u00f3n de Esteban Pavez: \u00bfSe perder\u00e1 el Cl\u00e1sico Alianza Lima vs. Universitario 2026?"}]},{"@type":"WebSite","@id":"https:\/\/tipnexa.com\/blog\/#website","url":"https:\/\/tipnexa.com\/blog\/","name":"Blog de Tipnexa","description":"Descubre en el blog de Tipnexa las \u00faltimas noticias de f\u00fatbol, pron\u00f3sticos, an\u00e1lisis de partidos, ligas y equipos con enfoque experto y datos actualizados.","publisher":{"@id":"https:\/\/tipnexa.com\/blog\/#organization"},"alternateName":"Blog de Tipnexa","potentialAction":[{"@type":"SearchAction","target":{"@type":"EntryPoint","urlTemplate":"https:\/\/tipnexa.com\/blog\/?s={search_term_string}"},"query-input":{"@type":"PropertyValueSpecification","valueRequired":true,"valueName":"search_term_string"}}],"inLanguage":"es"},{"@type":"Organization","@id":"https:\/\/tipnexa.com\/blog\/#organization","name":"Tipnexa","url":"https:\/\/tipnexa.com\/blog\/","logo":{"@type":"ImageObject","inLanguage":"es","@id":"https:\/\/tipnexa.com\/blog\/#\/schema\/logo\/image\/","url":"https:\/\/tipnexa.com\/blog\/wp-content\/uploads\/2026\/03\/192x192.png","contentUrl":"https:\/\/tipnexa.com\/blog\/wp-content\/uploads\/2026\/03\/192x192.png","width":192,"height":192,"caption":"Tipnexa"},"image":{"@id":"https:\/\/tipnexa.com\/blog\/#\/schema\/logo\/image\/"}},{"@type":"Person","@id":"https:\/\/tipnexa.com\/blog\/#\/schema\/person\/fcfe9a20877b14cc7f2bc3ce77f6d3cf","name":"admin","image":{"@type":"ImageObject","inLanguage":"es","@id":"https:\/\/secure.gravatar.com\/avatar\/b4f14cb9d9d12a445b91a477b3cf143c91ca7da26f03b6815b159c10ce2e2c74?s=96&d=mm&r=g","url":"https:\/\/secure.gravatar.com\/avatar\/b4f14cb9d9d12a445b91a477b3cf143c91ca7da26f03b6815b159c10ce2e2c74?s=96&d=mm&r=g","contentUrl":"https:\/\/secure.gravatar.com\/avatar\/b4f14cb9d9d12a445b91a477b3cf143c91ca7da26f03b6815b159c10ce2e2c74?s=96&d=mm&r=g","caption":"admin"},"sameAs":["https:\/\/tipnexa.com\/blog"],"url":"https:\/\/tipnexa.com\/blog\/author\/admin\/"}]}},"_links":{"self":[{"href":"https:\/\/tipnexa.com\/blog\/wp-json\/wp\/v2\/posts\/4761","targetHints":{"allow":["GET"]}}],"collection":[{"href":"https:\/\/tipnexa.com\/blog\/wp-json\/wp\/v2\/posts"}],"about":[{"href":"https:\/\/tipnexa.com\/blog\/wp-json\/wp\/v2\/types\/post"}],"author":[{"embeddable":true,"href":"https:\/\/tipnexa.com\/blog\/wp-json\/wp\/v2\/users\/1"}],"replies":[{"embeddable":true,"href":"https:\/\/tipnexa.com\/blog\/wp-json\/wp\/v2\/comments?post=4761"}],"version-history":[{"count":0,"href":"https:\/\/tipnexa.com\/blog\/wp-json\/wp\/v2\/posts\/4761\/revisions"}],"wp:featuredmedia":[{"embeddable":true,"href":"https:\/\/tipnexa.com\/blog\/wp-json\/wp\/v2\/media\/4760"}],"wp:attachment":[{"href":"https:\/\/tipnexa.com\/blog\/wp-json\/wp\/v2\/media?parent=4761"}],"wp:term":[{"taxonomy":"category","embeddable":true,"href":"https:\/\/tipnexa.com\/blog\/wp-json\/wp\/v2\/categories?post=4761"},{"taxonomy":"post_tag","embeddable":true,"href":"https:\/\/tipnexa.com\/blog\/wp-json\/wp\/v2\/tags?post=4761"}],"curies":[{"name":"wp","href":"https:\/\/api.w.org\/{rel}","templated":true}]}}