{"id":4727,"date":"2026-03-25T20:02:02","date_gmt":"2026-03-26T01:02:02","guid":{"rendered":"https:\/\/tipnexa.com\/blog\/joao-rojas-avance-en-su-recuperacion-y-posible-regreso-vs-liga-de-quito\/"},"modified":"2026-03-25T20:02:02","modified_gmt":"2026-03-26T01:02:02","slug":"joao-rojas-avance-en-su-recuperacion-y-posible-regreso-vs-liga-de-quito","status":"publish","type":"post","link":"https:\/\/tipnexa.com\/blog\/joao-rojas-avance-en-su-recuperacion-y-posible-regreso-vs-liga-de-quito\/","title":{"rendered":"Joao Rojas: Avance en su Recuperaci\u00f3n y Posible Regreso vs. Liga de Quito"},"content":{"rendered":"<p>El f\u00fatbol ecuatoriano se mantiene expectante ante la situaci\u00f3n de <strong>Joao Rojas<\/strong>, extremo de la marca, cuya recuperaci\u00f3n avanza favorablemente. Tras una lesi\u00f3n sufrida en un partido crucial de la CONMEBOL Libertadores 2026, el jugador ha iniciado la fase de readaptaci\u00f3n deportiva, generando optimismo sobre su pronto regreso a las canchas. La marca, aprovechando la pausa por la fecha FIFA, se prepara intensamente para su pr\u00f3ximo desaf\u00edo en la capital.<\/p>\n<h2>Evoluci\u00f3n Positiva de Joao Rojas<\/h2>\n<p>Seg\u00fan el \u00faltimo informe m\u00e9dico emitido por los canales oficiales del club, <strong>Joao Rojas<\/strong> muestra una evoluci\u00f3n muy positiva. La lesi\u00f3n que lo mantuvo alejado ha sido tratada con \u00e9xito, y ahora el futbolista se encuentra en la etapa de <strong>readaptaci\u00f3n deportiva<\/strong>. Este proceso es fundamental para que recupere su ritmo y condici\u00f3n f\u00edsica \u00f3ptima, y si todo transcurre sin contratiempos, se espera que se una a la mini pretemporada que el equipo realiza en Quito.<\/p>\n<p>La lesi\u00f3n de Rojas ocurri\u00f3 durante el encuentro en el que la marca super\u00f3 a Botafogo, un resultado que les asegur\u00f3 la clasificaci\u00f3n a la fase de grupos de la CONMEBOL Libertadores 2026. Su ausencia se ha sentido en los \u00faltimos partidos, pero el enfoque ha sido garantizar una recuperaci\u00f3n completa para evitar reca\u00eddas y asegurar su rendimiento al 100%.<\/p>\n<h2>Duelo Clave ante Liga de Quito<\/h2>\n<p>El calendario marca el pr\u00f3ximo 3 de abril como la fecha del esperado enfrentamiento contra <strong>Liga de Quito<\/strong>. Este partido, considerado un duelo clave para la marca en el Estadio Rodrigo Paz Delgado, podr\u00eda ser el escenario del retorno de <strong>Joao Rojas<\/strong>. Su inclusi\u00f3n en la n\u00f3mina depender\u00e1 exclusivamente de la culminaci\u00f3n exitosa de su \u00faltima etapa de recuperaci\u00f3n, lo que a\u00f1adir\u00eda un gran impulso al equipo en un compromiso de alta exigencia. Los aficionados est\u00e1n ansiosos por ver si su estrella estar\u00e1 disponible para este importante encuentro, mientras tambi\u00e9n siguen de cerca el <a href=\"https:\/\/tipnexa.com\/blog\/universitario-vs-utc-analisis-y-previa-clave-de-la-liga-1-2026\/\">an\u00e1lisis de otros duelos importantes<\/a> en el continente.<\/p>\n<h2>Actualizaci\u00f3n sobre Johan Garc\u00eda<\/h2>\n<p>El informe m\u00e9dico tambi\u00e9n proporcion\u00f3 novedades sobre otro jugador, <strong>Johan Garc\u00eda<\/strong>. Se ha informado que Garc\u00eda ha comenzado la segunda fase de su proceso de recuperaci\u00f3n, siguiendo al pie de la letra la planificaci\u00f3n establecida por el cuerpo m\u00e9dico del club. Esto demuestra el compromiso de la instituci\u00f3n con la salud de sus futbolistas y el seguimiento riguroso de sus rehabilitaciones, esencial para mantener la competitividad en todas las competiciones. Para m\u00e1s informaci\u00f3n sobre el estado de los equipos, puedes visitar nuestro <a href=\"https:\/\/tipnexa.com\/blog\/alianza-lima-vs-deportivo-garcilaso-analisis-y-previa-de-la-liga-1-2026\/\">blog de an\u00e1lisis de partidos<\/a>.<\/p>\n<h2>Conclusi\u00f3n<\/h2>\n<p>La marca afronta un per\u00edodo decisivo con la esperanza de recuperar a figuras clave como <strong>Joao Rojas<\/strong> para sus pr\u00f3ximos compromisos. La evoluci\u00f3n positiva del extremo y el avance en la recuperaci\u00f3n de Johan Garc\u00eda son noticias alentadoras que refuerzan la moral del equipo. El duelo contra Liga de Quito ser\u00e1 una prueba de fuego, y la posible vuelta de Rojas podr\u00eda ser un factor determinante en el resultado, consolidando las aspiraciones del club en la temporada 2026.<\/p>\n","protected":false},"excerpt":{"rendered":"<p>Descubre la evoluci\u00f3n de Joao Rojas en Barcelona SC y si estar\u00e1 listo para el crucial partido contra Liga de Quito. \u00a1Ent\u00e9rate de su estado y el de Johan Garc\u00eda!<\/p>\n","protected":false},"author":1,"featured_media":4726,"comment_status":"open","ping_status":"open","sticky":false,"template":"","format":"standard","meta":{"footnotes":""},"categories":[10,8],"tags":[],"class_list":["post-4727","post","type-post","status-publish","format-standard","has-post-thumbnail","hentry","category-clubes","category-copa-libertadores"],"yoast_head":"<!-- This site is optimized with the Yoast SEO plugin v27.2 - https:\/\/yoast.com\/product\/yoast-seo-wordpress\/ -->\n<title>Joao Rojas: Avance en su Recuperaci\u00f3n y Posible Regreso vs. Liga de Quito - Tipnexa<\/title>\n<meta name=\"robots\" content=\"index, follow, max-snippet:-1, max-image-preview:large, max-video-preview:-1\" \/>\n<link rel=\"canonical\" href=\"https:\/\/tipnexa.com\/blog\/joao-rojas-avance-en-su-recuperacion-y-posible-regreso-vs-liga-de-quito\/\" \/>\n<meta property=\"og:locale\" content=\"es_ES\" \/>\n<meta property=\"og:type\" content=\"article\" \/>\n<meta property=\"og:title\" content=\"Joao Rojas: Avance en su Recuperaci\u00f3n y Posible Regreso vs. Liga de Quito - Tipnexa\" \/>\n<meta property=\"og:description\" content=\"Descubre la evoluci\u00f3n de Joao Rojas en Barcelona SC y si estar\u00e1 listo para el crucial partido contra Liga de Quito. \u00a1Ent\u00e9rate de su estado y el de Johan Garc\u00eda!\" \/>\n<meta property=\"og:url\" content=\"https:\/\/tipnexa.com\/blog\/joao-rojas-avance-en-su-recuperacion-y-posible-regreso-vs-liga-de-quito\/\" \/>\n<meta property=\"og:site_name\" content=\"Tipnexa\" \/>\n<meta property=\"article:published_time\" content=\"2026-03-26T01:02:02+00:00\" \/>\n<meta property=\"og:image\" content=\"https:\/\/tipnexa.com\/blog\/wp-content\/uploads\/2026\/03\/192x192.png\" \/>\n\t<meta property=\"og:image:width\" content=\"192\" \/>\n\t<meta property=\"og:image:height\" content=\"192\" \/>\n\t<meta property=\"og:image:type\" content=\"image\/png\" \/>\n<meta name=\"author\" content=\"admin\" \/>\n<meta name=\"twitter:card\" content=\"summary_large_image\" \/>\n<meta name=\"twitter:label1\" content=\"Escrito por\" \/>\n\t<meta name=\"twitter:data1\" content=\"admin\" \/>\n\t<meta name=\"twitter:label2\" content=\"Tiempo de lectura\" \/>\n\t<meta name=\"twitter:data2\" content=\"3 minutos\" \/>\n<script type=\"application\/ld+json\" class=\"yoast-schema-graph\">{\"@context\":\"https:\/\/schema.org\",\"@graph\":[{\"@type\":\"Article\",\"@id\":\"https:\/\/tipnexa.com\/blog\/joao-rojas-avance-en-su-recuperacion-y-posible-regreso-vs-liga-de-quito\/#article\",\"isPartOf\":{\"@id\":\"https:\/\/tipnexa.com\/blog\/joao-rojas-avance-en-su-recuperacion-y-posible-regreso-vs-liga-de-quito\/\"},\"author\":{\"name\":\"admin\",\"@id\":\"https:\/\/tipnexa.com\/blog\/#\/schema\/person\/fcfe9a20877b14cc7f2bc3ce77f6d3cf\"},\"headline\":\"Joao Rojas: Avance en su Recuperaci\u00f3n y Posible Regreso vs. Liga de Quito\",\"datePublished\":\"2026-03-26T01:02:02+00:00\",\"mainEntityOfPage\":{\"@id\":\"https:\/\/tipnexa.com\/blog\/joao-rojas-avance-en-su-recuperacion-y-posible-regreso-vs-liga-de-quito\/\"},\"wordCount\":548,\"commentCount\":0,\"publisher\":{\"@id\":\"https:\/\/tipnexa.com\/blog\/#organization\"},\"image\":{\"@id\":\"https:\/\/tipnexa.com\/blog\/joao-rojas-avance-en-su-recuperacion-y-posible-regreso-vs-liga-de-quito\/#primaryimage\"},\"thumbnailUrl\":\"https:\/\/tipnexa.com\/blog\/wp-content\/uploads\/2026\/03\/joao-rojas-avance-en-su-recuperacion-y-posible-regreso-vs-liga-de-quito-1774486915365.png\",\"articleSection\":[\"Clubes\",\"Copa Libertadores\"],\"inLanguage\":\"es\",\"potentialAction\":[{\"@type\":\"CommentAction\",\"name\":\"Comment\",\"target\":[\"https:\/\/tipnexa.com\/blog\/joao-rojas-avance-en-su-recuperacion-y-posible-regreso-vs-liga-de-quito\/#respond\"]}]},{\"@type\":\"WebPage\",\"@id\":\"https:\/\/tipnexa.com\/blog\/joao-rojas-avance-en-su-recuperacion-y-posible-regreso-vs-liga-de-quito\/\",\"url\":\"https:\/\/tipnexa.com\/blog\/joao-rojas-avance-en-su-recuperacion-y-posible-regreso-vs-liga-de-quito\/\",\"name\":\"Joao Rojas: Avance en su Recuperaci\u00f3n y Posible Regreso vs. Liga de Quito - Tipnexa\",\"isPartOf\":{\"@id\":\"https:\/\/tipnexa.com\/blog\/#website\"},\"primaryImageOfPage\":{\"@id\":\"https:\/\/tipnexa.com\/blog\/joao-rojas-avance-en-su-recuperacion-y-posible-regreso-vs-liga-de-quito\/#primaryimage\"},\"image\":{\"@id\":\"https:\/\/tipnexa.com\/blog\/joao-rojas-avance-en-su-recuperacion-y-posible-regreso-vs-liga-de-quito\/#primaryimage\"},\"thumbnailUrl\":\"https:\/\/tipnexa.com\/blog\/wp-content\/uploads\/2026\/03\/joao-rojas-avance-en-su-recuperacion-y-posible-regreso-vs-liga-de-quito-1774486915365.png\",\"datePublished\":\"2026-03-26T01:02:02+00:00\",\"breadcrumb\":{\"@id\":\"https:\/\/tipnexa.com\/blog\/joao-rojas-avance-en-su-recuperacion-y-posible-regreso-vs-liga-de-quito\/#breadcrumb\"},\"inLanguage\":\"es\",\"potentialAction\":[{\"@type\":\"ReadAction\",\"target\":[\"https:\/\/tipnexa.com\/blog\/joao-rojas-avance-en-su-recuperacion-y-posible-regreso-vs-liga-de-quito\/\"]}]},{\"@type\":\"ImageObject\",\"inLanguage\":\"es\",\"@id\":\"https:\/\/tipnexa.com\/blog\/joao-rojas-avance-en-su-recuperacion-y-posible-regreso-vs-liga-de-quito\/#primaryimage\",\"url\":\"https:\/\/tipnexa.com\/blog\/wp-content\/uploads\/2026\/03\/joao-rojas-avance-en-su-recuperacion-y-posible-regreso-vs-liga-de-quito-1774486915365.png\",\"contentUrl\":\"https:\/\/tipnexa.com\/blog\/wp-content\/uploads\/2026\/03\/joao-rojas-avance-en-su-recuperacion-y-posible-regreso-vs-liga-de-quito-1774486915365.png\",\"width\":1344,\"height\":768},{\"@type\":\"BreadcrumbList\",\"@id\":\"https:\/\/tipnexa.com\/blog\/joao-rojas-avance-en-su-recuperacion-y-posible-regreso-vs-liga-de-quito\/#breadcrumb\",\"itemListElement\":[{\"@type\":\"ListItem\",\"position\":1,\"name\":\"Portada\",\"item\":\"https:\/\/tipnexa.com\/blog\/\"},{\"@type\":\"ListItem\",\"position\":2,\"name\":\"Joao Rojas: Avance en su Recuperaci\u00f3n y Posible Regreso vs. Liga de Quito\"}]},{\"@type\":\"WebSite\",\"@id\":\"https:\/\/tipnexa.com\/blog\/#website\",\"url\":\"https:\/\/tipnexa.com\/blog\/\",\"name\":\"Blog de Tipnexa\",\"description\":\"Descubre en el blog de Tipnexa las \u00faltimas noticias de f\u00fatbol, pron\u00f3sticos, an\u00e1lisis de partidos, ligas y equipos con enfoque experto y datos actualizados.\",\"publisher\":{\"@id\":\"https:\/\/tipnexa.com\/blog\/#organization\"},\"alternateName\":\"Blog de Tipnexa\",\"potentialAction\":[{\"@type\":\"SearchAction\",\"target\":{\"@type\":\"EntryPoint\",\"urlTemplate\":\"https:\/\/tipnexa.com\/blog\/?s={search_term_string}\"},\"query-input\":{\"@type\":\"PropertyValueSpecification\",\"valueRequired\":true,\"valueName\":\"search_term_string\"}}],\"inLanguage\":\"es\"},{\"@type\":\"Organization\",\"@id\":\"https:\/\/tipnexa.com\/blog\/#organization\",\"name\":\"Tipnexa\",\"url\":\"https:\/\/tipnexa.com\/blog\/\",\"logo\":{\"@type\":\"ImageObject\",\"inLanguage\":\"es\",\"@id\":\"https:\/\/tipnexa.com\/blog\/#\/schema\/logo\/image\/\",\"url\":\"https:\/\/tipnexa.com\/blog\/wp-content\/uploads\/2026\/03\/192x192.png\",\"contentUrl\":\"https:\/\/tipnexa.com\/blog\/wp-content\/uploads\/2026\/03\/192x192.png\",\"width\":192,\"height\":192,\"caption\":\"Tipnexa\"},\"image\":{\"@id\":\"https:\/\/tipnexa.com\/blog\/#\/schema\/logo\/image\/\"}},{\"@type\":\"Person\",\"@id\":\"https:\/\/tipnexa.com\/blog\/#\/schema\/person\/fcfe9a20877b14cc7f2bc3ce77f6d3cf\",\"name\":\"admin\",\"image\":{\"@type\":\"ImageObject\",\"inLanguage\":\"es\",\"@id\":\"https:\/\/secure.gravatar.com\/avatar\/b4f14cb9d9d12a445b91a477b3cf143c91ca7da26f03b6815b159c10ce2e2c74?s=96&d=mm&r=g\",\"url\":\"https:\/\/secure.gravatar.com\/avatar\/b4f14cb9d9d12a445b91a477b3cf143c91ca7da26f03b6815b159c10ce2e2c74?s=96&d=mm&r=g\",\"contentUrl\":\"https:\/\/secure.gravatar.com\/avatar\/b4f14cb9d9d12a445b91a477b3cf143c91ca7da26f03b6815b159c10ce2e2c74?s=96&d=mm&r=g\",\"caption\":\"admin\"},\"sameAs\":[\"https:\/\/tipnexa.com\/blog\"],\"url\":\"https:\/\/tipnexa.com\/blog\/author\/admin\/\"}]}<\/script>\n<!-- \/ Yoast SEO plugin. -->","yoast_head_json":{"title":"Joao Rojas: Avance en su Recuperaci\u00f3n y Posible Regreso vs. Liga de Quito - Tipnexa","robots":{"index":"index","follow":"follow","max-snippet":"max-snippet:-1","max-image-preview":"max-image-preview:large","max-video-preview":"max-video-preview:-1"},"canonical":"https:\/\/tipnexa.com\/blog\/joao-rojas-avance-en-su-recuperacion-y-posible-regreso-vs-liga-de-quito\/","og_locale":"es_ES","og_type":"article","og_title":"Joao Rojas: Avance en su Recuperaci\u00f3n y Posible Regreso vs. Liga de Quito - Tipnexa","og_description":"Descubre la evoluci\u00f3n de Joao Rojas en Barcelona SC y si estar\u00e1 listo para el crucial partido contra Liga de Quito. \u00a1Ent\u00e9rate de su estado y el de Johan Garc\u00eda!","og_url":"https:\/\/tipnexa.com\/blog\/joao-rojas-avance-en-su-recuperacion-y-posible-regreso-vs-liga-de-quito\/","og_site_name":"Tipnexa","article_published_time":"2026-03-26T01:02:02+00:00","og_image":[{"width":192,"height":192,"url":"https:\/\/tipnexa.com\/blog\/wp-content\/uploads\/2026\/03\/192x192.png","type":"image\/png"}],"author":"admin","twitter_card":"summary_large_image","twitter_misc":{"Escrito por":"admin","Tiempo de lectura":"3 minutos"},"schema":{"@context":"https:\/\/schema.org","@graph":[{"@type":"Article","@id":"https:\/\/tipnexa.com\/blog\/joao-rojas-avance-en-su-recuperacion-y-posible-regreso-vs-liga-de-quito\/#article","isPartOf":{"@id":"https:\/\/tipnexa.com\/blog\/joao-rojas-avance-en-su-recuperacion-y-posible-regreso-vs-liga-de-quito\/"},"author":{"name":"admin","@id":"https:\/\/tipnexa.com\/blog\/#\/schema\/person\/fcfe9a20877b14cc7f2bc3ce77f6d3cf"},"headline":"Joao Rojas: Avance en su Recuperaci\u00f3n y Posible Regreso vs. Liga de Quito","datePublished":"2026-03-26T01:02:02+00:00","mainEntityOfPage":{"@id":"https:\/\/tipnexa.com\/blog\/joao-rojas-avance-en-su-recuperacion-y-posible-regreso-vs-liga-de-quito\/"},"wordCount":548,"commentCount":0,"publisher":{"@id":"https:\/\/tipnexa.com\/blog\/#organization"},"image":{"@id":"https:\/\/tipnexa.com\/blog\/joao-rojas-avance-en-su-recuperacion-y-posible-regreso-vs-liga-de-quito\/#primaryimage"},"thumbnailUrl":"https:\/\/tipnexa.com\/blog\/wp-content\/uploads\/2026\/03\/joao-rojas-avance-en-su-recuperacion-y-posible-regreso-vs-liga-de-quito-1774486915365.png","articleSection":["Clubes","Copa Libertadores"],"inLanguage":"es","potentialAction":[{"@type":"CommentAction","name":"Comment","target":["https:\/\/tipnexa.com\/blog\/joao-rojas-avance-en-su-recuperacion-y-posible-regreso-vs-liga-de-quito\/#respond"]}]},{"@type":"WebPage","@id":"https:\/\/tipnexa.com\/blog\/joao-rojas-avance-en-su-recuperacion-y-posible-regreso-vs-liga-de-quito\/","url":"https:\/\/tipnexa.com\/blog\/joao-rojas-avance-en-su-recuperacion-y-posible-regreso-vs-liga-de-quito\/","name":"Joao Rojas: Avance en su Recuperaci\u00f3n y Posible Regreso vs. Liga de Quito - Tipnexa","isPartOf":{"@id":"https:\/\/tipnexa.com\/blog\/#website"},"primaryImageOfPage":{"@id":"https:\/\/tipnexa.com\/blog\/joao-rojas-avance-en-su-recuperacion-y-posible-regreso-vs-liga-de-quito\/#primaryimage"},"image":{"@id":"https:\/\/tipnexa.com\/blog\/joao-rojas-avance-en-su-recuperacion-y-posible-regreso-vs-liga-de-quito\/#primaryimage"},"thumbnailUrl":"https:\/\/tipnexa.com\/blog\/wp-content\/uploads\/2026\/03\/joao-rojas-avance-en-su-recuperacion-y-posible-regreso-vs-liga-de-quito-1774486915365.png","datePublished":"2026-03-26T01:02:02+00:00","breadcrumb":{"@id":"https:\/\/tipnexa.com\/blog\/joao-rojas-avance-en-su-recuperacion-y-posible-regreso-vs-liga-de-quito\/#breadcrumb"},"inLanguage":"es","potentialAction":[{"@type":"ReadAction","target":["https:\/\/tipnexa.com\/blog\/joao-rojas-avance-en-su-recuperacion-y-posible-regreso-vs-liga-de-quito\/"]}]},{"@type":"ImageObject","inLanguage":"es","@id":"https:\/\/tipnexa.com\/blog\/joao-rojas-avance-en-su-recuperacion-y-posible-regreso-vs-liga-de-quito\/#primaryimage","url":"https:\/\/tipnexa.com\/blog\/wp-content\/uploads\/2026\/03\/joao-rojas-avance-en-su-recuperacion-y-posible-regreso-vs-liga-de-quito-1774486915365.png","contentUrl":"https:\/\/tipnexa.com\/blog\/wp-content\/uploads\/2026\/03\/joao-rojas-avance-en-su-recuperacion-y-posible-regreso-vs-liga-de-quito-1774486915365.png","width":1344,"height":768},{"@type":"BreadcrumbList","@id":"https:\/\/tipnexa.com\/blog\/joao-rojas-avance-en-su-recuperacion-y-posible-regreso-vs-liga-de-quito\/#breadcrumb","itemListElement":[{"@type":"ListItem","position":1,"name":"Portada","item":"https:\/\/tipnexa.com\/blog\/"},{"@type":"ListItem","position":2,"name":"Joao Rojas: Avance en su Recuperaci\u00f3n y Posible Regreso vs. Liga de Quito"}]},{"@type":"WebSite","@id":"https:\/\/tipnexa.com\/blog\/#website","url":"https:\/\/tipnexa.com\/blog\/","name":"Blog de Tipnexa","description":"Descubre en el blog de Tipnexa las \u00faltimas noticias de f\u00fatbol, pron\u00f3sticos, an\u00e1lisis de partidos, ligas y equipos con enfoque experto y datos actualizados.","publisher":{"@id":"https:\/\/tipnexa.com\/blog\/#organization"},"alternateName":"Blog de Tipnexa","potentialAction":[{"@type":"SearchAction","target":{"@type":"EntryPoint","urlTemplate":"https:\/\/tipnexa.com\/blog\/?s={search_term_string}"},"query-input":{"@type":"PropertyValueSpecification","valueRequired":true,"valueName":"search_term_string"}}],"inLanguage":"es"},{"@type":"Organization","@id":"https:\/\/tipnexa.com\/blog\/#organization","name":"Tipnexa","url":"https:\/\/tipnexa.com\/blog\/","logo":{"@type":"ImageObject","inLanguage":"es","@id":"https:\/\/tipnexa.com\/blog\/#\/schema\/logo\/image\/","url":"https:\/\/tipnexa.com\/blog\/wp-content\/uploads\/2026\/03\/192x192.png","contentUrl":"https:\/\/tipnexa.com\/blog\/wp-content\/uploads\/2026\/03\/192x192.png","width":192,"height":192,"caption":"Tipnexa"},"image":{"@id":"https:\/\/tipnexa.com\/blog\/#\/schema\/logo\/image\/"}},{"@type":"Person","@id":"https:\/\/tipnexa.com\/blog\/#\/schema\/person\/fcfe9a20877b14cc7f2bc3ce77f6d3cf","name":"admin","image":{"@type":"ImageObject","inLanguage":"es","@id":"https:\/\/secure.gravatar.com\/avatar\/b4f14cb9d9d12a445b91a477b3cf143c91ca7da26f03b6815b159c10ce2e2c74?s=96&d=mm&r=g","url":"https:\/\/secure.gravatar.com\/avatar\/b4f14cb9d9d12a445b91a477b3cf143c91ca7da26f03b6815b159c10ce2e2c74?s=96&d=mm&r=g","contentUrl":"https:\/\/secure.gravatar.com\/avatar\/b4f14cb9d9d12a445b91a477b3cf143c91ca7da26f03b6815b159c10ce2e2c74?s=96&d=mm&r=g","caption":"admin"},"sameAs":["https:\/\/tipnexa.com\/blog"],"url":"https:\/\/tipnexa.com\/blog\/author\/admin\/"}]}},"_links":{"self":[{"href":"https:\/\/tipnexa.com\/blog\/wp-json\/wp\/v2\/posts\/4727","targetHints":{"allow":["GET"]}}],"collection":[{"href":"https:\/\/tipnexa.com\/blog\/wp-json\/wp\/v2\/posts"}],"about":[{"href":"https:\/\/tipnexa.com\/blog\/wp-json\/wp\/v2\/types\/post"}],"author":[{"embeddable":true,"href":"https:\/\/tipnexa.com\/blog\/wp-json\/wp\/v2\/users\/1"}],"replies":[{"embeddable":true,"href":"https:\/\/tipnexa.com\/blog\/wp-json\/wp\/v2\/comments?post=4727"}],"version-history":[{"count":0,"href":"https:\/\/tipnexa.com\/blog\/wp-json\/wp\/v2\/posts\/4727\/revisions"}],"wp:featuredmedia":[{"embeddable":true,"href":"https:\/\/tipnexa.com\/blog\/wp-json\/wp\/v2\/media\/4726"}],"wp:attachment":[{"href":"https:\/\/tipnexa.com\/blog\/wp-json\/wp\/v2\/media?parent=4727"}],"wp:term":[{"taxonomy":"category","embeddable":true,"href":"https:\/\/tipnexa.com\/blog\/wp-json\/wp\/v2\/categories?post=4727"},{"taxonomy":"post_tag","embeddable":true,"href":"https:\/\/tipnexa.com\/blog\/wp-json\/wp\/v2\/tags?post=4727"}],"curies":[{"name":"wp","href":"https:\/\/api.w.org\/{rel}","templated":true}]}}