{"id":4554,"date":"2026-03-24T20:29:08","date_gmt":"2026-03-25T01:29:08","guid":{"rendered":"https:\/\/tipnexa.com\/blog\/confirmada-la-sancion-de-miller-bolanos-emelec-afronta-bajas-clave\/"},"modified":"2026-03-24T20:29:08","modified_gmt":"2026-03-25T01:29:08","slug":"confirmada-la-sancion-de-miller-bolanos-emelec-afronta-bajas-clave","status":"publish","type":"post","link":"https:\/\/tipnexa.com\/blog\/confirmada-la-sancion-de-miller-bolanos-emelec-afronta-bajas-clave\/","title":{"rendered":"Confirmada la Sanci\u00f3n de Miller Bola\u00f1os: Emelec Afronta Bajas Clave"},"content":{"rendered":"<p>El Comit\u00e9 Disciplinario de la liga profesional ecuatoriana ha confirmado una importante sanci\u00f3n para <strong>Miller Bola\u00f1os<\/strong>, delantero clave de <strong>Emelec<\/strong>. Esta decisi\u00f3n llega tras su expulsi\u00f3n en un reciente encuentro y representa un desaf\u00edo significativo para el equipo en sus pr\u00f3ximos compromisos. La noticia ha generado expectativa entre los aficionados sobre c\u00f3mo el club afrontar\u00e1 esta ausencia.<\/p>\n<h2>Detalles de la Expulsi\u00f3n y la Sanci\u00f3n<\/h2>\n<p>El incidente que llev\u00f3 a la sanci\u00f3n ocurri\u00f3 al cierre del primer tiempo en el partido de <strong>Emelec<\/strong> contra <strong>Mushuc Runa<\/strong>. En una acci\u00f3n sin bal\u00f3n, <strong>Miller Bola\u00f1os<\/strong> golpe\u00f3 a Lucas Lemos, lo que provoc\u00f3 la intervenci\u00f3n del VAR. Tras la revisi\u00f3n, el \u00e1rbitro no dud\u00f3 en mostrarle la tarjeta roja al atacante, dejando a su equipo con un jugador menos en un momento crucial del encuentro.<\/p>\n<p>El comit\u00e9 disciplinario de la liga evalu\u00f3 la acci\u00f3n y la calific\u00f3 como <strong>conducta violenta<\/strong> contra un adversario. Como resultado directo de esta determinaci\u00f3n, el experimentado futbolista ha recibido una suspensi\u00f3n de dos fechas. Esta medida subraya la rigurosidad del comit\u00e9 ante acciones antideportivas en el f\u00fatbol profesional.<\/p>\n<h2>Impacto en los Pr\u00f3ximos Partidos de Emelec<\/h2>\n<p>La ausencia de <strong>Miller Bola\u00f1os<\/strong> constituye una <strong>baja sensible<\/strong> para <strong>Emelec<\/strong>, especialmente considerando que es una de sus incorporaciones m\u00e1s destacadas en la actual temporada. El jugador se perder\u00e1 dos partidos cruciales del campeonato: el primero contra <strong>Deportivo Cuenca<\/strong> y el segundo frente a <strong>Universidad Cat\u00f3lica<\/strong>. Su esperado retorno a las canchas est\u00e1 programado para el encuentro de la octava fecha, donde <strong>Emelec<\/strong> se enfrentar\u00e1 a <strong>Aucas<\/strong>.<\/p>\n<p>Cabe mencionar que <strong>Miller Bola\u00f1os<\/strong> no fue el \u00fanico sancionado por incidentes en ese partido. <strong>Manuel Gamboa<\/strong>, jugador de <strong>Mushuc Runa<\/strong>, tambi\u00e9n fue expulsado y recibi\u00f3 una suspensi\u00f3n de dos encuentros. Esto demuestra la coherencia del comit\u00e9 disciplinario al aplicar las normativas.<\/p>\n<h2>Conclusi\u00f3n<\/h2>\n<p>La confirmaci\u00f3n de la sanci\u00f3n a <strong>Miller Bola\u00f1os<\/strong> impacta directamente en la estrategia de <strong>Emelec<\/strong> para sus pr\u00f3ximos desaf\u00edos ligueros. El club deber\u00e1 ajustar su esquema t\u00e1ctico y buscar alternativas para suplir esta importante ausencia en la delantera. Este episodio resalta la necesidad de mantener la disciplina en el campo de juego para evitar consecuencias que puedan afectar el rendimiento y los resultados del equipo en la competici\u00f3n.<\/p>\n","protected":false},"excerpt":{"rendered":"<p>El Comit\u00e9 Disciplinario confirma dos partidos de suspensi\u00f3n para Miller Bola\u00f1os de Emelec por conducta violenta. Descubre qu\u00e9 encuentros se perder\u00e1 y cu\u00e1ndo regresar\u00e1.<\/p>\n","protected":false},"author":1,"featured_media":4553,"comment_status":"open","ping_status":"open","sticky":false,"template":"","format":"standard","meta":{"footnotes":""},"categories":[10,16],"tags":[],"class_list":["post-4554","post","type-post","status-publish","format-standard","has-post-thumbnail","hentry","category-clubes","category-futbol-internacional"],"yoast_head":"<!-- This site is optimized with the Yoast SEO plugin v27.2 - https:\/\/yoast.com\/product\/yoast-seo-wordpress\/ -->\n<title>Confirmada la Sanci\u00f3n de Miller Bola\u00f1os: Emelec Afronta Bajas Clave - Tipnexa<\/title>\n<meta name=\"robots\" content=\"index, follow, max-snippet:-1, max-image-preview:large, max-video-preview:-1\" \/>\n<link rel=\"canonical\" href=\"https:\/\/tipnexa.com\/blog\/confirmada-la-sancion-de-miller-bolanos-emelec-afronta-bajas-clave\/\" \/>\n<meta property=\"og:locale\" content=\"es_ES\" \/>\n<meta property=\"og:type\" content=\"article\" \/>\n<meta property=\"og:title\" content=\"Confirmada la Sanci\u00f3n de Miller Bola\u00f1os: Emelec Afronta Bajas Clave - Tipnexa\" \/>\n<meta property=\"og:description\" content=\"El Comit\u00e9 Disciplinario confirma dos partidos de suspensi\u00f3n para Miller Bola\u00f1os de Emelec por conducta violenta. Descubre qu\u00e9 encuentros se perder\u00e1 y cu\u00e1ndo regresar\u00e1.\" \/>\n<meta property=\"og:url\" content=\"https:\/\/tipnexa.com\/blog\/confirmada-la-sancion-de-miller-bolanos-emelec-afronta-bajas-clave\/\" \/>\n<meta property=\"og:site_name\" content=\"Tipnexa\" \/>\n<meta property=\"article:published_time\" content=\"2026-03-25T01:29:08+00:00\" \/>\n<meta property=\"og:image\" content=\"https:\/\/tipnexa.com\/blog\/wp-content\/uploads\/2026\/03\/192x192.png\" \/>\n\t<meta property=\"og:image:width\" content=\"192\" \/>\n\t<meta property=\"og:image:height\" content=\"192\" \/>\n\t<meta property=\"og:image:type\" content=\"image\/png\" \/>\n<meta name=\"author\" content=\"admin\" \/>\n<meta name=\"twitter:card\" content=\"summary_large_image\" \/>\n<meta name=\"twitter:label1\" content=\"Escrito por\" \/>\n\t<meta name=\"twitter:data1\" content=\"admin\" \/>\n\t<meta name=\"twitter:label2\" content=\"Tiempo de lectura\" \/>\n\t<meta name=\"twitter:data2\" content=\"2 minutos\" \/>\n<script type=\"application\/ld+json\" class=\"yoast-schema-graph\">{\"@context\":\"https:\/\/schema.org\",\"@graph\":[{\"@type\":\"Article\",\"@id\":\"https:\/\/tipnexa.com\/blog\/confirmada-la-sancion-de-miller-bolanos-emelec-afronta-bajas-clave\/#article\",\"isPartOf\":{\"@id\":\"https:\/\/tipnexa.com\/blog\/confirmada-la-sancion-de-miller-bolanos-emelec-afronta-bajas-clave\/\"},\"author\":{\"name\":\"admin\",\"@id\":\"https:\/\/tipnexa.com\/blog\/#\/schema\/person\/fcfe9a20877b14cc7f2bc3ce77f6d3cf\"},\"headline\":\"Confirmada la Sanci\u00f3n de Miller Bola\u00f1os: Emelec Afronta Bajas Clave\",\"datePublished\":\"2026-03-25T01:29:08+00:00\",\"mainEntityOfPage\":{\"@id\":\"https:\/\/tipnexa.com\/blog\/confirmada-la-sancion-de-miller-bolanos-emelec-afronta-bajas-clave\/\"},\"wordCount\":410,\"commentCount\":0,\"publisher\":{\"@id\":\"https:\/\/tipnexa.com\/blog\/#organization\"},\"image\":{\"@id\":\"https:\/\/tipnexa.com\/blog\/confirmada-la-sancion-de-miller-bolanos-emelec-afronta-bajas-clave\/#primaryimage\"},\"thumbnailUrl\":\"https:\/\/tipnexa.com\/blog\/wp-content\/uploads\/2026\/03\/confirmada-la-sancion-de-miller-bolanos-emelec-afronta-bajas-clave-1774397615269.png\",\"articleSection\":[\"Clubes\",\"F\u00fatbol Internacional\"],\"inLanguage\":\"es\",\"potentialAction\":[{\"@type\":\"CommentAction\",\"name\":\"Comment\",\"target\":[\"https:\/\/tipnexa.com\/blog\/confirmada-la-sancion-de-miller-bolanos-emelec-afronta-bajas-clave\/#respond\"]}]},{\"@type\":\"WebPage\",\"@id\":\"https:\/\/tipnexa.com\/blog\/confirmada-la-sancion-de-miller-bolanos-emelec-afronta-bajas-clave\/\",\"url\":\"https:\/\/tipnexa.com\/blog\/confirmada-la-sancion-de-miller-bolanos-emelec-afronta-bajas-clave\/\",\"name\":\"Confirmada la Sanci\u00f3n de Miller Bola\u00f1os: Emelec Afronta Bajas Clave - Tipnexa\",\"isPartOf\":{\"@id\":\"https:\/\/tipnexa.com\/blog\/#website\"},\"primaryImageOfPage\":{\"@id\":\"https:\/\/tipnexa.com\/blog\/confirmada-la-sancion-de-miller-bolanos-emelec-afronta-bajas-clave\/#primaryimage\"},\"image\":{\"@id\":\"https:\/\/tipnexa.com\/blog\/confirmada-la-sancion-de-miller-bolanos-emelec-afronta-bajas-clave\/#primaryimage\"},\"thumbnailUrl\":\"https:\/\/tipnexa.com\/blog\/wp-content\/uploads\/2026\/03\/confirmada-la-sancion-de-miller-bolanos-emelec-afronta-bajas-clave-1774397615269.png\",\"datePublished\":\"2026-03-25T01:29:08+00:00\",\"breadcrumb\":{\"@id\":\"https:\/\/tipnexa.com\/blog\/confirmada-la-sancion-de-miller-bolanos-emelec-afronta-bajas-clave\/#breadcrumb\"},\"inLanguage\":\"es\",\"potentialAction\":[{\"@type\":\"ReadAction\",\"target\":[\"https:\/\/tipnexa.com\/blog\/confirmada-la-sancion-de-miller-bolanos-emelec-afronta-bajas-clave\/\"]}]},{\"@type\":\"ImageObject\",\"inLanguage\":\"es\",\"@id\":\"https:\/\/tipnexa.com\/blog\/confirmada-la-sancion-de-miller-bolanos-emelec-afronta-bajas-clave\/#primaryimage\",\"url\":\"https:\/\/tipnexa.com\/blog\/wp-content\/uploads\/2026\/03\/confirmada-la-sancion-de-miller-bolanos-emelec-afronta-bajas-clave-1774397615269.png\",\"contentUrl\":\"https:\/\/tipnexa.com\/blog\/wp-content\/uploads\/2026\/03\/confirmada-la-sancion-de-miller-bolanos-emelec-afronta-bajas-clave-1774397615269.png\",\"width\":1344,\"height\":768},{\"@type\":\"BreadcrumbList\",\"@id\":\"https:\/\/tipnexa.com\/blog\/confirmada-la-sancion-de-miller-bolanos-emelec-afronta-bajas-clave\/#breadcrumb\",\"itemListElement\":[{\"@type\":\"ListItem\",\"position\":1,\"name\":\"Portada\",\"item\":\"https:\/\/tipnexa.com\/blog\/\"},{\"@type\":\"ListItem\",\"position\":2,\"name\":\"Confirmada la Sanci\u00f3n de Miller Bola\u00f1os: Emelec Afronta Bajas Clave\"}]},{\"@type\":\"WebSite\",\"@id\":\"https:\/\/tipnexa.com\/blog\/#website\",\"url\":\"https:\/\/tipnexa.com\/blog\/\",\"name\":\"Blog de Tipnexa\",\"description\":\"Descubre en el blog de Tipnexa las \u00faltimas noticias de f\u00fatbol, pron\u00f3sticos, an\u00e1lisis de partidos, ligas y equipos con enfoque experto y datos actualizados.\",\"publisher\":{\"@id\":\"https:\/\/tipnexa.com\/blog\/#organization\"},\"alternateName\":\"Blog de Tipnexa\",\"potentialAction\":[{\"@type\":\"SearchAction\",\"target\":{\"@type\":\"EntryPoint\",\"urlTemplate\":\"https:\/\/tipnexa.com\/blog\/?s={search_term_string}\"},\"query-input\":{\"@type\":\"PropertyValueSpecification\",\"valueRequired\":true,\"valueName\":\"search_term_string\"}}],\"inLanguage\":\"es\"},{\"@type\":\"Organization\",\"@id\":\"https:\/\/tipnexa.com\/blog\/#organization\",\"name\":\"Tipnexa\",\"url\":\"https:\/\/tipnexa.com\/blog\/\",\"logo\":{\"@type\":\"ImageObject\",\"inLanguage\":\"es\",\"@id\":\"https:\/\/tipnexa.com\/blog\/#\/schema\/logo\/image\/\",\"url\":\"https:\/\/tipnexa.com\/blog\/wp-content\/uploads\/2026\/03\/192x192.png\",\"contentUrl\":\"https:\/\/tipnexa.com\/blog\/wp-content\/uploads\/2026\/03\/192x192.png\",\"width\":192,\"height\":192,\"caption\":\"Tipnexa\"},\"image\":{\"@id\":\"https:\/\/tipnexa.com\/blog\/#\/schema\/logo\/image\/\"}},{\"@type\":\"Person\",\"@id\":\"https:\/\/tipnexa.com\/blog\/#\/schema\/person\/fcfe9a20877b14cc7f2bc3ce77f6d3cf\",\"name\":\"admin\",\"image\":{\"@type\":\"ImageObject\",\"inLanguage\":\"es\",\"@id\":\"https:\/\/secure.gravatar.com\/avatar\/b4f14cb9d9d12a445b91a477b3cf143c91ca7da26f03b6815b159c10ce2e2c74?s=96&d=mm&r=g\",\"url\":\"https:\/\/secure.gravatar.com\/avatar\/b4f14cb9d9d12a445b91a477b3cf143c91ca7da26f03b6815b159c10ce2e2c74?s=96&d=mm&r=g\",\"contentUrl\":\"https:\/\/secure.gravatar.com\/avatar\/b4f14cb9d9d12a445b91a477b3cf143c91ca7da26f03b6815b159c10ce2e2c74?s=96&d=mm&r=g\",\"caption\":\"admin\"},\"sameAs\":[\"https:\/\/tipnexa.com\/blog\"],\"url\":\"https:\/\/tipnexa.com\/blog\/author\/admin\/\"}]}<\/script>\n<!-- \/ Yoast SEO plugin. -->","yoast_head_json":{"title":"Confirmada la Sanci\u00f3n de Miller Bola\u00f1os: Emelec Afronta Bajas Clave - Tipnexa","robots":{"index":"index","follow":"follow","max-snippet":"max-snippet:-1","max-image-preview":"max-image-preview:large","max-video-preview":"max-video-preview:-1"},"canonical":"https:\/\/tipnexa.com\/blog\/confirmada-la-sancion-de-miller-bolanos-emelec-afronta-bajas-clave\/","og_locale":"es_ES","og_type":"article","og_title":"Confirmada la Sanci\u00f3n de Miller Bola\u00f1os: Emelec Afronta Bajas Clave - Tipnexa","og_description":"El Comit\u00e9 Disciplinario confirma dos partidos de suspensi\u00f3n para Miller Bola\u00f1os de Emelec por conducta violenta. Descubre qu\u00e9 encuentros se perder\u00e1 y cu\u00e1ndo regresar\u00e1.","og_url":"https:\/\/tipnexa.com\/blog\/confirmada-la-sancion-de-miller-bolanos-emelec-afronta-bajas-clave\/","og_site_name":"Tipnexa","article_published_time":"2026-03-25T01:29:08+00:00","og_image":[{"width":192,"height":192,"url":"https:\/\/tipnexa.com\/blog\/wp-content\/uploads\/2026\/03\/192x192.png","type":"image\/png"}],"author":"admin","twitter_card":"summary_large_image","twitter_misc":{"Escrito por":"admin","Tiempo de lectura":"2 minutos"},"schema":{"@context":"https:\/\/schema.org","@graph":[{"@type":"Article","@id":"https:\/\/tipnexa.com\/blog\/confirmada-la-sancion-de-miller-bolanos-emelec-afronta-bajas-clave\/#article","isPartOf":{"@id":"https:\/\/tipnexa.com\/blog\/confirmada-la-sancion-de-miller-bolanos-emelec-afronta-bajas-clave\/"},"author":{"name":"admin","@id":"https:\/\/tipnexa.com\/blog\/#\/schema\/person\/fcfe9a20877b14cc7f2bc3ce77f6d3cf"},"headline":"Confirmada la Sanci\u00f3n de Miller Bola\u00f1os: Emelec Afronta Bajas Clave","datePublished":"2026-03-25T01:29:08+00:00","mainEntityOfPage":{"@id":"https:\/\/tipnexa.com\/blog\/confirmada-la-sancion-de-miller-bolanos-emelec-afronta-bajas-clave\/"},"wordCount":410,"commentCount":0,"publisher":{"@id":"https:\/\/tipnexa.com\/blog\/#organization"},"image":{"@id":"https:\/\/tipnexa.com\/blog\/confirmada-la-sancion-de-miller-bolanos-emelec-afronta-bajas-clave\/#primaryimage"},"thumbnailUrl":"https:\/\/tipnexa.com\/blog\/wp-content\/uploads\/2026\/03\/confirmada-la-sancion-de-miller-bolanos-emelec-afronta-bajas-clave-1774397615269.png","articleSection":["Clubes","F\u00fatbol Internacional"],"inLanguage":"es","potentialAction":[{"@type":"CommentAction","name":"Comment","target":["https:\/\/tipnexa.com\/blog\/confirmada-la-sancion-de-miller-bolanos-emelec-afronta-bajas-clave\/#respond"]}]},{"@type":"WebPage","@id":"https:\/\/tipnexa.com\/blog\/confirmada-la-sancion-de-miller-bolanos-emelec-afronta-bajas-clave\/","url":"https:\/\/tipnexa.com\/blog\/confirmada-la-sancion-de-miller-bolanos-emelec-afronta-bajas-clave\/","name":"Confirmada la Sanci\u00f3n de Miller Bola\u00f1os: Emelec Afronta Bajas Clave - Tipnexa","isPartOf":{"@id":"https:\/\/tipnexa.com\/blog\/#website"},"primaryImageOfPage":{"@id":"https:\/\/tipnexa.com\/blog\/confirmada-la-sancion-de-miller-bolanos-emelec-afronta-bajas-clave\/#primaryimage"},"image":{"@id":"https:\/\/tipnexa.com\/blog\/confirmada-la-sancion-de-miller-bolanos-emelec-afronta-bajas-clave\/#primaryimage"},"thumbnailUrl":"https:\/\/tipnexa.com\/blog\/wp-content\/uploads\/2026\/03\/confirmada-la-sancion-de-miller-bolanos-emelec-afronta-bajas-clave-1774397615269.png","datePublished":"2026-03-25T01:29:08+00:00","breadcrumb":{"@id":"https:\/\/tipnexa.com\/blog\/confirmada-la-sancion-de-miller-bolanos-emelec-afronta-bajas-clave\/#breadcrumb"},"inLanguage":"es","potentialAction":[{"@type":"ReadAction","target":["https:\/\/tipnexa.com\/blog\/confirmada-la-sancion-de-miller-bolanos-emelec-afronta-bajas-clave\/"]}]},{"@type":"ImageObject","inLanguage":"es","@id":"https:\/\/tipnexa.com\/blog\/confirmada-la-sancion-de-miller-bolanos-emelec-afronta-bajas-clave\/#primaryimage","url":"https:\/\/tipnexa.com\/blog\/wp-content\/uploads\/2026\/03\/confirmada-la-sancion-de-miller-bolanos-emelec-afronta-bajas-clave-1774397615269.png","contentUrl":"https:\/\/tipnexa.com\/blog\/wp-content\/uploads\/2026\/03\/confirmada-la-sancion-de-miller-bolanos-emelec-afronta-bajas-clave-1774397615269.png","width":1344,"height":768},{"@type":"BreadcrumbList","@id":"https:\/\/tipnexa.com\/blog\/confirmada-la-sancion-de-miller-bolanos-emelec-afronta-bajas-clave\/#breadcrumb","itemListElement":[{"@type":"ListItem","position":1,"name":"Portada","item":"https:\/\/tipnexa.com\/blog\/"},{"@type":"ListItem","position":2,"name":"Confirmada la Sanci\u00f3n de Miller Bola\u00f1os: Emelec Afronta Bajas Clave"}]},{"@type":"WebSite","@id":"https:\/\/tipnexa.com\/blog\/#website","url":"https:\/\/tipnexa.com\/blog\/","name":"Blog de Tipnexa","description":"Descubre en el blog de Tipnexa las \u00faltimas noticias de f\u00fatbol, pron\u00f3sticos, an\u00e1lisis de partidos, ligas y equipos con enfoque experto y datos actualizados.","publisher":{"@id":"https:\/\/tipnexa.com\/blog\/#organization"},"alternateName":"Blog de Tipnexa","potentialAction":[{"@type":"SearchAction","target":{"@type":"EntryPoint","urlTemplate":"https:\/\/tipnexa.com\/blog\/?s={search_term_string}"},"query-input":{"@type":"PropertyValueSpecification","valueRequired":true,"valueName":"search_term_string"}}],"inLanguage":"es"},{"@type":"Organization","@id":"https:\/\/tipnexa.com\/blog\/#organization","name":"Tipnexa","url":"https:\/\/tipnexa.com\/blog\/","logo":{"@type":"ImageObject","inLanguage":"es","@id":"https:\/\/tipnexa.com\/blog\/#\/schema\/logo\/image\/","url":"https:\/\/tipnexa.com\/blog\/wp-content\/uploads\/2026\/03\/192x192.png","contentUrl":"https:\/\/tipnexa.com\/blog\/wp-content\/uploads\/2026\/03\/192x192.png","width":192,"height":192,"caption":"Tipnexa"},"image":{"@id":"https:\/\/tipnexa.com\/blog\/#\/schema\/logo\/image\/"}},{"@type":"Person","@id":"https:\/\/tipnexa.com\/blog\/#\/schema\/person\/fcfe9a20877b14cc7f2bc3ce77f6d3cf","name":"admin","image":{"@type":"ImageObject","inLanguage":"es","@id":"https:\/\/secure.gravatar.com\/avatar\/b4f14cb9d9d12a445b91a477b3cf143c91ca7da26f03b6815b159c10ce2e2c74?s=96&d=mm&r=g","url":"https:\/\/secure.gravatar.com\/avatar\/b4f14cb9d9d12a445b91a477b3cf143c91ca7da26f03b6815b159c10ce2e2c74?s=96&d=mm&r=g","contentUrl":"https:\/\/secure.gravatar.com\/avatar\/b4f14cb9d9d12a445b91a477b3cf143c91ca7da26f03b6815b159c10ce2e2c74?s=96&d=mm&r=g","caption":"admin"},"sameAs":["https:\/\/tipnexa.com\/blog"],"url":"https:\/\/tipnexa.com\/blog\/author\/admin\/"}]}},"_links":{"self":[{"href":"https:\/\/tipnexa.com\/blog\/wp-json\/wp\/v2\/posts\/4554","targetHints":{"allow":["GET"]}}],"collection":[{"href":"https:\/\/tipnexa.com\/blog\/wp-json\/wp\/v2\/posts"}],"about":[{"href":"https:\/\/tipnexa.com\/blog\/wp-json\/wp\/v2\/types\/post"}],"author":[{"embeddable":true,"href":"https:\/\/tipnexa.com\/blog\/wp-json\/wp\/v2\/users\/1"}],"replies":[{"embeddable":true,"href":"https:\/\/tipnexa.com\/blog\/wp-json\/wp\/v2\/comments?post=4554"}],"version-history":[{"count":0,"href":"https:\/\/tipnexa.com\/blog\/wp-json\/wp\/v2\/posts\/4554\/revisions"}],"wp:featuredmedia":[{"embeddable":true,"href":"https:\/\/tipnexa.com\/blog\/wp-json\/wp\/v2\/media\/4553"}],"wp:attachment":[{"href":"https:\/\/tipnexa.com\/blog\/wp-json\/wp\/v2\/media?parent=4554"}],"wp:term":[{"taxonomy":"category","embeddable":true,"href":"https:\/\/tipnexa.com\/blog\/wp-json\/wp\/v2\/categories?post=4554"},{"taxonomy":"post_tag","embeddable":true,"href":"https:\/\/tipnexa.com\/blog\/wp-json\/wp\/v2\/tags?post=4554"}],"curies":[{"name":"wp","href":"https:\/\/api.w.org\/{rel}","templated":true}]}}