{"id":4308,"date":"2026-03-23T10:30:47","date_gmt":"2026-03-23T15:30:47","guid":{"rendered":"https:\/\/tipnexa.com\/blog\/seleccion-argentina-martinez-quarta-cubre-baja-de-balerdi-por-lesion\/"},"modified":"2026-03-23T10:30:47","modified_gmt":"2026-03-23T15:30:47","slug":"seleccion-argentina-martinez-quarta-cubre-baja-de-balerdi-por-lesion","status":"publish","type":"post","link":"https:\/\/tipnexa.com\/blog\/seleccion-argentina-martinez-quarta-cubre-baja-de-balerdi-por-lesion\/","title":{"rendered":"Selecci\u00f3n Argentina: Mart\u00ednez Quarta Cubre Baja de Balerdi por Lesi\u00f3n"},"content":{"rendered":"<p>La Selecci\u00f3n Argentina ha experimentado un cambio de \u00faltimo momento en su convocatoria para la pr\u00f3xima Fecha FIFA de 2026. A ra\u00edz de una lesi\u00f3n, el defensor Leonardo Balerdi ha sido desafectado del plantel, y en su lugar, el cuerpo t\u00e9cnico liderado por Lionel Scaloni ha decidido convocar a Lucas Mart\u00ednez Quarta. Esta modificaci\u00f3n se produce justo cuando los futbolistas comienzan a concentrarse para los importantes amistosos internacionales.<\/p>\n<h2>Cambio Inesperado en la Defensa Albiceleste<\/h2>\n<p>La decisi\u00f3n de reemplazar a Balerdi surge tras la lesi\u00f3n que sufri\u00f3 el pasado domingo, mientras disputaba un encuentro con su club, el Olympique de Marsella, donde fue titular en la derrota 1-2 frente al Lille. La magnitud de la lesi\u00f3n impidi\u00f3 que el ex-Boca se uniera a la delegaci\u00f3n argentina, obligando a una r\u00e1pida reconfiguraci\u00f3n de la defensa.<\/p>\n<p>Para cubrir esta sensible baja, el seleccionado argentino ha optado por Lucas Mart\u00ednez Quarta, experimentado defensor de River Plate. Su incorporaci\u00f3n busca aportar solidez y experiencia al sector defensivo del equipo en un momento clave de preparaci\u00f3n. Mart\u00ednez Quarta se unir\u00e1 al resto de los convocados en el predio Lionel Messi de la AFA para iniciar los entrenamientos.<\/p>\n<h2>Bajas por Lesi\u00f3n y Pr\u00f3ximos Desaf\u00edos<\/h2>\n<p>La ausencia de Balerdi se suma a una lista de jugadores importantes que no podr\u00e1n estar presentes en esta Fecha FIFA debido a diversas lesiones. Entre ellos se encuentran figuras como <strong>Lisandro Mart\u00ednez<\/strong>, <strong>Lautaro Mart\u00ednez<\/strong>, <strong>Gio Lo Celso<\/strong> y <strong>Juan Foyth<\/strong>. Estas bajas representan un desaf\u00edo para el cuerpo t\u00e9cnico, que deber\u00e1 ajustar la estrategia y dar oportunidad a otros talentos.<\/p>\n<p>La Selecci\u00f3n Argentina se prepara para enfrentar dos compromisos amistosos de alto nivel contra Mauritania y Zambia. Estos partidos son cruciales para afinar detalles y probar nuevas t\u00e1cticas de cara a futuros desaf\u00edos competitivos. Es fundamental para el equipo mantener el enfoque y la cohesi\u00f3n, a pesar de los cambios en la plantilla. Para m\u00e1s informaci\u00f3n sobre bajas por lesi\u00f3n en fechas FIFA, puedes consultar art\u00edculos como este: <a href=\"https:\/\/tipnexa.com\/blog\/nilson-angulo-se-lesiona-baja-clave-para-ecuador-en-fecha-fifa-2026\/\">Nilson Angulo se lesiona: baja clave para Ecuador en Fecha FIFA 2026<\/a>. Mantente al d\u00eda con las \u00faltimas noticias y an\u00e1lisis del f\u00fatbol internacional visitando <a href=\"https:\/\/tipnexa.com\/blog\/\">nuestro blog<\/a>.<\/p>\n<h2>Conclusi\u00f3n<\/h2>\n<p>El cambio de \u00faltimo momento en la convocatoria de la Selecci\u00f3n Argentina, con la entrada de Lucas Mart\u00ednez Quarta por el lesionado Leonardo Balerdi, subraya la din\u00e1mica constante del f\u00fatbol de \u00e9lite. A pesar de las bajas, el equipo campe\u00f3n del mundo en Qatar 2022 se enfoca en sus pr\u00f3ximos amistosos, buscando consolidar su juego y probar variantes. La adaptabilidad ser\u00e1 clave para los desaf\u00edos que se avecinan en este 2026.<\/p>\n","protected":false},"excerpt":{"rendered":"<p>La Selecci\u00f3n Argentina realiza un cambio de \u00faltimo momento: Lucas Mart\u00ednez Quarta reemplaza a Leonardo Balerdi por lesi\u00f3n para los amistosos FIFA 2026. \u00a1Descubre los detalles!<\/p>\n","protected":false},"author":1,"featured_media":4307,"comment_status":"open","ping_status":"open","sticky":false,"template":"","format":"standard","meta":{"footnotes":""},"categories":[16],"tags":[],"class_list":["post-4308","post","type-post","status-publish","format-standard","has-post-thumbnail","hentry","category-futbol-internacional"],"yoast_head":"<!-- This site is optimized with the Yoast SEO plugin v27.2 - https:\/\/yoast.com\/product\/yoast-seo-wordpress\/ -->\n<title>Selecci\u00f3n Argentina: Mart\u00ednez Quarta Cubre Baja de Balerdi por Lesi\u00f3n - Tipnexa<\/title>\n<meta name=\"robots\" content=\"index, follow, max-snippet:-1, max-image-preview:large, max-video-preview:-1\" \/>\n<link rel=\"canonical\" href=\"https:\/\/tipnexa.com\/blog\/seleccion-argentina-martinez-quarta-cubre-baja-de-balerdi-por-lesion\/\" \/>\n<meta property=\"og:locale\" content=\"es_ES\" \/>\n<meta property=\"og:type\" content=\"article\" \/>\n<meta property=\"og:title\" content=\"Selecci\u00f3n Argentina: Mart\u00ednez Quarta Cubre Baja de Balerdi por Lesi\u00f3n - Tipnexa\" \/>\n<meta property=\"og:description\" content=\"La Selecci\u00f3n Argentina realiza un cambio de \u00faltimo momento: Lucas Mart\u00ednez Quarta reemplaza a Leonardo Balerdi por lesi\u00f3n para los amistosos FIFA 2026. \u00a1Descubre los detalles!\" \/>\n<meta property=\"og:url\" content=\"https:\/\/tipnexa.com\/blog\/seleccion-argentina-martinez-quarta-cubre-baja-de-balerdi-por-lesion\/\" \/>\n<meta property=\"og:site_name\" content=\"Tipnexa\" \/>\n<meta property=\"article:published_time\" content=\"2026-03-23T15:30:47+00:00\" \/>\n<meta property=\"og:image\" content=\"https:\/\/tipnexa.com\/blog\/wp-content\/uploads\/2026\/03\/192x192.png\" \/>\n\t<meta property=\"og:image:width\" content=\"192\" \/>\n\t<meta property=\"og:image:height\" content=\"192\" \/>\n\t<meta property=\"og:image:type\" content=\"image\/png\" \/>\n<meta name=\"author\" content=\"admin\" \/>\n<meta name=\"twitter:card\" content=\"summary_large_image\" \/>\n<meta name=\"twitter:label1\" content=\"Escrito por\" \/>\n\t<meta name=\"twitter:data1\" content=\"admin\" \/>\n\t<meta name=\"twitter:label2\" content=\"Tiempo de lectura\" \/>\n\t<meta name=\"twitter:data2\" content=\"2 minutos\" \/>\n<script type=\"application\/ld+json\" class=\"yoast-schema-graph\">{\"@context\":\"https:\/\/schema.org\",\"@graph\":[{\"@type\":\"Article\",\"@id\":\"https:\/\/tipnexa.com\/blog\/seleccion-argentina-martinez-quarta-cubre-baja-de-balerdi-por-lesion\/#article\",\"isPartOf\":{\"@id\":\"https:\/\/tipnexa.com\/blog\/seleccion-argentina-martinez-quarta-cubre-baja-de-balerdi-por-lesion\/\"},\"author\":{\"name\":\"admin\",\"@id\":\"https:\/\/tipnexa.com\/blog\/#\/schema\/person\/fcfe9a20877b14cc7f2bc3ce77f6d3cf\"},\"headline\":\"Selecci\u00f3n Argentina: Mart\u00ednez Quarta Cubre Baja de Balerdi por Lesi\u00f3n\",\"datePublished\":\"2026-03-23T15:30:47+00:00\",\"mainEntityOfPage\":{\"@id\":\"https:\/\/tipnexa.com\/blog\/seleccion-argentina-martinez-quarta-cubre-baja-de-balerdi-por-lesion\/\"},\"wordCount\":478,\"commentCount\":0,\"publisher\":{\"@id\":\"https:\/\/tipnexa.com\/blog\/#organization\"},\"image\":{\"@id\":\"https:\/\/tipnexa.com\/blog\/seleccion-argentina-martinez-quarta-cubre-baja-de-balerdi-por-lesion\/#primaryimage\"},\"thumbnailUrl\":\"https:\/\/tipnexa.com\/blog\/wp-content\/uploads\/2026\/03\/seleccion-argentina-martinez-quarta-cubre-baja-de-balerdi-por-lesion-1774279839631.png\",\"articleSection\":[\"F\u00fatbol Internacional\"],\"inLanguage\":\"es\",\"potentialAction\":[{\"@type\":\"CommentAction\",\"name\":\"Comment\",\"target\":[\"https:\/\/tipnexa.com\/blog\/seleccion-argentina-martinez-quarta-cubre-baja-de-balerdi-por-lesion\/#respond\"]}]},{\"@type\":\"WebPage\",\"@id\":\"https:\/\/tipnexa.com\/blog\/seleccion-argentina-martinez-quarta-cubre-baja-de-balerdi-por-lesion\/\",\"url\":\"https:\/\/tipnexa.com\/blog\/seleccion-argentina-martinez-quarta-cubre-baja-de-balerdi-por-lesion\/\",\"name\":\"Selecci\u00f3n Argentina: Mart\u00ednez Quarta Cubre Baja de Balerdi por Lesi\u00f3n - Tipnexa\",\"isPartOf\":{\"@id\":\"https:\/\/tipnexa.com\/blog\/#website\"},\"primaryImageOfPage\":{\"@id\":\"https:\/\/tipnexa.com\/blog\/seleccion-argentina-martinez-quarta-cubre-baja-de-balerdi-por-lesion\/#primaryimage\"},\"image\":{\"@id\":\"https:\/\/tipnexa.com\/blog\/seleccion-argentina-martinez-quarta-cubre-baja-de-balerdi-por-lesion\/#primaryimage\"},\"thumbnailUrl\":\"https:\/\/tipnexa.com\/blog\/wp-content\/uploads\/2026\/03\/seleccion-argentina-martinez-quarta-cubre-baja-de-balerdi-por-lesion-1774279839631.png\",\"datePublished\":\"2026-03-23T15:30:47+00:00\",\"breadcrumb\":{\"@id\":\"https:\/\/tipnexa.com\/blog\/seleccion-argentina-martinez-quarta-cubre-baja-de-balerdi-por-lesion\/#breadcrumb\"},\"inLanguage\":\"es\",\"potentialAction\":[{\"@type\":\"ReadAction\",\"target\":[\"https:\/\/tipnexa.com\/blog\/seleccion-argentina-martinez-quarta-cubre-baja-de-balerdi-por-lesion\/\"]}]},{\"@type\":\"ImageObject\",\"inLanguage\":\"es\",\"@id\":\"https:\/\/tipnexa.com\/blog\/seleccion-argentina-martinez-quarta-cubre-baja-de-balerdi-por-lesion\/#primaryimage\",\"url\":\"https:\/\/tipnexa.com\/blog\/wp-content\/uploads\/2026\/03\/seleccion-argentina-martinez-quarta-cubre-baja-de-balerdi-por-lesion-1774279839631.png\",\"contentUrl\":\"https:\/\/tipnexa.com\/blog\/wp-content\/uploads\/2026\/03\/seleccion-argentina-martinez-quarta-cubre-baja-de-balerdi-por-lesion-1774279839631.png\",\"width\":1344,\"height\":768},{\"@type\":\"BreadcrumbList\",\"@id\":\"https:\/\/tipnexa.com\/blog\/seleccion-argentina-martinez-quarta-cubre-baja-de-balerdi-por-lesion\/#breadcrumb\",\"itemListElement\":[{\"@type\":\"ListItem\",\"position\":1,\"name\":\"Portada\",\"item\":\"https:\/\/tipnexa.com\/blog\/\"},{\"@type\":\"ListItem\",\"position\":2,\"name\":\"Selecci\u00f3n Argentina: Mart\u00ednez Quarta Cubre Baja de Balerdi por Lesi\u00f3n\"}]},{\"@type\":\"WebSite\",\"@id\":\"https:\/\/tipnexa.com\/blog\/#website\",\"url\":\"https:\/\/tipnexa.com\/blog\/\",\"name\":\"Blog de Tipnexa\",\"description\":\"Descubre en el blog de Tipnexa las \u00faltimas noticias de f\u00fatbol, pron\u00f3sticos, an\u00e1lisis de partidos, ligas y equipos con enfoque experto y datos actualizados.\",\"publisher\":{\"@id\":\"https:\/\/tipnexa.com\/blog\/#organization\"},\"alternateName\":\"Blog de Tipnexa\",\"potentialAction\":[{\"@type\":\"SearchAction\",\"target\":{\"@type\":\"EntryPoint\",\"urlTemplate\":\"https:\/\/tipnexa.com\/blog\/?s={search_term_string}\"},\"query-input\":{\"@type\":\"PropertyValueSpecification\",\"valueRequired\":true,\"valueName\":\"search_term_string\"}}],\"inLanguage\":\"es\"},{\"@type\":\"Organization\",\"@id\":\"https:\/\/tipnexa.com\/blog\/#organization\",\"name\":\"Tipnexa\",\"url\":\"https:\/\/tipnexa.com\/blog\/\",\"logo\":{\"@type\":\"ImageObject\",\"inLanguage\":\"es\",\"@id\":\"https:\/\/tipnexa.com\/blog\/#\/schema\/logo\/image\/\",\"url\":\"https:\/\/tipnexa.com\/blog\/wp-content\/uploads\/2026\/03\/192x192.png\",\"contentUrl\":\"https:\/\/tipnexa.com\/blog\/wp-content\/uploads\/2026\/03\/192x192.png\",\"width\":192,\"height\":192,\"caption\":\"Tipnexa\"},\"image\":{\"@id\":\"https:\/\/tipnexa.com\/blog\/#\/schema\/logo\/image\/\"}},{\"@type\":\"Person\",\"@id\":\"https:\/\/tipnexa.com\/blog\/#\/schema\/person\/fcfe9a20877b14cc7f2bc3ce77f6d3cf\",\"name\":\"admin\",\"image\":{\"@type\":\"ImageObject\",\"inLanguage\":\"es\",\"@id\":\"https:\/\/secure.gravatar.com\/avatar\/b4f14cb9d9d12a445b91a477b3cf143c91ca7da26f03b6815b159c10ce2e2c74?s=96&d=mm&r=g\",\"url\":\"https:\/\/secure.gravatar.com\/avatar\/b4f14cb9d9d12a445b91a477b3cf143c91ca7da26f03b6815b159c10ce2e2c74?s=96&d=mm&r=g\",\"contentUrl\":\"https:\/\/secure.gravatar.com\/avatar\/b4f14cb9d9d12a445b91a477b3cf143c91ca7da26f03b6815b159c10ce2e2c74?s=96&d=mm&r=g\",\"caption\":\"admin\"},\"sameAs\":[\"https:\/\/tipnexa.com\/blog\"],\"url\":\"https:\/\/tipnexa.com\/blog\/author\/admin\/\"}]}<\/script>\n<!-- \/ Yoast SEO plugin. -->","yoast_head_json":{"title":"Selecci\u00f3n Argentina: Mart\u00ednez Quarta Cubre Baja de Balerdi por Lesi\u00f3n - Tipnexa","robots":{"index":"index","follow":"follow","max-snippet":"max-snippet:-1","max-image-preview":"max-image-preview:large","max-video-preview":"max-video-preview:-1"},"canonical":"https:\/\/tipnexa.com\/blog\/seleccion-argentina-martinez-quarta-cubre-baja-de-balerdi-por-lesion\/","og_locale":"es_ES","og_type":"article","og_title":"Selecci\u00f3n Argentina: Mart\u00ednez Quarta Cubre Baja de Balerdi por Lesi\u00f3n - Tipnexa","og_description":"La Selecci\u00f3n Argentina realiza un cambio de \u00faltimo momento: Lucas Mart\u00ednez Quarta reemplaza a Leonardo Balerdi por lesi\u00f3n para los amistosos FIFA 2026. \u00a1Descubre los detalles!","og_url":"https:\/\/tipnexa.com\/blog\/seleccion-argentina-martinez-quarta-cubre-baja-de-balerdi-por-lesion\/","og_site_name":"Tipnexa","article_published_time":"2026-03-23T15:30:47+00:00","og_image":[{"width":192,"height":192,"url":"https:\/\/tipnexa.com\/blog\/wp-content\/uploads\/2026\/03\/192x192.png","type":"image\/png"}],"author":"admin","twitter_card":"summary_large_image","twitter_misc":{"Escrito por":"admin","Tiempo de lectura":"2 minutos"},"schema":{"@context":"https:\/\/schema.org","@graph":[{"@type":"Article","@id":"https:\/\/tipnexa.com\/blog\/seleccion-argentina-martinez-quarta-cubre-baja-de-balerdi-por-lesion\/#article","isPartOf":{"@id":"https:\/\/tipnexa.com\/blog\/seleccion-argentina-martinez-quarta-cubre-baja-de-balerdi-por-lesion\/"},"author":{"name":"admin","@id":"https:\/\/tipnexa.com\/blog\/#\/schema\/person\/fcfe9a20877b14cc7f2bc3ce77f6d3cf"},"headline":"Selecci\u00f3n Argentina: Mart\u00ednez Quarta Cubre Baja de Balerdi por Lesi\u00f3n","datePublished":"2026-03-23T15:30:47+00:00","mainEntityOfPage":{"@id":"https:\/\/tipnexa.com\/blog\/seleccion-argentina-martinez-quarta-cubre-baja-de-balerdi-por-lesion\/"},"wordCount":478,"commentCount":0,"publisher":{"@id":"https:\/\/tipnexa.com\/blog\/#organization"},"image":{"@id":"https:\/\/tipnexa.com\/blog\/seleccion-argentina-martinez-quarta-cubre-baja-de-balerdi-por-lesion\/#primaryimage"},"thumbnailUrl":"https:\/\/tipnexa.com\/blog\/wp-content\/uploads\/2026\/03\/seleccion-argentina-martinez-quarta-cubre-baja-de-balerdi-por-lesion-1774279839631.png","articleSection":["F\u00fatbol Internacional"],"inLanguage":"es","potentialAction":[{"@type":"CommentAction","name":"Comment","target":["https:\/\/tipnexa.com\/blog\/seleccion-argentina-martinez-quarta-cubre-baja-de-balerdi-por-lesion\/#respond"]}]},{"@type":"WebPage","@id":"https:\/\/tipnexa.com\/blog\/seleccion-argentina-martinez-quarta-cubre-baja-de-balerdi-por-lesion\/","url":"https:\/\/tipnexa.com\/blog\/seleccion-argentina-martinez-quarta-cubre-baja-de-balerdi-por-lesion\/","name":"Selecci\u00f3n Argentina: Mart\u00ednez Quarta Cubre Baja de Balerdi por Lesi\u00f3n - Tipnexa","isPartOf":{"@id":"https:\/\/tipnexa.com\/blog\/#website"},"primaryImageOfPage":{"@id":"https:\/\/tipnexa.com\/blog\/seleccion-argentina-martinez-quarta-cubre-baja-de-balerdi-por-lesion\/#primaryimage"},"image":{"@id":"https:\/\/tipnexa.com\/blog\/seleccion-argentina-martinez-quarta-cubre-baja-de-balerdi-por-lesion\/#primaryimage"},"thumbnailUrl":"https:\/\/tipnexa.com\/blog\/wp-content\/uploads\/2026\/03\/seleccion-argentina-martinez-quarta-cubre-baja-de-balerdi-por-lesion-1774279839631.png","datePublished":"2026-03-23T15:30:47+00:00","breadcrumb":{"@id":"https:\/\/tipnexa.com\/blog\/seleccion-argentina-martinez-quarta-cubre-baja-de-balerdi-por-lesion\/#breadcrumb"},"inLanguage":"es","potentialAction":[{"@type":"ReadAction","target":["https:\/\/tipnexa.com\/blog\/seleccion-argentina-martinez-quarta-cubre-baja-de-balerdi-por-lesion\/"]}]},{"@type":"ImageObject","inLanguage":"es","@id":"https:\/\/tipnexa.com\/blog\/seleccion-argentina-martinez-quarta-cubre-baja-de-balerdi-por-lesion\/#primaryimage","url":"https:\/\/tipnexa.com\/blog\/wp-content\/uploads\/2026\/03\/seleccion-argentina-martinez-quarta-cubre-baja-de-balerdi-por-lesion-1774279839631.png","contentUrl":"https:\/\/tipnexa.com\/blog\/wp-content\/uploads\/2026\/03\/seleccion-argentina-martinez-quarta-cubre-baja-de-balerdi-por-lesion-1774279839631.png","width":1344,"height":768},{"@type":"BreadcrumbList","@id":"https:\/\/tipnexa.com\/blog\/seleccion-argentina-martinez-quarta-cubre-baja-de-balerdi-por-lesion\/#breadcrumb","itemListElement":[{"@type":"ListItem","position":1,"name":"Portada","item":"https:\/\/tipnexa.com\/blog\/"},{"@type":"ListItem","position":2,"name":"Selecci\u00f3n Argentina: Mart\u00ednez Quarta Cubre Baja de Balerdi por Lesi\u00f3n"}]},{"@type":"WebSite","@id":"https:\/\/tipnexa.com\/blog\/#website","url":"https:\/\/tipnexa.com\/blog\/","name":"Blog de Tipnexa","description":"Descubre en el blog de Tipnexa las \u00faltimas noticias de f\u00fatbol, pron\u00f3sticos, an\u00e1lisis de partidos, ligas y equipos con enfoque experto y datos actualizados.","publisher":{"@id":"https:\/\/tipnexa.com\/blog\/#organization"},"alternateName":"Blog de Tipnexa","potentialAction":[{"@type":"SearchAction","target":{"@type":"EntryPoint","urlTemplate":"https:\/\/tipnexa.com\/blog\/?s={search_term_string}"},"query-input":{"@type":"PropertyValueSpecification","valueRequired":true,"valueName":"search_term_string"}}],"inLanguage":"es"},{"@type":"Organization","@id":"https:\/\/tipnexa.com\/blog\/#organization","name":"Tipnexa","url":"https:\/\/tipnexa.com\/blog\/","logo":{"@type":"ImageObject","inLanguage":"es","@id":"https:\/\/tipnexa.com\/blog\/#\/schema\/logo\/image\/","url":"https:\/\/tipnexa.com\/blog\/wp-content\/uploads\/2026\/03\/192x192.png","contentUrl":"https:\/\/tipnexa.com\/blog\/wp-content\/uploads\/2026\/03\/192x192.png","width":192,"height":192,"caption":"Tipnexa"},"image":{"@id":"https:\/\/tipnexa.com\/blog\/#\/schema\/logo\/image\/"}},{"@type":"Person","@id":"https:\/\/tipnexa.com\/blog\/#\/schema\/person\/fcfe9a20877b14cc7f2bc3ce77f6d3cf","name":"admin","image":{"@type":"ImageObject","inLanguage":"es","@id":"https:\/\/secure.gravatar.com\/avatar\/b4f14cb9d9d12a445b91a477b3cf143c91ca7da26f03b6815b159c10ce2e2c74?s=96&d=mm&r=g","url":"https:\/\/secure.gravatar.com\/avatar\/b4f14cb9d9d12a445b91a477b3cf143c91ca7da26f03b6815b159c10ce2e2c74?s=96&d=mm&r=g","contentUrl":"https:\/\/secure.gravatar.com\/avatar\/b4f14cb9d9d12a445b91a477b3cf143c91ca7da26f03b6815b159c10ce2e2c74?s=96&d=mm&r=g","caption":"admin"},"sameAs":["https:\/\/tipnexa.com\/blog"],"url":"https:\/\/tipnexa.com\/blog\/author\/admin\/"}]}},"_links":{"self":[{"href":"https:\/\/tipnexa.com\/blog\/wp-json\/wp\/v2\/posts\/4308","targetHints":{"allow":["GET"]}}],"collection":[{"href":"https:\/\/tipnexa.com\/blog\/wp-json\/wp\/v2\/posts"}],"about":[{"href":"https:\/\/tipnexa.com\/blog\/wp-json\/wp\/v2\/types\/post"}],"author":[{"embeddable":true,"href":"https:\/\/tipnexa.com\/blog\/wp-json\/wp\/v2\/users\/1"}],"replies":[{"embeddable":true,"href":"https:\/\/tipnexa.com\/blog\/wp-json\/wp\/v2\/comments?post=4308"}],"version-history":[{"count":0,"href":"https:\/\/tipnexa.com\/blog\/wp-json\/wp\/v2\/posts\/4308\/revisions"}],"wp:featuredmedia":[{"embeddable":true,"href":"https:\/\/tipnexa.com\/blog\/wp-json\/wp\/v2\/media\/4307"}],"wp:attachment":[{"href":"https:\/\/tipnexa.com\/blog\/wp-json\/wp\/v2\/media?parent=4308"}],"wp:term":[{"taxonomy":"category","embeddable":true,"href":"https:\/\/tipnexa.com\/blog\/wp-json\/wp\/v2\/categories?post=4308"},{"taxonomy":"post_tag","embeddable":true,"href":"https:\/\/tipnexa.com\/blog\/wp-json\/wp\/v2\/tags?post=4308"}],"curies":[{"name":"wp","href":"https:\/\/api.w.org\/{rel}","templated":true}]}}