{"id":3896,"date":"2026-03-21T07:53:38","date_gmt":"2026-03-21T12:53:38","guid":{"rendered":"https:\/\/tipnexa.com\/blog\/luis-diaz-por-que-no-jugo-en-el-bayern-vs-union-berlin-de-la-bundesliga\/"},"modified":"2026-03-21T07:53:38","modified_gmt":"2026-03-21T12:53:38","slug":"luis-diaz-por-que-no-jugo-en-el-bayern-vs-union-berlin-de-la-bundesliga","status":"publish","type":"post","link":"https:\/\/tipnexa.com\/blog\/luis-diaz-por-que-no-jugo-en-el-bayern-vs-union-berlin-de-la-bundesliga\/","title":{"rendered":"Luis D\u00edaz: \u00bfPor qu\u00e9 no jug\u00f3 en el Bayern vs. Uni\u00f3n Berl\u00edn de la Bundesliga?"},"content":{"rendered":"<p>La ausencia de <strong>Luis D\u00edaz<\/strong> en el reciente enfrentamiento del Bayern M\u00fanich contra el Uni\u00f3n Berl\u00edn por la jornada 26 de la Bundesliga gener\u00f3 interrogantes entre los aficionados. El extremo colombiano, pieza clave en el esquema del equipo b\u00e1varo, no pudo estar presente en un partido crucial para consolidar su ventaja en la cima de la tabla.<\/p>\n<p>El motivo de su baja se remonta a la fecha anterior, en el vibrante empate 2-2 contra el Bayer Leverkusen. En aquel encuentro, D\u00edaz tuvo una destacada actuaci\u00f3n, incluso marcando un gol que super\u00f3 su mejor registro goleador personal. Sin embargo, su participaci\u00f3n termin\u00f3 abruptamente antes del pitido final, dejando un sabor amargo y una pol\u00e9mica decisi\u00f3n arbitral.<\/p>\n<p>Durante el partido contra el Leverkusen, Luis D\u00edaz fue expulsado por doble amonestaci\u00f3n. La primera tarjeta amarilla lleg\u00f3 por una acci\u00f3n de juego fuerte, pero la segunda, y la m\u00e1s comentada, se produjo por una supuesta simulaci\u00f3n de penal. Esta decisi\u00f3n del \u00e1rbitro, Digert, gener\u00f3 un intenso debate. El mismo colegiado admiti\u00f3 posteriormente que su sanci\u00f3n fue \u00abdura\u00bb y expres\u00f3 arrepentimiento. Las im\u00e1genes del incidente suger\u00edan un contacto que pon\u00eda en duda la acusaci\u00f3n de simulaci\u00f3n, una controversia que puedes revisar en profundidad sobre el <a href=\"https:\/\/tipnexa.com\/blog\/impacto-expulsion-de-luis-diaz-por-simulacion-en-leverkusen-vs-bayern\/\">impacto de la expulsi\u00f3n de Luis D\u00edaz<\/a>.<\/p>\n<p>A pesar de la retractaci\u00f3n parcial del \u00e1rbitro y la apelaci\u00f3n del Bayern M\u00fanich, el Tribunal del f\u00fatbol alem\u00e1n mantuvo la sanci\u00f3n. Esta resoluci\u00f3n signific\u00f3 que D\u00edaz deb\u00eda cumplir una fecha de suspensi\u00f3n, impidi\u00e9ndole participar en el duelo contra el Uni\u00f3n Berl\u00edn. Este tipo de situaciones a veces marcan el desarrollo de la temporada, como se analiza en otros partidos de liga, por ejemplo, en el <a href=\"https:\/\/tipnexa.com\/blog\/luis-diaz-gol-y-expulsion-clave-en-vibrante-duelo-bayern-vs-leverkusen-2026\/\">an\u00e1lisis del vibrante duelo entre Bayern y Leverkusen<\/a>. Afortunadamente, esta pausa forzada tambi\u00e9n le brind\u00f3 un merecido descanso en un calendario exigente, permiti\u00e9ndole recargar energ\u00edas para los pr\u00f3ximos compromisos, incluyendo la fecha FIFA de marzo de 2026 con la selecci\u00f3n colombiana.<\/p>\n<h2>Conclusi\u00f3n<\/h2>\n<p>La suspensi\u00f3n de Luis D\u00edaz fue un rev\u00e9s para el Bayern M\u00fanich, pero tambi\u00e9n una oportunidad para otros jugadores de mostrar su val\u00eda. Su regreso para el siguiente partido contra el Friburgo ser\u00e1 clave para que el equipo b\u00e1varo contin\u00fae su camino hacia el t\u00edtulo de la <strong>Bundesliga<\/strong> en la temporada 2025-2026, esperando que el talentoso colombiano siga aportando con su desequilibrio y goles.<\/p>\n","protected":false},"excerpt":{"rendered":"<p>Descubre por qu\u00e9 Luis D\u00edaz no jug\u00f3 con el Bayern M\u00fanich ante Uni\u00f3n Berl\u00edn en la Bundesliga. Su pol\u00e9mica expulsi\u00f3n ante Leverkusen y el impacto en el equipo b\u00e1varo. \u00a1Ent\u00e9rate!<\/p>\n","protected":false},"author":1,"featured_media":3895,"comment_status":"open","ping_status":"open","sticky":false,"template":"","format":"standard","meta":{"footnotes":""},"categories":[15],"tags":[],"class_list":["post-3896","post","type-post","status-publish","format-standard","has-post-thumbnail","hentry","category-bundesliga"],"yoast_head":"<!-- This site is optimized with the Yoast SEO plugin v27.2 - https:\/\/yoast.com\/product\/yoast-seo-wordpress\/ -->\n<title>Luis D\u00edaz: \u00bfPor qu\u00e9 no jug\u00f3 en el Bayern vs. Uni\u00f3n Berl\u00edn de la Bundesliga? - Tipnexa<\/title>\n<meta name=\"robots\" content=\"index, follow, max-snippet:-1, max-image-preview:large, max-video-preview:-1\" \/>\n<link rel=\"canonical\" href=\"https:\/\/tipnexa.com\/blog\/luis-diaz-por-que-no-jugo-en-el-bayern-vs-union-berlin-de-la-bundesliga\/\" \/>\n<meta property=\"og:locale\" content=\"es_ES\" \/>\n<meta property=\"og:type\" content=\"article\" \/>\n<meta property=\"og:title\" content=\"Luis D\u00edaz: \u00bfPor qu\u00e9 no jug\u00f3 en el Bayern vs. Uni\u00f3n Berl\u00edn de la Bundesliga? - Tipnexa\" \/>\n<meta property=\"og:description\" content=\"Descubre por qu\u00e9 Luis D\u00edaz no jug\u00f3 con el Bayern M\u00fanich ante Uni\u00f3n Berl\u00edn en la Bundesliga. Su pol\u00e9mica expulsi\u00f3n ante Leverkusen y el impacto en el equipo b\u00e1varo. \u00a1Ent\u00e9rate!\" \/>\n<meta property=\"og:url\" content=\"https:\/\/tipnexa.com\/blog\/luis-diaz-por-que-no-jugo-en-el-bayern-vs-union-berlin-de-la-bundesliga\/\" \/>\n<meta property=\"og:site_name\" content=\"Tipnexa\" \/>\n<meta property=\"article:published_time\" content=\"2026-03-21T12:53:38+00:00\" \/>\n<meta property=\"og:image\" content=\"https:\/\/tipnexa.com\/blog\/wp-content\/uploads\/2026\/03\/192x192.png\" \/>\n\t<meta property=\"og:image:width\" content=\"192\" \/>\n\t<meta property=\"og:image:height\" content=\"192\" \/>\n\t<meta property=\"og:image:type\" content=\"image\/png\" \/>\n<meta name=\"author\" content=\"admin\" \/>\n<meta name=\"twitter:card\" content=\"summary_large_image\" \/>\n<meta name=\"twitter:label1\" content=\"Escrito por\" \/>\n\t<meta name=\"twitter:data1\" content=\"admin\" \/>\n\t<meta name=\"twitter:label2\" content=\"Tiempo de lectura\" \/>\n\t<meta name=\"twitter:data2\" content=\"2 minutos\" \/>\n<script type=\"application\/ld+json\" class=\"yoast-schema-graph\">{\"@context\":\"https:\/\/schema.org\",\"@graph\":[{\"@type\":\"Article\",\"@id\":\"https:\/\/tipnexa.com\/blog\/luis-diaz-por-que-no-jugo-en-el-bayern-vs-union-berlin-de-la-bundesliga\/#article\",\"isPartOf\":{\"@id\":\"https:\/\/tipnexa.com\/blog\/luis-diaz-por-que-no-jugo-en-el-bayern-vs-union-berlin-de-la-bundesliga\/\"},\"author\":{\"name\":\"admin\",\"@id\":\"https:\/\/tipnexa.com\/blog\/#\/schema\/person\/fcfe9a20877b14cc7f2bc3ce77f6d3cf\"},\"headline\":\"Luis D\u00edaz: \u00bfPor qu\u00e9 no jug\u00f3 en el Bayern vs. Uni\u00f3n Berl\u00edn de la Bundesliga?\",\"datePublished\":\"2026-03-21T12:53:38+00:00\",\"mainEntityOfPage\":{\"@id\":\"https:\/\/tipnexa.com\/blog\/luis-diaz-por-que-no-jugo-en-el-bayern-vs-union-berlin-de-la-bundesliga\/\"},\"wordCount\":448,\"commentCount\":0,\"publisher\":{\"@id\":\"https:\/\/tipnexa.com\/blog\/#organization\"},\"image\":{\"@id\":\"https:\/\/tipnexa.com\/blog\/luis-diaz-por-que-no-jugo-en-el-bayern-vs-union-berlin-de-la-bundesliga\/#primaryimage\"},\"thumbnailUrl\":\"https:\/\/tipnexa.com\/blog\/wp-content\/uploads\/2026\/03\/luis-diaz-por-que-no-jugo-en-el-bayern-vs-union-berlin-de-la-bundesliga-1774097612442.png\",\"articleSection\":[\"Bundesliga\"],\"inLanguage\":\"es\",\"potentialAction\":[{\"@type\":\"CommentAction\",\"name\":\"Comment\",\"target\":[\"https:\/\/tipnexa.com\/blog\/luis-diaz-por-que-no-jugo-en-el-bayern-vs-union-berlin-de-la-bundesliga\/#respond\"]}]},{\"@type\":\"WebPage\",\"@id\":\"https:\/\/tipnexa.com\/blog\/luis-diaz-por-que-no-jugo-en-el-bayern-vs-union-berlin-de-la-bundesliga\/\",\"url\":\"https:\/\/tipnexa.com\/blog\/luis-diaz-por-que-no-jugo-en-el-bayern-vs-union-berlin-de-la-bundesliga\/\",\"name\":\"Luis D\u00edaz: \u00bfPor qu\u00e9 no jug\u00f3 en el Bayern vs. Uni\u00f3n Berl\u00edn de la Bundesliga? - Tipnexa\",\"isPartOf\":{\"@id\":\"https:\/\/tipnexa.com\/blog\/#website\"},\"primaryImageOfPage\":{\"@id\":\"https:\/\/tipnexa.com\/blog\/luis-diaz-por-que-no-jugo-en-el-bayern-vs-union-berlin-de-la-bundesliga\/#primaryimage\"},\"image\":{\"@id\":\"https:\/\/tipnexa.com\/blog\/luis-diaz-por-que-no-jugo-en-el-bayern-vs-union-berlin-de-la-bundesliga\/#primaryimage\"},\"thumbnailUrl\":\"https:\/\/tipnexa.com\/blog\/wp-content\/uploads\/2026\/03\/luis-diaz-por-que-no-jugo-en-el-bayern-vs-union-berlin-de-la-bundesliga-1774097612442.png\",\"datePublished\":\"2026-03-21T12:53:38+00:00\",\"breadcrumb\":{\"@id\":\"https:\/\/tipnexa.com\/blog\/luis-diaz-por-que-no-jugo-en-el-bayern-vs-union-berlin-de-la-bundesliga\/#breadcrumb\"},\"inLanguage\":\"es\",\"potentialAction\":[{\"@type\":\"ReadAction\",\"target\":[\"https:\/\/tipnexa.com\/blog\/luis-diaz-por-que-no-jugo-en-el-bayern-vs-union-berlin-de-la-bundesliga\/\"]}]},{\"@type\":\"ImageObject\",\"inLanguage\":\"es\",\"@id\":\"https:\/\/tipnexa.com\/blog\/luis-diaz-por-que-no-jugo-en-el-bayern-vs-union-berlin-de-la-bundesliga\/#primaryimage\",\"url\":\"https:\/\/tipnexa.com\/blog\/wp-content\/uploads\/2026\/03\/luis-diaz-por-que-no-jugo-en-el-bayern-vs-union-berlin-de-la-bundesliga-1774097612442.png\",\"contentUrl\":\"https:\/\/tipnexa.com\/blog\/wp-content\/uploads\/2026\/03\/luis-diaz-por-que-no-jugo-en-el-bayern-vs-union-berlin-de-la-bundesliga-1774097612442.png\",\"width\":1344,\"height\":768},{\"@type\":\"BreadcrumbList\",\"@id\":\"https:\/\/tipnexa.com\/blog\/luis-diaz-por-que-no-jugo-en-el-bayern-vs-union-berlin-de-la-bundesliga\/#breadcrumb\",\"itemListElement\":[{\"@type\":\"ListItem\",\"position\":1,\"name\":\"Portada\",\"item\":\"https:\/\/tipnexa.com\/blog\/\"},{\"@type\":\"ListItem\",\"position\":2,\"name\":\"Luis D\u00edaz: \u00bfPor qu\u00e9 no jug\u00f3 en el Bayern vs. Uni\u00f3n Berl\u00edn de la Bundesliga?\"}]},{\"@type\":\"WebSite\",\"@id\":\"https:\/\/tipnexa.com\/blog\/#website\",\"url\":\"https:\/\/tipnexa.com\/blog\/\",\"name\":\"Blog de Tipnexa\",\"description\":\"Descubre en el blog de Tipnexa las \u00faltimas noticias de f\u00fatbol, pron\u00f3sticos, an\u00e1lisis de partidos, ligas y equipos con enfoque experto y datos actualizados.\",\"publisher\":{\"@id\":\"https:\/\/tipnexa.com\/blog\/#organization\"},\"alternateName\":\"Blog de Tipnexa\",\"potentialAction\":[{\"@type\":\"SearchAction\",\"target\":{\"@type\":\"EntryPoint\",\"urlTemplate\":\"https:\/\/tipnexa.com\/blog\/?s={search_term_string}\"},\"query-input\":{\"@type\":\"PropertyValueSpecification\",\"valueRequired\":true,\"valueName\":\"search_term_string\"}}],\"inLanguage\":\"es\"},{\"@type\":\"Organization\",\"@id\":\"https:\/\/tipnexa.com\/blog\/#organization\",\"name\":\"Tipnexa\",\"url\":\"https:\/\/tipnexa.com\/blog\/\",\"logo\":{\"@type\":\"ImageObject\",\"inLanguage\":\"es\",\"@id\":\"https:\/\/tipnexa.com\/blog\/#\/schema\/logo\/image\/\",\"url\":\"https:\/\/tipnexa.com\/blog\/wp-content\/uploads\/2026\/03\/192x192.png\",\"contentUrl\":\"https:\/\/tipnexa.com\/blog\/wp-content\/uploads\/2026\/03\/192x192.png\",\"width\":192,\"height\":192,\"caption\":\"Tipnexa\"},\"image\":{\"@id\":\"https:\/\/tipnexa.com\/blog\/#\/schema\/logo\/image\/\"}},{\"@type\":\"Person\",\"@id\":\"https:\/\/tipnexa.com\/blog\/#\/schema\/person\/fcfe9a20877b14cc7f2bc3ce77f6d3cf\",\"name\":\"admin\",\"image\":{\"@type\":\"ImageObject\",\"inLanguage\":\"es\",\"@id\":\"https:\/\/secure.gravatar.com\/avatar\/b4f14cb9d9d12a445b91a477b3cf143c91ca7da26f03b6815b159c10ce2e2c74?s=96&d=mm&r=g\",\"url\":\"https:\/\/secure.gravatar.com\/avatar\/b4f14cb9d9d12a445b91a477b3cf143c91ca7da26f03b6815b159c10ce2e2c74?s=96&d=mm&r=g\",\"contentUrl\":\"https:\/\/secure.gravatar.com\/avatar\/b4f14cb9d9d12a445b91a477b3cf143c91ca7da26f03b6815b159c10ce2e2c74?s=96&d=mm&r=g\",\"caption\":\"admin\"},\"sameAs\":[\"https:\/\/tipnexa.com\/blog\"],\"url\":\"https:\/\/tipnexa.com\/blog\/author\/admin\/\"}]}<\/script>\n<!-- \/ Yoast SEO plugin. -->","yoast_head_json":{"title":"Luis D\u00edaz: \u00bfPor qu\u00e9 no jug\u00f3 en el Bayern vs. Uni\u00f3n Berl\u00edn de la Bundesliga? - Tipnexa","robots":{"index":"index","follow":"follow","max-snippet":"max-snippet:-1","max-image-preview":"max-image-preview:large","max-video-preview":"max-video-preview:-1"},"canonical":"https:\/\/tipnexa.com\/blog\/luis-diaz-por-que-no-jugo-en-el-bayern-vs-union-berlin-de-la-bundesliga\/","og_locale":"es_ES","og_type":"article","og_title":"Luis D\u00edaz: \u00bfPor qu\u00e9 no jug\u00f3 en el Bayern vs. Uni\u00f3n Berl\u00edn de la Bundesliga? - Tipnexa","og_description":"Descubre por qu\u00e9 Luis D\u00edaz no jug\u00f3 con el Bayern M\u00fanich ante Uni\u00f3n Berl\u00edn en la Bundesliga. Su pol\u00e9mica expulsi\u00f3n ante Leverkusen y el impacto en el equipo b\u00e1varo. \u00a1Ent\u00e9rate!","og_url":"https:\/\/tipnexa.com\/blog\/luis-diaz-por-que-no-jugo-en-el-bayern-vs-union-berlin-de-la-bundesliga\/","og_site_name":"Tipnexa","article_published_time":"2026-03-21T12:53:38+00:00","og_image":[{"width":192,"height":192,"url":"https:\/\/tipnexa.com\/blog\/wp-content\/uploads\/2026\/03\/192x192.png","type":"image\/png"}],"author":"admin","twitter_card":"summary_large_image","twitter_misc":{"Escrito por":"admin","Tiempo de lectura":"2 minutos"},"schema":{"@context":"https:\/\/schema.org","@graph":[{"@type":"Article","@id":"https:\/\/tipnexa.com\/blog\/luis-diaz-por-que-no-jugo-en-el-bayern-vs-union-berlin-de-la-bundesliga\/#article","isPartOf":{"@id":"https:\/\/tipnexa.com\/blog\/luis-diaz-por-que-no-jugo-en-el-bayern-vs-union-berlin-de-la-bundesliga\/"},"author":{"name":"admin","@id":"https:\/\/tipnexa.com\/blog\/#\/schema\/person\/fcfe9a20877b14cc7f2bc3ce77f6d3cf"},"headline":"Luis D\u00edaz: \u00bfPor qu\u00e9 no jug\u00f3 en el Bayern vs. Uni\u00f3n Berl\u00edn de la Bundesliga?","datePublished":"2026-03-21T12:53:38+00:00","mainEntityOfPage":{"@id":"https:\/\/tipnexa.com\/blog\/luis-diaz-por-que-no-jugo-en-el-bayern-vs-union-berlin-de-la-bundesliga\/"},"wordCount":448,"commentCount":0,"publisher":{"@id":"https:\/\/tipnexa.com\/blog\/#organization"},"image":{"@id":"https:\/\/tipnexa.com\/blog\/luis-diaz-por-que-no-jugo-en-el-bayern-vs-union-berlin-de-la-bundesliga\/#primaryimage"},"thumbnailUrl":"https:\/\/tipnexa.com\/blog\/wp-content\/uploads\/2026\/03\/luis-diaz-por-que-no-jugo-en-el-bayern-vs-union-berlin-de-la-bundesliga-1774097612442.png","articleSection":["Bundesliga"],"inLanguage":"es","potentialAction":[{"@type":"CommentAction","name":"Comment","target":["https:\/\/tipnexa.com\/blog\/luis-diaz-por-que-no-jugo-en-el-bayern-vs-union-berlin-de-la-bundesliga\/#respond"]}]},{"@type":"WebPage","@id":"https:\/\/tipnexa.com\/blog\/luis-diaz-por-que-no-jugo-en-el-bayern-vs-union-berlin-de-la-bundesliga\/","url":"https:\/\/tipnexa.com\/blog\/luis-diaz-por-que-no-jugo-en-el-bayern-vs-union-berlin-de-la-bundesliga\/","name":"Luis D\u00edaz: \u00bfPor qu\u00e9 no jug\u00f3 en el Bayern vs. Uni\u00f3n Berl\u00edn de la Bundesliga? - Tipnexa","isPartOf":{"@id":"https:\/\/tipnexa.com\/blog\/#website"},"primaryImageOfPage":{"@id":"https:\/\/tipnexa.com\/blog\/luis-diaz-por-que-no-jugo-en-el-bayern-vs-union-berlin-de-la-bundesliga\/#primaryimage"},"image":{"@id":"https:\/\/tipnexa.com\/blog\/luis-diaz-por-que-no-jugo-en-el-bayern-vs-union-berlin-de-la-bundesliga\/#primaryimage"},"thumbnailUrl":"https:\/\/tipnexa.com\/blog\/wp-content\/uploads\/2026\/03\/luis-diaz-por-que-no-jugo-en-el-bayern-vs-union-berlin-de-la-bundesliga-1774097612442.png","datePublished":"2026-03-21T12:53:38+00:00","breadcrumb":{"@id":"https:\/\/tipnexa.com\/blog\/luis-diaz-por-que-no-jugo-en-el-bayern-vs-union-berlin-de-la-bundesliga\/#breadcrumb"},"inLanguage":"es","potentialAction":[{"@type":"ReadAction","target":["https:\/\/tipnexa.com\/blog\/luis-diaz-por-que-no-jugo-en-el-bayern-vs-union-berlin-de-la-bundesliga\/"]}]},{"@type":"ImageObject","inLanguage":"es","@id":"https:\/\/tipnexa.com\/blog\/luis-diaz-por-que-no-jugo-en-el-bayern-vs-union-berlin-de-la-bundesliga\/#primaryimage","url":"https:\/\/tipnexa.com\/blog\/wp-content\/uploads\/2026\/03\/luis-diaz-por-que-no-jugo-en-el-bayern-vs-union-berlin-de-la-bundesliga-1774097612442.png","contentUrl":"https:\/\/tipnexa.com\/blog\/wp-content\/uploads\/2026\/03\/luis-diaz-por-que-no-jugo-en-el-bayern-vs-union-berlin-de-la-bundesliga-1774097612442.png","width":1344,"height":768},{"@type":"BreadcrumbList","@id":"https:\/\/tipnexa.com\/blog\/luis-diaz-por-que-no-jugo-en-el-bayern-vs-union-berlin-de-la-bundesliga\/#breadcrumb","itemListElement":[{"@type":"ListItem","position":1,"name":"Portada","item":"https:\/\/tipnexa.com\/blog\/"},{"@type":"ListItem","position":2,"name":"Luis D\u00edaz: \u00bfPor qu\u00e9 no jug\u00f3 en el Bayern vs. Uni\u00f3n Berl\u00edn de la Bundesliga?"}]},{"@type":"WebSite","@id":"https:\/\/tipnexa.com\/blog\/#website","url":"https:\/\/tipnexa.com\/blog\/","name":"Blog de Tipnexa","description":"Descubre en el blog de Tipnexa las \u00faltimas noticias de f\u00fatbol, pron\u00f3sticos, an\u00e1lisis de partidos, ligas y equipos con enfoque experto y datos actualizados.","publisher":{"@id":"https:\/\/tipnexa.com\/blog\/#organization"},"alternateName":"Blog de Tipnexa","potentialAction":[{"@type":"SearchAction","target":{"@type":"EntryPoint","urlTemplate":"https:\/\/tipnexa.com\/blog\/?s={search_term_string}"},"query-input":{"@type":"PropertyValueSpecification","valueRequired":true,"valueName":"search_term_string"}}],"inLanguage":"es"},{"@type":"Organization","@id":"https:\/\/tipnexa.com\/blog\/#organization","name":"Tipnexa","url":"https:\/\/tipnexa.com\/blog\/","logo":{"@type":"ImageObject","inLanguage":"es","@id":"https:\/\/tipnexa.com\/blog\/#\/schema\/logo\/image\/","url":"https:\/\/tipnexa.com\/blog\/wp-content\/uploads\/2026\/03\/192x192.png","contentUrl":"https:\/\/tipnexa.com\/blog\/wp-content\/uploads\/2026\/03\/192x192.png","width":192,"height":192,"caption":"Tipnexa"},"image":{"@id":"https:\/\/tipnexa.com\/blog\/#\/schema\/logo\/image\/"}},{"@type":"Person","@id":"https:\/\/tipnexa.com\/blog\/#\/schema\/person\/fcfe9a20877b14cc7f2bc3ce77f6d3cf","name":"admin","image":{"@type":"ImageObject","inLanguage":"es","@id":"https:\/\/secure.gravatar.com\/avatar\/b4f14cb9d9d12a445b91a477b3cf143c91ca7da26f03b6815b159c10ce2e2c74?s=96&d=mm&r=g","url":"https:\/\/secure.gravatar.com\/avatar\/b4f14cb9d9d12a445b91a477b3cf143c91ca7da26f03b6815b159c10ce2e2c74?s=96&d=mm&r=g","contentUrl":"https:\/\/secure.gravatar.com\/avatar\/b4f14cb9d9d12a445b91a477b3cf143c91ca7da26f03b6815b159c10ce2e2c74?s=96&d=mm&r=g","caption":"admin"},"sameAs":["https:\/\/tipnexa.com\/blog"],"url":"https:\/\/tipnexa.com\/blog\/author\/admin\/"}]}},"_links":{"self":[{"href":"https:\/\/tipnexa.com\/blog\/wp-json\/wp\/v2\/posts\/3896","targetHints":{"allow":["GET"]}}],"collection":[{"href":"https:\/\/tipnexa.com\/blog\/wp-json\/wp\/v2\/posts"}],"about":[{"href":"https:\/\/tipnexa.com\/blog\/wp-json\/wp\/v2\/types\/post"}],"author":[{"embeddable":true,"href":"https:\/\/tipnexa.com\/blog\/wp-json\/wp\/v2\/users\/1"}],"replies":[{"embeddable":true,"href":"https:\/\/tipnexa.com\/blog\/wp-json\/wp\/v2\/comments?post=3896"}],"version-history":[{"count":0,"href":"https:\/\/tipnexa.com\/blog\/wp-json\/wp\/v2\/posts\/3896\/revisions"}],"wp:featuredmedia":[{"embeddable":true,"href":"https:\/\/tipnexa.com\/blog\/wp-json\/wp\/v2\/media\/3895"}],"wp:attachment":[{"href":"https:\/\/tipnexa.com\/blog\/wp-json\/wp\/v2\/media?parent=3896"}],"wp:term":[{"taxonomy":"category","embeddable":true,"href":"https:\/\/tipnexa.com\/blog\/wp-json\/wp\/v2\/categories?post=3896"},{"taxonomy":"post_tag","embeddable":true,"href":"https:\/\/tipnexa.com\/blog\/wp-json\/wp\/v2\/tags?post=3896"}],"curies":[{"name":"wp","href":"https:\/\/api.w.org\/{rel}","templated":true}]}}