{"id":3668,"date":"2026-03-20T08:22:17","date_gmt":"2026-03-20T13:22:17","guid":{"rendered":"https:\/\/tipnexa.com\/blog\/convocatoria-a-seleccion-colombia-alivio-para-castano-y-cabal-en-2026\/"},"modified":"2026-03-20T08:22:17","modified_gmt":"2026-03-20T13:22:17","slug":"convocatoria-a-seleccion-colombia-alivio-para-castano-y-cabal-en-2026","status":"publish","type":"post","link":"https:\/\/tipnexa.com\/blog\/convocatoria-a-seleccion-colombia-alivio-para-castano-y-cabal-en-2026\/","title":{"rendered":"Convocatoria a Selecci\u00f3n Colombia: \u00bfAlivio para Casta\u00f1o y Cabal en 2026?"},"content":{"rendered":"<p>La reciente <strong>convocatoria de Kevin Casta\u00f1o y Juan Cabal a la Selecci\u00f3n Colombia<\/strong> para los amistosos de la fecha FIFA de marzo ha generado gran expectaci\u00f3n. Ambos jugadores, con un pasado prometedor en el ciclo del entrenador, enfrentan un presente discreto en sus respectivos clubes, lo que convierte este llamado en una oportunidad crucial para sus carreras con miras al Mundial 2026.<\/p>\n<h2>El Complejo Presente en Clubes<\/h2>\n<p>Kevin Casta\u00f1o, mediocampista de un club argentino, ha visto reducido su protagonismo. Desde la pretemporada, ha sido una alternativa en el mediocampo, participando en solo cuatro de los \u00faltimos diez encuentros de su equipo y sumando escasos 92 minutos. Su rendimiento actual no refleja la proyecci\u00f3n que se espera de \u00e9l, especialmente en su capacidad para sumarse al ataque y apoyar a los delanteros. La participaci\u00f3n en la Conmebol Sudamericana ser\u00e1 clave para que el jugador pueda recuperar la titularidad y acumular m\u00e9ritos para la lista definitiva de la Copa del Mundo 2026.<\/p>\n<p>Por su parte, Juan Cabal, defensor de un reconocido equipo italiano, tambi\u00e9n atraviesa un momento desafiante. Aunque al inicio de la campa\u00f1a recibi\u00f3 el respaldo de su t\u00e9cnico por su versatilidad como lateral izquierdo o central, una expulsi\u00f3n crucial en los playoffs de la UEFA Champions League, hace aproximadamente un mes, cambi\u00f3 dr\u00e1sticamente su situaci\u00f3n. Tras cometer dos faltas innecesarias en un duelo importante, su equipo sufri\u00f3 un rev\u00e9s, y desde entonces ha encadenado cuatro jornadas como suplente en la Serie A. Este tipo de incidentes puede tener un fuerte <a href=\"https:\/\/tipnexa.com\/blog\/impacto-expulsion-de-luis-diaz-por-simulacion-en-leverkusen-vs-bayern\/\">impacto en la trayectoria de un jugador<\/a>.<\/p>\n<h2>Una Oportunidad de Oro con la Selecci\u00f3n<\/h2>\n<p>La citaci\u00f3n a la Selecci\u00f3n Colombia, a pesar de su actual situaci\u00f3n en clubes, es un claro mensaje de confianza por parte del cuerpo t\u00e9cnico. Los partidos contra Croacia y Francia ser\u00e1n pruebas determinantes para evaluar su condici\u00f3n f\u00edsica y futbol\u00edstica. Es una ventana para que Casta\u00f1o y Cabal demuestren su val\u00eda y luchen por un puesto en medio de una intensa competencia. La camiseta nacional representa un <strong>alivio y una exigencia de compromiso<\/strong>, vital para quienes buscan asegurar su cupo en el equipo que aspirar\u00e1 a la gloria en la Copa del Mundo 2026. El rendimiento en estos amistosos podr\u00eda ser un punto de inflexi\u00f3n, demostrando que futbolistas como ellos pueden superar adversidades y brillar a nivel internacional, al igual que otros <a href=\"https:\/\/tipnexa.com\/blog\/luis-diaz-gol-y-expulsion-clave-en-vibrante-duelo-bayern-vs-leverkusen-2026\/\">talentos colombianos en Europa<\/a>.<\/p>\n<h2>Conclusi\u00f3n<\/h2>\n<p>La llamada a la Selecci\u00f3n Colombia llega en un momento crucial para Kevin Casta\u00f1o y Juan Cabal. M\u00e1s all\u00e1 de las complejidades en sus clubes, esta oportunidad les brinda la plataforma ideal para reencontrarse con su mejor nivel. El compromiso y el desempe\u00f1o en los pr\u00f3ximos amistosos ser\u00e1n fundamentales para consolidar su presencia en el equipo nacional y mantener viva la ilusi\u00f3n de participar en el Mundial 2026, demostrando que, incluso en las temporadas m\u00e1s dif\u00edciles, la disciplina y el talento pueden abrir nuevas puertas.<\/p>\n","protected":false},"excerpt":{"rendered":"<p>La convocatoria de Kevin Casta\u00f1o y Juan Cabal a la Selecci\u00f3n Colombia genera debate. \u00bfPodr\u00e1n los jugadores revertir su compleja situaci\u00f3n en clubes? Analizamos su presente.<\/p>\n","protected":false},"author":1,"featured_media":3667,"comment_status":"open","ping_status":"open","sticky":false,"template":"","format":"standard","meta":{"footnotes":""},"categories":[16],"tags":[],"class_list":["post-3668","post","type-post","status-publish","format-standard","has-post-thumbnail","hentry","category-futbol-internacional"],"yoast_head":"<!-- This site is optimized with the Yoast SEO plugin v27.2 - https:\/\/yoast.com\/product\/yoast-seo-wordpress\/ -->\n<title>Convocatoria a Selecci\u00f3n Colombia: \u00bfAlivio para Casta\u00f1o y Cabal en 2026? - Tipnexa<\/title>\n<meta name=\"robots\" content=\"index, follow, max-snippet:-1, max-image-preview:large, max-video-preview:-1\" \/>\n<link rel=\"canonical\" href=\"https:\/\/tipnexa.com\/blog\/convocatoria-a-seleccion-colombia-alivio-para-castano-y-cabal-en-2026\/\" \/>\n<meta property=\"og:locale\" content=\"es_ES\" \/>\n<meta property=\"og:type\" content=\"article\" \/>\n<meta property=\"og:title\" content=\"Convocatoria a Selecci\u00f3n Colombia: \u00bfAlivio para Casta\u00f1o y Cabal en 2026? - Tipnexa\" \/>\n<meta property=\"og:description\" content=\"La convocatoria de Kevin Casta\u00f1o y Juan Cabal a la Selecci\u00f3n Colombia genera debate. \u00bfPodr\u00e1n los jugadores revertir su compleja situaci\u00f3n en clubes? Analizamos su presente.\" \/>\n<meta property=\"og:url\" content=\"https:\/\/tipnexa.com\/blog\/convocatoria-a-seleccion-colombia-alivio-para-castano-y-cabal-en-2026\/\" \/>\n<meta property=\"og:site_name\" content=\"Tipnexa\" \/>\n<meta property=\"article:published_time\" content=\"2026-03-20T13:22:17+00:00\" \/>\n<meta property=\"og:image\" content=\"https:\/\/tipnexa.com\/blog\/wp-content\/uploads\/2026\/03\/192x192.png\" \/>\n\t<meta property=\"og:image:width\" content=\"192\" \/>\n\t<meta property=\"og:image:height\" content=\"192\" \/>\n\t<meta property=\"og:image:type\" content=\"image\/png\" \/>\n<meta name=\"author\" content=\"admin\" \/>\n<meta name=\"twitter:card\" content=\"summary_large_image\" \/>\n<meta name=\"twitter:label1\" content=\"Escrito por\" \/>\n\t<meta name=\"twitter:data1\" content=\"admin\" \/>\n\t<meta name=\"twitter:label2\" content=\"Tiempo de lectura\" \/>\n\t<meta name=\"twitter:data2\" content=\"3 minutos\" \/>\n<script type=\"application\/ld+json\" class=\"yoast-schema-graph\">{\"@context\":\"https:\/\/schema.org\",\"@graph\":[{\"@type\":\"Article\",\"@id\":\"https:\/\/tipnexa.com\/blog\/convocatoria-a-seleccion-colombia-alivio-para-castano-y-cabal-en-2026\/#article\",\"isPartOf\":{\"@id\":\"https:\/\/tipnexa.com\/blog\/convocatoria-a-seleccion-colombia-alivio-para-castano-y-cabal-en-2026\/\"},\"author\":{\"name\":\"admin\",\"@id\":\"https:\/\/tipnexa.com\/blog\/#\/schema\/person\/fcfe9a20877b14cc7f2bc3ce77f6d3cf\"},\"headline\":\"Convocatoria a Selecci\u00f3n Colombia: \u00bfAlivio para Casta\u00f1o y Cabal en 2026?\",\"datePublished\":\"2026-03-20T13:22:17+00:00\",\"mainEntityOfPage\":{\"@id\":\"https:\/\/tipnexa.com\/blog\/convocatoria-a-seleccion-colombia-alivio-para-castano-y-cabal-en-2026\/\"},\"wordCount\":521,\"commentCount\":0,\"publisher\":{\"@id\":\"https:\/\/tipnexa.com\/blog\/#organization\"},\"image\":{\"@id\":\"https:\/\/tipnexa.com\/blog\/convocatoria-a-seleccion-colombia-alivio-para-castano-y-cabal-en-2026\/#primaryimage\"},\"thumbnailUrl\":\"https:\/\/tipnexa.com\/blog\/wp-content\/uploads\/2026\/03\/convocatoria-a-seleccion-colombia-alivio-para-castano-y-cabal-en-2026-1774012930217.png\",\"articleSection\":[\"F\u00fatbol Internacional\"],\"inLanguage\":\"es\",\"potentialAction\":[{\"@type\":\"CommentAction\",\"name\":\"Comment\",\"target\":[\"https:\/\/tipnexa.com\/blog\/convocatoria-a-seleccion-colombia-alivio-para-castano-y-cabal-en-2026\/#respond\"]}]},{\"@type\":\"WebPage\",\"@id\":\"https:\/\/tipnexa.com\/blog\/convocatoria-a-seleccion-colombia-alivio-para-castano-y-cabal-en-2026\/\",\"url\":\"https:\/\/tipnexa.com\/blog\/convocatoria-a-seleccion-colombia-alivio-para-castano-y-cabal-en-2026\/\",\"name\":\"Convocatoria a Selecci\u00f3n Colombia: \u00bfAlivio para Casta\u00f1o y Cabal en 2026? - Tipnexa\",\"isPartOf\":{\"@id\":\"https:\/\/tipnexa.com\/blog\/#website\"},\"primaryImageOfPage\":{\"@id\":\"https:\/\/tipnexa.com\/blog\/convocatoria-a-seleccion-colombia-alivio-para-castano-y-cabal-en-2026\/#primaryimage\"},\"image\":{\"@id\":\"https:\/\/tipnexa.com\/blog\/convocatoria-a-seleccion-colombia-alivio-para-castano-y-cabal-en-2026\/#primaryimage\"},\"thumbnailUrl\":\"https:\/\/tipnexa.com\/blog\/wp-content\/uploads\/2026\/03\/convocatoria-a-seleccion-colombia-alivio-para-castano-y-cabal-en-2026-1774012930217.png\",\"datePublished\":\"2026-03-20T13:22:17+00:00\",\"breadcrumb\":{\"@id\":\"https:\/\/tipnexa.com\/blog\/convocatoria-a-seleccion-colombia-alivio-para-castano-y-cabal-en-2026\/#breadcrumb\"},\"inLanguage\":\"es\",\"potentialAction\":[{\"@type\":\"ReadAction\",\"target\":[\"https:\/\/tipnexa.com\/blog\/convocatoria-a-seleccion-colombia-alivio-para-castano-y-cabal-en-2026\/\"]}]},{\"@type\":\"ImageObject\",\"inLanguage\":\"es\",\"@id\":\"https:\/\/tipnexa.com\/blog\/convocatoria-a-seleccion-colombia-alivio-para-castano-y-cabal-en-2026\/#primaryimage\",\"url\":\"https:\/\/tipnexa.com\/blog\/wp-content\/uploads\/2026\/03\/convocatoria-a-seleccion-colombia-alivio-para-castano-y-cabal-en-2026-1774012930217.png\",\"contentUrl\":\"https:\/\/tipnexa.com\/blog\/wp-content\/uploads\/2026\/03\/convocatoria-a-seleccion-colombia-alivio-para-castano-y-cabal-en-2026-1774012930217.png\",\"width\":1344,\"height\":768},{\"@type\":\"BreadcrumbList\",\"@id\":\"https:\/\/tipnexa.com\/blog\/convocatoria-a-seleccion-colombia-alivio-para-castano-y-cabal-en-2026\/#breadcrumb\",\"itemListElement\":[{\"@type\":\"ListItem\",\"position\":1,\"name\":\"Portada\",\"item\":\"https:\/\/tipnexa.com\/blog\/\"},{\"@type\":\"ListItem\",\"position\":2,\"name\":\"Convocatoria a Selecci\u00f3n Colombia: \u00bfAlivio para Casta\u00f1o y Cabal en 2026?\"}]},{\"@type\":\"WebSite\",\"@id\":\"https:\/\/tipnexa.com\/blog\/#website\",\"url\":\"https:\/\/tipnexa.com\/blog\/\",\"name\":\"Blog de Tipnexa\",\"description\":\"Descubre en el blog de Tipnexa las \u00faltimas noticias de f\u00fatbol, pron\u00f3sticos, an\u00e1lisis de partidos, ligas y equipos con enfoque experto y datos actualizados.\",\"publisher\":{\"@id\":\"https:\/\/tipnexa.com\/blog\/#organization\"},\"alternateName\":\"Blog de Tipnexa\",\"potentialAction\":[{\"@type\":\"SearchAction\",\"target\":{\"@type\":\"EntryPoint\",\"urlTemplate\":\"https:\/\/tipnexa.com\/blog\/?s={search_term_string}\"},\"query-input\":{\"@type\":\"PropertyValueSpecification\",\"valueRequired\":true,\"valueName\":\"search_term_string\"}}],\"inLanguage\":\"es\"},{\"@type\":\"Organization\",\"@id\":\"https:\/\/tipnexa.com\/blog\/#organization\",\"name\":\"Tipnexa\",\"url\":\"https:\/\/tipnexa.com\/blog\/\",\"logo\":{\"@type\":\"ImageObject\",\"inLanguage\":\"es\",\"@id\":\"https:\/\/tipnexa.com\/blog\/#\/schema\/logo\/image\/\",\"url\":\"https:\/\/tipnexa.com\/blog\/wp-content\/uploads\/2026\/03\/192x192.png\",\"contentUrl\":\"https:\/\/tipnexa.com\/blog\/wp-content\/uploads\/2026\/03\/192x192.png\",\"width\":192,\"height\":192,\"caption\":\"Tipnexa\"},\"image\":{\"@id\":\"https:\/\/tipnexa.com\/blog\/#\/schema\/logo\/image\/\"}},{\"@type\":\"Person\",\"@id\":\"https:\/\/tipnexa.com\/blog\/#\/schema\/person\/fcfe9a20877b14cc7f2bc3ce77f6d3cf\",\"name\":\"admin\",\"image\":{\"@type\":\"ImageObject\",\"inLanguage\":\"es\",\"@id\":\"https:\/\/secure.gravatar.com\/avatar\/b4f14cb9d9d12a445b91a477b3cf143c91ca7da26f03b6815b159c10ce2e2c74?s=96&d=mm&r=g\",\"url\":\"https:\/\/secure.gravatar.com\/avatar\/b4f14cb9d9d12a445b91a477b3cf143c91ca7da26f03b6815b159c10ce2e2c74?s=96&d=mm&r=g\",\"contentUrl\":\"https:\/\/secure.gravatar.com\/avatar\/b4f14cb9d9d12a445b91a477b3cf143c91ca7da26f03b6815b159c10ce2e2c74?s=96&d=mm&r=g\",\"caption\":\"admin\"},\"sameAs\":[\"https:\/\/tipnexa.com\/blog\"],\"url\":\"https:\/\/tipnexa.com\/blog\/author\/admin\/\"}]}<\/script>\n<!-- \/ Yoast SEO plugin. -->","yoast_head_json":{"title":"Convocatoria a Selecci\u00f3n Colombia: \u00bfAlivio para Casta\u00f1o y Cabal en 2026? - Tipnexa","robots":{"index":"index","follow":"follow","max-snippet":"max-snippet:-1","max-image-preview":"max-image-preview:large","max-video-preview":"max-video-preview:-1"},"canonical":"https:\/\/tipnexa.com\/blog\/convocatoria-a-seleccion-colombia-alivio-para-castano-y-cabal-en-2026\/","og_locale":"es_ES","og_type":"article","og_title":"Convocatoria a Selecci\u00f3n Colombia: \u00bfAlivio para Casta\u00f1o y Cabal en 2026? - Tipnexa","og_description":"La convocatoria de Kevin Casta\u00f1o y Juan Cabal a la Selecci\u00f3n Colombia genera debate. \u00bfPodr\u00e1n los jugadores revertir su compleja situaci\u00f3n en clubes? Analizamos su presente.","og_url":"https:\/\/tipnexa.com\/blog\/convocatoria-a-seleccion-colombia-alivio-para-castano-y-cabal-en-2026\/","og_site_name":"Tipnexa","article_published_time":"2026-03-20T13:22:17+00:00","og_image":[{"width":192,"height":192,"url":"https:\/\/tipnexa.com\/blog\/wp-content\/uploads\/2026\/03\/192x192.png","type":"image\/png"}],"author":"admin","twitter_card":"summary_large_image","twitter_misc":{"Escrito por":"admin","Tiempo de lectura":"3 minutos"},"schema":{"@context":"https:\/\/schema.org","@graph":[{"@type":"Article","@id":"https:\/\/tipnexa.com\/blog\/convocatoria-a-seleccion-colombia-alivio-para-castano-y-cabal-en-2026\/#article","isPartOf":{"@id":"https:\/\/tipnexa.com\/blog\/convocatoria-a-seleccion-colombia-alivio-para-castano-y-cabal-en-2026\/"},"author":{"name":"admin","@id":"https:\/\/tipnexa.com\/blog\/#\/schema\/person\/fcfe9a20877b14cc7f2bc3ce77f6d3cf"},"headline":"Convocatoria a Selecci\u00f3n Colombia: \u00bfAlivio para Casta\u00f1o y Cabal en 2026?","datePublished":"2026-03-20T13:22:17+00:00","mainEntityOfPage":{"@id":"https:\/\/tipnexa.com\/blog\/convocatoria-a-seleccion-colombia-alivio-para-castano-y-cabal-en-2026\/"},"wordCount":521,"commentCount":0,"publisher":{"@id":"https:\/\/tipnexa.com\/blog\/#organization"},"image":{"@id":"https:\/\/tipnexa.com\/blog\/convocatoria-a-seleccion-colombia-alivio-para-castano-y-cabal-en-2026\/#primaryimage"},"thumbnailUrl":"https:\/\/tipnexa.com\/blog\/wp-content\/uploads\/2026\/03\/convocatoria-a-seleccion-colombia-alivio-para-castano-y-cabal-en-2026-1774012930217.png","articleSection":["F\u00fatbol Internacional"],"inLanguage":"es","potentialAction":[{"@type":"CommentAction","name":"Comment","target":["https:\/\/tipnexa.com\/blog\/convocatoria-a-seleccion-colombia-alivio-para-castano-y-cabal-en-2026\/#respond"]}]},{"@type":"WebPage","@id":"https:\/\/tipnexa.com\/blog\/convocatoria-a-seleccion-colombia-alivio-para-castano-y-cabal-en-2026\/","url":"https:\/\/tipnexa.com\/blog\/convocatoria-a-seleccion-colombia-alivio-para-castano-y-cabal-en-2026\/","name":"Convocatoria a Selecci\u00f3n Colombia: \u00bfAlivio para Casta\u00f1o y Cabal en 2026? - Tipnexa","isPartOf":{"@id":"https:\/\/tipnexa.com\/blog\/#website"},"primaryImageOfPage":{"@id":"https:\/\/tipnexa.com\/blog\/convocatoria-a-seleccion-colombia-alivio-para-castano-y-cabal-en-2026\/#primaryimage"},"image":{"@id":"https:\/\/tipnexa.com\/blog\/convocatoria-a-seleccion-colombia-alivio-para-castano-y-cabal-en-2026\/#primaryimage"},"thumbnailUrl":"https:\/\/tipnexa.com\/blog\/wp-content\/uploads\/2026\/03\/convocatoria-a-seleccion-colombia-alivio-para-castano-y-cabal-en-2026-1774012930217.png","datePublished":"2026-03-20T13:22:17+00:00","breadcrumb":{"@id":"https:\/\/tipnexa.com\/blog\/convocatoria-a-seleccion-colombia-alivio-para-castano-y-cabal-en-2026\/#breadcrumb"},"inLanguage":"es","potentialAction":[{"@type":"ReadAction","target":["https:\/\/tipnexa.com\/blog\/convocatoria-a-seleccion-colombia-alivio-para-castano-y-cabal-en-2026\/"]}]},{"@type":"ImageObject","inLanguage":"es","@id":"https:\/\/tipnexa.com\/blog\/convocatoria-a-seleccion-colombia-alivio-para-castano-y-cabal-en-2026\/#primaryimage","url":"https:\/\/tipnexa.com\/blog\/wp-content\/uploads\/2026\/03\/convocatoria-a-seleccion-colombia-alivio-para-castano-y-cabal-en-2026-1774012930217.png","contentUrl":"https:\/\/tipnexa.com\/blog\/wp-content\/uploads\/2026\/03\/convocatoria-a-seleccion-colombia-alivio-para-castano-y-cabal-en-2026-1774012930217.png","width":1344,"height":768},{"@type":"BreadcrumbList","@id":"https:\/\/tipnexa.com\/blog\/convocatoria-a-seleccion-colombia-alivio-para-castano-y-cabal-en-2026\/#breadcrumb","itemListElement":[{"@type":"ListItem","position":1,"name":"Portada","item":"https:\/\/tipnexa.com\/blog\/"},{"@type":"ListItem","position":2,"name":"Convocatoria a Selecci\u00f3n Colombia: \u00bfAlivio para Casta\u00f1o y Cabal en 2026?"}]},{"@type":"WebSite","@id":"https:\/\/tipnexa.com\/blog\/#website","url":"https:\/\/tipnexa.com\/blog\/","name":"Blog de Tipnexa","description":"Descubre en el blog de Tipnexa las \u00faltimas noticias de f\u00fatbol, pron\u00f3sticos, an\u00e1lisis de partidos, ligas y equipos con enfoque experto y datos actualizados.","publisher":{"@id":"https:\/\/tipnexa.com\/blog\/#organization"},"alternateName":"Blog de Tipnexa","potentialAction":[{"@type":"SearchAction","target":{"@type":"EntryPoint","urlTemplate":"https:\/\/tipnexa.com\/blog\/?s={search_term_string}"},"query-input":{"@type":"PropertyValueSpecification","valueRequired":true,"valueName":"search_term_string"}}],"inLanguage":"es"},{"@type":"Organization","@id":"https:\/\/tipnexa.com\/blog\/#organization","name":"Tipnexa","url":"https:\/\/tipnexa.com\/blog\/","logo":{"@type":"ImageObject","inLanguage":"es","@id":"https:\/\/tipnexa.com\/blog\/#\/schema\/logo\/image\/","url":"https:\/\/tipnexa.com\/blog\/wp-content\/uploads\/2026\/03\/192x192.png","contentUrl":"https:\/\/tipnexa.com\/blog\/wp-content\/uploads\/2026\/03\/192x192.png","width":192,"height":192,"caption":"Tipnexa"},"image":{"@id":"https:\/\/tipnexa.com\/blog\/#\/schema\/logo\/image\/"}},{"@type":"Person","@id":"https:\/\/tipnexa.com\/blog\/#\/schema\/person\/fcfe9a20877b14cc7f2bc3ce77f6d3cf","name":"admin","image":{"@type":"ImageObject","inLanguage":"es","@id":"https:\/\/secure.gravatar.com\/avatar\/b4f14cb9d9d12a445b91a477b3cf143c91ca7da26f03b6815b159c10ce2e2c74?s=96&d=mm&r=g","url":"https:\/\/secure.gravatar.com\/avatar\/b4f14cb9d9d12a445b91a477b3cf143c91ca7da26f03b6815b159c10ce2e2c74?s=96&d=mm&r=g","contentUrl":"https:\/\/secure.gravatar.com\/avatar\/b4f14cb9d9d12a445b91a477b3cf143c91ca7da26f03b6815b159c10ce2e2c74?s=96&d=mm&r=g","caption":"admin"},"sameAs":["https:\/\/tipnexa.com\/blog"],"url":"https:\/\/tipnexa.com\/blog\/author\/admin\/"}]}},"_links":{"self":[{"href":"https:\/\/tipnexa.com\/blog\/wp-json\/wp\/v2\/posts\/3668","targetHints":{"allow":["GET"]}}],"collection":[{"href":"https:\/\/tipnexa.com\/blog\/wp-json\/wp\/v2\/posts"}],"about":[{"href":"https:\/\/tipnexa.com\/blog\/wp-json\/wp\/v2\/types\/post"}],"author":[{"embeddable":true,"href":"https:\/\/tipnexa.com\/blog\/wp-json\/wp\/v2\/users\/1"}],"replies":[{"embeddable":true,"href":"https:\/\/tipnexa.com\/blog\/wp-json\/wp\/v2\/comments?post=3668"}],"version-history":[{"count":0,"href":"https:\/\/tipnexa.com\/blog\/wp-json\/wp\/v2\/posts\/3668\/revisions"}],"wp:featuredmedia":[{"embeddable":true,"href":"https:\/\/tipnexa.com\/blog\/wp-json\/wp\/v2\/media\/3667"}],"wp:attachment":[{"href":"https:\/\/tipnexa.com\/blog\/wp-json\/wp\/v2\/media?parent=3668"}],"wp:term":[{"taxonomy":"category","embeddable":true,"href":"https:\/\/tipnexa.com\/blog\/wp-json\/wp\/v2\/categories?post=3668"},{"taxonomy":"post_tag","embeddable":true,"href":"https:\/\/tipnexa.com\/blog\/wp-json\/wp\/v2\/tags?post=3668"}],"curies":[{"name":"wp","href":"https:\/\/api.w.org\/{rel}","templated":true}]}}