{"id":3644,"date":"2026-03-20T07:18:30","date_gmt":"2026-03-20T12:18:30","guid":{"rendered":"https:\/\/tipnexa.com\/blog\/santiago-gimenez-regreso-clave-al-milan-tras-lesion-en-2026\/"},"modified":"2026-03-20T07:18:30","modified_gmt":"2026-03-20T12:18:30","slug":"santiago-gimenez-regreso-clave-al-milan-tras-lesion-en-2026","status":"publish","type":"post","link":"https:\/\/tipnexa.com\/blog\/santiago-gimenez-regreso-clave-al-milan-tras-lesion-en-2026\/","title":{"rendered":"Santiago Gim\u00e9nez: Regreso Clave al Milan Tras Lesi\u00f3n en 2026"},"content":{"rendered":"<p>Despu\u00e9s de cinco largos meses de inactividad, el delantero mexicano <strong>Santiago Gim\u00e9nez<\/strong> est\u00e1 listo para volver a la acci\u00f3n con el <strong>AC Milan<\/strong>. Su esperada reaparici\u00f3n est\u00e1 programada para el pr\u00f3ximo encuentro de la <strong>Serie A<\/strong> contra el Torino, marcando un momento crucial en su recuperaci\u00f3n y para el equipo rossonero. Este regreso se produce en un momento clave de la temporada 2026.<\/p>\n<h2>Un Largo Camino de Recuperaci\u00f3n<\/h2>\n<p>La \u00faltima vez que <strong>Gim\u00e9nez<\/strong> pis\u00f3 un campo de juego con el Milan fue el 28 de octubre de 2025, en un partido contra el Atalanta. Desde entonces, una persistente lesi\u00f3n en el tobillo lo mantuvo apartado, requiriendo incluso una intervenci\u00f3n quir\u00fargica. El proceso de rehabilitaci\u00f3n fue intenso, extendi\u00e9ndose por cuatro meses, durante los cuales trabaj\u00f3 arduamente para recuperar su forma f\u00edsica. Recientemente, el atacante se reincorpor\u00f3 a los entrenamientos del equipo, progresando de manera gradual hasta obtener el visto bueno del cuerpo t\u00e9cnico y m\u00e9dico. El entrenador Massimiliano Allegri confirm\u00f3 su buen estado de salud y su inclusi\u00f3n en la lista de convocados.<\/p>\n<h2>Impacto en el Club y la Selecci\u00f3n Nacional<\/h2>\n<p>El regreso de <strong>Santiago Gim\u00e9nez<\/strong> al <strong>AC Milan<\/strong> es una excelente noticia para el club, que recupera una pieza importante en su ataque justo antes de la pausa internacional. Su presencia podr\u00eda inyectar nueva energ\u00eda en la ofensiva del equipo en la recta final de la <strong>Serie A<\/strong>. Sin embargo, a pesar de su vuelta a la actividad con su club, <strong>Gim\u00e9nez<\/strong> no fue considerado para la \u00faltima convocatoria de la Selecci\u00f3n Nacional Mexicana. El seleccionador opt\u00f3 por no arriesgarlo, prefiriendo jugadores con mayor ritmo competitivo de cara al <strong>Mundial 2026<\/strong>. Su \u00faltima aparici\u00f3n con la selecci\u00f3n fue en la fecha FIFA de octubre de 2025. Los aficionados esperan que su buen desempe\u00f1o en la liga italiana le asegure un lugar en futuras listas. Para m\u00e1s informaci\u00f3n sobre la liga italiana, puedes consultar art\u00edculos como el an\u00e1lisis del <a href=\"https:\/\/tipnexa.com\/blog\/inter-vs-atalanta-empate-agonico-que-agita-la-serie-a-2025-26\/\">empate ag\u00f3nico entre Inter y Atalanta<\/a>.<\/p>\n<h2>Conclusi\u00f3n<\/h2>\n<p>El retorno de <strong>Santiago Gim\u00e9nez<\/strong> a la cancha es un testimonio de su perseverancia y un alivio para el <strong>AC Milan<\/strong>. Aunque su camino hacia la Selecci\u00f3n Nacional Mexicana para el <strong>Mundial 2026<\/strong> a\u00fan requiere consolidaci\u00f3n, su presencia en la <strong>Serie A<\/strong> ser\u00e1 fundamental. Su reaparici\u00f3n no solo fortalece al club, sino que tambi\u00e9n ofrece una oportunidad para que demuestre su val\u00eda y recupere su mejor nivel. Para estar al tanto de las novedades en el f\u00fatbol internacional, visita <a href=\"https:\/\/tipnexa.com\/blog\/\">nuestro blog deportivo<\/a>.<\/p>\n","protected":false},"excerpt":{"rendered":"<p>Santiago Gim\u00e9nez regresa a la convocatoria del AC Milan tras cinco meses de lesi\u00f3n. Descubre el impacto de su vuelta en la Serie A y su camino hacia el Mundial 2026.<\/p>\n","protected":false},"author":1,"featured_media":3643,"comment_status":"open","ping_status":"open","sticky":false,"template":"","format":"standard","meta":{"footnotes":""},"categories":[16,14],"tags":[],"class_list":["post-3644","post","type-post","status-publish","format-standard","has-post-thumbnail","hentry","category-futbol-internacional","category-serie-a"],"yoast_head":"<!-- This site is optimized with the Yoast SEO plugin v27.2 - https:\/\/yoast.com\/product\/yoast-seo-wordpress\/ -->\n<title>Santiago Gim\u00e9nez: Regreso Clave al Milan Tras Lesi\u00f3n en 2026 - Tipnexa<\/title>\n<meta name=\"robots\" content=\"index, follow, max-snippet:-1, max-image-preview:large, max-video-preview:-1\" \/>\n<link rel=\"canonical\" href=\"https:\/\/tipnexa.com\/blog\/santiago-gimenez-regreso-clave-al-milan-tras-lesion-en-2026\/\" \/>\n<meta property=\"og:locale\" content=\"es_ES\" \/>\n<meta property=\"og:type\" content=\"article\" \/>\n<meta property=\"og:title\" content=\"Santiago Gim\u00e9nez: Regreso Clave al Milan Tras Lesi\u00f3n en 2026 - Tipnexa\" \/>\n<meta property=\"og:description\" content=\"Santiago Gim\u00e9nez regresa a la convocatoria del AC Milan tras cinco meses de lesi\u00f3n. Descubre el impacto de su vuelta en la Serie A y su camino hacia el Mundial 2026.\" \/>\n<meta property=\"og:url\" content=\"https:\/\/tipnexa.com\/blog\/santiago-gimenez-regreso-clave-al-milan-tras-lesion-en-2026\/\" \/>\n<meta property=\"og:site_name\" content=\"Tipnexa\" \/>\n<meta property=\"article:published_time\" content=\"2026-03-20T12:18:30+00:00\" \/>\n<meta property=\"og:image\" content=\"https:\/\/tipnexa.com\/blog\/wp-content\/uploads\/2026\/03\/192x192.png\" \/>\n\t<meta property=\"og:image:width\" content=\"192\" \/>\n\t<meta property=\"og:image:height\" content=\"192\" \/>\n\t<meta property=\"og:image:type\" content=\"image\/png\" \/>\n<meta name=\"author\" content=\"admin\" \/>\n<meta name=\"twitter:card\" content=\"summary_large_image\" \/>\n<meta name=\"twitter:label1\" content=\"Escrito por\" \/>\n\t<meta name=\"twitter:data1\" content=\"admin\" \/>\n\t<meta name=\"twitter:label2\" content=\"Tiempo de lectura\" \/>\n\t<meta name=\"twitter:data2\" content=\"2 minutos\" \/>\n<script type=\"application\/ld+json\" class=\"yoast-schema-graph\">{\"@context\":\"https:\/\/schema.org\",\"@graph\":[{\"@type\":\"Article\",\"@id\":\"https:\/\/tipnexa.com\/blog\/santiago-gimenez-regreso-clave-al-milan-tras-lesion-en-2026\/#article\",\"isPartOf\":{\"@id\":\"https:\/\/tipnexa.com\/blog\/santiago-gimenez-regreso-clave-al-milan-tras-lesion-en-2026\/\"},\"author\":{\"name\":\"admin\",\"@id\":\"https:\/\/tipnexa.com\/blog\/#\/schema\/person\/fcfe9a20877b14cc7f2bc3ce77f6d3cf\"},\"headline\":\"Santiago Gim\u00e9nez: Regreso Clave al Milan Tras Lesi\u00f3n en 2026\",\"datePublished\":\"2026-03-20T12:18:30+00:00\",\"mainEntityOfPage\":{\"@id\":\"https:\/\/tipnexa.com\/blog\/santiago-gimenez-regreso-clave-al-milan-tras-lesion-en-2026\/\"},\"wordCount\":452,\"commentCount\":0,\"publisher\":{\"@id\":\"https:\/\/tipnexa.com\/blog\/#organization\"},\"image\":{\"@id\":\"https:\/\/tipnexa.com\/blog\/santiago-gimenez-regreso-clave-al-milan-tras-lesion-en-2026\/#primaryimage\"},\"thumbnailUrl\":\"https:\/\/tipnexa.com\/blog\/wp-content\/uploads\/2026\/03\/santiago-gimenez-regreso-clave-al-milan-tras-lesion-en-2026-1774009104136.png\",\"articleSection\":[\"F\u00fatbol Internacional\",\"Serie A\"],\"inLanguage\":\"es\",\"potentialAction\":[{\"@type\":\"CommentAction\",\"name\":\"Comment\",\"target\":[\"https:\/\/tipnexa.com\/blog\/santiago-gimenez-regreso-clave-al-milan-tras-lesion-en-2026\/#respond\"]}]},{\"@type\":\"WebPage\",\"@id\":\"https:\/\/tipnexa.com\/blog\/santiago-gimenez-regreso-clave-al-milan-tras-lesion-en-2026\/\",\"url\":\"https:\/\/tipnexa.com\/blog\/santiago-gimenez-regreso-clave-al-milan-tras-lesion-en-2026\/\",\"name\":\"Santiago Gim\u00e9nez: Regreso Clave al Milan Tras Lesi\u00f3n en 2026 - Tipnexa\",\"isPartOf\":{\"@id\":\"https:\/\/tipnexa.com\/blog\/#website\"},\"primaryImageOfPage\":{\"@id\":\"https:\/\/tipnexa.com\/blog\/santiago-gimenez-regreso-clave-al-milan-tras-lesion-en-2026\/#primaryimage\"},\"image\":{\"@id\":\"https:\/\/tipnexa.com\/blog\/santiago-gimenez-regreso-clave-al-milan-tras-lesion-en-2026\/#primaryimage\"},\"thumbnailUrl\":\"https:\/\/tipnexa.com\/blog\/wp-content\/uploads\/2026\/03\/santiago-gimenez-regreso-clave-al-milan-tras-lesion-en-2026-1774009104136.png\",\"datePublished\":\"2026-03-20T12:18:30+00:00\",\"breadcrumb\":{\"@id\":\"https:\/\/tipnexa.com\/blog\/santiago-gimenez-regreso-clave-al-milan-tras-lesion-en-2026\/#breadcrumb\"},\"inLanguage\":\"es\",\"potentialAction\":[{\"@type\":\"ReadAction\",\"target\":[\"https:\/\/tipnexa.com\/blog\/santiago-gimenez-regreso-clave-al-milan-tras-lesion-en-2026\/\"]}]},{\"@type\":\"ImageObject\",\"inLanguage\":\"es\",\"@id\":\"https:\/\/tipnexa.com\/blog\/santiago-gimenez-regreso-clave-al-milan-tras-lesion-en-2026\/#primaryimage\",\"url\":\"https:\/\/tipnexa.com\/blog\/wp-content\/uploads\/2026\/03\/santiago-gimenez-regreso-clave-al-milan-tras-lesion-en-2026-1774009104136.png\",\"contentUrl\":\"https:\/\/tipnexa.com\/blog\/wp-content\/uploads\/2026\/03\/santiago-gimenez-regreso-clave-al-milan-tras-lesion-en-2026-1774009104136.png\",\"width\":1344,\"height\":768},{\"@type\":\"BreadcrumbList\",\"@id\":\"https:\/\/tipnexa.com\/blog\/santiago-gimenez-regreso-clave-al-milan-tras-lesion-en-2026\/#breadcrumb\",\"itemListElement\":[{\"@type\":\"ListItem\",\"position\":1,\"name\":\"Portada\",\"item\":\"https:\/\/tipnexa.com\/blog\/\"},{\"@type\":\"ListItem\",\"position\":2,\"name\":\"Santiago Gim\u00e9nez: Regreso Clave al Milan Tras Lesi\u00f3n en 2026\"}]},{\"@type\":\"WebSite\",\"@id\":\"https:\/\/tipnexa.com\/blog\/#website\",\"url\":\"https:\/\/tipnexa.com\/blog\/\",\"name\":\"Blog de Tipnexa\",\"description\":\"Descubre en el blog de Tipnexa las \u00faltimas noticias de f\u00fatbol, pron\u00f3sticos, an\u00e1lisis de partidos, ligas y equipos con enfoque experto y datos actualizados.\",\"publisher\":{\"@id\":\"https:\/\/tipnexa.com\/blog\/#organization\"},\"alternateName\":\"Blog de Tipnexa\",\"potentialAction\":[{\"@type\":\"SearchAction\",\"target\":{\"@type\":\"EntryPoint\",\"urlTemplate\":\"https:\/\/tipnexa.com\/blog\/?s={search_term_string}\"},\"query-input\":{\"@type\":\"PropertyValueSpecification\",\"valueRequired\":true,\"valueName\":\"search_term_string\"}}],\"inLanguage\":\"es\"},{\"@type\":\"Organization\",\"@id\":\"https:\/\/tipnexa.com\/blog\/#organization\",\"name\":\"Tipnexa\",\"url\":\"https:\/\/tipnexa.com\/blog\/\",\"logo\":{\"@type\":\"ImageObject\",\"inLanguage\":\"es\",\"@id\":\"https:\/\/tipnexa.com\/blog\/#\/schema\/logo\/image\/\",\"url\":\"https:\/\/tipnexa.com\/blog\/wp-content\/uploads\/2026\/03\/192x192.png\",\"contentUrl\":\"https:\/\/tipnexa.com\/blog\/wp-content\/uploads\/2026\/03\/192x192.png\",\"width\":192,\"height\":192,\"caption\":\"Tipnexa\"},\"image\":{\"@id\":\"https:\/\/tipnexa.com\/blog\/#\/schema\/logo\/image\/\"}},{\"@type\":\"Person\",\"@id\":\"https:\/\/tipnexa.com\/blog\/#\/schema\/person\/fcfe9a20877b14cc7f2bc3ce77f6d3cf\",\"name\":\"admin\",\"image\":{\"@type\":\"ImageObject\",\"inLanguage\":\"es\",\"@id\":\"https:\/\/secure.gravatar.com\/avatar\/b4f14cb9d9d12a445b91a477b3cf143c91ca7da26f03b6815b159c10ce2e2c74?s=96&d=mm&r=g\",\"url\":\"https:\/\/secure.gravatar.com\/avatar\/b4f14cb9d9d12a445b91a477b3cf143c91ca7da26f03b6815b159c10ce2e2c74?s=96&d=mm&r=g\",\"contentUrl\":\"https:\/\/secure.gravatar.com\/avatar\/b4f14cb9d9d12a445b91a477b3cf143c91ca7da26f03b6815b159c10ce2e2c74?s=96&d=mm&r=g\",\"caption\":\"admin\"},\"sameAs\":[\"https:\/\/tipnexa.com\/blog\"],\"url\":\"https:\/\/tipnexa.com\/blog\/author\/admin\/\"}]}<\/script>\n<!-- \/ Yoast SEO plugin. -->","yoast_head_json":{"title":"Santiago Gim\u00e9nez: Regreso Clave al Milan Tras Lesi\u00f3n en 2026 - Tipnexa","robots":{"index":"index","follow":"follow","max-snippet":"max-snippet:-1","max-image-preview":"max-image-preview:large","max-video-preview":"max-video-preview:-1"},"canonical":"https:\/\/tipnexa.com\/blog\/santiago-gimenez-regreso-clave-al-milan-tras-lesion-en-2026\/","og_locale":"es_ES","og_type":"article","og_title":"Santiago Gim\u00e9nez: Regreso Clave al Milan Tras Lesi\u00f3n en 2026 - Tipnexa","og_description":"Santiago Gim\u00e9nez regresa a la convocatoria del AC Milan tras cinco meses de lesi\u00f3n. Descubre el impacto de su vuelta en la Serie A y su camino hacia el Mundial 2026.","og_url":"https:\/\/tipnexa.com\/blog\/santiago-gimenez-regreso-clave-al-milan-tras-lesion-en-2026\/","og_site_name":"Tipnexa","article_published_time":"2026-03-20T12:18:30+00:00","og_image":[{"width":192,"height":192,"url":"https:\/\/tipnexa.com\/blog\/wp-content\/uploads\/2026\/03\/192x192.png","type":"image\/png"}],"author":"admin","twitter_card":"summary_large_image","twitter_misc":{"Escrito por":"admin","Tiempo de lectura":"2 minutos"},"schema":{"@context":"https:\/\/schema.org","@graph":[{"@type":"Article","@id":"https:\/\/tipnexa.com\/blog\/santiago-gimenez-regreso-clave-al-milan-tras-lesion-en-2026\/#article","isPartOf":{"@id":"https:\/\/tipnexa.com\/blog\/santiago-gimenez-regreso-clave-al-milan-tras-lesion-en-2026\/"},"author":{"name":"admin","@id":"https:\/\/tipnexa.com\/blog\/#\/schema\/person\/fcfe9a20877b14cc7f2bc3ce77f6d3cf"},"headline":"Santiago Gim\u00e9nez: Regreso Clave al Milan Tras Lesi\u00f3n en 2026","datePublished":"2026-03-20T12:18:30+00:00","mainEntityOfPage":{"@id":"https:\/\/tipnexa.com\/blog\/santiago-gimenez-regreso-clave-al-milan-tras-lesion-en-2026\/"},"wordCount":452,"commentCount":0,"publisher":{"@id":"https:\/\/tipnexa.com\/blog\/#organization"},"image":{"@id":"https:\/\/tipnexa.com\/blog\/santiago-gimenez-regreso-clave-al-milan-tras-lesion-en-2026\/#primaryimage"},"thumbnailUrl":"https:\/\/tipnexa.com\/blog\/wp-content\/uploads\/2026\/03\/santiago-gimenez-regreso-clave-al-milan-tras-lesion-en-2026-1774009104136.png","articleSection":["F\u00fatbol Internacional","Serie A"],"inLanguage":"es","potentialAction":[{"@type":"CommentAction","name":"Comment","target":["https:\/\/tipnexa.com\/blog\/santiago-gimenez-regreso-clave-al-milan-tras-lesion-en-2026\/#respond"]}]},{"@type":"WebPage","@id":"https:\/\/tipnexa.com\/blog\/santiago-gimenez-regreso-clave-al-milan-tras-lesion-en-2026\/","url":"https:\/\/tipnexa.com\/blog\/santiago-gimenez-regreso-clave-al-milan-tras-lesion-en-2026\/","name":"Santiago Gim\u00e9nez: Regreso Clave al Milan Tras Lesi\u00f3n en 2026 - Tipnexa","isPartOf":{"@id":"https:\/\/tipnexa.com\/blog\/#website"},"primaryImageOfPage":{"@id":"https:\/\/tipnexa.com\/blog\/santiago-gimenez-regreso-clave-al-milan-tras-lesion-en-2026\/#primaryimage"},"image":{"@id":"https:\/\/tipnexa.com\/blog\/santiago-gimenez-regreso-clave-al-milan-tras-lesion-en-2026\/#primaryimage"},"thumbnailUrl":"https:\/\/tipnexa.com\/blog\/wp-content\/uploads\/2026\/03\/santiago-gimenez-regreso-clave-al-milan-tras-lesion-en-2026-1774009104136.png","datePublished":"2026-03-20T12:18:30+00:00","breadcrumb":{"@id":"https:\/\/tipnexa.com\/blog\/santiago-gimenez-regreso-clave-al-milan-tras-lesion-en-2026\/#breadcrumb"},"inLanguage":"es","potentialAction":[{"@type":"ReadAction","target":["https:\/\/tipnexa.com\/blog\/santiago-gimenez-regreso-clave-al-milan-tras-lesion-en-2026\/"]}]},{"@type":"ImageObject","inLanguage":"es","@id":"https:\/\/tipnexa.com\/blog\/santiago-gimenez-regreso-clave-al-milan-tras-lesion-en-2026\/#primaryimage","url":"https:\/\/tipnexa.com\/blog\/wp-content\/uploads\/2026\/03\/santiago-gimenez-regreso-clave-al-milan-tras-lesion-en-2026-1774009104136.png","contentUrl":"https:\/\/tipnexa.com\/blog\/wp-content\/uploads\/2026\/03\/santiago-gimenez-regreso-clave-al-milan-tras-lesion-en-2026-1774009104136.png","width":1344,"height":768},{"@type":"BreadcrumbList","@id":"https:\/\/tipnexa.com\/blog\/santiago-gimenez-regreso-clave-al-milan-tras-lesion-en-2026\/#breadcrumb","itemListElement":[{"@type":"ListItem","position":1,"name":"Portada","item":"https:\/\/tipnexa.com\/blog\/"},{"@type":"ListItem","position":2,"name":"Santiago Gim\u00e9nez: Regreso Clave al Milan Tras Lesi\u00f3n en 2026"}]},{"@type":"WebSite","@id":"https:\/\/tipnexa.com\/blog\/#website","url":"https:\/\/tipnexa.com\/blog\/","name":"Blog de Tipnexa","description":"Descubre en el blog de Tipnexa las \u00faltimas noticias de f\u00fatbol, pron\u00f3sticos, an\u00e1lisis de partidos, ligas y equipos con enfoque experto y datos actualizados.","publisher":{"@id":"https:\/\/tipnexa.com\/blog\/#organization"},"alternateName":"Blog de Tipnexa","potentialAction":[{"@type":"SearchAction","target":{"@type":"EntryPoint","urlTemplate":"https:\/\/tipnexa.com\/blog\/?s={search_term_string}"},"query-input":{"@type":"PropertyValueSpecification","valueRequired":true,"valueName":"search_term_string"}}],"inLanguage":"es"},{"@type":"Organization","@id":"https:\/\/tipnexa.com\/blog\/#organization","name":"Tipnexa","url":"https:\/\/tipnexa.com\/blog\/","logo":{"@type":"ImageObject","inLanguage":"es","@id":"https:\/\/tipnexa.com\/blog\/#\/schema\/logo\/image\/","url":"https:\/\/tipnexa.com\/blog\/wp-content\/uploads\/2026\/03\/192x192.png","contentUrl":"https:\/\/tipnexa.com\/blog\/wp-content\/uploads\/2026\/03\/192x192.png","width":192,"height":192,"caption":"Tipnexa"},"image":{"@id":"https:\/\/tipnexa.com\/blog\/#\/schema\/logo\/image\/"}},{"@type":"Person","@id":"https:\/\/tipnexa.com\/blog\/#\/schema\/person\/fcfe9a20877b14cc7f2bc3ce77f6d3cf","name":"admin","image":{"@type":"ImageObject","inLanguage":"es","@id":"https:\/\/secure.gravatar.com\/avatar\/b4f14cb9d9d12a445b91a477b3cf143c91ca7da26f03b6815b159c10ce2e2c74?s=96&d=mm&r=g","url":"https:\/\/secure.gravatar.com\/avatar\/b4f14cb9d9d12a445b91a477b3cf143c91ca7da26f03b6815b159c10ce2e2c74?s=96&d=mm&r=g","contentUrl":"https:\/\/secure.gravatar.com\/avatar\/b4f14cb9d9d12a445b91a477b3cf143c91ca7da26f03b6815b159c10ce2e2c74?s=96&d=mm&r=g","caption":"admin"},"sameAs":["https:\/\/tipnexa.com\/blog"],"url":"https:\/\/tipnexa.com\/blog\/author\/admin\/"}]}},"_links":{"self":[{"href":"https:\/\/tipnexa.com\/blog\/wp-json\/wp\/v2\/posts\/3644","targetHints":{"allow":["GET"]}}],"collection":[{"href":"https:\/\/tipnexa.com\/blog\/wp-json\/wp\/v2\/posts"}],"about":[{"href":"https:\/\/tipnexa.com\/blog\/wp-json\/wp\/v2\/types\/post"}],"author":[{"embeddable":true,"href":"https:\/\/tipnexa.com\/blog\/wp-json\/wp\/v2\/users\/1"}],"replies":[{"embeddable":true,"href":"https:\/\/tipnexa.com\/blog\/wp-json\/wp\/v2\/comments?post=3644"}],"version-history":[{"count":0,"href":"https:\/\/tipnexa.com\/blog\/wp-json\/wp\/v2\/posts\/3644\/revisions"}],"wp:featuredmedia":[{"embeddable":true,"href":"https:\/\/tipnexa.com\/blog\/wp-json\/wp\/v2\/media\/3643"}],"wp:attachment":[{"href":"https:\/\/tipnexa.com\/blog\/wp-json\/wp\/v2\/media?parent=3644"}],"wp:term":[{"taxonomy":"category","embeddable":true,"href":"https:\/\/tipnexa.com\/blog\/wp-json\/wp\/v2\/categories?post=3644"},{"taxonomy":"post_tag","embeddable":true,"href":"https:\/\/tipnexa.com\/blog\/wp-json\/wp\/v2\/tags?post=3644"}],"curies":[{"name":"wp","href":"https:\/\/api.w.org\/{rel}","templated":true}]}}