{"id":3488,"date":"2026-03-19T17:18:26","date_gmt":"2026-03-19T22:18:26","guid":{"rendered":"https:\/\/tipnexa.com\/blog\/fernando-muslera-regresa-a-la-seleccion-uruguaya-para-fecha-fifa-2026\/"},"modified":"2026-03-19T17:18:26","modified_gmt":"2026-03-19T22:18:26","slug":"fernando-muslera-regresa-a-la-seleccion-uruguaya-para-fecha-fifa-2026","status":"publish","type":"post","link":"https:\/\/tipnexa.com\/blog\/fernando-muslera-regresa-a-la-seleccion-uruguaya-para-fecha-fifa-2026\/","title":{"rendered":"Fernando Muslera Regresa a la Selecci\u00f3n Uruguaya para Fecha FIFA 2026"},"content":{"rendered":"<p>El experimentado arquero <strong>Fernando Muslera<\/strong>, a sus 39 a\u00f1os, ha marcado su esperado regreso a la <strong>Selecci\u00f3n Uruguaya<\/strong>. Este jueves, el guardameta se incorpor\u00f3 a los entrenamientos en el Complejo Celeste, generando gran expectaci\u00f3n entre los aficionados y el cuerpo t\u00e9cnico. Su presencia es clave para los pr\u00f3ximos compromisos internacionales de la Celeste en la Fecha FIFA de marzo de 2026.<\/p>\n<h2>La Convocatoria de Marcelo Bielsa<\/h2>\n<p>La noticia de la convocatoria de Muslera fue confirmada por fuentes de la Asociaci\u00f3n Uruguaya de F\u00fatbol (AUF), quienes detallaron que el director t\u00e9cnico <strong>Marcelo Bielsa<\/strong> mantuvo conversaciones previas con el jugador. Muslera, actualmente futbolista de Estudiantes de La Plata, ha sido llamado para disputar dos importantes partidos amistosos. Uruguay se enfrentar\u00e1 a <strong>Inglaterra el 27 de marzo<\/strong> y posteriormente a <strong>Argelia el 31 de marzo<\/strong>.<\/p>\n<p>Estos encuentros ser\u00e1n una excelente oportunidad para que el equipo de Bielsa afine estrategias y eval\u00fae a sus jugadores de cara a futuros desaf\u00edos. Para conocer m\u00e1s sobre otros encuentros internacionales, puedes consultar la <a href=\"https:\/\/tipnexa.com\/blog\/bolivia-vs-trinidad-y-tobago-horarios-canales-y-previa-del-amistoso-2026\/\">previa del amistoso entre Bolivia y Trinidad y Tobago<\/a>, que tambi\u00e9n se enmarca en la agenda de la Fecha FIFA.<\/p>\n<h2>Un Regreso Tras Qatar 2022<\/h2>\n<p>La \u00faltima vez que Fernando Muslera form\u00f3 parte de una convocatoria de la Selecci\u00f3n Uruguaya fue en la <strong>Copa del Mundo de Qatar 2022<\/strong>, donde, a pesar de su experiencia, no sum\u00f3 minutos en cancha. Su retorno ahora, casi cuatro a\u00f1os despu\u00e9s, subraya la confianza que Bielsa deposita en su liderazgo y capacidad bajo los tres palos. La cuenta oficial de redes sociales de la Selecci\u00f3n Uruguaya comparti\u00f3 im\u00e1genes del arquero entrenando intensamente, confirmando su viaje junto al cuerpo t\u00e9cnico hacia Inglaterra, sede del primer amistoso.<\/p>\n<p>Este tipo de convocatorias pueden traer sorpresas o regresos significativos, impactando la din\u00e1mica de los equipos nacionales. Para m\u00e1s informaci\u00f3n sobre movimientos en las selecciones, visita nuestro <a href=\"https:\/\/tipnexa.com\/blog\/\">blog de noticias deportivas<\/a>.<\/p>\n<h2>Conclusi\u00f3n<\/h2>\n<p>El regreso de <strong>Fernando Muslera<\/strong> a la Selecci\u00f3n Uruguaya no solo aporta experiencia y seguridad a la porter\u00eda, sino que tambi\u00e9n inyecta un esp\u00edritu renovado en el plantel. Su presencia en los entrenamientos del Complejo Celeste y su participaci\u00f3n en los pr\u00f3ximos amistosos de la Fecha FIFA de marzo de 2026 ser\u00e1n fundamentales para la preparaci\u00f3n del equipo. Los aficionados esperan ver al veterano arquero demostrar una vez m\u00e1s su val\u00eda en el arco celeste.<\/p>\n","protected":false},"excerpt":{"rendered":"<p>Fernando Muslera vuelve a la Selecci\u00f3n Uruguaya y se entrena en el Complejo Celeste para los amistosos de la Fecha FIFA de marzo 2026. \u00a1Descubre los detalles de su esperado regreso!<\/p>\n","protected":false},"author":1,"featured_media":3487,"comment_status":"open","ping_status":"open","sticky":false,"template":"","format":"standard","meta":{"footnotes":""},"categories":[16],"tags":[],"class_list":["post-3488","post","type-post","status-publish","format-standard","has-post-thumbnail","hentry","category-futbol-internacional"],"yoast_head":"<!-- This site is optimized with the Yoast SEO plugin v27.2 - https:\/\/yoast.com\/product\/yoast-seo-wordpress\/ -->\n<title>Fernando Muslera Regresa a la Selecci\u00f3n Uruguaya para Fecha FIFA 2026 - Tipnexa<\/title>\n<meta name=\"robots\" content=\"index, follow, max-snippet:-1, max-image-preview:large, max-video-preview:-1\" \/>\n<link rel=\"canonical\" href=\"https:\/\/tipnexa.com\/blog\/fernando-muslera-regresa-a-la-seleccion-uruguaya-para-fecha-fifa-2026\/\" \/>\n<meta property=\"og:locale\" content=\"es_ES\" \/>\n<meta property=\"og:type\" content=\"article\" \/>\n<meta property=\"og:title\" content=\"Fernando Muslera Regresa a la Selecci\u00f3n Uruguaya para Fecha FIFA 2026 - Tipnexa\" \/>\n<meta property=\"og:description\" content=\"Fernando Muslera vuelve a la Selecci\u00f3n Uruguaya y se entrena en el Complejo Celeste para los amistosos de la Fecha FIFA de marzo 2026. \u00a1Descubre los detalles de su esperado regreso!\" \/>\n<meta property=\"og:url\" content=\"https:\/\/tipnexa.com\/blog\/fernando-muslera-regresa-a-la-seleccion-uruguaya-para-fecha-fifa-2026\/\" \/>\n<meta property=\"og:site_name\" content=\"Tipnexa\" \/>\n<meta property=\"article:published_time\" content=\"2026-03-19T22:18:26+00:00\" \/>\n<meta property=\"og:image\" content=\"https:\/\/tipnexa.com\/blog\/wp-content\/uploads\/2026\/03\/fernando-muslera-regresa-a-la-seleccion-uruguaya-para-fecha-fifa-2026-1773958703149-1024x585.png\" \/>\n\t<meta property=\"og:image:width\" content=\"1024\" \/>\n\t<meta property=\"og:image:height\" content=\"585\" \/>\n\t<meta property=\"og:image:type\" content=\"image\/png\" \/>\n<meta name=\"author\" content=\"admin\" \/>\n<meta name=\"twitter:card\" content=\"summary_large_image\" \/>\n<meta name=\"twitter:label1\" content=\"Escrito por\" \/>\n\t<meta name=\"twitter:data1\" content=\"admin\" \/>\n\t<meta name=\"twitter:label2\" content=\"Tiempo de lectura\" \/>\n\t<meta name=\"twitter:data2\" content=\"2 minutos\" \/>\n<script type=\"application\/ld+json\" class=\"yoast-schema-graph\">{\"@context\":\"https:\/\/schema.org\",\"@graph\":[{\"@type\":\"Article\",\"@id\":\"https:\/\/tipnexa.com\/blog\/fernando-muslera-regresa-a-la-seleccion-uruguaya-para-fecha-fifa-2026\/#article\",\"isPartOf\":{\"@id\":\"https:\/\/tipnexa.com\/blog\/fernando-muslera-regresa-a-la-seleccion-uruguaya-para-fecha-fifa-2026\/\"},\"author\":{\"name\":\"admin\",\"@id\":\"https:\/\/tipnexa.com\/blog\/#\/schema\/person\/fcfe9a20877b14cc7f2bc3ce77f6d3cf\"},\"headline\":\"Fernando Muslera Regresa a la Selecci\u00f3n Uruguaya para Fecha FIFA 2026\",\"datePublished\":\"2026-03-19T22:18:26+00:00\",\"mainEntityOfPage\":{\"@id\":\"https:\/\/tipnexa.com\/blog\/fernando-muslera-regresa-a-la-seleccion-uruguaya-para-fecha-fifa-2026\/\"},\"wordCount\":421,\"commentCount\":0,\"publisher\":{\"@id\":\"https:\/\/tipnexa.com\/blog\/#organization\"},\"image\":{\"@id\":\"https:\/\/tipnexa.com\/blog\/fernando-muslera-regresa-a-la-seleccion-uruguaya-para-fecha-fifa-2026\/#primaryimage\"},\"thumbnailUrl\":\"https:\/\/tipnexa.com\/blog\/wp-content\/uploads\/2026\/03\/fernando-muslera-regresa-a-la-seleccion-uruguaya-para-fecha-fifa-2026-1773958703149.png\",\"articleSection\":[\"F\u00fatbol Internacional\"],\"inLanguage\":\"es\",\"potentialAction\":[{\"@type\":\"CommentAction\",\"name\":\"Comment\",\"target\":[\"https:\/\/tipnexa.com\/blog\/fernando-muslera-regresa-a-la-seleccion-uruguaya-para-fecha-fifa-2026\/#respond\"]}]},{\"@type\":\"WebPage\",\"@id\":\"https:\/\/tipnexa.com\/blog\/fernando-muslera-regresa-a-la-seleccion-uruguaya-para-fecha-fifa-2026\/\",\"url\":\"https:\/\/tipnexa.com\/blog\/fernando-muslera-regresa-a-la-seleccion-uruguaya-para-fecha-fifa-2026\/\",\"name\":\"Fernando Muslera Regresa a la Selecci\u00f3n Uruguaya para Fecha FIFA 2026 - Tipnexa\",\"isPartOf\":{\"@id\":\"https:\/\/tipnexa.com\/blog\/#website\"},\"primaryImageOfPage\":{\"@id\":\"https:\/\/tipnexa.com\/blog\/fernando-muslera-regresa-a-la-seleccion-uruguaya-para-fecha-fifa-2026\/#primaryimage\"},\"image\":{\"@id\":\"https:\/\/tipnexa.com\/blog\/fernando-muslera-regresa-a-la-seleccion-uruguaya-para-fecha-fifa-2026\/#primaryimage\"},\"thumbnailUrl\":\"https:\/\/tipnexa.com\/blog\/wp-content\/uploads\/2026\/03\/fernando-muslera-regresa-a-la-seleccion-uruguaya-para-fecha-fifa-2026-1773958703149.png\",\"datePublished\":\"2026-03-19T22:18:26+00:00\",\"breadcrumb\":{\"@id\":\"https:\/\/tipnexa.com\/blog\/fernando-muslera-regresa-a-la-seleccion-uruguaya-para-fecha-fifa-2026\/#breadcrumb\"},\"inLanguage\":\"es\",\"potentialAction\":[{\"@type\":\"ReadAction\",\"target\":[\"https:\/\/tipnexa.com\/blog\/fernando-muslera-regresa-a-la-seleccion-uruguaya-para-fecha-fifa-2026\/\"]}]},{\"@type\":\"ImageObject\",\"inLanguage\":\"es\",\"@id\":\"https:\/\/tipnexa.com\/blog\/fernando-muslera-regresa-a-la-seleccion-uruguaya-para-fecha-fifa-2026\/#primaryimage\",\"url\":\"https:\/\/tipnexa.com\/blog\/wp-content\/uploads\/2026\/03\/fernando-muslera-regresa-a-la-seleccion-uruguaya-para-fecha-fifa-2026-1773958703149.png\",\"contentUrl\":\"https:\/\/tipnexa.com\/blog\/wp-content\/uploads\/2026\/03\/fernando-muslera-regresa-a-la-seleccion-uruguaya-para-fecha-fifa-2026-1773958703149.png\",\"width\":1344,\"height\":768},{\"@type\":\"BreadcrumbList\",\"@id\":\"https:\/\/tipnexa.com\/blog\/fernando-muslera-regresa-a-la-seleccion-uruguaya-para-fecha-fifa-2026\/#breadcrumb\",\"itemListElement\":[{\"@type\":\"ListItem\",\"position\":1,\"name\":\"Portada\",\"item\":\"https:\/\/tipnexa.com\/blog\/\"},{\"@type\":\"ListItem\",\"position\":2,\"name\":\"Fernando Muslera Regresa a la Selecci\u00f3n Uruguaya para Fecha FIFA 2026\"}]},{\"@type\":\"WebSite\",\"@id\":\"https:\/\/tipnexa.com\/blog\/#website\",\"url\":\"https:\/\/tipnexa.com\/blog\/\",\"name\":\"Blog de Tipnexa\",\"description\":\"Descubre en el blog de Tipnexa las \u00faltimas noticias de f\u00fatbol, pron\u00f3sticos, an\u00e1lisis de partidos, ligas y equipos con enfoque experto y datos actualizados.\",\"publisher\":{\"@id\":\"https:\/\/tipnexa.com\/blog\/#organization\"},\"alternateName\":\"Blog de Tipnexa\",\"potentialAction\":[{\"@type\":\"SearchAction\",\"target\":{\"@type\":\"EntryPoint\",\"urlTemplate\":\"https:\/\/tipnexa.com\/blog\/?s={search_term_string}\"},\"query-input\":{\"@type\":\"PropertyValueSpecification\",\"valueRequired\":true,\"valueName\":\"search_term_string\"}}],\"inLanguage\":\"es\"},{\"@type\":\"Organization\",\"@id\":\"https:\/\/tipnexa.com\/blog\/#organization\",\"name\":\"Tipnexa\",\"url\":\"https:\/\/tipnexa.com\/blog\/\",\"logo\":{\"@type\":\"ImageObject\",\"inLanguage\":\"es\",\"@id\":\"https:\/\/tipnexa.com\/blog\/#\/schema\/logo\/image\/\",\"url\":\"https:\/\/tipnexa.com\/blog\/wp-content\/uploads\/2026\/03\/192x192.png\",\"contentUrl\":\"https:\/\/tipnexa.com\/blog\/wp-content\/uploads\/2026\/03\/192x192.png\",\"width\":192,\"height\":192,\"caption\":\"Tipnexa\"},\"image\":{\"@id\":\"https:\/\/tipnexa.com\/blog\/#\/schema\/logo\/image\/\"}},{\"@type\":\"Person\",\"@id\":\"https:\/\/tipnexa.com\/blog\/#\/schema\/person\/fcfe9a20877b14cc7f2bc3ce77f6d3cf\",\"name\":\"admin\",\"image\":{\"@type\":\"ImageObject\",\"inLanguage\":\"es\",\"@id\":\"https:\/\/secure.gravatar.com\/avatar\/b4f14cb9d9d12a445b91a477b3cf143c91ca7da26f03b6815b159c10ce2e2c74?s=96&d=mm&r=g\",\"url\":\"https:\/\/secure.gravatar.com\/avatar\/b4f14cb9d9d12a445b91a477b3cf143c91ca7da26f03b6815b159c10ce2e2c74?s=96&d=mm&r=g\",\"contentUrl\":\"https:\/\/secure.gravatar.com\/avatar\/b4f14cb9d9d12a445b91a477b3cf143c91ca7da26f03b6815b159c10ce2e2c74?s=96&d=mm&r=g\",\"caption\":\"admin\"},\"sameAs\":[\"https:\/\/tipnexa.com\/blog\"],\"url\":\"https:\/\/tipnexa.com\/blog\/author\/admin\/\"}]}<\/script>\n<!-- \/ Yoast SEO plugin. -->","yoast_head_json":{"title":"Fernando Muslera Regresa a la Selecci\u00f3n Uruguaya para Fecha FIFA 2026 - Tipnexa","robots":{"index":"index","follow":"follow","max-snippet":"max-snippet:-1","max-image-preview":"max-image-preview:large","max-video-preview":"max-video-preview:-1"},"canonical":"https:\/\/tipnexa.com\/blog\/fernando-muslera-regresa-a-la-seleccion-uruguaya-para-fecha-fifa-2026\/","og_locale":"es_ES","og_type":"article","og_title":"Fernando Muslera Regresa a la Selecci\u00f3n Uruguaya para Fecha FIFA 2026 - Tipnexa","og_description":"Fernando Muslera vuelve a la Selecci\u00f3n Uruguaya y se entrena en el Complejo Celeste para los amistosos de la Fecha FIFA de marzo 2026. \u00a1Descubre los detalles de su esperado regreso!","og_url":"https:\/\/tipnexa.com\/blog\/fernando-muslera-regresa-a-la-seleccion-uruguaya-para-fecha-fifa-2026\/","og_site_name":"Tipnexa","article_published_time":"2026-03-19T22:18:26+00:00","og_image":[{"width":1024,"height":585,"url":"https:\/\/tipnexa.com\/blog\/wp-content\/uploads\/2026\/03\/fernando-muslera-regresa-a-la-seleccion-uruguaya-para-fecha-fifa-2026-1773958703149-1024x585.png","type":"image\/png"}],"author":"admin","twitter_card":"summary_large_image","twitter_misc":{"Escrito por":"admin","Tiempo de lectura":"2 minutos"},"schema":{"@context":"https:\/\/schema.org","@graph":[{"@type":"Article","@id":"https:\/\/tipnexa.com\/blog\/fernando-muslera-regresa-a-la-seleccion-uruguaya-para-fecha-fifa-2026\/#article","isPartOf":{"@id":"https:\/\/tipnexa.com\/blog\/fernando-muslera-regresa-a-la-seleccion-uruguaya-para-fecha-fifa-2026\/"},"author":{"name":"admin","@id":"https:\/\/tipnexa.com\/blog\/#\/schema\/person\/fcfe9a20877b14cc7f2bc3ce77f6d3cf"},"headline":"Fernando Muslera Regresa a la Selecci\u00f3n Uruguaya para Fecha FIFA 2026","datePublished":"2026-03-19T22:18:26+00:00","mainEntityOfPage":{"@id":"https:\/\/tipnexa.com\/blog\/fernando-muslera-regresa-a-la-seleccion-uruguaya-para-fecha-fifa-2026\/"},"wordCount":421,"commentCount":0,"publisher":{"@id":"https:\/\/tipnexa.com\/blog\/#organization"},"image":{"@id":"https:\/\/tipnexa.com\/blog\/fernando-muslera-regresa-a-la-seleccion-uruguaya-para-fecha-fifa-2026\/#primaryimage"},"thumbnailUrl":"https:\/\/tipnexa.com\/blog\/wp-content\/uploads\/2026\/03\/fernando-muslera-regresa-a-la-seleccion-uruguaya-para-fecha-fifa-2026-1773958703149.png","articleSection":["F\u00fatbol Internacional"],"inLanguage":"es","potentialAction":[{"@type":"CommentAction","name":"Comment","target":["https:\/\/tipnexa.com\/blog\/fernando-muslera-regresa-a-la-seleccion-uruguaya-para-fecha-fifa-2026\/#respond"]}]},{"@type":"WebPage","@id":"https:\/\/tipnexa.com\/blog\/fernando-muslera-regresa-a-la-seleccion-uruguaya-para-fecha-fifa-2026\/","url":"https:\/\/tipnexa.com\/blog\/fernando-muslera-regresa-a-la-seleccion-uruguaya-para-fecha-fifa-2026\/","name":"Fernando Muslera Regresa a la Selecci\u00f3n Uruguaya para Fecha FIFA 2026 - Tipnexa","isPartOf":{"@id":"https:\/\/tipnexa.com\/blog\/#website"},"primaryImageOfPage":{"@id":"https:\/\/tipnexa.com\/blog\/fernando-muslera-regresa-a-la-seleccion-uruguaya-para-fecha-fifa-2026\/#primaryimage"},"image":{"@id":"https:\/\/tipnexa.com\/blog\/fernando-muslera-regresa-a-la-seleccion-uruguaya-para-fecha-fifa-2026\/#primaryimage"},"thumbnailUrl":"https:\/\/tipnexa.com\/blog\/wp-content\/uploads\/2026\/03\/fernando-muslera-regresa-a-la-seleccion-uruguaya-para-fecha-fifa-2026-1773958703149.png","datePublished":"2026-03-19T22:18:26+00:00","breadcrumb":{"@id":"https:\/\/tipnexa.com\/blog\/fernando-muslera-regresa-a-la-seleccion-uruguaya-para-fecha-fifa-2026\/#breadcrumb"},"inLanguage":"es","potentialAction":[{"@type":"ReadAction","target":["https:\/\/tipnexa.com\/blog\/fernando-muslera-regresa-a-la-seleccion-uruguaya-para-fecha-fifa-2026\/"]}]},{"@type":"ImageObject","inLanguage":"es","@id":"https:\/\/tipnexa.com\/blog\/fernando-muslera-regresa-a-la-seleccion-uruguaya-para-fecha-fifa-2026\/#primaryimage","url":"https:\/\/tipnexa.com\/blog\/wp-content\/uploads\/2026\/03\/fernando-muslera-regresa-a-la-seleccion-uruguaya-para-fecha-fifa-2026-1773958703149.png","contentUrl":"https:\/\/tipnexa.com\/blog\/wp-content\/uploads\/2026\/03\/fernando-muslera-regresa-a-la-seleccion-uruguaya-para-fecha-fifa-2026-1773958703149.png","width":1344,"height":768},{"@type":"BreadcrumbList","@id":"https:\/\/tipnexa.com\/blog\/fernando-muslera-regresa-a-la-seleccion-uruguaya-para-fecha-fifa-2026\/#breadcrumb","itemListElement":[{"@type":"ListItem","position":1,"name":"Portada","item":"https:\/\/tipnexa.com\/blog\/"},{"@type":"ListItem","position":2,"name":"Fernando Muslera Regresa a la Selecci\u00f3n Uruguaya para Fecha FIFA 2026"}]},{"@type":"WebSite","@id":"https:\/\/tipnexa.com\/blog\/#website","url":"https:\/\/tipnexa.com\/blog\/","name":"Blog de Tipnexa","description":"Descubre en el blog de Tipnexa las \u00faltimas noticias de f\u00fatbol, pron\u00f3sticos, an\u00e1lisis de partidos, ligas y equipos con enfoque experto y datos actualizados.","publisher":{"@id":"https:\/\/tipnexa.com\/blog\/#organization"},"alternateName":"Blog de Tipnexa","potentialAction":[{"@type":"SearchAction","target":{"@type":"EntryPoint","urlTemplate":"https:\/\/tipnexa.com\/blog\/?s={search_term_string}"},"query-input":{"@type":"PropertyValueSpecification","valueRequired":true,"valueName":"search_term_string"}}],"inLanguage":"es"},{"@type":"Organization","@id":"https:\/\/tipnexa.com\/blog\/#organization","name":"Tipnexa","url":"https:\/\/tipnexa.com\/blog\/","logo":{"@type":"ImageObject","inLanguage":"es","@id":"https:\/\/tipnexa.com\/blog\/#\/schema\/logo\/image\/","url":"https:\/\/tipnexa.com\/blog\/wp-content\/uploads\/2026\/03\/192x192.png","contentUrl":"https:\/\/tipnexa.com\/blog\/wp-content\/uploads\/2026\/03\/192x192.png","width":192,"height":192,"caption":"Tipnexa"},"image":{"@id":"https:\/\/tipnexa.com\/blog\/#\/schema\/logo\/image\/"}},{"@type":"Person","@id":"https:\/\/tipnexa.com\/blog\/#\/schema\/person\/fcfe9a20877b14cc7f2bc3ce77f6d3cf","name":"admin","image":{"@type":"ImageObject","inLanguage":"es","@id":"https:\/\/secure.gravatar.com\/avatar\/b4f14cb9d9d12a445b91a477b3cf143c91ca7da26f03b6815b159c10ce2e2c74?s=96&d=mm&r=g","url":"https:\/\/secure.gravatar.com\/avatar\/b4f14cb9d9d12a445b91a477b3cf143c91ca7da26f03b6815b159c10ce2e2c74?s=96&d=mm&r=g","contentUrl":"https:\/\/secure.gravatar.com\/avatar\/b4f14cb9d9d12a445b91a477b3cf143c91ca7da26f03b6815b159c10ce2e2c74?s=96&d=mm&r=g","caption":"admin"},"sameAs":["https:\/\/tipnexa.com\/blog"],"url":"https:\/\/tipnexa.com\/blog\/author\/admin\/"}]}},"_links":{"self":[{"href":"https:\/\/tipnexa.com\/blog\/wp-json\/wp\/v2\/posts\/3488","targetHints":{"allow":["GET"]}}],"collection":[{"href":"https:\/\/tipnexa.com\/blog\/wp-json\/wp\/v2\/posts"}],"about":[{"href":"https:\/\/tipnexa.com\/blog\/wp-json\/wp\/v2\/types\/post"}],"author":[{"embeddable":true,"href":"https:\/\/tipnexa.com\/blog\/wp-json\/wp\/v2\/users\/1"}],"replies":[{"embeddable":true,"href":"https:\/\/tipnexa.com\/blog\/wp-json\/wp\/v2\/comments?post=3488"}],"version-history":[{"count":0,"href":"https:\/\/tipnexa.com\/blog\/wp-json\/wp\/v2\/posts\/3488\/revisions"}],"wp:featuredmedia":[{"embeddable":true,"href":"https:\/\/tipnexa.com\/blog\/wp-json\/wp\/v2\/media\/3487"}],"wp:attachment":[{"href":"https:\/\/tipnexa.com\/blog\/wp-json\/wp\/v2\/media?parent=3488"}],"wp:term":[{"taxonomy":"category","embeddable":true,"href":"https:\/\/tipnexa.com\/blog\/wp-json\/wp\/v2\/categories?post=3488"},{"taxonomy":"post_tag","embeddable":true,"href":"https:\/\/tipnexa.com\/blog\/wp-json\/wp\/v2\/tags?post=3488"}],"curies":[{"name":"wp","href":"https:\/\/api.w.org\/{rel}","templated":true}]}}