{"id":3370,"date":"2026-03-19T11:34:28","date_gmt":"2026-03-19T16:34:28","guid":{"rendered":"https:\/\/tipnexa.com\/blog\/mbappe-convocado-por-francia-pese-a-lesion-de-rodilla-en-el-real-madrid\/"},"modified":"2026-03-19T11:34:28","modified_gmt":"2026-03-19T16:34:28","slug":"mbappe-convocado-por-francia-pese-a-lesion-de-rodilla-en-el-real-madrid","status":"publish","type":"post","link":"https:\/\/tipnexa.com\/blog\/mbappe-convocado-por-francia-pese-a-lesion-de-rodilla-en-el-real-madrid\/","title":{"rendered":"Mbapp\u00e9 Convocado por Francia Pese a Lesi\u00f3n de Rodilla en el Real Madrid"},"content":{"rendered":"<p>La selecci\u00f3n francesa ha generado expectaci\u00f3n al incluir a <strong>Kylian Mbapp\u00e9<\/strong> en su lista de convocados para los pr\u00f3ximos partidos amistosos de 2026, a pesar de las recientes preocupaciones por su estado f\u00edsico. Esta decisi\u00f3n, tomada por el seleccionador Didier Deschamps, busca asegurar la preparaci\u00f3n del delantero del <strong>Real Madrid<\/strong> de cara a futuros compromisos importantes.<\/p>\n<h2>La Estrategia de Deschamps con Mbapp\u00e9<\/h2>\n<p>Didier Deschamps ha aclarado que la convocatoria de Mbapp\u00e9 no obedece a razones de \u00abmarketing\u00bb, sino al deseo del propio jugador de participar y a un protocolo m\u00e9dico riguroso. \u00abHemos respetado el protocolo y todo ha ido como estaba previsto. \u00c9l quer\u00eda estar para estos partidos\u00bb, afirm\u00f3 el t\u00e9cnico. Mbapp\u00e9, quien recientemente jug\u00f3 25 minutos en la Liga de Campeones tras varias semanas lesionado, es una pieza fundamental para el esquema franc\u00e9s. Se espera que tenga minutos en los pr\u00f3ximos encuentros, evaluando su evoluci\u00f3n tras el partido de LaLiga contra el Atl\u00e9tico de Madrid.<\/p>\n<h2>Amistosos Clave para la Preparaci\u00f3n Mundialista<\/h2>\n<p>Francia se enfrentar\u00e1 a <strong>Brasil<\/strong> y <strong>Colombia<\/strong> en una gira que, aunque de escaso tiempo de preparaci\u00f3n, ofrecer\u00e1 rivales de alto nivel. Deschamps destac\u00f3 la importancia de medirse a selecciones como Brasil, a la que considera \u00abuno de los favoritos para ganar el Mundial 2026\u00bb. Estos encuentros son cruciales para que el equipo gane ritmo y pruebe estrategias. Es una oportunidad para ver a figuras como Mbapp\u00e9, <strong>Eduardo Camavinga<\/strong> y <strong>Aur\u00e9lien Tchouam\u00e9ni<\/strong>, ambos compa\u00f1eros de Mbapp\u00e9 en el club blanco, en acci\u00f3n internacional. Para m\u00e1s detalles sobre partidos relevantes, puedes consultar la previa de un amistoso internacional como este: <a href=\"https:\/\/tipnexa.com\/blog\/bolivia-vs-trinidad-y-tobago-horarios-canales-y-previa-del-amistoso-2026\/\">Bolivia vs. Trinidad y Tobago<\/a>.<\/p>\n<p>La participaci\u00f3n de Mbapp\u00e9 en estos amistosos es vista como una forma de mantenerlo activo y en sinton\u00eda con el grupo, a pesar de que su club, el <strong>Real Madrid<\/strong>, tambi\u00e9n tiene partidos importantes. La Liga espa\u00f1ola sigue su curso, y puedes encontrar informaci\u00f3n sobre pr\u00f3ximos encuentros del equipo merengue aqu\u00ed: <a href=\"https:\/\/tipnexa.com\/blog\/real-madrid-vs-elche-donde-ver-en-vivo-y-canales-de-transmision-laliga-2026\/\">Real Madrid vs. Elche: d\u00f3nde ver en vivo<\/a>.<\/p>\n<h2>Conclusi\u00f3n<\/h2>\n<p>La convocatoria de Kylian Mbapp\u00e9 por Francia, a pesar de su reciente lesi\u00f3n de rodilla, subraya la confianza de Didier Deschamps en el delantero y la importancia de su rol en la selecci\u00f3n. Estos amistosos de 2026 contra Brasil y Colombia no solo servir\u00e1n como preparaci\u00f3n para el Mundial, sino tambi\u00e9n para monitorear el estado f\u00edsico de una de las estrellas m\u00e1s grandes del f\u00fatbol mundial. La estrategia busca un equilibrio entre la recuperaci\u00f3n del jugador y su adaptaci\u00f3n al ritmo competitivo internacional.<\/p>\n","protected":false},"excerpt":{"rendered":"<p>Kylian Mbapp\u00e9 es convocado por Francia para amistosos cruciales de 2026, pese a su lesi\u00f3n de rodilla. Descubre c\u00f3mo Didier Deschamps gestiona la situaci\u00f3n y la preparaci\u00f3n para el Mundial.<\/p>\n","protected":false},"author":1,"featured_media":3369,"comment_status":"open","ping_status":"open","sticky":false,"template":"","format":"standard","meta":{"footnotes":""},"categories":[16],"tags":[],"class_list":["post-3370","post","type-post","status-publish","format-standard","has-post-thumbnail","hentry","category-futbol-internacional"],"yoast_head":"<!-- This site is optimized with the Yoast SEO plugin v27.2 - https:\/\/yoast.com\/product\/yoast-seo-wordpress\/ -->\n<title>Mbapp\u00e9 Convocado por Francia Pese a Lesi\u00f3n de Rodilla en el Real Madrid - Tipnexa<\/title>\n<meta name=\"robots\" content=\"index, follow, max-snippet:-1, max-image-preview:large, max-video-preview:-1\" \/>\n<link rel=\"canonical\" href=\"https:\/\/tipnexa.com\/blog\/mbappe-convocado-por-francia-pese-a-lesion-de-rodilla-en-el-real-madrid\/\" \/>\n<meta property=\"og:locale\" content=\"es_ES\" \/>\n<meta property=\"og:type\" content=\"article\" \/>\n<meta property=\"og:title\" content=\"Mbapp\u00e9 Convocado por Francia Pese a Lesi\u00f3n de Rodilla en el Real Madrid - Tipnexa\" \/>\n<meta property=\"og:description\" content=\"Kylian Mbapp\u00e9 es convocado por Francia para amistosos cruciales de 2026, pese a su lesi\u00f3n de rodilla. Descubre c\u00f3mo Didier Deschamps gestiona la situaci\u00f3n y la preparaci\u00f3n para el Mundial.\" \/>\n<meta property=\"og:url\" content=\"https:\/\/tipnexa.com\/blog\/mbappe-convocado-por-francia-pese-a-lesion-de-rodilla-en-el-real-madrid\/\" \/>\n<meta property=\"og:site_name\" content=\"Tipnexa\" \/>\n<meta property=\"article:published_time\" content=\"2026-03-19T16:34:28+00:00\" \/>\n<meta property=\"og:image\" content=\"https:\/\/tipnexa.com\/blog\/wp-content\/uploads\/2026\/03\/mbappe-convocado-por-francia-pese-a-lesion-de-rodilla-en-el-real-madrid-1773938066019-1024x585.png\" \/>\n\t<meta property=\"og:image:width\" content=\"1024\" \/>\n\t<meta property=\"og:image:height\" content=\"585\" \/>\n\t<meta property=\"og:image:type\" content=\"image\/png\" \/>\n<meta name=\"author\" content=\"admin\" \/>\n<meta name=\"twitter:card\" content=\"summary_large_image\" \/>\n<meta name=\"twitter:label1\" content=\"Escrito por\" \/>\n\t<meta name=\"twitter:data1\" content=\"admin\" \/>\n\t<meta name=\"twitter:label2\" content=\"Tiempo de lectura\" \/>\n\t<meta name=\"twitter:data2\" content=\"2 minutos\" \/>\n<script type=\"application\/ld+json\" class=\"yoast-schema-graph\">{\"@context\":\"https:\/\/schema.org\",\"@graph\":[{\"@type\":\"Article\",\"@id\":\"https:\/\/tipnexa.com\/blog\/mbappe-convocado-por-francia-pese-a-lesion-de-rodilla-en-el-real-madrid\/#article\",\"isPartOf\":{\"@id\":\"https:\/\/tipnexa.com\/blog\/mbappe-convocado-por-francia-pese-a-lesion-de-rodilla-en-el-real-madrid\/\"},\"author\":{\"name\":\"admin\",\"@id\":\"https:\/\/tipnexa.com\/blog\/#\/schema\/person\/fcfe9a20877b14cc7f2bc3ce77f6d3cf\"},\"headline\":\"Mbapp\u00e9 Convocado por Francia Pese a Lesi\u00f3n de Rodilla en el Real Madrid\",\"datePublished\":\"2026-03-19T16:34:28+00:00\",\"mainEntityOfPage\":{\"@id\":\"https:\/\/tipnexa.com\/blog\/mbappe-convocado-por-francia-pese-a-lesion-de-rodilla-en-el-real-madrid\/\"},\"wordCount\":457,\"commentCount\":0,\"publisher\":{\"@id\":\"https:\/\/tipnexa.com\/blog\/#organization\"},\"image\":{\"@id\":\"https:\/\/tipnexa.com\/blog\/mbappe-convocado-por-francia-pese-a-lesion-de-rodilla-en-el-real-madrid\/#primaryimage\"},\"thumbnailUrl\":\"https:\/\/tipnexa.com\/blog\/wp-content\/uploads\/2026\/03\/mbappe-convocado-por-francia-pese-a-lesion-de-rodilla-en-el-real-madrid-1773938066019.png\",\"articleSection\":[\"F\u00fatbol Internacional\"],\"inLanguage\":\"es\",\"potentialAction\":[{\"@type\":\"CommentAction\",\"name\":\"Comment\",\"target\":[\"https:\/\/tipnexa.com\/blog\/mbappe-convocado-por-francia-pese-a-lesion-de-rodilla-en-el-real-madrid\/#respond\"]}]},{\"@type\":\"WebPage\",\"@id\":\"https:\/\/tipnexa.com\/blog\/mbappe-convocado-por-francia-pese-a-lesion-de-rodilla-en-el-real-madrid\/\",\"url\":\"https:\/\/tipnexa.com\/blog\/mbappe-convocado-por-francia-pese-a-lesion-de-rodilla-en-el-real-madrid\/\",\"name\":\"Mbapp\u00e9 Convocado por Francia Pese a Lesi\u00f3n de Rodilla en el Real Madrid - Tipnexa\",\"isPartOf\":{\"@id\":\"https:\/\/tipnexa.com\/blog\/#website\"},\"primaryImageOfPage\":{\"@id\":\"https:\/\/tipnexa.com\/blog\/mbappe-convocado-por-francia-pese-a-lesion-de-rodilla-en-el-real-madrid\/#primaryimage\"},\"image\":{\"@id\":\"https:\/\/tipnexa.com\/blog\/mbappe-convocado-por-francia-pese-a-lesion-de-rodilla-en-el-real-madrid\/#primaryimage\"},\"thumbnailUrl\":\"https:\/\/tipnexa.com\/blog\/wp-content\/uploads\/2026\/03\/mbappe-convocado-por-francia-pese-a-lesion-de-rodilla-en-el-real-madrid-1773938066019.png\",\"datePublished\":\"2026-03-19T16:34:28+00:00\",\"breadcrumb\":{\"@id\":\"https:\/\/tipnexa.com\/blog\/mbappe-convocado-por-francia-pese-a-lesion-de-rodilla-en-el-real-madrid\/#breadcrumb\"},\"inLanguage\":\"es\",\"potentialAction\":[{\"@type\":\"ReadAction\",\"target\":[\"https:\/\/tipnexa.com\/blog\/mbappe-convocado-por-francia-pese-a-lesion-de-rodilla-en-el-real-madrid\/\"]}]},{\"@type\":\"ImageObject\",\"inLanguage\":\"es\",\"@id\":\"https:\/\/tipnexa.com\/blog\/mbappe-convocado-por-francia-pese-a-lesion-de-rodilla-en-el-real-madrid\/#primaryimage\",\"url\":\"https:\/\/tipnexa.com\/blog\/wp-content\/uploads\/2026\/03\/mbappe-convocado-por-francia-pese-a-lesion-de-rodilla-en-el-real-madrid-1773938066019.png\",\"contentUrl\":\"https:\/\/tipnexa.com\/blog\/wp-content\/uploads\/2026\/03\/mbappe-convocado-por-francia-pese-a-lesion-de-rodilla-en-el-real-madrid-1773938066019.png\",\"width\":1344,\"height\":768},{\"@type\":\"BreadcrumbList\",\"@id\":\"https:\/\/tipnexa.com\/blog\/mbappe-convocado-por-francia-pese-a-lesion-de-rodilla-en-el-real-madrid\/#breadcrumb\",\"itemListElement\":[{\"@type\":\"ListItem\",\"position\":1,\"name\":\"Portada\",\"item\":\"https:\/\/tipnexa.com\/blog\/\"},{\"@type\":\"ListItem\",\"position\":2,\"name\":\"Mbapp\u00e9 Convocado por Francia Pese a Lesi\u00f3n de Rodilla en el Real Madrid\"}]},{\"@type\":\"WebSite\",\"@id\":\"https:\/\/tipnexa.com\/blog\/#website\",\"url\":\"https:\/\/tipnexa.com\/blog\/\",\"name\":\"Blog de Tipnexa\",\"description\":\"Descubre en el blog de Tipnexa las \u00faltimas noticias de f\u00fatbol, pron\u00f3sticos, an\u00e1lisis de partidos, ligas y equipos con enfoque experto y datos actualizados.\",\"publisher\":{\"@id\":\"https:\/\/tipnexa.com\/blog\/#organization\"},\"alternateName\":\"Blog de Tipnexa\",\"potentialAction\":[{\"@type\":\"SearchAction\",\"target\":{\"@type\":\"EntryPoint\",\"urlTemplate\":\"https:\/\/tipnexa.com\/blog\/?s={search_term_string}\"},\"query-input\":{\"@type\":\"PropertyValueSpecification\",\"valueRequired\":true,\"valueName\":\"search_term_string\"}}],\"inLanguage\":\"es\"},{\"@type\":\"Organization\",\"@id\":\"https:\/\/tipnexa.com\/blog\/#organization\",\"name\":\"Tipnexa\",\"url\":\"https:\/\/tipnexa.com\/blog\/\",\"logo\":{\"@type\":\"ImageObject\",\"inLanguage\":\"es\",\"@id\":\"https:\/\/tipnexa.com\/blog\/#\/schema\/logo\/image\/\",\"url\":\"https:\/\/tipnexa.com\/blog\/wp-content\/uploads\/2026\/03\/192x192.png\",\"contentUrl\":\"https:\/\/tipnexa.com\/blog\/wp-content\/uploads\/2026\/03\/192x192.png\",\"width\":192,\"height\":192,\"caption\":\"Tipnexa\"},\"image\":{\"@id\":\"https:\/\/tipnexa.com\/blog\/#\/schema\/logo\/image\/\"}},{\"@type\":\"Person\",\"@id\":\"https:\/\/tipnexa.com\/blog\/#\/schema\/person\/fcfe9a20877b14cc7f2bc3ce77f6d3cf\",\"name\":\"admin\",\"image\":{\"@type\":\"ImageObject\",\"inLanguage\":\"es\",\"@id\":\"https:\/\/secure.gravatar.com\/avatar\/b4f14cb9d9d12a445b91a477b3cf143c91ca7da26f03b6815b159c10ce2e2c74?s=96&d=mm&r=g\",\"url\":\"https:\/\/secure.gravatar.com\/avatar\/b4f14cb9d9d12a445b91a477b3cf143c91ca7da26f03b6815b159c10ce2e2c74?s=96&d=mm&r=g\",\"contentUrl\":\"https:\/\/secure.gravatar.com\/avatar\/b4f14cb9d9d12a445b91a477b3cf143c91ca7da26f03b6815b159c10ce2e2c74?s=96&d=mm&r=g\",\"caption\":\"admin\"},\"sameAs\":[\"https:\/\/tipnexa.com\/blog\"],\"url\":\"https:\/\/tipnexa.com\/blog\/author\/admin\/\"}]}<\/script>\n<!-- \/ Yoast SEO plugin. -->","yoast_head_json":{"title":"Mbapp\u00e9 Convocado por Francia Pese a Lesi\u00f3n de Rodilla en el Real Madrid - Tipnexa","robots":{"index":"index","follow":"follow","max-snippet":"max-snippet:-1","max-image-preview":"max-image-preview:large","max-video-preview":"max-video-preview:-1"},"canonical":"https:\/\/tipnexa.com\/blog\/mbappe-convocado-por-francia-pese-a-lesion-de-rodilla-en-el-real-madrid\/","og_locale":"es_ES","og_type":"article","og_title":"Mbapp\u00e9 Convocado por Francia Pese a Lesi\u00f3n de Rodilla en el Real Madrid - Tipnexa","og_description":"Kylian Mbapp\u00e9 es convocado por Francia para amistosos cruciales de 2026, pese a su lesi\u00f3n de rodilla. Descubre c\u00f3mo Didier Deschamps gestiona la situaci\u00f3n y la preparaci\u00f3n para el Mundial.","og_url":"https:\/\/tipnexa.com\/blog\/mbappe-convocado-por-francia-pese-a-lesion-de-rodilla-en-el-real-madrid\/","og_site_name":"Tipnexa","article_published_time":"2026-03-19T16:34:28+00:00","og_image":[{"width":1024,"height":585,"url":"https:\/\/tipnexa.com\/blog\/wp-content\/uploads\/2026\/03\/mbappe-convocado-por-francia-pese-a-lesion-de-rodilla-en-el-real-madrid-1773938066019-1024x585.png","type":"image\/png"}],"author":"admin","twitter_card":"summary_large_image","twitter_misc":{"Escrito por":"admin","Tiempo de lectura":"2 minutos"},"schema":{"@context":"https:\/\/schema.org","@graph":[{"@type":"Article","@id":"https:\/\/tipnexa.com\/blog\/mbappe-convocado-por-francia-pese-a-lesion-de-rodilla-en-el-real-madrid\/#article","isPartOf":{"@id":"https:\/\/tipnexa.com\/blog\/mbappe-convocado-por-francia-pese-a-lesion-de-rodilla-en-el-real-madrid\/"},"author":{"name":"admin","@id":"https:\/\/tipnexa.com\/blog\/#\/schema\/person\/fcfe9a20877b14cc7f2bc3ce77f6d3cf"},"headline":"Mbapp\u00e9 Convocado por Francia Pese a Lesi\u00f3n de Rodilla en el Real Madrid","datePublished":"2026-03-19T16:34:28+00:00","mainEntityOfPage":{"@id":"https:\/\/tipnexa.com\/blog\/mbappe-convocado-por-francia-pese-a-lesion-de-rodilla-en-el-real-madrid\/"},"wordCount":457,"commentCount":0,"publisher":{"@id":"https:\/\/tipnexa.com\/blog\/#organization"},"image":{"@id":"https:\/\/tipnexa.com\/blog\/mbappe-convocado-por-francia-pese-a-lesion-de-rodilla-en-el-real-madrid\/#primaryimage"},"thumbnailUrl":"https:\/\/tipnexa.com\/blog\/wp-content\/uploads\/2026\/03\/mbappe-convocado-por-francia-pese-a-lesion-de-rodilla-en-el-real-madrid-1773938066019.png","articleSection":["F\u00fatbol Internacional"],"inLanguage":"es","potentialAction":[{"@type":"CommentAction","name":"Comment","target":["https:\/\/tipnexa.com\/blog\/mbappe-convocado-por-francia-pese-a-lesion-de-rodilla-en-el-real-madrid\/#respond"]}]},{"@type":"WebPage","@id":"https:\/\/tipnexa.com\/blog\/mbappe-convocado-por-francia-pese-a-lesion-de-rodilla-en-el-real-madrid\/","url":"https:\/\/tipnexa.com\/blog\/mbappe-convocado-por-francia-pese-a-lesion-de-rodilla-en-el-real-madrid\/","name":"Mbapp\u00e9 Convocado por Francia Pese a Lesi\u00f3n de Rodilla en el Real Madrid - Tipnexa","isPartOf":{"@id":"https:\/\/tipnexa.com\/blog\/#website"},"primaryImageOfPage":{"@id":"https:\/\/tipnexa.com\/blog\/mbappe-convocado-por-francia-pese-a-lesion-de-rodilla-en-el-real-madrid\/#primaryimage"},"image":{"@id":"https:\/\/tipnexa.com\/blog\/mbappe-convocado-por-francia-pese-a-lesion-de-rodilla-en-el-real-madrid\/#primaryimage"},"thumbnailUrl":"https:\/\/tipnexa.com\/blog\/wp-content\/uploads\/2026\/03\/mbappe-convocado-por-francia-pese-a-lesion-de-rodilla-en-el-real-madrid-1773938066019.png","datePublished":"2026-03-19T16:34:28+00:00","breadcrumb":{"@id":"https:\/\/tipnexa.com\/blog\/mbappe-convocado-por-francia-pese-a-lesion-de-rodilla-en-el-real-madrid\/#breadcrumb"},"inLanguage":"es","potentialAction":[{"@type":"ReadAction","target":["https:\/\/tipnexa.com\/blog\/mbappe-convocado-por-francia-pese-a-lesion-de-rodilla-en-el-real-madrid\/"]}]},{"@type":"ImageObject","inLanguage":"es","@id":"https:\/\/tipnexa.com\/blog\/mbappe-convocado-por-francia-pese-a-lesion-de-rodilla-en-el-real-madrid\/#primaryimage","url":"https:\/\/tipnexa.com\/blog\/wp-content\/uploads\/2026\/03\/mbappe-convocado-por-francia-pese-a-lesion-de-rodilla-en-el-real-madrid-1773938066019.png","contentUrl":"https:\/\/tipnexa.com\/blog\/wp-content\/uploads\/2026\/03\/mbappe-convocado-por-francia-pese-a-lesion-de-rodilla-en-el-real-madrid-1773938066019.png","width":1344,"height":768},{"@type":"BreadcrumbList","@id":"https:\/\/tipnexa.com\/blog\/mbappe-convocado-por-francia-pese-a-lesion-de-rodilla-en-el-real-madrid\/#breadcrumb","itemListElement":[{"@type":"ListItem","position":1,"name":"Portada","item":"https:\/\/tipnexa.com\/blog\/"},{"@type":"ListItem","position":2,"name":"Mbapp\u00e9 Convocado por Francia Pese a Lesi\u00f3n de Rodilla en el Real Madrid"}]},{"@type":"WebSite","@id":"https:\/\/tipnexa.com\/blog\/#website","url":"https:\/\/tipnexa.com\/blog\/","name":"Blog de Tipnexa","description":"Descubre en el blog de Tipnexa las \u00faltimas noticias de f\u00fatbol, pron\u00f3sticos, an\u00e1lisis de partidos, ligas y equipos con enfoque experto y datos actualizados.","publisher":{"@id":"https:\/\/tipnexa.com\/blog\/#organization"},"alternateName":"Blog de Tipnexa","potentialAction":[{"@type":"SearchAction","target":{"@type":"EntryPoint","urlTemplate":"https:\/\/tipnexa.com\/blog\/?s={search_term_string}"},"query-input":{"@type":"PropertyValueSpecification","valueRequired":true,"valueName":"search_term_string"}}],"inLanguage":"es"},{"@type":"Organization","@id":"https:\/\/tipnexa.com\/blog\/#organization","name":"Tipnexa","url":"https:\/\/tipnexa.com\/blog\/","logo":{"@type":"ImageObject","inLanguage":"es","@id":"https:\/\/tipnexa.com\/blog\/#\/schema\/logo\/image\/","url":"https:\/\/tipnexa.com\/blog\/wp-content\/uploads\/2026\/03\/192x192.png","contentUrl":"https:\/\/tipnexa.com\/blog\/wp-content\/uploads\/2026\/03\/192x192.png","width":192,"height":192,"caption":"Tipnexa"},"image":{"@id":"https:\/\/tipnexa.com\/blog\/#\/schema\/logo\/image\/"}},{"@type":"Person","@id":"https:\/\/tipnexa.com\/blog\/#\/schema\/person\/fcfe9a20877b14cc7f2bc3ce77f6d3cf","name":"admin","image":{"@type":"ImageObject","inLanguage":"es","@id":"https:\/\/secure.gravatar.com\/avatar\/b4f14cb9d9d12a445b91a477b3cf143c91ca7da26f03b6815b159c10ce2e2c74?s=96&d=mm&r=g","url":"https:\/\/secure.gravatar.com\/avatar\/b4f14cb9d9d12a445b91a477b3cf143c91ca7da26f03b6815b159c10ce2e2c74?s=96&d=mm&r=g","contentUrl":"https:\/\/secure.gravatar.com\/avatar\/b4f14cb9d9d12a445b91a477b3cf143c91ca7da26f03b6815b159c10ce2e2c74?s=96&d=mm&r=g","caption":"admin"},"sameAs":["https:\/\/tipnexa.com\/blog"],"url":"https:\/\/tipnexa.com\/blog\/author\/admin\/"}]}},"_links":{"self":[{"href":"https:\/\/tipnexa.com\/blog\/wp-json\/wp\/v2\/posts\/3370","targetHints":{"allow":["GET"]}}],"collection":[{"href":"https:\/\/tipnexa.com\/blog\/wp-json\/wp\/v2\/posts"}],"about":[{"href":"https:\/\/tipnexa.com\/blog\/wp-json\/wp\/v2\/types\/post"}],"author":[{"embeddable":true,"href":"https:\/\/tipnexa.com\/blog\/wp-json\/wp\/v2\/users\/1"}],"replies":[{"embeddable":true,"href":"https:\/\/tipnexa.com\/blog\/wp-json\/wp\/v2\/comments?post=3370"}],"version-history":[{"count":0,"href":"https:\/\/tipnexa.com\/blog\/wp-json\/wp\/v2\/posts\/3370\/revisions"}],"wp:featuredmedia":[{"embeddable":true,"href":"https:\/\/tipnexa.com\/blog\/wp-json\/wp\/v2\/media\/3369"}],"wp:attachment":[{"href":"https:\/\/tipnexa.com\/blog\/wp-json\/wp\/v2\/media?parent=3370"}],"wp:term":[{"taxonomy":"category","embeddable":true,"href":"https:\/\/tipnexa.com\/blog\/wp-json\/wp\/v2\/categories?post=3370"},{"taxonomy":"post_tag","embeddable":true,"href":"https:\/\/tipnexa.com\/blog\/wp-json\/wp\/v2\/tags?post=3370"}],"curies":[{"name":"wp","href":"https:\/\/api.w.org\/{rel}","templated":true}]}}