{"id":3350,"date":"2026-03-19T10:18:45","date_gmt":"2026-03-19T15:18:45","guid":{"rendered":"https:\/\/tipnexa.com\/blog\/alianza-lima-bajas-clave-de-garces-y-gaibor-por-lesion-en-2026\/"},"modified":"2026-03-19T10:18:45","modified_gmt":"2026-03-19T15:18:45","slug":"alianza-lima-bajas-clave-de-garces-y-gaibor-por-lesion-en-2026","status":"publish","type":"post","link":"https:\/\/tipnexa.com\/blog\/alianza-lima-bajas-clave-de-garces-y-gaibor-por-lesion-en-2026\/","title":{"rendered":"Alianza Lima: Bajas Clave de Garc\u00e9s y Gaibor por Lesi\u00f3n en 2026"},"content":{"rendered":"<p><strong>Alianza Lima<\/strong> ha comunicado oficialmente el <strong>parte m\u00e9dico<\/strong> de dos de sus figuras importantes, <strong>Renzo Garc\u00e9s<\/strong> y <strong>Fernando Gaibor<\/strong>, quienes se suman a la lista de bajas por lesi\u00f3n. Esta noticia representa un desaf\u00edo significativo para el conjunto blanquiazul de cara a sus pr\u00f3ximos compromisos en la temporada 2026, obligando al cuerpo t\u00e9cnico a ajustar sus estrategias y buscar alternativas en el plantel.<\/p>\n<h2>Parte M\u00e9dico de Renzo Garc\u00e9s: Impacto en la Defensa<\/h2>\n<p>El defensor central <strong>Renzo Garc\u00e9s<\/strong> ha sido diagnosticado con una lesi\u00f3n muscular que lo mantendr\u00e1 alejado de las canchas por un periodo considerable. Seg\u00fan el informe de los servicios m\u00e9dicos de <strong>Alianza Lima<\/strong>, Garc\u00e9s presenta una dolencia que requerir\u00e1 un proceso de recuperaci\u00f3n y rehabilitaci\u00f3n espec\u00edfico. Su ausencia es un golpe duro para la zaga, ya que el jugador se hab\u00eda consolidado como un pilar fundamental en la defensa, aportando solidez y experiencia. Se espera que su regreso se d\u00e9 en varias semanas, dependiendo de la evoluci\u00f3n de su tratamiento.<\/p>\n<h2>La Situaci\u00f3n de Fernando Gaibor y su Recuperaci\u00f3n<\/h2>\n<p>Por otro lado, el mediocampista ecuatoriano <strong>Fernando Gaibor<\/strong> tambi\u00e9n ha sido confirmado con una lesi\u00f3n que lo margina de los pr\u00f3ximos partidos. El parte m\u00e9dico detalla que Gaibor padece una afecci\u00f3n que demanda reposo y un plan de recuperaci\u00f3n intensivo. Su baja es igualmente sensible, ya que el volante es una pieza clave en la creaci\u00f3n y distribuci\u00f3n del juego de <strong>Alianza Lima<\/strong>, adem\u00e1s de su capacidad para recuperar balones. Su liderazgo y visi\u00f3n ser\u00e1n extra\u00f1ados en el mediocampo blanquiazul durante su periodo de inactividad, que tambi\u00e9n se proyecta para varias semanas.<\/p>\n<h2>Consecuencias para el Calendario de Alianza Lima 2026<\/h2>\n<p>Las <strong>lesiones de Garc\u00e9s y Gaibor<\/strong> llegan en un momento crucial de la temporada 2026, cuando el equipo busca consolidarse en los primeros puestos del torneo. El entrenador tendr\u00e1 que reconfigurar la alineaci\u00f3n y confiar en la profundidad de su plantilla para cubrir estas importantes ausencias. Jugadores como Catriel Cabellos o Adri\u00e1n Arregui podr\u00edan asumir un rol m\u00e1s protag\u00f3nico en el mediocampo, mientras que en la defensa se buscar\u00e1n alternativas para mantener la solidez. Puedes encontrar m\u00e1s an\u00e1lisis sobre el equipo en nuestro blog de <a href=\"https:\/\/tipnexa.com\/blog\/alianza-lima-vs-deportivo-garcilaso-analisis-y-previa-de-la-liga-1-2026\/\">Alianza Lima<\/a>. La capacidad del equipo para adaptarse y superar estos obst\u00e1culos ser\u00e1 clave para sus aspiraciones en la <strong>Liga 1<\/strong> y futuras competiciones. Para m\u00e1s detalles sobre posibles formaciones, visita nuestro art\u00edculo sobre la <a href=\"https:\/\/tipnexa.com\/blog\/alineacion-clave-alianza-lima-vs-deportivo-garcilaso-en-cusco-por-liga-1-2026\/\">alineaci\u00f3n clave<\/a>.<\/p>\n<h2>Conclusi\u00f3n<\/h2>\n<p>Las bajas de <strong>Renzo Garc\u00e9s<\/strong> y <strong>Fernando Gaibor<\/strong> representan un desaf\u00edo inesperado para <strong>Alianza Lima<\/strong> en la temporada 2026. La fortaleza del plantel y la capacidad de adaptaci\u00f3n del cuerpo t\u00e9cnico ser\u00e1n puestas a prueba. Los hinchas esperan que ambos jugadores se recuperen pronto y que el equipo pueda mantener su rendimiento a pesar de estas importantes ausencias, demostrando la resiliencia y el esp\u00edritu de lucha que caracterizan al club.<\/p>\n","protected":false},"excerpt":{"rendered":"<p>Alianza Lima enfrenta desaf\u00edos con las lesiones de Renzo Garc\u00e9s y Fernando Gaibor. Conoce el parte m\u00e9dico oficial y el impacto en el equipo para 2026.<\/p>\n","protected":false},"author":1,"featured_media":3349,"comment_status":"open","ping_status":"open","sticky":false,"template":"","format":"standard","meta":{"footnotes":""},"categories":[10,2],"tags":[],"class_list":["post-3350","post","type-post","status-publish","format-standard","has-post-thumbnail","hentry","category-clubes","category-futbol-peruano"],"yoast_head":"<!-- This site is optimized with the Yoast SEO plugin v27.2 - https:\/\/yoast.com\/product\/yoast-seo-wordpress\/ -->\n<title>Alianza Lima: Bajas Clave de Garc\u00e9s y Gaibor por Lesi\u00f3n en 2026 - Tipnexa<\/title>\n<meta name=\"robots\" content=\"index, follow, max-snippet:-1, max-image-preview:large, max-video-preview:-1\" \/>\n<link rel=\"canonical\" href=\"https:\/\/tipnexa.com\/blog\/alianza-lima-bajas-clave-de-garces-y-gaibor-por-lesion-en-2026\/\" \/>\n<meta property=\"og:locale\" content=\"es_ES\" \/>\n<meta property=\"og:type\" content=\"article\" \/>\n<meta property=\"og:title\" content=\"Alianza Lima: Bajas Clave de Garc\u00e9s y Gaibor por Lesi\u00f3n en 2026 - Tipnexa\" \/>\n<meta property=\"og:description\" content=\"Alianza Lima enfrenta desaf\u00edos con las lesiones de Renzo Garc\u00e9s y Fernando Gaibor. Conoce el parte m\u00e9dico oficial y el impacto en el equipo para 2026.\" \/>\n<meta property=\"og:url\" content=\"https:\/\/tipnexa.com\/blog\/alianza-lima-bajas-clave-de-garces-y-gaibor-por-lesion-en-2026\/\" \/>\n<meta property=\"og:site_name\" content=\"Tipnexa\" \/>\n<meta property=\"article:published_time\" content=\"2026-03-19T15:18:45+00:00\" \/>\n<meta property=\"og:image\" content=\"https:\/\/tipnexa.com\/blog\/wp-content\/uploads\/2026\/03\/alianza-lima-bajas-clave-de-garces-y-gaibor-por-lesion-en-2026-1773933522993-1024x585.png\" \/>\n\t<meta property=\"og:image:width\" content=\"1024\" \/>\n\t<meta property=\"og:image:height\" content=\"585\" \/>\n\t<meta property=\"og:image:type\" content=\"image\/png\" \/>\n<meta name=\"author\" content=\"admin\" \/>\n<meta name=\"twitter:card\" content=\"summary_large_image\" \/>\n<meta name=\"twitter:label1\" content=\"Escrito por\" \/>\n\t<meta name=\"twitter:data1\" content=\"admin\" \/>\n\t<meta name=\"twitter:label2\" content=\"Tiempo de lectura\" \/>\n\t<meta name=\"twitter:data2\" content=\"3 minutos\" \/>\n<script type=\"application\/ld+json\" class=\"yoast-schema-graph\">{\"@context\":\"https:\/\/schema.org\",\"@graph\":[{\"@type\":\"Article\",\"@id\":\"https:\/\/tipnexa.com\/blog\/alianza-lima-bajas-clave-de-garces-y-gaibor-por-lesion-en-2026\/#article\",\"isPartOf\":{\"@id\":\"https:\/\/tipnexa.com\/blog\/alianza-lima-bajas-clave-de-garces-y-gaibor-por-lesion-en-2026\/\"},\"author\":{\"name\":\"admin\",\"@id\":\"https:\/\/tipnexa.com\/blog\/#\/schema\/person\/fcfe9a20877b14cc7f2bc3ce77f6d3cf\"},\"headline\":\"Alianza Lima: Bajas Clave de Garc\u00e9s y Gaibor por Lesi\u00f3n en 2026\",\"datePublished\":\"2026-03-19T15:18:45+00:00\",\"mainEntityOfPage\":{\"@id\":\"https:\/\/tipnexa.com\/blog\/alianza-lima-bajas-clave-de-garces-y-gaibor-por-lesion-en-2026\/\"},\"wordCount\":524,\"commentCount\":0,\"publisher\":{\"@id\":\"https:\/\/tipnexa.com\/blog\/#organization\"},\"image\":{\"@id\":\"https:\/\/tipnexa.com\/blog\/alianza-lima-bajas-clave-de-garces-y-gaibor-por-lesion-en-2026\/#primaryimage\"},\"thumbnailUrl\":\"https:\/\/tipnexa.com\/blog\/wp-content\/uploads\/2026\/03\/alianza-lima-bajas-clave-de-garces-y-gaibor-por-lesion-en-2026-1773933522993.png\",\"articleSection\":[\"Clubes\",\"F\u00fatbol Peruano\"],\"inLanguage\":\"es\",\"potentialAction\":[{\"@type\":\"CommentAction\",\"name\":\"Comment\",\"target\":[\"https:\/\/tipnexa.com\/blog\/alianza-lima-bajas-clave-de-garces-y-gaibor-por-lesion-en-2026\/#respond\"]}]},{\"@type\":\"WebPage\",\"@id\":\"https:\/\/tipnexa.com\/blog\/alianza-lima-bajas-clave-de-garces-y-gaibor-por-lesion-en-2026\/\",\"url\":\"https:\/\/tipnexa.com\/blog\/alianza-lima-bajas-clave-de-garces-y-gaibor-por-lesion-en-2026\/\",\"name\":\"Alianza Lima: Bajas Clave de Garc\u00e9s y Gaibor por Lesi\u00f3n en 2026 - Tipnexa\",\"isPartOf\":{\"@id\":\"https:\/\/tipnexa.com\/blog\/#website\"},\"primaryImageOfPage\":{\"@id\":\"https:\/\/tipnexa.com\/blog\/alianza-lima-bajas-clave-de-garces-y-gaibor-por-lesion-en-2026\/#primaryimage\"},\"image\":{\"@id\":\"https:\/\/tipnexa.com\/blog\/alianza-lima-bajas-clave-de-garces-y-gaibor-por-lesion-en-2026\/#primaryimage\"},\"thumbnailUrl\":\"https:\/\/tipnexa.com\/blog\/wp-content\/uploads\/2026\/03\/alianza-lima-bajas-clave-de-garces-y-gaibor-por-lesion-en-2026-1773933522993.png\",\"datePublished\":\"2026-03-19T15:18:45+00:00\",\"breadcrumb\":{\"@id\":\"https:\/\/tipnexa.com\/blog\/alianza-lima-bajas-clave-de-garces-y-gaibor-por-lesion-en-2026\/#breadcrumb\"},\"inLanguage\":\"es\",\"potentialAction\":[{\"@type\":\"ReadAction\",\"target\":[\"https:\/\/tipnexa.com\/blog\/alianza-lima-bajas-clave-de-garces-y-gaibor-por-lesion-en-2026\/\"]}]},{\"@type\":\"ImageObject\",\"inLanguage\":\"es\",\"@id\":\"https:\/\/tipnexa.com\/blog\/alianza-lima-bajas-clave-de-garces-y-gaibor-por-lesion-en-2026\/#primaryimage\",\"url\":\"https:\/\/tipnexa.com\/blog\/wp-content\/uploads\/2026\/03\/alianza-lima-bajas-clave-de-garces-y-gaibor-por-lesion-en-2026-1773933522993.png\",\"contentUrl\":\"https:\/\/tipnexa.com\/blog\/wp-content\/uploads\/2026\/03\/alianza-lima-bajas-clave-de-garces-y-gaibor-por-lesion-en-2026-1773933522993.png\",\"width\":1344,\"height\":768},{\"@type\":\"BreadcrumbList\",\"@id\":\"https:\/\/tipnexa.com\/blog\/alianza-lima-bajas-clave-de-garces-y-gaibor-por-lesion-en-2026\/#breadcrumb\",\"itemListElement\":[{\"@type\":\"ListItem\",\"position\":1,\"name\":\"Portada\",\"item\":\"https:\/\/tipnexa.com\/blog\/\"},{\"@type\":\"ListItem\",\"position\":2,\"name\":\"Alianza Lima: Bajas Clave de Garc\u00e9s y Gaibor por Lesi\u00f3n en 2026\"}]},{\"@type\":\"WebSite\",\"@id\":\"https:\/\/tipnexa.com\/blog\/#website\",\"url\":\"https:\/\/tipnexa.com\/blog\/\",\"name\":\"Blog de Tipnexa\",\"description\":\"Descubre en el blog de Tipnexa las \u00faltimas noticias de f\u00fatbol, pron\u00f3sticos, an\u00e1lisis de partidos, ligas y equipos con enfoque experto y datos actualizados.\",\"publisher\":{\"@id\":\"https:\/\/tipnexa.com\/blog\/#organization\"},\"alternateName\":\"Blog de Tipnexa\",\"potentialAction\":[{\"@type\":\"SearchAction\",\"target\":{\"@type\":\"EntryPoint\",\"urlTemplate\":\"https:\/\/tipnexa.com\/blog\/?s={search_term_string}\"},\"query-input\":{\"@type\":\"PropertyValueSpecification\",\"valueRequired\":true,\"valueName\":\"search_term_string\"}}],\"inLanguage\":\"es\"},{\"@type\":\"Organization\",\"@id\":\"https:\/\/tipnexa.com\/blog\/#organization\",\"name\":\"Tipnexa\",\"url\":\"https:\/\/tipnexa.com\/blog\/\",\"logo\":{\"@type\":\"ImageObject\",\"inLanguage\":\"es\",\"@id\":\"https:\/\/tipnexa.com\/blog\/#\/schema\/logo\/image\/\",\"url\":\"https:\/\/tipnexa.com\/blog\/wp-content\/uploads\/2026\/03\/192x192.png\",\"contentUrl\":\"https:\/\/tipnexa.com\/blog\/wp-content\/uploads\/2026\/03\/192x192.png\",\"width\":192,\"height\":192,\"caption\":\"Tipnexa\"},\"image\":{\"@id\":\"https:\/\/tipnexa.com\/blog\/#\/schema\/logo\/image\/\"}},{\"@type\":\"Person\",\"@id\":\"https:\/\/tipnexa.com\/blog\/#\/schema\/person\/fcfe9a20877b14cc7f2bc3ce77f6d3cf\",\"name\":\"admin\",\"image\":{\"@type\":\"ImageObject\",\"inLanguage\":\"es\",\"@id\":\"https:\/\/secure.gravatar.com\/avatar\/b4f14cb9d9d12a445b91a477b3cf143c91ca7da26f03b6815b159c10ce2e2c74?s=96&d=mm&r=g\",\"url\":\"https:\/\/secure.gravatar.com\/avatar\/b4f14cb9d9d12a445b91a477b3cf143c91ca7da26f03b6815b159c10ce2e2c74?s=96&d=mm&r=g\",\"contentUrl\":\"https:\/\/secure.gravatar.com\/avatar\/b4f14cb9d9d12a445b91a477b3cf143c91ca7da26f03b6815b159c10ce2e2c74?s=96&d=mm&r=g\",\"caption\":\"admin\"},\"sameAs\":[\"https:\/\/tipnexa.com\/blog\"],\"url\":\"https:\/\/tipnexa.com\/blog\/author\/admin\/\"}]}<\/script>\n<!-- \/ Yoast SEO plugin. -->","yoast_head_json":{"title":"Alianza Lima: Bajas Clave de Garc\u00e9s y Gaibor por Lesi\u00f3n en 2026 - Tipnexa","robots":{"index":"index","follow":"follow","max-snippet":"max-snippet:-1","max-image-preview":"max-image-preview:large","max-video-preview":"max-video-preview:-1"},"canonical":"https:\/\/tipnexa.com\/blog\/alianza-lima-bajas-clave-de-garces-y-gaibor-por-lesion-en-2026\/","og_locale":"es_ES","og_type":"article","og_title":"Alianza Lima: Bajas Clave de Garc\u00e9s y Gaibor por Lesi\u00f3n en 2026 - Tipnexa","og_description":"Alianza Lima enfrenta desaf\u00edos con las lesiones de Renzo Garc\u00e9s y Fernando Gaibor. Conoce el parte m\u00e9dico oficial y el impacto en el equipo para 2026.","og_url":"https:\/\/tipnexa.com\/blog\/alianza-lima-bajas-clave-de-garces-y-gaibor-por-lesion-en-2026\/","og_site_name":"Tipnexa","article_published_time":"2026-03-19T15:18:45+00:00","og_image":[{"width":1024,"height":585,"url":"https:\/\/tipnexa.com\/blog\/wp-content\/uploads\/2026\/03\/alianza-lima-bajas-clave-de-garces-y-gaibor-por-lesion-en-2026-1773933522993-1024x585.png","type":"image\/png"}],"author":"admin","twitter_card":"summary_large_image","twitter_misc":{"Escrito por":"admin","Tiempo de lectura":"3 minutos"},"schema":{"@context":"https:\/\/schema.org","@graph":[{"@type":"Article","@id":"https:\/\/tipnexa.com\/blog\/alianza-lima-bajas-clave-de-garces-y-gaibor-por-lesion-en-2026\/#article","isPartOf":{"@id":"https:\/\/tipnexa.com\/blog\/alianza-lima-bajas-clave-de-garces-y-gaibor-por-lesion-en-2026\/"},"author":{"name":"admin","@id":"https:\/\/tipnexa.com\/blog\/#\/schema\/person\/fcfe9a20877b14cc7f2bc3ce77f6d3cf"},"headline":"Alianza Lima: Bajas Clave de Garc\u00e9s y Gaibor por Lesi\u00f3n en 2026","datePublished":"2026-03-19T15:18:45+00:00","mainEntityOfPage":{"@id":"https:\/\/tipnexa.com\/blog\/alianza-lima-bajas-clave-de-garces-y-gaibor-por-lesion-en-2026\/"},"wordCount":524,"commentCount":0,"publisher":{"@id":"https:\/\/tipnexa.com\/blog\/#organization"},"image":{"@id":"https:\/\/tipnexa.com\/blog\/alianza-lima-bajas-clave-de-garces-y-gaibor-por-lesion-en-2026\/#primaryimage"},"thumbnailUrl":"https:\/\/tipnexa.com\/blog\/wp-content\/uploads\/2026\/03\/alianza-lima-bajas-clave-de-garces-y-gaibor-por-lesion-en-2026-1773933522993.png","articleSection":["Clubes","F\u00fatbol Peruano"],"inLanguage":"es","potentialAction":[{"@type":"CommentAction","name":"Comment","target":["https:\/\/tipnexa.com\/blog\/alianza-lima-bajas-clave-de-garces-y-gaibor-por-lesion-en-2026\/#respond"]}]},{"@type":"WebPage","@id":"https:\/\/tipnexa.com\/blog\/alianza-lima-bajas-clave-de-garces-y-gaibor-por-lesion-en-2026\/","url":"https:\/\/tipnexa.com\/blog\/alianza-lima-bajas-clave-de-garces-y-gaibor-por-lesion-en-2026\/","name":"Alianza Lima: Bajas Clave de Garc\u00e9s y Gaibor por Lesi\u00f3n en 2026 - Tipnexa","isPartOf":{"@id":"https:\/\/tipnexa.com\/blog\/#website"},"primaryImageOfPage":{"@id":"https:\/\/tipnexa.com\/blog\/alianza-lima-bajas-clave-de-garces-y-gaibor-por-lesion-en-2026\/#primaryimage"},"image":{"@id":"https:\/\/tipnexa.com\/blog\/alianza-lima-bajas-clave-de-garces-y-gaibor-por-lesion-en-2026\/#primaryimage"},"thumbnailUrl":"https:\/\/tipnexa.com\/blog\/wp-content\/uploads\/2026\/03\/alianza-lima-bajas-clave-de-garces-y-gaibor-por-lesion-en-2026-1773933522993.png","datePublished":"2026-03-19T15:18:45+00:00","breadcrumb":{"@id":"https:\/\/tipnexa.com\/blog\/alianza-lima-bajas-clave-de-garces-y-gaibor-por-lesion-en-2026\/#breadcrumb"},"inLanguage":"es","potentialAction":[{"@type":"ReadAction","target":["https:\/\/tipnexa.com\/blog\/alianza-lima-bajas-clave-de-garces-y-gaibor-por-lesion-en-2026\/"]}]},{"@type":"ImageObject","inLanguage":"es","@id":"https:\/\/tipnexa.com\/blog\/alianza-lima-bajas-clave-de-garces-y-gaibor-por-lesion-en-2026\/#primaryimage","url":"https:\/\/tipnexa.com\/blog\/wp-content\/uploads\/2026\/03\/alianza-lima-bajas-clave-de-garces-y-gaibor-por-lesion-en-2026-1773933522993.png","contentUrl":"https:\/\/tipnexa.com\/blog\/wp-content\/uploads\/2026\/03\/alianza-lima-bajas-clave-de-garces-y-gaibor-por-lesion-en-2026-1773933522993.png","width":1344,"height":768},{"@type":"BreadcrumbList","@id":"https:\/\/tipnexa.com\/blog\/alianza-lima-bajas-clave-de-garces-y-gaibor-por-lesion-en-2026\/#breadcrumb","itemListElement":[{"@type":"ListItem","position":1,"name":"Portada","item":"https:\/\/tipnexa.com\/blog\/"},{"@type":"ListItem","position":2,"name":"Alianza Lima: Bajas Clave de Garc\u00e9s y Gaibor por Lesi\u00f3n en 2026"}]},{"@type":"WebSite","@id":"https:\/\/tipnexa.com\/blog\/#website","url":"https:\/\/tipnexa.com\/blog\/","name":"Blog de Tipnexa","description":"Descubre en el blog de Tipnexa las \u00faltimas noticias de f\u00fatbol, pron\u00f3sticos, an\u00e1lisis de partidos, ligas y equipos con enfoque experto y datos actualizados.","publisher":{"@id":"https:\/\/tipnexa.com\/blog\/#organization"},"alternateName":"Blog de Tipnexa","potentialAction":[{"@type":"SearchAction","target":{"@type":"EntryPoint","urlTemplate":"https:\/\/tipnexa.com\/blog\/?s={search_term_string}"},"query-input":{"@type":"PropertyValueSpecification","valueRequired":true,"valueName":"search_term_string"}}],"inLanguage":"es"},{"@type":"Organization","@id":"https:\/\/tipnexa.com\/blog\/#organization","name":"Tipnexa","url":"https:\/\/tipnexa.com\/blog\/","logo":{"@type":"ImageObject","inLanguage":"es","@id":"https:\/\/tipnexa.com\/blog\/#\/schema\/logo\/image\/","url":"https:\/\/tipnexa.com\/blog\/wp-content\/uploads\/2026\/03\/192x192.png","contentUrl":"https:\/\/tipnexa.com\/blog\/wp-content\/uploads\/2026\/03\/192x192.png","width":192,"height":192,"caption":"Tipnexa"},"image":{"@id":"https:\/\/tipnexa.com\/blog\/#\/schema\/logo\/image\/"}},{"@type":"Person","@id":"https:\/\/tipnexa.com\/blog\/#\/schema\/person\/fcfe9a20877b14cc7f2bc3ce77f6d3cf","name":"admin","image":{"@type":"ImageObject","inLanguage":"es","@id":"https:\/\/secure.gravatar.com\/avatar\/b4f14cb9d9d12a445b91a477b3cf143c91ca7da26f03b6815b159c10ce2e2c74?s=96&d=mm&r=g","url":"https:\/\/secure.gravatar.com\/avatar\/b4f14cb9d9d12a445b91a477b3cf143c91ca7da26f03b6815b159c10ce2e2c74?s=96&d=mm&r=g","contentUrl":"https:\/\/secure.gravatar.com\/avatar\/b4f14cb9d9d12a445b91a477b3cf143c91ca7da26f03b6815b159c10ce2e2c74?s=96&d=mm&r=g","caption":"admin"},"sameAs":["https:\/\/tipnexa.com\/blog"],"url":"https:\/\/tipnexa.com\/blog\/author\/admin\/"}]}},"_links":{"self":[{"href":"https:\/\/tipnexa.com\/blog\/wp-json\/wp\/v2\/posts\/3350","targetHints":{"allow":["GET"]}}],"collection":[{"href":"https:\/\/tipnexa.com\/blog\/wp-json\/wp\/v2\/posts"}],"about":[{"href":"https:\/\/tipnexa.com\/blog\/wp-json\/wp\/v2\/types\/post"}],"author":[{"embeddable":true,"href":"https:\/\/tipnexa.com\/blog\/wp-json\/wp\/v2\/users\/1"}],"replies":[{"embeddable":true,"href":"https:\/\/tipnexa.com\/blog\/wp-json\/wp\/v2\/comments?post=3350"}],"version-history":[{"count":0,"href":"https:\/\/tipnexa.com\/blog\/wp-json\/wp\/v2\/posts\/3350\/revisions"}],"wp:featuredmedia":[{"embeddable":true,"href":"https:\/\/tipnexa.com\/blog\/wp-json\/wp\/v2\/media\/3349"}],"wp:attachment":[{"href":"https:\/\/tipnexa.com\/blog\/wp-json\/wp\/v2\/media?parent=3350"}],"wp:term":[{"taxonomy":"category","embeddable":true,"href":"https:\/\/tipnexa.com\/blog\/wp-json\/wp\/v2\/categories?post=3350"},{"taxonomy":"post_tag","embeddable":true,"href":"https:\/\/tipnexa.com\/blog\/wp-json\/wp\/v2\/tags?post=3350"}],"curies":[{"name":"wp","href":"https:\/\/api.w.org\/{rel}","templated":true}]}}