{"id":3154,"date":"2026-03-18T16:47:12","date_gmt":"2026-03-18T21:47:12","guid":{"rendered":"https:\/\/tipnexa.com\/blog\/universitario-se-defiende-franco-velazco-aclara-polemica-de-racismo-en-liga-1\/"},"modified":"2026-03-18T16:47:12","modified_gmt":"2026-03-18T21:47:12","slug":"universitario-se-defiende-franco-velazco-aclara-polemica-de-racismo-en-liga-1","status":"publish","type":"post","link":"https:\/\/tipnexa.com\/blog\/universitario-se-defiende-franco-velazco-aclara-polemica-de-racismo-en-liga-1\/","title":{"rendered":"Universitario se Defiende: Franco Velazco Aclara Pol\u00e9mica de Racismo en Liga 1"},"content":{"rendered":"<p>La pol\u00e9mica sobre supuestos actos de racismo en el Estadio Monumental ha generado un intenso debate en el f\u00fatbol peruano. Ante esta situaci\u00f3n, <strong>Universitario de Deportes<\/strong> ha decidido salir al frente para defender su reputaci\u00f3n. La administraci\u00f3n del club est\u00e1 recopilando todas las pruebas posibles para demostrar que no hubo discriminaci\u00f3n contra los jugadores de UTC, buscando as\u00ed frenar las cr\u00edticas y esclarecer lo sucedido en la fecha 7 de la <strong>Liga 1<\/strong>.<\/p>\n<h2>La Postura del Club Ante las Acusaciones<\/h2>\n<p>La tensi\u00f3n se origin\u00f3 cuando el \u00e1rbitro Michael Espinoza activ\u00f3 el protocolo antirracismo durante el partido. Inmediatamente, la tribuna sur del coloso de Ate fue se\u00f1alada, lo que puso en riesgo no solo la econom\u00eda del club, sino tambi\u00e9n la posibilidad de enfrentar sanciones como jugar sin p\u00fablico. <strong>Franco Velazco<\/strong>, administrador del equipo crema, fue el encargado de abordar el tema p\u00fablicamente.<\/p>\n<p>En una entrevista, Velazco expres\u00f3 su descontento con la forma en que se ha gestionado el asunto externamente. \u00abSiempre lamento que en un estado de derecho&#8230; ya tengamos mucha gente adelantando juicios de opini\u00f3n cuando el proceso no ha iniciado\u00bb, declar\u00f3, refiri\u00e9ndose a los comentarios en redes sociales y medios. La prioridad del club es desmentir estas imputaciones con hechos concretos.<\/p>\n<h2>Recopilaci\u00f3n de Pruebas y Cr\u00edticas a la Influencia Externa<\/h2>\n<p>Velazco fue enf\u00e1tico al se\u00f1alar la estrategia legal del club: \u00abNosotros estamos recolectando las evidencias y los medios probatorios que nos permitan acreditar nuestra postura, que es que no se produjeron actos de racismo\u00bb. Esta declaraci\u00f3n subraya el compromiso de Universitario con la verdad y la transparencia. Adem\u00e1s, el directivo sugiri\u00f3 que la reacci\u00f3n del juez principal pudo haber sido influenciada por agentes externos presentes en el campo.<\/p>\n<p>Seg\u00fan Velazco, \u00abhubo algunos agentes dentro de la cancha que motivaron que esta situaci\u00f3n termine b\u00e1sicamente en la activaci\u00f3n por parte de Michael Espinoza\u00bb. Esto sugiere una compleja din\u00e1mica en el campo que pudo haber escalado la situaci\u00f3n. La marca siempre busca la imparcialidad y el juego limpio, elementos cruciales en cualquier competici\u00f3n deportiva. Puedes encontrar m\u00e1s an\u00e1lisis sobre partidos y resultados de la Liga 1 en nuestro <a href=\"https:\/\/tipnexa.com\/blog\/\">blog deportivo<\/a>.<\/p>\n<h2>Conclusi\u00f3n<\/h2>\n<p>En resumen, <strong>Universitario de Deportes<\/strong> mantiene una postura firme ante las acusaciones de racismo, trabajando activamente en la recopilaci\u00f3n de pruebas para defender su integridad. La administraci\u00f3n, liderada por Franco Velazco, busca esclarecer los hechos y evitar sanciones injustas, enfatizando la importancia de un proceso judicial justo y sin juicios anticipados. La situaci\u00f3n sigue en desarrollo, y el club est\u00e1 decidido a limpiar su nombre. Para estar al tanto de las \u00faltimas noticias del f\u00fatbol peruano, visita nuestra secci\u00f3n de <a href=\"https:\/\/tipnexa.com\/blog\/universitario-vs-utc-analisis-y-previa-clave-de-la-liga-1-2026\/\">an\u00e1lisis de partidos<\/a>.<\/p>\n","protected":false},"excerpt":{"rendered":"<p>Franco Velazco, administrador de Universitario, defiende al club ante acusaciones de racismo en Liga 1. Conoce las pruebas que presentar\u00e1n y su postura oficial. \u00a1Inf\u00f3rmate aqu\u00ed!<\/p>\n","protected":false},"author":1,"featured_media":3153,"comment_status":"open","ping_status":"open","sticky":false,"template":"","format":"standard","meta":{"footnotes":""},"categories":[10,2],"tags":[],"class_list":["post-3154","post","type-post","status-publish","format-standard","has-post-thumbnail","hentry","category-clubes","category-futbol-peruano"],"yoast_head":"<!-- This site is optimized with the Yoast SEO plugin v27.2 - https:\/\/yoast.com\/product\/yoast-seo-wordpress\/ -->\n<title>Universitario se Defiende: Franco Velazco Aclara Pol\u00e9mica de Racismo en Liga 1 - Tipnexa<\/title>\n<meta name=\"robots\" content=\"index, follow, max-snippet:-1, max-image-preview:large, max-video-preview:-1\" \/>\n<link rel=\"canonical\" href=\"https:\/\/tipnexa.com\/blog\/universitario-se-defiende-franco-velazco-aclara-polemica-de-racismo-en-liga-1\/\" \/>\n<meta property=\"og:locale\" content=\"es_ES\" \/>\n<meta property=\"og:type\" content=\"article\" \/>\n<meta property=\"og:title\" content=\"Universitario se Defiende: Franco Velazco Aclara Pol\u00e9mica de Racismo en Liga 1 - Tipnexa\" \/>\n<meta property=\"og:description\" content=\"Franco Velazco, administrador de Universitario, defiende al club ante acusaciones de racismo en Liga 1. Conoce las pruebas que presentar\u00e1n y su postura oficial. \u00a1Inf\u00f3rmate aqu\u00ed!\" \/>\n<meta property=\"og:url\" content=\"https:\/\/tipnexa.com\/blog\/universitario-se-defiende-franco-velazco-aclara-polemica-de-racismo-en-liga-1\/\" \/>\n<meta property=\"og:site_name\" content=\"Tipnexa\" \/>\n<meta property=\"article:published_time\" content=\"2026-03-18T21:47:12+00:00\" \/>\n<meta property=\"og:image\" content=\"https:\/\/tipnexa.com\/blog\/wp-content\/uploads\/2026\/03\/universitario-se-defiende-franco-velazco-aclara-polemica-de-racismo-en-liga-1-1773870426592.png\" \/>\n\t<meta property=\"og:image:width\" content=\"1344\" \/>\n\t<meta property=\"og:image:height\" content=\"768\" \/>\n\t<meta property=\"og:image:type\" content=\"image\/png\" \/>\n<meta name=\"author\" content=\"admin\" \/>\n<meta name=\"twitter:card\" content=\"summary_large_image\" \/>\n<meta name=\"twitter:label1\" content=\"Escrito por\" \/>\n\t<meta name=\"twitter:data1\" content=\"admin\" \/>\n\t<meta name=\"twitter:label2\" content=\"Tiempo de lectura\" \/>\n\t<meta name=\"twitter:data2\" content=\"2 minutos\" \/>\n<script type=\"application\/ld+json\" class=\"yoast-schema-graph\">{\"@context\":\"https:\/\/schema.org\",\"@graph\":[{\"@type\":\"Article\",\"@id\":\"https:\/\/tipnexa.com\/blog\/universitario-se-defiende-franco-velazco-aclara-polemica-de-racismo-en-liga-1\/#article\",\"isPartOf\":{\"@id\":\"https:\/\/tipnexa.com\/blog\/universitario-se-defiende-franco-velazco-aclara-polemica-de-racismo-en-liga-1\/\"},\"author\":{\"name\":\"admin\",\"@id\":\"https:\/\/tipnexa.com\/blog\/#\/schema\/person\/fcfe9a20877b14cc7f2bc3ce77f6d3cf\"},\"headline\":\"Universitario se Defiende: Franco Velazco Aclara Pol\u00e9mica de Racismo en Liga 1\",\"datePublished\":\"2026-03-18T21:47:12+00:00\",\"mainEntityOfPage\":{\"@id\":\"https:\/\/tipnexa.com\/blog\/universitario-se-defiende-franco-velazco-aclara-polemica-de-racismo-en-liga-1\/\"},\"wordCount\":481,\"commentCount\":0,\"publisher\":{\"@id\":\"https:\/\/tipnexa.com\/blog\/#organization\"},\"image\":{\"@id\":\"https:\/\/tipnexa.com\/blog\/universitario-se-defiende-franco-velazco-aclara-polemica-de-racismo-en-liga-1\/#primaryimage\"},\"thumbnailUrl\":\"https:\/\/tipnexa.com\/blog\/wp-content\/uploads\/2026\/03\/universitario-se-defiende-franco-velazco-aclara-polemica-de-racismo-en-liga-1-1773870426592.png\",\"articleSection\":[\"Clubes\",\"F\u00fatbol Peruano\"],\"inLanguage\":\"es\",\"potentialAction\":[{\"@type\":\"CommentAction\",\"name\":\"Comment\",\"target\":[\"https:\/\/tipnexa.com\/blog\/universitario-se-defiende-franco-velazco-aclara-polemica-de-racismo-en-liga-1\/#respond\"]}]},{\"@type\":\"WebPage\",\"@id\":\"https:\/\/tipnexa.com\/blog\/universitario-se-defiende-franco-velazco-aclara-polemica-de-racismo-en-liga-1\/\",\"url\":\"https:\/\/tipnexa.com\/blog\/universitario-se-defiende-franco-velazco-aclara-polemica-de-racismo-en-liga-1\/\",\"name\":\"Universitario se Defiende: Franco Velazco Aclara Pol\u00e9mica de Racismo en Liga 1 - Tipnexa\",\"isPartOf\":{\"@id\":\"https:\/\/tipnexa.com\/blog\/#website\"},\"primaryImageOfPage\":{\"@id\":\"https:\/\/tipnexa.com\/blog\/universitario-se-defiende-franco-velazco-aclara-polemica-de-racismo-en-liga-1\/#primaryimage\"},\"image\":{\"@id\":\"https:\/\/tipnexa.com\/blog\/universitario-se-defiende-franco-velazco-aclara-polemica-de-racismo-en-liga-1\/#primaryimage\"},\"thumbnailUrl\":\"https:\/\/tipnexa.com\/blog\/wp-content\/uploads\/2026\/03\/universitario-se-defiende-franco-velazco-aclara-polemica-de-racismo-en-liga-1-1773870426592.png\",\"datePublished\":\"2026-03-18T21:47:12+00:00\",\"breadcrumb\":{\"@id\":\"https:\/\/tipnexa.com\/blog\/universitario-se-defiende-franco-velazco-aclara-polemica-de-racismo-en-liga-1\/#breadcrumb\"},\"inLanguage\":\"es\",\"potentialAction\":[{\"@type\":\"ReadAction\",\"target\":[\"https:\/\/tipnexa.com\/blog\/universitario-se-defiende-franco-velazco-aclara-polemica-de-racismo-en-liga-1\/\"]}]},{\"@type\":\"ImageObject\",\"inLanguage\":\"es\",\"@id\":\"https:\/\/tipnexa.com\/blog\/universitario-se-defiende-franco-velazco-aclara-polemica-de-racismo-en-liga-1\/#primaryimage\",\"url\":\"https:\/\/tipnexa.com\/blog\/wp-content\/uploads\/2026\/03\/universitario-se-defiende-franco-velazco-aclara-polemica-de-racismo-en-liga-1-1773870426592.png\",\"contentUrl\":\"https:\/\/tipnexa.com\/blog\/wp-content\/uploads\/2026\/03\/universitario-se-defiende-franco-velazco-aclara-polemica-de-racismo-en-liga-1-1773870426592.png\",\"width\":1344,\"height\":768},{\"@type\":\"BreadcrumbList\",\"@id\":\"https:\/\/tipnexa.com\/blog\/universitario-se-defiende-franco-velazco-aclara-polemica-de-racismo-en-liga-1\/#breadcrumb\",\"itemListElement\":[{\"@type\":\"ListItem\",\"position\":1,\"name\":\"Portada\",\"item\":\"https:\/\/tipnexa.com\/blog\/\"},{\"@type\":\"ListItem\",\"position\":2,\"name\":\"Universitario se Defiende: Franco Velazco Aclara Pol\u00e9mica de Racismo en Liga 1\"}]},{\"@type\":\"WebSite\",\"@id\":\"https:\/\/tipnexa.com\/blog\/#website\",\"url\":\"https:\/\/tipnexa.com\/blog\/\",\"name\":\"Blog de Tipnexa\",\"description\":\"Descubre en el blog de Tipnexa las \u00faltimas noticias de f\u00fatbol, pron\u00f3sticos, an\u00e1lisis de partidos, ligas y equipos con enfoque experto y datos actualizados.\",\"publisher\":{\"@id\":\"https:\/\/tipnexa.com\/blog\/#organization\"},\"alternateName\":\"Blog de Tipnexa\",\"potentialAction\":[{\"@type\":\"SearchAction\",\"target\":{\"@type\":\"EntryPoint\",\"urlTemplate\":\"https:\/\/tipnexa.com\/blog\/?s={search_term_string}\"},\"query-input\":{\"@type\":\"PropertyValueSpecification\",\"valueRequired\":true,\"valueName\":\"search_term_string\"}}],\"inLanguage\":\"es\"},{\"@type\":\"Organization\",\"@id\":\"https:\/\/tipnexa.com\/blog\/#organization\",\"name\":\"Tipnexa\",\"url\":\"https:\/\/tipnexa.com\/blog\/\",\"logo\":{\"@type\":\"ImageObject\",\"inLanguage\":\"es\",\"@id\":\"https:\/\/tipnexa.com\/blog\/#\/schema\/logo\/image\/\",\"url\":\"https:\/\/tipnexa.com\/blog\/wp-content\/uploads\/2026\/03\/192x192.png\",\"contentUrl\":\"https:\/\/tipnexa.com\/blog\/wp-content\/uploads\/2026\/03\/192x192.png\",\"width\":192,\"height\":192,\"caption\":\"Tipnexa\"},\"image\":{\"@id\":\"https:\/\/tipnexa.com\/blog\/#\/schema\/logo\/image\/\"}},{\"@type\":\"Person\",\"@id\":\"https:\/\/tipnexa.com\/blog\/#\/schema\/person\/fcfe9a20877b14cc7f2bc3ce77f6d3cf\",\"name\":\"admin\",\"image\":{\"@type\":\"ImageObject\",\"inLanguage\":\"es\",\"@id\":\"https:\/\/secure.gravatar.com\/avatar\/b4f14cb9d9d12a445b91a477b3cf143c91ca7da26f03b6815b159c10ce2e2c74?s=96&d=mm&r=g\",\"url\":\"https:\/\/secure.gravatar.com\/avatar\/b4f14cb9d9d12a445b91a477b3cf143c91ca7da26f03b6815b159c10ce2e2c74?s=96&d=mm&r=g\",\"contentUrl\":\"https:\/\/secure.gravatar.com\/avatar\/b4f14cb9d9d12a445b91a477b3cf143c91ca7da26f03b6815b159c10ce2e2c74?s=96&d=mm&r=g\",\"caption\":\"admin\"},\"sameAs\":[\"https:\/\/tipnexa.com\/blog\"],\"url\":\"https:\/\/tipnexa.com\/blog\/author\/admin\/\"}]}<\/script>\n<!-- \/ Yoast SEO plugin. -->","yoast_head_json":{"title":"Universitario se Defiende: Franco Velazco Aclara Pol\u00e9mica de Racismo en Liga 1 - Tipnexa","robots":{"index":"index","follow":"follow","max-snippet":"max-snippet:-1","max-image-preview":"max-image-preview:large","max-video-preview":"max-video-preview:-1"},"canonical":"https:\/\/tipnexa.com\/blog\/universitario-se-defiende-franco-velazco-aclara-polemica-de-racismo-en-liga-1\/","og_locale":"es_ES","og_type":"article","og_title":"Universitario se Defiende: Franco Velazco Aclara Pol\u00e9mica de Racismo en Liga 1 - Tipnexa","og_description":"Franco Velazco, administrador de Universitario, defiende al club ante acusaciones de racismo en Liga 1. Conoce las pruebas que presentar\u00e1n y su postura oficial. \u00a1Inf\u00f3rmate aqu\u00ed!","og_url":"https:\/\/tipnexa.com\/blog\/universitario-se-defiende-franco-velazco-aclara-polemica-de-racismo-en-liga-1\/","og_site_name":"Tipnexa","article_published_time":"2026-03-18T21:47:12+00:00","og_image":[{"width":1344,"height":768,"url":"https:\/\/tipnexa.com\/blog\/wp-content\/uploads\/2026\/03\/universitario-se-defiende-franco-velazco-aclara-polemica-de-racismo-en-liga-1-1773870426592.png","type":"image\/png"}],"author":"admin","twitter_card":"summary_large_image","twitter_misc":{"Escrito por":"admin","Tiempo de lectura":"2 minutos"},"schema":{"@context":"https:\/\/schema.org","@graph":[{"@type":"Article","@id":"https:\/\/tipnexa.com\/blog\/universitario-se-defiende-franco-velazco-aclara-polemica-de-racismo-en-liga-1\/#article","isPartOf":{"@id":"https:\/\/tipnexa.com\/blog\/universitario-se-defiende-franco-velazco-aclara-polemica-de-racismo-en-liga-1\/"},"author":{"name":"admin","@id":"https:\/\/tipnexa.com\/blog\/#\/schema\/person\/fcfe9a20877b14cc7f2bc3ce77f6d3cf"},"headline":"Universitario se Defiende: Franco Velazco Aclara Pol\u00e9mica de Racismo en Liga 1","datePublished":"2026-03-18T21:47:12+00:00","mainEntityOfPage":{"@id":"https:\/\/tipnexa.com\/blog\/universitario-se-defiende-franco-velazco-aclara-polemica-de-racismo-en-liga-1\/"},"wordCount":481,"commentCount":0,"publisher":{"@id":"https:\/\/tipnexa.com\/blog\/#organization"},"image":{"@id":"https:\/\/tipnexa.com\/blog\/universitario-se-defiende-franco-velazco-aclara-polemica-de-racismo-en-liga-1\/#primaryimage"},"thumbnailUrl":"https:\/\/tipnexa.com\/blog\/wp-content\/uploads\/2026\/03\/universitario-se-defiende-franco-velazco-aclara-polemica-de-racismo-en-liga-1-1773870426592.png","articleSection":["Clubes","F\u00fatbol Peruano"],"inLanguage":"es","potentialAction":[{"@type":"CommentAction","name":"Comment","target":["https:\/\/tipnexa.com\/blog\/universitario-se-defiende-franco-velazco-aclara-polemica-de-racismo-en-liga-1\/#respond"]}]},{"@type":"WebPage","@id":"https:\/\/tipnexa.com\/blog\/universitario-se-defiende-franco-velazco-aclara-polemica-de-racismo-en-liga-1\/","url":"https:\/\/tipnexa.com\/blog\/universitario-se-defiende-franco-velazco-aclara-polemica-de-racismo-en-liga-1\/","name":"Universitario se Defiende: Franco Velazco Aclara Pol\u00e9mica de Racismo en Liga 1 - Tipnexa","isPartOf":{"@id":"https:\/\/tipnexa.com\/blog\/#website"},"primaryImageOfPage":{"@id":"https:\/\/tipnexa.com\/blog\/universitario-se-defiende-franco-velazco-aclara-polemica-de-racismo-en-liga-1\/#primaryimage"},"image":{"@id":"https:\/\/tipnexa.com\/blog\/universitario-se-defiende-franco-velazco-aclara-polemica-de-racismo-en-liga-1\/#primaryimage"},"thumbnailUrl":"https:\/\/tipnexa.com\/blog\/wp-content\/uploads\/2026\/03\/universitario-se-defiende-franco-velazco-aclara-polemica-de-racismo-en-liga-1-1773870426592.png","datePublished":"2026-03-18T21:47:12+00:00","breadcrumb":{"@id":"https:\/\/tipnexa.com\/blog\/universitario-se-defiende-franco-velazco-aclara-polemica-de-racismo-en-liga-1\/#breadcrumb"},"inLanguage":"es","potentialAction":[{"@type":"ReadAction","target":["https:\/\/tipnexa.com\/blog\/universitario-se-defiende-franco-velazco-aclara-polemica-de-racismo-en-liga-1\/"]}]},{"@type":"ImageObject","inLanguage":"es","@id":"https:\/\/tipnexa.com\/blog\/universitario-se-defiende-franco-velazco-aclara-polemica-de-racismo-en-liga-1\/#primaryimage","url":"https:\/\/tipnexa.com\/blog\/wp-content\/uploads\/2026\/03\/universitario-se-defiende-franco-velazco-aclara-polemica-de-racismo-en-liga-1-1773870426592.png","contentUrl":"https:\/\/tipnexa.com\/blog\/wp-content\/uploads\/2026\/03\/universitario-se-defiende-franco-velazco-aclara-polemica-de-racismo-en-liga-1-1773870426592.png","width":1344,"height":768},{"@type":"BreadcrumbList","@id":"https:\/\/tipnexa.com\/blog\/universitario-se-defiende-franco-velazco-aclara-polemica-de-racismo-en-liga-1\/#breadcrumb","itemListElement":[{"@type":"ListItem","position":1,"name":"Portada","item":"https:\/\/tipnexa.com\/blog\/"},{"@type":"ListItem","position":2,"name":"Universitario se Defiende: Franco Velazco Aclara Pol\u00e9mica de Racismo en Liga 1"}]},{"@type":"WebSite","@id":"https:\/\/tipnexa.com\/blog\/#website","url":"https:\/\/tipnexa.com\/blog\/","name":"Blog de Tipnexa","description":"Descubre en el blog de Tipnexa las \u00faltimas noticias de f\u00fatbol, pron\u00f3sticos, an\u00e1lisis de partidos, ligas y equipos con enfoque experto y datos actualizados.","publisher":{"@id":"https:\/\/tipnexa.com\/blog\/#organization"},"alternateName":"Blog de Tipnexa","potentialAction":[{"@type":"SearchAction","target":{"@type":"EntryPoint","urlTemplate":"https:\/\/tipnexa.com\/blog\/?s={search_term_string}"},"query-input":{"@type":"PropertyValueSpecification","valueRequired":true,"valueName":"search_term_string"}}],"inLanguage":"es"},{"@type":"Organization","@id":"https:\/\/tipnexa.com\/blog\/#organization","name":"Tipnexa","url":"https:\/\/tipnexa.com\/blog\/","logo":{"@type":"ImageObject","inLanguage":"es","@id":"https:\/\/tipnexa.com\/blog\/#\/schema\/logo\/image\/","url":"https:\/\/tipnexa.com\/blog\/wp-content\/uploads\/2026\/03\/192x192.png","contentUrl":"https:\/\/tipnexa.com\/blog\/wp-content\/uploads\/2026\/03\/192x192.png","width":192,"height":192,"caption":"Tipnexa"},"image":{"@id":"https:\/\/tipnexa.com\/blog\/#\/schema\/logo\/image\/"}},{"@type":"Person","@id":"https:\/\/tipnexa.com\/blog\/#\/schema\/person\/fcfe9a20877b14cc7f2bc3ce77f6d3cf","name":"admin","image":{"@type":"ImageObject","inLanguage":"es","@id":"https:\/\/secure.gravatar.com\/avatar\/b4f14cb9d9d12a445b91a477b3cf143c91ca7da26f03b6815b159c10ce2e2c74?s=96&d=mm&r=g","url":"https:\/\/secure.gravatar.com\/avatar\/b4f14cb9d9d12a445b91a477b3cf143c91ca7da26f03b6815b159c10ce2e2c74?s=96&d=mm&r=g","contentUrl":"https:\/\/secure.gravatar.com\/avatar\/b4f14cb9d9d12a445b91a477b3cf143c91ca7da26f03b6815b159c10ce2e2c74?s=96&d=mm&r=g","caption":"admin"},"sameAs":["https:\/\/tipnexa.com\/blog"],"url":"https:\/\/tipnexa.com\/blog\/author\/admin\/"}]}},"_links":{"self":[{"href":"https:\/\/tipnexa.com\/blog\/wp-json\/wp\/v2\/posts\/3154","targetHints":{"allow":["GET"]}}],"collection":[{"href":"https:\/\/tipnexa.com\/blog\/wp-json\/wp\/v2\/posts"}],"about":[{"href":"https:\/\/tipnexa.com\/blog\/wp-json\/wp\/v2\/types\/post"}],"author":[{"embeddable":true,"href":"https:\/\/tipnexa.com\/blog\/wp-json\/wp\/v2\/users\/1"}],"replies":[{"embeddable":true,"href":"https:\/\/tipnexa.com\/blog\/wp-json\/wp\/v2\/comments?post=3154"}],"version-history":[{"count":0,"href":"https:\/\/tipnexa.com\/blog\/wp-json\/wp\/v2\/posts\/3154\/revisions"}],"wp:featuredmedia":[{"embeddable":true,"href":"https:\/\/tipnexa.com\/blog\/wp-json\/wp\/v2\/media\/3153"}],"wp:attachment":[{"href":"https:\/\/tipnexa.com\/blog\/wp-json\/wp\/v2\/media?parent=3154"}],"wp:term":[{"taxonomy":"category","embeddable":true,"href":"https:\/\/tipnexa.com\/blog\/wp-json\/wp\/v2\/categories?post=3154"},{"taxonomy":"post_tag","embeddable":true,"href":"https:\/\/tipnexa.com\/blog\/wp-json\/wp\/v2\/tags?post=3154"}],"curies":[{"name":"wp","href":"https:\/\/api.w.org\/{rel}","templated":true}]}}