{"id":3060,"date":"2026-03-18T13:27:30","date_gmt":"2026-03-18T18:27:30","guid":{"rendered":"https:\/\/tipnexa.com\/blog\/felipe-chavez-detalla-razones-de-su-ausencia-en-lista-de-mano-menezes\/"},"modified":"2026-03-18T13:27:30","modified_gmt":"2026-03-18T18:27:30","slug":"felipe-chavez-detalla-razones-de-su-ausencia-en-lista-de-mano-menezes","status":"publish","type":"post","link":"https:\/\/tipnexa.com\/blog\/felipe-chavez-detalla-razones-de-su-ausencia-en-lista-de-mano-menezes\/","title":{"rendered":"Felipe Ch\u00e1vez Detalla Razones de su Ausencia en Lista de Mano Menezes"},"content":{"rendered":"<p>En el din\u00e1mico mundo del f\u00fatbol, las convocatorias son siempre un tema de gran inter\u00e9s. Recientemente, la ausencia de <strong>Felipe Ch\u00e1vez<\/strong> en la lista del reconocido t\u00e9cnico <strong>Mano Menezes<\/strong> ha generado comentarios. Ch\u00e1vez, una de las j\u00f3venes promesas con un futuro brillante en el deporte, ha salido a explicar los motivos detr\u00e1s de esta decisi\u00f3n, buscando calmar las especulaciones y ofrecer una perspectiva clara sobre su situaci\u00f3n actual en 2026.<\/p>\n<h2>La Explicaci\u00f3n de Felipe Ch\u00e1vez<\/h2>\n<p>Felipe Ch\u00e1vez ha sido enf\u00e1tico al se\u00f1alar que su no inclusi\u00f3n en la \u00faltima convocatoria de Mano Menezes responde a un <strong>acuerdo mutuo y estrat\u00e9gico<\/strong> con su club y el propio entrenador. Seg\u00fan sus declaraciones, la prioridad actual es su desarrollo continuo y su consolidaci\u00f3n en el equipo principal, donde ha estado asumiendo un rol cada vez m\u00e1s protag\u00f3nico. \u201cHemos conversado con el comando t\u00e9cnico y mi club. La idea es que tenga la continuidad necesaria para seguir creciendo. Es una decisi\u00f3n pensada en mi futuro y en lo que es mejor para todas las partes\u201d, afirm\u00f3 Ch\u00e1vez.<\/p>\n<p>Esta estrategia busca asegurar que el jugador tenga el tiempo y el espacio para afianzar su rendimiento sin interrupciones, especialmente en un momento crucial de la temporada 2026. Es una pr\u00e1ctica cada vez m\u00e1s com\u00fan en el f\u00fatbol moderno, donde el cuidado de la progresi\u00f3n de los j\u00f3venes talentos es fundamental. Para m\u00e1s noticias sobre jugadores y sus trayectorias, puedes visitar nuestro <a href=\"https:\/\/tipnexa.com\/blog\/\">blog de deportes<\/a>.<\/p>\n<h2>Implicaciones para su Carrera y el Equipo<\/h2>\n<p>La decisi\u00f3n, lejos de ser un rev\u00e9s, se percibe como una oportunidad para que Ch\u00e1vez fortalezca su posici\u00f3n en el club. Su enfoque estar\u00e1 en rendir al m\u00e1ximo nivel, lo que eventualmente podr\u00eda abrirle las puertas a futuras convocatorias con Mano Menezes o incluso a un salto a ligas m\u00e1s competitivas. Este tipo de gesti\u00f3n de carrera es vital para futbolistas con gran proyecci\u00f3n, como se ha visto en otros casos de j\u00f3venes talentos. La consolidaci\u00f3n en su club es clave, tal como el liderazgo de otros jugadores es fundamental para sus equipos, como lo fue Mat\u00edas Vecino en el Celta en 2026, seg\u00fan analizamos en <a href=\"https:\/\/tipnexa.com\/blog\/matias-vecino-liderazgo-clave-en-el-celta-de-giraldez-para-laliga-2026\/\">este art\u00edculo<\/a>.<\/p>\n<p>Desde la perspectiva de Mano Menezes, esta elecci\u00f3n tambi\u00e9n podr\u00eda indicar una estrategia de rotaci\u00f3n o de evaluaci\u00f3n de otros jugadores, mientras se permite a Ch\u00e1vez un desarrollo m\u00e1s espec\u00edfico. El t\u00e9cnico es conocido por su visi\u00f3n a largo plazo y su capacidad para gestionar plantillas con talento joven.<\/p>\n<h2>El Futuro de Felipe Ch\u00e1vez<\/h2>\n<p>Con esta aclaraci\u00f3n, Felipe Ch\u00e1vez demuestra madurez y compromiso con su carrera. Se espera que contin\u00fae siendo una pieza fundamental en su equipo, y su nombre seguir\u00e1 sonando con fuerza para futuras convocatorias. Su valor en el mercado podr\u00eda incluso aumentar a medida que demuestre consistencia, siguiendo la tendencia de otros talentos sudamericanos. Un ejemplo de jugador que ha generado inter\u00e9s en Europa es Erick Noriega, como puedes leer en <a href=\"https:\/\/tipnexa.com\/blog\/erick-noriega-el-peruano-mejor-cotizado-con-rumbo-a-europa-en-2026\/\">este enlace<\/a>.<\/p>\n<h2>Conclusi\u00f3n<\/h2>\n<p>La ausencia de Felipe Ch\u00e1vez en la lista de Mano Menezes no es un motivo de preocupaci\u00f3n, sino el resultado de una decisi\u00f3n consensuada que prioriza su crecimiento profesional. Este enfoque estrat\u00e9gico beneficiar\u00e1 al jugador a largo plazo, permiti\u00e9ndole consolidarse y prepararse para futuros desaf\u00edos tanto a nivel de club como, potencialmente, en selecciones nacionales. Los aficionados pueden esperar ver a un Ch\u00e1vez m\u00e1s fuerte y experimentado en los pr\u00f3ximos meses de la temporada 2026.<\/p>\n","protected":false},"excerpt":{"rendered":"<p>Felipe Ch\u00e1vez explica su ausencia en la convocatoria de Mano Menezes en 2026, revelando un acuerdo estrat\u00e9gico para su desarrollo y consolidaci\u00f3n en su club.<\/p>\n","protected":false},"author":1,"featured_media":3059,"comment_status":"open","ping_status":"open","sticky":false,"template":"","format":"standard","meta":{"footnotes":""},"categories":[16],"tags":[],"class_list":["post-3060","post","type-post","status-publish","format-standard","has-post-thumbnail","hentry","category-futbol-internacional"],"yoast_head":"<!-- This site is optimized with the Yoast SEO plugin v27.2 - https:\/\/yoast.com\/product\/yoast-seo-wordpress\/ -->\n<title>Felipe Ch\u00e1vez Detalla Razones de su Ausencia en Lista de Mano Menezes - Tipnexa<\/title>\n<meta name=\"robots\" content=\"index, follow, max-snippet:-1, max-image-preview:large, max-video-preview:-1\" \/>\n<link rel=\"canonical\" href=\"https:\/\/tipnexa.com\/blog\/felipe-chavez-detalla-razones-de-su-ausencia-en-lista-de-mano-menezes\/\" \/>\n<meta property=\"og:locale\" content=\"es_ES\" \/>\n<meta property=\"og:type\" content=\"article\" \/>\n<meta property=\"og:title\" content=\"Felipe Ch\u00e1vez Detalla Razones de su Ausencia en Lista de Mano Menezes - Tipnexa\" \/>\n<meta property=\"og:description\" content=\"Felipe Ch\u00e1vez explica su ausencia en la convocatoria de Mano Menezes en 2026, revelando un acuerdo estrat\u00e9gico para su desarrollo y consolidaci\u00f3n en su club.\" \/>\n<meta property=\"og:url\" content=\"https:\/\/tipnexa.com\/blog\/felipe-chavez-detalla-razones-de-su-ausencia-en-lista-de-mano-menezes\/\" \/>\n<meta property=\"og:site_name\" content=\"Tipnexa\" \/>\n<meta property=\"article:published_time\" content=\"2026-03-18T18:27:30+00:00\" \/>\n<meta property=\"og:image\" content=\"https:\/\/tipnexa.com\/blog\/wp-content\/uploads\/2026\/03\/felipe-chavez-detalla-razones-de-su-ausencia-en-lista-de-mano-menezes-1773858445644-1024x585.png\" \/>\n\t<meta property=\"og:image:width\" content=\"1024\" \/>\n\t<meta property=\"og:image:height\" content=\"585\" \/>\n\t<meta property=\"og:image:type\" content=\"image\/png\" \/>\n<meta name=\"author\" content=\"admin\" \/>\n<meta name=\"twitter:card\" content=\"summary_large_image\" \/>\n<meta name=\"twitter:label1\" content=\"Escrito por\" \/>\n\t<meta name=\"twitter:data1\" content=\"admin\" \/>\n\t<meta name=\"twitter:label2\" content=\"Tiempo de lectura\" \/>\n\t<meta name=\"twitter:data2\" content=\"3 minutos\" \/>\n<script type=\"application\/ld+json\" class=\"yoast-schema-graph\">{\"@context\":\"https:\/\/schema.org\",\"@graph\":[{\"@type\":\"Article\",\"@id\":\"https:\/\/tipnexa.com\/blog\/felipe-chavez-detalla-razones-de-su-ausencia-en-lista-de-mano-menezes\/#article\",\"isPartOf\":{\"@id\":\"https:\/\/tipnexa.com\/blog\/felipe-chavez-detalla-razones-de-su-ausencia-en-lista-de-mano-menezes\/\"},\"author\":{\"name\":\"admin\",\"@id\":\"https:\/\/tipnexa.com\/blog\/#\/schema\/person\/fcfe9a20877b14cc7f2bc3ce77f6d3cf\"},\"headline\":\"Felipe Ch\u00e1vez Detalla Razones de su Ausencia en Lista de Mano Menezes\",\"datePublished\":\"2026-03-18T18:27:30+00:00\",\"mainEntityOfPage\":{\"@id\":\"https:\/\/tipnexa.com\/blog\/felipe-chavez-detalla-razones-de-su-ausencia-en-lista-de-mano-menezes\/\"},\"wordCount\":635,\"commentCount\":0,\"publisher\":{\"@id\":\"https:\/\/tipnexa.com\/blog\/#organization\"},\"image\":{\"@id\":\"https:\/\/tipnexa.com\/blog\/felipe-chavez-detalla-razones-de-su-ausencia-en-lista-de-mano-menezes\/#primaryimage\"},\"thumbnailUrl\":\"https:\/\/tipnexa.com\/blog\/wp-content\/uploads\/2026\/03\/felipe-chavez-detalla-razones-de-su-ausencia-en-lista-de-mano-menezes-1773858445644.png\",\"articleSection\":[\"F\u00fatbol Internacional\"],\"inLanguage\":\"es\",\"potentialAction\":[{\"@type\":\"CommentAction\",\"name\":\"Comment\",\"target\":[\"https:\/\/tipnexa.com\/blog\/felipe-chavez-detalla-razones-de-su-ausencia-en-lista-de-mano-menezes\/#respond\"]}]},{\"@type\":\"WebPage\",\"@id\":\"https:\/\/tipnexa.com\/blog\/felipe-chavez-detalla-razones-de-su-ausencia-en-lista-de-mano-menezes\/\",\"url\":\"https:\/\/tipnexa.com\/blog\/felipe-chavez-detalla-razones-de-su-ausencia-en-lista-de-mano-menezes\/\",\"name\":\"Felipe Ch\u00e1vez Detalla Razones de su Ausencia en Lista de Mano Menezes - Tipnexa\",\"isPartOf\":{\"@id\":\"https:\/\/tipnexa.com\/blog\/#website\"},\"primaryImageOfPage\":{\"@id\":\"https:\/\/tipnexa.com\/blog\/felipe-chavez-detalla-razones-de-su-ausencia-en-lista-de-mano-menezes\/#primaryimage\"},\"image\":{\"@id\":\"https:\/\/tipnexa.com\/blog\/felipe-chavez-detalla-razones-de-su-ausencia-en-lista-de-mano-menezes\/#primaryimage\"},\"thumbnailUrl\":\"https:\/\/tipnexa.com\/blog\/wp-content\/uploads\/2026\/03\/felipe-chavez-detalla-razones-de-su-ausencia-en-lista-de-mano-menezes-1773858445644.png\",\"datePublished\":\"2026-03-18T18:27:30+00:00\",\"breadcrumb\":{\"@id\":\"https:\/\/tipnexa.com\/blog\/felipe-chavez-detalla-razones-de-su-ausencia-en-lista-de-mano-menezes\/#breadcrumb\"},\"inLanguage\":\"es\",\"potentialAction\":[{\"@type\":\"ReadAction\",\"target\":[\"https:\/\/tipnexa.com\/blog\/felipe-chavez-detalla-razones-de-su-ausencia-en-lista-de-mano-menezes\/\"]}]},{\"@type\":\"ImageObject\",\"inLanguage\":\"es\",\"@id\":\"https:\/\/tipnexa.com\/blog\/felipe-chavez-detalla-razones-de-su-ausencia-en-lista-de-mano-menezes\/#primaryimage\",\"url\":\"https:\/\/tipnexa.com\/blog\/wp-content\/uploads\/2026\/03\/felipe-chavez-detalla-razones-de-su-ausencia-en-lista-de-mano-menezes-1773858445644.png\",\"contentUrl\":\"https:\/\/tipnexa.com\/blog\/wp-content\/uploads\/2026\/03\/felipe-chavez-detalla-razones-de-su-ausencia-en-lista-de-mano-menezes-1773858445644.png\",\"width\":1344,\"height\":768},{\"@type\":\"BreadcrumbList\",\"@id\":\"https:\/\/tipnexa.com\/blog\/felipe-chavez-detalla-razones-de-su-ausencia-en-lista-de-mano-menezes\/#breadcrumb\",\"itemListElement\":[{\"@type\":\"ListItem\",\"position\":1,\"name\":\"Portada\",\"item\":\"https:\/\/tipnexa.com\/blog\/\"},{\"@type\":\"ListItem\",\"position\":2,\"name\":\"Felipe Ch\u00e1vez Detalla Razones de su Ausencia en Lista de Mano Menezes\"}]},{\"@type\":\"WebSite\",\"@id\":\"https:\/\/tipnexa.com\/blog\/#website\",\"url\":\"https:\/\/tipnexa.com\/blog\/\",\"name\":\"Blog de Tipnexa\",\"description\":\"Descubre en el blog de Tipnexa las \u00faltimas noticias de f\u00fatbol, pron\u00f3sticos, an\u00e1lisis de partidos, ligas y equipos con enfoque experto y datos actualizados.\",\"publisher\":{\"@id\":\"https:\/\/tipnexa.com\/blog\/#organization\"},\"alternateName\":\"Blog de Tipnexa\",\"potentialAction\":[{\"@type\":\"SearchAction\",\"target\":{\"@type\":\"EntryPoint\",\"urlTemplate\":\"https:\/\/tipnexa.com\/blog\/?s={search_term_string}\"},\"query-input\":{\"@type\":\"PropertyValueSpecification\",\"valueRequired\":true,\"valueName\":\"search_term_string\"}}],\"inLanguage\":\"es\"},{\"@type\":\"Organization\",\"@id\":\"https:\/\/tipnexa.com\/blog\/#organization\",\"name\":\"Tipnexa\",\"url\":\"https:\/\/tipnexa.com\/blog\/\",\"logo\":{\"@type\":\"ImageObject\",\"inLanguage\":\"es\",\"@id\":\"https:\/\/tipnexa.com\/blog\/#\/schema\/logo\/image\/\",\"url\":\"https:\/\/tipnexa.com\/blog\/wp-content\/uploads\/2026\/03\/192x192.png\",\"contentUrl\":\"https:\/\/tipnexa.com\/blog\/wp-content\/uploads\/2026\/03\/192x192.png\",\"width\":192,\"height\":192,\"caption\":\"Tipnexa\"},\"image\":{\"@id\":\"https:\/\/tipnexa.com\/blog\/#\/schema\/logo\/image\/\"}},{\"@type\":\"Person\",\"@id\":\"https:\/\/tipnexa.com\/blog\/#\/schema\/person\/fcfe9a20877b14cc7f2bc3ce77f6d3cf\",\"name\":\"admin\",\"image\":{\"@type\":\"ImageObject\",\"inLanguage\":\"es\",\"@id\":\"https:\/\/secure.gravatar.com\/avatar\/b4f14cb9d9d12a445b91a477b3cf143c91ca7da26f03b6815b159c10ce2e2c74?s=96&d=mm&r=g\",\"url\":\"https:\/\/secure.gravatar.com\/avatar\/b4f14cb9d9d12a445b91a477b3cf143c91ca7da26f03b6815b159c10ce2e2c74?s=96&d=mm&r=g\",\"contentUrl\":\"https:\/\/secure.gravatar.com\/avatar\/b4f14cb9d9d12a445b91a477b3cf143c91ca7da26f03b6815b159c10ce2e2c74?s=96&d=mm&r=g\",\"caption\":\"admin\"},\"sameAs\":[\"https:\/\/tipnexa.com\/blog\"],\"url\":\"https:\/\/tipnexa.com\/blog\/author\/admin\/\"}]}<\/script>\n<!-- \/ Yoast SEO plugin. -->","yoast_head_json":{"title":"Felipe Ch\u00e1vez Detalla Razones de su Ausencia en Lista de Mano Menezes - Tipnexa","robots":{"index":"index","follow":"follow","max-snippet":"max-snippet:-1","max-image-preview":"max-image-preview:large","max-video-preview":"max-video-preview:-1"},"canonical":"https:\/\/tipnexa.com\/blog\/felipe-chavez-detalla-razones-de-su-ausencia-en-lista-de-mano-menezes\/","og_locale":"es_ES","og_type":"article","og_title":"Felipe Ch\u00e1vez Detalla Razones de su Ausencia en Lista de Mano Menezes - Tipnexa","og_description":"Felipe Ch\u00e1vez explica su ausencia en la convocatoria de Mano Menezes en 2026, revelando un acuerdo estrat\u00e9gico para su desarrollo y consolidaci\u00f3n en su club.","og_url":"https:\/\/tipnexa.com\/blog\/felipe-chavez-detalla-razones-de-su-ausencia-en-lista-de-mano-menezes\/","og_site_name":"Tipnexa","article_published_time":"2026-03-18T18:27:30+00:00","og_image":[{"width":1024,"height":585,"url":"https:\/\/tipnexa.com\/blog\/wp-content\/uploads\/2026\/03\/felipe-chavez-detalla-razones-de-su-ausencia-en-lista-de-mano-menezes-1773858445644-1024x585.png","type":"image\/png"}],"author":"admin","twitter_card":"summary_large_image","twitter_misc":{"Escrito por":"admin","Tiempo de lectura":"3 minutos"},"schema":{"@context":"https:\/\/schema.org","@graph":[{"@type":"Article","@id":"https:\/\/tipnexa.com\/blog\/felipe-chavez-detalla-razones-de-su-ausencia-en-lista-de-mano-menezes\/#article","isPartOf":{"@id":"https:\/\/tipnexa.com\/blog\/felipe-chavez-detalla-razones-de-su-ausencia-en-lista-de-mano-menezes\/"},"author":{"name":"admin","@id":"https:\/\/tipnexa.com\/blog\/#\/schema\/person\/fcfe9a20877b14cc7f2bc3ce77f6d3cf"},"headline":"Felipe Ch\u00e1vez Detalla Razones de su Ausencia en Lista de Mano Menezes","datePublished":"2026-03-18T18:27:30+00:00","mainEntityOfPage":{"@id":"https:\/\/tipnexa.com\/blog\/felipe-chavez-detalla-razones-de-su-ausencia-en-lista-de-mano-menezes\/"},"wordCount":635,"commentCount":0,"publisher":{"@id":"https:\/\/tipnexa.com\/blog\/#organization"},"image":{"@id":"https:\/\/tipnexa.com\/blog\/felipe-chavez-detalla-razones-de-su-ausencia-en-lista-de-mano-menezes\/#primaryimage"},"thumbnailUrl":"https:\/\/tipnexa.com\/blog\/wp-content\/uploads\/2026\/03\/felipe-chavez-detalla-razones-de-su-ausencia-en-lista-de-mano-menezes-1773858445644.png","articleSection":["F\u00fatbol Internacional"],"inLanguage":"es","potentialAction":[{"@type":"CommentAction","name":"Comment","target":["https:\/\/tipnexa.com\/blog\/felipe-chavez-detalla-razones-de-su-ausencia-en-lista-de-mano-menezes\/#respond"]}]},{"@type":"WebPage","@id":"https:\/\/tipnexa.com\/blog\/felipe-chavez-detalla-razones-de-su-ausencia-en-lista-de-mano-menezes\/","url":"https:\/\/tipnexa.com\/blog\/felipe-chavez-detalla-razones-de-su-ausencia-en-lista-de-mano-menezes\/","name":"Felipe Ch\u00e1vez Detalla Razones de su Ausencia en Lista de Mano Menezes - Tipnexa","isPartOf":{"@id":"https:\/\/tipnexa.com\/blog\/#website"},"primaryImageOfPage":{"@id":"https:\/\/tipnexa.com\/blog\/felipe-chavez-detalla-razones-de-su-ausencia-en-lista-de-mano-menezes\/#primaryimage"},"image":{"@id":"https:\/\/tipnexa.com\/blog\/felipe-chavez-detalla-razones-de-su-ausencia-en-lista-de-mano-menezes\/#primaryimage"},"thumbnailUrl":"https:\/\/tipnexa.com\/blog\/wp-content\/uploads\/2026\/03\/felipe-chavez-detalla-razones-de-su-ausencia-en-lista-de-mano-menezes-1773858445644.png","datePublished":"2026-03-18T18:27:30+00:00","breadcrumb":{"@id":"https:\/\/tipnexa.com\/blog\/felipe-chavez-detalla-razones-de-su-ausencia-en-lista-de-mano-menezes\/#breadcrumb"},"inLanguage":"es","potentialAction":[{"@type":"ReadAction","target":["https:\/\/tipnexa.com\/blog\/felipe-chavez-detalla-razones-de-su-ausencia-en-lista-de-mano-menezes\/"]}]},{"@type":"ImageObject","inLanguage":"es","@id":"https:\/\/tipnexa.com\/blog\/felipe-chavez-detalla-razones-de-su-ausencia-en-lista-de-mano-menezes\/#primaryimage","url":"https:\/\/tipnexa.com\/blog\/wp-content\/uploads\/2026\/03\/felipe-chavez-detalla-razones-de-su-ausencia-en-lista-de-mano-menezes-1773858445644.png","contentUrl":"https:\/\/tipnexa.com\/blog\/wp-content\/uploads\/2026\/03\/felipe-chavez-detalla-razones-de-su-ausencia-en-lista-de-mano-menezes-1773858445644.png","width":1344,"height":768},{"@type":"BreadcrumbList","@id":"https:\/\/tipnexa.com\/blog\/felipe-chavez-detalla-razones-de-su-ausencia-en-lista-de-mano-menezes\/#breadcrumb","itemListElement":[{"@type":"ListItem","position":1,"name":"Portada","item":"https:\/\/tipnexa.com\/blog\/"},{"@type":"ListItem","position":2,"name":"Felipe Ch\u00e1vez Detalla Razones de su Ausencia en Lista de Mano Menezes"}]},{"@type":"WebSite","@id":"https:\/\/tipnexa.com\/blog\/#website","url":"https:\/\/tipnexa.com\/blog\/","name":"Blog de Tipnexa","description":"Descubre en el blog de Tipnexa las \u00faltimas noticias de f\u00fatbol, pron\u00f3sticos, an\u00e1lisis de partidos, ligas y equipos con enfoque experto y datos actualizados.","publisher":{"@id":"https:\/\/tipnexa.com\/blog\/#organization"},"alternateName":"Blog de Tipnexa","potentialAction":[{"@type":"SearchAction","target":{"@type":"EntryPoint","urlTemplate":"https:\/\/tipnexa.com\/blog\/?s={search_term_string}"},"query-input":{"@type":"PropertyValueSpecification","valueRequired":true,"valueName":"search_term_string"}}],"inLanguage":"es"},{"@type":"Organization","@id":"https:\/\/tipnexa.com\/blog\/#organization","name":"Tipnexa","url":"https:\/\/tipnexa.com\/blog\/","logo":{"@type":"ImageObject","inLanguage":"es","@id":"https:\/\/tipnexa.com\/blog\/#\/schema\/logo\/image\/","url":"https:\/\/tipnexa.com\/blog\/wp-content\/uploads\/2026\/03\/192x192.png","contentUrl":"https:\/\/tipnexa.com\/blog\/wp-content\/uploads\/2026\/03\/192x192.png","width":192,"height":192,"caption":"Tipnexa"},"image":{"@id":"https:\/\/tipnexa.com\/blog\/#\/schema\/logo\/image\/"}},{"@type":"Person","@id":"https:\/\/tipnexa.com\/blog\/#\/schema\/person\/fcfe9a20877b14cc7f2bc3ce77f6d3cf","name":"admin","image":{"@type":"ImageObject","inLanguage":"es","@id":"https:\/\/secure.gravatar.com\/avatar\/b4f14cb9d9d12a445b91a477b3cf143c91ca7da26f03b6815b159c10ce2e2c74?s=96&d=mm&r=g","url":"https:\/\/secure.gravatar.com\/avatar\/b4f14cb9d9d12a445b91a477b3cf143c91ca7da26f03b6815b159c10ce2e2c74?s=96&d=mm&r=g","contentUrl":"https:\/\/secure.gravatar.com\/avatar\/b4f14cb9d9d12a445b91a477b3cf143c91ca7da26f03b6815b159c10ce2e2c74?s=96&d=mm&r=g","caption":"admin"},"sameAs":["https:\/\/tipnexa.com\/blog"],"url":"https:\/\/tipnexa.com\/blog\/author\/admin\/"}]}},"_links":{"self":[{"href":"https:\/\/tipnexa.com\/blog\/wp-json\/wp\/v2\/posts\/3060","targetHints":{"allow":["GET"]}}],"collection":[{"href":"https:\/\/tipnexa.com\/blog\/wp-json\/wp\/v2\/posts"}],"about":[{"href":"https:\/\/tipnexa.com\/blog\/wp-json\/wp\/v2\/types\/post"}],"author":[{"embeddable":true,"href":"https:\/\/tipnexa.com\/blog\/wp-json\/wp\/v2\/users\/1"}],"replies":[{"embeddable":true,"href":"https:\/\/tipnexa.com\/blog\/wp-json\/wp\/v2\/comments?post=3060"}],"version-history":[{"count":0,"href":"https:\/\/tipnexa.com\/blog\/wp-json\/wp\/v2\/posts\/3060\/revisions"}],"wp:featuredmedia":[{"embeddable":true,"href":"https:\/\/tipnexa.com\/blog\/wp-json\/wp\/v2\/media\/3059"}],"wp:attachment":[{"href":"https:\/\/tipnexa.com\/blog\/wp-json\/wp\/v2\/media?parent=3060"}],"wp:term":[{"taxonomy":"category","embeddable":true,"href":"https:\/\/tipnexa.com\/blog\/wp-json\/wp\/v2\/categories?post=3060"},{"taxonomy":"post_tag","embeddable":true,"href":"https:\/\/tipnexa.com\/blog\/wp-json\/wp\/v2\/tags?post=3060"}],"curies":[{"name":"wp","href":"https:\/\/api.w.org\/{rel}","templated":true}]}}