{"id":2928,"date":"2026-03-18T09:00:13","date_gmt":"2026-03-18T14:00:13","guid":{"rendered":"https:\/\/tipnexa.com\/blog\/gustavo-alvarez-aclara-su-salida-de-la-u-y-niega-contacto-con-colo-colo\/"},"modified":"2026-03-18T09:00:13","modified_gmt":"2026-03-18T14:00:13","slug":"gustavo-alvarez-aclara-su-salida-de-la-u-y-niega-contacto-con-colo-colo","status":"publish","type":"post","link":"https:\/\/tipnexa.com\/blog\/gustavo-alvarez-aclara-su-salida-de-la-u-y-niega-contacto-con-colo-colo\/","title":{"rendered":"Gustavo \u00c1lvarez Aclara su Salida de la U y Niega Contacto con Colo Colo"},"content":{"rendered":"<p>El exentrenador de <strong>Universidad de Chile<\/strong>, Gustavo \u00c1lvarez, ha roto el silencio para detallar los motivos de su sorpresiva desvinculaci\u00f3n del club a fines del 2025. Pese a tener un contrato vigente, el t\u00e9cnico argentino decidi\u00f3 no continuar con el \u00abRom\u00e1ntico Viajero\u00bb, generando diversas especulaciones sobre su futuro y posibles destinos en el f\u00fatbol chileno. A m\u00e1s de tres meses de su adi\u00f3s, \u00c1lvarez sigue sin equipo, pero ha querido aclarar las circunstancias de su partida.<\/p>\n<h2>Razones de la Desvinculaci\u00f3n y el Proyecto Deportivo<\/h2>\n<p>En una reciente entrevista con el podcast La F\u00e1brica, \u00c1lvarez explic\u00f3 que su decisi\u00f3n de dejar \u00abla U\u00bb no se debi\u00f3 a ofertas de otros clubes, sino a una profunda discrepancia con la direcci\u00f3n del <strong>proyecto deportivo<\/strong>. \u00abMi decisi\u00f3n de irme de la U pas\u00f3 por otro lado. Pas\u00f3 por la no concordancia en c\u00f3mo se redise\u00f1\u00f3 el proyecto deportivo\u00bb, afirm\u00f3. El estratega enfatiz\u00f3 que el desacuerdo fue con la concesionaria del club y no con la instituci\u00f3n en s\u00ed, lo que llev\u00f3 a ambas partes a tomar \u00abcaminos diferentes\u00bb. Esta situaci\u00f3n subraya la importancia de una visi\u00f3n compartida para el \u00e9xito de cualquier <a href=\"https:\/\/tipnexa.com\/blog\/pellegrini-y-el-betis-confianza-y-estrategia-ante-los-desafios-de-la-liga-2026\/\">estrategia deportiva<\/a> a largo plazo.<\/p>\n<h2>Descarte de Rumores con Colo Colo<\/h2>\n<p>Uno de los rumores m\u00e1s persistentes tras su salida de <strong>Universidad de Chile<\/strong> fue un supuesto inter\u00e9s de <strong>Colo Colo<\/strong>, especialmente cuando el entrenador Fernando Ortiz no tuvo un inicio de temporada favorable. Sin embargo, Gustavo \u00c1lvarez fue contundente al desmentir cualquier contacto con el archirrival. \u00abEsto es f\u00fatbol y se sabe qu\u00e9 cosas se pueden hacer. Tengo un gran cari\u00f1o por la U, y mi postura es esa\u00bb, sentenci\u00f3. Sus palabras reafirman un compromiso \u00e9tico y un profundo respeto por la que fue su casa, dejando claro que su lealtad no permitir\u00eda un movimiento hacia el cl\u00e1sico adversario.<\/p>\n<h2>Conclusi\u00f3n<\/h2>\n<p>La declaraci\u00f3n de Gustavo \u00c1lvarez pone fin a meses de incertidumbre y especulaciones sobre su salida de <strong>Universidad de Chile<\/strong>. Sus motivos, basados en diferencias sobre la visi\u00f3n del proyecto deportivo y no en la b\u00fasqueda de otro club, ofrecen una perspectiva clara. Su firme negaci\u00f3n de cualquier acercamiento con <strong>Colo Colo<\/strong>, enmarcada en el respeto y cari\u00f1o por su antiguo equipo, resalta la profesionalidad y los valores del entrenador argentino en un entorno tan competitivo como el f\u00fatbol.<\/p>\n","protected":false},"excerpt":{"rendered":"<p>Gustavo \u00c1lvarez detalla su salida de Universidad de Chile a fines de 2025 por diferencias en el proyecto deportivo y desmiente contactos con Colo Colo. Ent\u00e9rate de sus declaraciones.<\/p>\n","protected":false},"author":1,"featured_media":2927,"comment_status":"open","ping_status":"open","sticky":false,"template":"","format":"standard","meta":{"footnotes":""},"categories":[10],"tags":[],"class_list":["post-2928","post","type-post","status-publish","format-standard","has-post-thumbnail","hentry","category-clubes"],"yoast_head":"<!-- This site is optimized with the Yoast SEO plugin v27.2 - https:\/\/yoast.com\/product\/yoast-seo-wordpress\/ -->\n<title>Gustavo \u00c1lvarez Aclara su Salida de la U y Niega Contacto con Colo Colo - Tipnexa<\/title>\n<meta name=\"robots\" content=\"index, follow, max-snippet:-1, max-image-preview:large, max-video-preview:-1\" \/>\n<link rel=\"canonical\" href=\"https:\/\/tipnexa.com\/blog\/gustavo-alvarez-aclara-su-salida-de-la-u-y-niega-contacto-con-colo-colo\/\" \/>\n<meta property=\"og:locale\" content=\"es_ES\" \/>\n<meta property=\"og:type\" content=\"article\" \/>\n<meta property=\"og:title\" content=\"Gustavo \u00c1lvarez Aclara su Salida de la U y Niega Contacto con Colo Colo - Tipnexa\" \/>\n<meta property=\"og:description\" content=\"Gustavo \u00c1lvarez detalla su salida de Universidad de Chile a fines de 2025 por diferencias en el proyecto deportivo y desmiente contactos con Colo Colo. Ent\u00e9rate de sus declaraciones.\" \/>\n<meta property=\"og:url\" content=\"https:\/\/tipnexa.com\/blog\/gustavo-alvarez-aclara-su-salida-de-la-u-y-niega-contacto-con-colo-colo\/\" \/>\n<meta property=\"og:site_name\" content=\"Tipnexa\" \/>\n<meta property=\"article:published_time\" content=\"2026-03-18T14:00:13+00:00\" \/>\n<meta property=\"og:image\" content=\"https:\/\/tipnexa.com\/blog\/wp-content\/uploads\/2026\/03\/gustavo-alvarez-aclara-su-salida-de-la-u-y-niega-contacto-con-colo-colo-1773842407073.png\" \/>\n\t<meta property=\"og:image:width\" content=\"1344\" \/>\n\t<meta property=\"og:image:height\" content=\"768\" \/>\n\t<meta property=\"og:image:type\" content=\"image\/png\" \/>\n<meta name=\"author\" content=\"admin\" \/>\n<meta name=\"twitter:card\" content=\"summary_large_image\" \/>\n<meta name=\"twitter:label1\" content=\"Escrito por\" \/>\n\t<meta name=\"twitter:data1\" content=\"admin\" \/>\n\t<meta name=\"twitter:label2\" content=\"Tiempo de lectura\" \/>\n\t<meta name=\"twitter:data2\" content=\"2 minutos\" \/>\n<script type=\"application\/ld+json\" class=\"yoast-schema-graph\">{\"@context\":\"https:\/\/schema.org\",\"@graph\":[{\"@type\":\"Article\",\"@id\":\"https:\/\/tipnexa.com\/blog\/gustavo-alvarez-aclara-su-salida-de-la-u-y-niega-contacto-con-colo-colo\/#article\",\"isPartOf\":{\"@id\":\"https:\/\/tipnexa.com\/blog\/gustavo-alvarez-aclara-su-salida-de-la-u-y-niega-contacto-con-colo-colo\/\"},\"author\":{\"name\":\"admin\",\"@id\":\"https:\/\/tipnexa.com\/blog\/#\/schema\/person\/fcfe9a20877b14cc7f2bc3ce77f6d3cf\"},\"headline\":\"Gustavo \u00c1lvarez Aclara su Salida de la U y Niega Contacto con Colo Colo\",\"datePublished\":\"2026-03-18T14:00:13+00:00\",\"mainEntityOfPage\":{\"@id\":\"https:\/\/tipnexa.com\/blog\/gustavo-alvarez-aclara-su-salida-de-la-u-y-niega-contacto-con-colo-colo\/\"},\"wordCount\":419,\"commentCount\":0,\"publisher\":{\"@id\":\"https:\/\/tipnexa.com\/blog\/#organization\"},\"image\":{\"@id\":\"https:\/\/tipnexa.com\/blog\/gustavo-alvarez-aclara-su-salida-de-la-u-y-niega-contacto-con-colo-colo\/#primaryimage\"},\"thumbnailUrl\":\"https:\/\/tipnexa.com\/blog\/wp-content\/uploads\/2026\/03\/gustavo-alvarez-aclara-su-salida-de-la-u-y-niega-contacto-con-colo-colo-1773842407073.png\",\"articleSection\":[\"Clubes\"],\"inLanguage\":\"es\",\"potentialAction\":[{\"@type\":\"CommentAction\",\"name\":\"Comment\",\"target\":[\"https:\/\/tipnexa.com\/blog\/gustavo-alvarez-aclara-su-salida-de-la-u-y-niega-contacto-con-colo-colo\/#respond\"]}]},{\"@type\":\"WebPage\",\"@id\":\"https:\/\/tipnexa.com\/blog\/gustavo-alvarez-aclara-su-salida-de-la-u-y-niega-contacto-con-colo-colo\/\",\"url\":\"https:\/\/tipnexa.com\/blog\/gustavo-alvarez-aclara-su-salida-de-la-u-y-niega-contacto-con-colo-colo\/\",\"name\":\"Gustavo \u00c1lvarez Aclara su Salida de la U y Niega Contacto con Colo Colo - Tipnexa\",\"isPartOf\":{\"@id\":\"https:\/\/tipnexa.com\/blog\/#website\"},\"primaryImageOfPage\":{\"@id\":\"https:\/\/tipnexa.com\/blog\/gustavo-alvarez-aclara-su-salida-de-la-u-y-niega-contacto-con-colo-colo\/#primaryimage\"},\"image\":{\"@id\":\"https:\/\/tipnexa.com\/blog\/gustavo-alvarez-aclara-su-salida-de-la-u-y-niega-contacto-con-colo-colo\/#primaryimage\"},\"thumbnailUrl\":\"https:\/\/tipnexa.com\/blog\/wp-content\/uploads\/2026\/03\/gustavo-alvarez-aclara-su-salida-de-la-u-y-niega-contacto-con-colo-colo-1773842407073.png\",\"datePublished\":\"2026-03-18T14:00:13+00:00\",\"breadcrumb\":{\"@id\":\"https:\/\/tipnexa.com\/blog\/gustavo-alvarez-aclara-su-salida-de-la-u-y-niega-contacto-con-colo-colo\/#breadcrumb\"},\"inLanguage\":\"es\",\"potentialAction\":[{\"@type\":\"ReadAction\",\"target\":[\"https:\/\/tipnexa.com\/blog\/gustavo-alvarez-aclara-su-salida-de-la-u-y-niega-contacto-con-colo-colo\/\"]}]},{\"@type\":\"ImageObject\",\"inLanguage\":\"es\",\"@id\":\"https:\/\/tipnexa.com\/blog\/gustavo-alvarez-aclara-su-salida-de-la-u-y-niega-contacto-con-colo-colo\/#primaryimage\",\"url\":\"https:\/\/tipnexa.com\/blog\/wp-content\/uploads\/2026\/03\/gustavo-alvarez-aclara-su-salida-de-la-u-y-niega-contacto-con-colo-colo-1773842407073.png\",\"contentUrl\":\"https:\/\/tipnexa.com\/blog\/wp-content\/uploads\/2026\/03\/gustavo-alvarez-aclara-su-salida-de-la-u-y-niega-contacto-con-colo-colo-1773842407073.png\",\"width\":1344,\"height\":768},{\"@type\":\"BreadcrumbList\",\"@id\":\"https:\/\/tipnexa.com\/blog\/gustavo-alvarez-aclara-su-salida-de-la-u-y-niega-contacto-con-colo-colo\/#breadcrumb\",\"itemListElement\":[{\"@type\":\"ListItem\",\"position\":1,\"name\":\"Portada\",\"item\":\"https:\/\/tipnexa.com\/blog\/\"},{\"@type\":\"ListItem\",\"position\":2,\"name\":\"Gustavo \u00c1lvarez Aclara su Salida de la U y Niega Contacto con Colo Colo\"}]},{\"@type\":\"WebSite\",\"@id\":\"https:\/\/tipnexa.com\/blog\/#website\",\"url\":\"https:\/\/tipnexa.com\/blog\/\",\"name\":\"Blog de Tipnexa\",\"description\":\"Descubre en el blog de Tipnexa las \u00faltimas noticias de f\u00fatbol, pron\u00f3sticos, an\u00e1lisis de partidos, ligas y equipos con enfoque experto y datos actualizados.\",\"publisher\":{\"@id\":\"https:\/\/tipnexa.com\/blog\/#organization\"},\"alternateName\":\"Blog de Tipnexa\",\"potentialAction\":[{\"@type\":\"SearchAction\",\"target\":{\"@type\":\"EntryPoint\",\"urlTemplate\":\"https:\/\/tipnexa.com\/blog\/?s={search_term_string}\"},\"query-input\":{\"@type\":\"PropertyValueSpecification\",\"valueRequired\":true,\"valueName\":\"search_term_string\"}}],\"inLanguage\":\"es\"},{\"@type\":\"Organization\",\"@id\":\"https:\/\/tipnexa.com\/blog\/#organization\",\"name\":\"Tipnexa\",\"url\":\"https:\/\/tipnexa.com\/blog\/\",\"logo\":{\"@type\":\"ImageObject\",\"inLanguage\":\"es\",\"@id\":\"https:\/\/tipnexa.com\/blog\/#\/schema\/logo\/image\/\",\"url\":\"https:\/\/tipnexa.com\/blog\/wp-content\/uploads\/2026\/03\/192x192.png\",\"contentUrl\":\"https:\/\/tipnexa.com\/blog\/wp-content\/uploads\/2026\/03\/192x192.png\",\"width\":192,\"height\":192,\"caption\":\"Tipnexa\"},\"image\":{\"@id\":\"https:\/\/tipnexa.com\/blog\/#\/schema\/logo\/image\/\"}},{\"@type\":\"Person\",\"@id\":\"https:\/\/tipnexa.com\/blog\/#\/schema\/person\/fcfe9a20877b14cc7f2bc3ce77f6d3cf\",\"name\":\"admin\",\"image\":{\"@type\":\"ImageObject\",\"inLanguage\":\"es\",\"@id\":\"https:\/\/secure.gravatar.com\/avatar\/b4f14cb9d9d12a445b91a477b3cf143c91ca7da26f03b6815b159c10ce2e2c74?s=96&d=mm&r=g\",\"url\":\"https:\/\/secure.gravatar.com\/avatar\/b4f14cb9d9d12a445b91a477b3cf143c91ca7da26f03b6815b159c10ce2e2c74?s=96&d=mm&r=g\",\"contentUrl\":\"https:\/\/secure.gravatar.com\/avatar\/b4f14cb9d9d12a445b91a477b3cf143c91ca7da26f03b6815b159c10ce2e2c74?s=96&d=mm&r=g\",\"caption\":\"admin\"},\"sameAs\":[\"https:\/\/tipnexa.com\/blog\"],\"url\":\"https:\/\/tipnexa.com\/blog\/author\/admin\/\"}]}<\/script>\n<!-- \/ Yoast SEO plugin. -->","yoast_head_json":{"title":"Gustavo \u00c1lvarez Aclara su Salida de la U y Niega Contacto con Colo Colo - Tipnexa","robots":{"index":"index","follow":"follow","max-snippet":"max-snippet:-1","max-image-preview":"max-image-preview:large","max-video-preview":"max-video-preview:-1"},"canonical":"https:\/\/tipnexa.com\/blog\/gustavo-alvarez-aclara-su-salida-de-la-u-y-niega-contacto-con-colo-colo\/","og_locale":"es_ES","og_type":"article","og_title":"Gustavo \u00c1lvarez Aclara su Salida de la U y Niega Contacto con Colo Colo - Tipnexa","og_description":"Gustavo \u00c1lvarez detalla su salida de Universidad de Chile a fines de 2025 por diferencias en el proyecto deportivo y desmiente contactos con Colo Colo. Ent\u00e9rate de sus declaraciones.","og_url":"https:\/\/tipnexa.com\/blog\/gustavo-alvarez-aclara-su-salida-de-la-u-y-niega-contacto-con-colo-colo\/","og_site_name":"Tipnexa","article_published_time":"2026-03-18T14:00:13+00:00","og_image":[{"width":1344,"height":768,"url":"https:\/\/tipnexa.com\/blog\/wp-content\/uploads\/2026\/03\/gustavo-alvarez-aclara-su-salida-de-la-u-y-niega-contacto-con-colo-colo-1773842407073.png","type":"image\/png"}],"author":"admin","twitter_card":"summary_large_image","twitter_misc":{"Escrito por":"admin","Tiempo de lectura":"2 minutos"},"schema":{"@context":"https:\/\/schema.org","@graph":[{"@type":"Article","@id":"https:\/\/tipnexa.com\/blog\/gustavo-alvarez-aclara-su-salida-de-la-u-y-niega-contacto-con-colo-colo\/#article","isPartOf":{"@id":"https:\/\/tipnexa.com\/blog\/gustavo-alvarez-aclara-su-salida-de-la-u-y-niega-contacto-con-colo-colo\/"},"author":{"name":"admin","@id":"https:\/\/tipnexa.com\/blog\/#\/schema\/person\/fcfe9a20877b14cc7f2bc3ce77f6d3cf"},"headline":"Gustavo \u00c1lvarez Aclara su Salida de la U y Niega Contacto con Colo Colo","datePublished":"2026-03-18T14:00:13+00:00","mainEntityOfPage":{"@id":"https:\/\/tipnexa.com\/blog\/gustavo-alvarez-aclara-su-salida-de-la-u-y-niega-contacto-con-colo-colo\/"},"wordCount":419,"commentCount":0,"publisher":{"@id":"https:\/\/tipnexa.com\/blog\/#organization"},"image":{"@id":"https:\/\/tipnexa.com\/blog\/gustavo-alvarez-aclara-su-salida-de-la-u-y-niega-contacto-con-colo-colo\/#primaryimage"},"thumbnailUrl":"https:\/\/tipnexa.com\/blog\/wp-content\/uploads\/2026\/03\/gustavo-alvarez-aclara-su-salida-de-la-u-y-niega-contacto-con-colo-colo-1773842407073.png","articleSection":["Clubes"],"inLanguage":"es","potentialAction":[{"@type":"CommentAction","name":"Comment","target":["https:\/\/tipnexa.com\/blog\/gustavo-alvarez-aclara-su-salida-de-la-u-y-niega-contacto-con-colo-colo\/#respond"]}]},{"@type":"WebPage","@id":"https:\/\/tipnexa.com\/blog\/gustavo-alvarez-aclara-su-salida-de-la-u-y-niega-contacto-con-colo-colo\/","url":"https:\/\/tipnexa.com\/blog\/gustavo-alvarez-aclara-su-salida-de-la-u-y-niega-contacto-con-colo-colo\/","name":"Gustavo \u00c1lvarez Aclara su Salida de la U y Niega Contacto con Colo Colo - Tipnexa","isPartOf":{"@id":"https:\/\/tipnexa.com\/blog\/#website"},"primaryImageOfPage":{"@id":"https:\/\/tipnexa.com\/blog\/gustavo-alvarez-aclara-su-salida-de-la-u-y-niega-contacto-con-colo-colo\/#primaryimage"},"image":{"@id":"https:\/\/tipnexa.com\/blog\/gustavo-alvarez-aclara-su-salida-de-la-u-y-niega-contacto-con-colo-colo\/#primaryimage"},"thumbnailUrl":"https:\/\/tipnexa.com\/blog\/wp-content\/uploads\/2026\/03\/gustavo-alvarez-aclara-su-salida-de-la-u-y-niega-contacto-con-colo-colo-1773842407073.png","datePublished":"2026-03-18T14:00:13+00:00","breadcrumb":{"@id":"https:\/\/tipnexa.com\/blog\/gustavo-alvarez-aclara-su-salida-de-la-u-y-niega-contacto-con-colo-colo\/#breadcrumb"},"inLanguage":"es","potentialAction":[{"@type":"ReadAction","target":["https:\/\/tipnexa.com\/blog\/gustavo-alvarez-aclara-su-salida-de-la-u-y-niega-contacto-con-colo-colo\/"]}]},{"@type":"ImageObject","inLanguage":"es","@id":"https:\/\/tipnexa.com\/blog\/gustavo-alvarez-aclara-su-salida-de-la-u-y-niega-contacto-con-colo-colo\/#primaryimage","url":"https:\/\/tipnexa.com\/blog\/wp-content\/uploads\/2026\/03\/gustavo-alvarez-aclara-su-salida-de-la-u-y-niega-contacto-con-colo-colo-1773842407073.png","contentUrl":"https:\/\/tipnexa.com\/blog\/wp-content\/uploads\/2026\/03\/gustavo-alvarez-aclara-su-salida-de-la-u-y-niega-contacto-con-colo-colo-1773842407073.png","width":1344,"height":768},{"@type":"BreadcrumbList","@id":"https:\/\/tipnexa.com\/blog\/gustavo-alvarez-aclara-su-salida-de-la-u-y-niega-contacto-con-colo-colo\/#breadcrumb","itemListElement":[{"@type":"ListItem","position":1,"name":"Portada","item":"https:\/\/tipnexa.com\/blog\/"},{"@type":"ListItem","position":2,"name":"Gustavo \u00c1lvarez Aclara su Salida de la U y Niega Contacto con Colo Colo"}]},{"@type":"WebSite","@id":"https:\/\/tipnexa.com\/blog\/#website","url":"https:\/\/tipnexa.com\/blog\/","name":"Blog de Tipnexa","description":"Descubre en el blog de Tipnexa las \u00faltimas noticias de f\u00fatbol, pron\u00f3sticos, an\u00e1lisis de partidos, ligas y equipos con enfoque experto y datos actualizados.","publisher":{"@id":"https:\/\/tipnexa.com\/blog\/#organization"},"alternateName":"Blog de Tipnexa","potentialAction":[{"@type":"SearchAction","target":{"@type":"EntryPoint","urlTemplate":"https:\/\/tipnexa.com\/blog\/?s={search_term_string}"},"query-input":{"@type":"PropertyValueSpecification","valueRequired":true,"valueName":"search_term_string"}}],"inLanguage":"es"},{"@type":"Organization","@id":"https:\/\/tipnexa.com\/blog\/#organization","name":"Tipnexa","url":"https:\/\/tipnexa.com\/blog\/","logo":{"@type":"ImageObject","inLanguage":"es","@id":"https:\/\/tipnexa.com\/blog\/#\/schema\/logo\/image\/","url":"https:\/\/tipnexa.com\/blog\/wp-content\/uploads\/2026\/03\/192x192.png","contentUrl":"https:\/\/tipnexa.com\/blog\/wp-content\/uploads\/2026\/03\/192x192.png","width":192,"height":192,"caption":"Tipnexa"},"image":{"@id":"https:\/\/tipnexa.com\/blog\/#\/schema\/logo\/image\/"}},{"@type":"Person","@id":"https:\/\/tipnexa.com\/blog\/#\/schema\/person\/fcfe9a20877b14cc7f2bc3ce77f6d3cf","name":"admin","image":{"@type":"ImageObject","inLanguage":"es","@id":"https:\/\/secure.gravatar.com\/avatar\/b4f14cb9d9d12a445b91a477b3cf143c91ca7da26f03b6815b159c10ce2e2c74?s=96&d=mm&r=g","url":"https:\/\/secure.gravatar.com\/avatar\/b4f14cb9d9d12a445b91a477b3cf143c91ca7da26f03b6815b159c10ce2e2c74?s=96&d=mm&r=g","contentUrl":"https:\/\/secure.gravatar.com\/avatar\/b4f14cb9d9d12a445b91a477b3cf143c91ca7da26f03b6815b159c10ce2e2c74?s=96&d=mm&r=g","caption":"admin"},"sameAs":["https:\/\/tipnexa.com\/blog"],"url":"https:\/\/tipnexa.com\/blog\/author\/admin\/"}]}},"_links":{"self":[{"href":"https:\/\/tipnexa.com\/blog\/wp-json\/wp\/v2\/posts\/2928","targetHints":{"allow":["GET"]}}],"collection":[{"href":"https:\/\/tipnexa.com\/blog\/wp-json\/wp\/v2\/posts"}],"about":[{"href":"https:\/\/tipnexa.com\/blog\/wp-json\/wp\/v2\/types\/post"}],"author":[{"embeddable":true,"href":"https:\/\/tipnexa.com\/blog\/wp-json\/wp\/v2\/users\/1"}],"replies":[{"embeddable":true,"href":"https:\/\/tipnexa.com\/blog\/wp-json\/wp\/v2\/comments?post=2928"}],"version-history":[{"count":0,"href":"https:\/\/tipnexa.com\/blog\/wp-json\/wp\/v2\/posts\/2928\/revisions"}],"wp:featuredmedia":[{"embeddable":true,"href":"https:\/\/tipnexa.com\/blog\/wp-json\/wp\/v2\/media\/2927"}],"wp:attachment":[{"href":"https:\/\/tipnexa.com\/blog\/wp-json\/wp\/v2\/media?parent=2928"}],"wp:term":[{"taxonomy":"category","embeddable":true,"href":"https:\/\/tipnexa.com\/blog\/wp-json\/wp\/v2\/categories?post=2928"},{"taxonomy":"post_tag","embeddable":true,"href":"https:\/\/tipnexa.com\/blog\/wp-json\/wp\/v2\/tags?post=2928"}],"curies":[{"name":"wp","href":"https:\/\/api.w.org\/{rel}","templated":true}]}}