{"id":2800,"date":"2026-03-17T18:02:42","date_gmt":"2026-03-17T23:02:42","guid":{"rendered":"https:\/\/tipnexa.com\/blog\/enzo-fernandez-futuro-en-chelsea-y-la-cancelacion-de-la-finalissima-2026\/"},"modified":"2026-03-17T18:02:42","modified_gmt":"2026-03-17T23:02:42","slug":"enzo-fernandez-futuro-en-chelsea-y-la-cancelacion-de-la-finalissima-2026","status":"publish","type":"post","link":"https:\/\/tipnexa.com\/blog\/enzo-fernandez-futuro-en-chelsea-y-la-cancelacion-de-la-finalissima-2026\/","title":{"rendered":"Enzo Fern\u00e1ndez: Futuro en Chelsea y la Cancelaci\u00f3n de la Finalissima 2026"},"content":{"rendered":"<p>La eliminaci\u00f3n del <strong>Chelsea<\/strong> de la <strong>UEFA Champions League 2026<\/strong> a manos del PSG ha dejado un sabor amargo en el club ingl\u00e9s. Tras una contundente derrota global de 8-2, el capit\u00e1n argentino <strong>Enzo Fern\u00e1ndez<\/strong> comparti\u00f3 sus reflexiones en una entrevista con un medio deportivo, abordando tanto la debacle europea como su incierto futuro en el equipo y la reciente cancelaci\u00f3n de la Finalissima.<\/p>\n<h2>An\u00e1lisis de la Eliminaci\u00f3n en Champions League<\/h2>\n<p>El conjunto de la marca no logr\u00f3 hacer pie en la competici\u00f3n, sufriendo una dura ca\u00edda ante el campe\u00f3n de la temporada pasada, el PSG. La serie se defini\u00f3 principalmente en el partido de ida, donde el Chelsea perdi\u00f3 el control en los \u00faltimos 15 minutos, encajando tres goles cruciales que marcaron una diferencia insalvable. \u00abCometimos errores y los pagamos. Esto es f\u00fatbol: son detalles\u00bb, coment\u00f3 Fern\u00e1ndez, reconociendo la superioridad t\u00e1ctica del rival. El 0-3 en el partido de vuelta sell\u00f3 el destino del equipo, que ahora debe enfocarse en otros objetivos. Los desaf\u00edos t\u00e1cticos y la presi\u00f3n por los resultados son constantes en las grandes ligas, un tema recurrente en <a href=\"https:\/\/tipnexa.com\/blog\/\">nuestro blog<\/a> de f\u00fatbol.<\/p>\n<h2>El Incierto Futuro de Enzo Fern\u00e1ndez en Chelsea<\/h2>\n<p>Con la temporada europea terminada para el Chelsea, las preguntas sobre la continuidad de <strong>Enzo Fern\u00e1ndez<\/strong> han surgido. Al ser consultado sobre su permanencia en la marca para la pr\u00f3xima temporada, el mediocampista fue cauteloso: \u00abNo lo s\u00e9. Ahora estoy pensando ac\u00e1, despu\u00e9s se viene el Mundial y veremos luego\u00bb. A pesar de la incertidumbre, Fern\u00e1ndez mostr\u00f3 compromiso con los desaf\u00edos inmediatos del equipo, como clasificar a la pr\u00f3xima Champions a trav\u00e9s de la <strong>Premier League<\/strong> y luchar por la <strong>FA Cup<\/strong>. \u00abToca apoyar a mis compa\u00f1eros. Podemos dar vuelta esta situaci\u00f3n\u00bb, afirm\u00f3, buscando motivar al plantel.<\/p>\n<p>En un contexto similar de alta competici\u00f3n europea, otros duelos tambi\u00e9n generan gran expectaci\u00f3n, como el vibrante <a href=\"https:\/\/tipnexa.com\/blog\/bayern-munich-vs-bayer-leverkusen-empate-vibrante-con-gol-de-luis-diaz\/\">empate entre Bayern M\u00fanich y Bayer Leverkusen<\/a>, donde la estrategia y el rendimiento individual son cruciales.<\/p>\n<h2>La Finalissima Cancelada: Un Deseo Pendiente<\/h2>\n<p>Otro tema abordado por Fern\u00e1ndez fue la cancelaci\u00f3n de la Finalissima, el esperado encuentro entre Argentina y Espa\u00f1a. El jugador lament\u00f3 la decisi\u00f3n, atribuida a problemas en Medio Oriente. \u00abHay muchos problemas en Medio Oriente, que haya paz y amor en el mundo, que es lo m\u00e1s importante\u00bb, expres\u00f3, deseando una pronta resoluci\u00f3n. A nivel personal, el deseo de representar a su <strong>Selecci\u00f3n Argentina<\/strong> es siempre prioritario. \u00abQuer\u00eda jugar contra Espa\u00f1a, porque representar a mi Selecci\u00f3n es siempre muy importante para m\u00ed, en lo personal. Espero que un d\u00eda se pueda jugar y disfrutar as\u00ed ese partido\u00bb, concluy\u00f3, dejando abierta la esperanza de que el duelo se realice en el futuro.<\/p>\n<h2>Conclusi\u00f3n<\/h2>\n<p>La temporada 2026 presenta grandes retos para <strong>Enzo Fern\u00e1ndez<\/strong> y el Chelsea. Entre la decepci\u00f3n europea, la lucha por los t\u00edtulos dom\u00e9sticos y la incertidumbre sobre su futuro, el mediocampista argentino se mantiene enfocado en los objetivos actuales y en su rol como referente. Su deseo de competir al m\u00e1ximo nivel y representar a su pa\u00eds sigue siendo una constante, a pesar de los obst\u00e1culos externos.<\/p>\n","protected":false},"excerpt":{"rendered":"<p>Enzo Fern\u00e1ndez reflexiona sobre la eliminaci\u00f3n del Chelsea en Champions 2026, su incierto futuro en el club y la cancelaci\u00f3n de la Finalissima. \u00a1Descubre sus declaraciones clave!<\/p>\n","protected":false},"author":1,"featured_media":2799,"comment_status":"open","ping_status":"open","sticky":false,"template":"","format":"standard","meta":{"footnotes":""},"categories":[16,13],"tags":[],"class_list":["post-2800","post","type-post","status-publish","format-standard","has-post-thumbnail","hentry","category-futbol-internacional","category-premier-league"],"yoast_head":"<!-- This site is optimized with the Yoast SEO plugin v27.2 - https:\/\/yoast.com\/product\/yoast-seo-wordpress\/ -->\n<title>Enzo Fern\u00e1ndez: Futuro en Chelsea y la Cancelaci\u00f3n de la Finalissima 2026 - Tipnexa<\/title>\n<meta name=\"robots\" content=\"index, follow, max-snippet:-1, max-image-preview:large, max-video-preview:-1\" \/>\n<link rel=\"canonical\" href=\"https:\/\/tipnexa.com\/blog\/enzo-fernandez-futuro-en-chelsea-y-la-cancelacion-de-la-finalissima-2026\/\" \/>\n<meta property=\"og:locale\" content=\"es_ES\" \/>\n<meta property=\"og:type\" content=\"article\" \/>\n<meta property=\"og:title\" content=\"Enzo Fern\u00e1ndez: Futuro en Chelsea y la Cancelaci\u00f3n de la Finalissima 2026 - Tipnexa\" \/>\n<meta property=\"og:description\" content=\"Enzo Fern\u00e1ndez reflexiona sobre la eliminaci\u00f3n del Chelsea en Champions 2026, su incierto futuro en el club y la cancelaci\u00f3n de la Finalissima. \u00a1Descubre sus declaraciones clave!\" \/>\n<meta property=\"og:url\" content=\"https:\/\/tipnexa.com\/blog\/enzo-fernandez-futuro-en-chelsea-y-la-cancelacion-de-la-finalissima-2026\/\" \/>\n<meta property=\"og:site_name\" content=\"Tipnexa\" \/>\n<meta property=\"article:published_time\" content=\"2026-03-17T23:02:42+00:00\" \/>\n<meta property=\"og:image\" content=\"https:\/\/tipnexa.com\/blog\/wp-content\/uploads\/2026\/03\/enzo-fernandez-futuro-en-chelsea-y-la-cancelacion-de-la-finalissima-2026-1773788559390-1024x585.png\" \/>\n\t<meta property=\"og:image:width\" content=\"1024\" \/>\n\t<meta property=\"og:image:height\" content=\"585\" \/>\n\t<meta property=\"og:image:type\" content=\"image\/png\" \/>\n<meta name=\"author\" content=\"admin\" \/>\n<meta name=\"twitter:card\" content=\"summary_large_image\" \/>\n<meta name=\"twitter:label1\" content=\"Escrito por\" \/>\n\t<meta name=\"twitter:data1\" content=\"admin\" \/>\n\t<meta name=\"twitter:label2\" content=\"Tiempo de lectura\" \/>\n\t<meta name=\"twitter:data2\" content=\"3 minutos\" \/>\n<script type=\"application\/ld+json\" class=\"yoast-schema-graph\">{\"@context\":\"https:\/\/schema.org\",\"@graph\":[{\"@type\":\"Article\",\"@id\":\"https:\/\/tipnexa.com\/blog\/enzo-fernandez-futuro-en-chelsea-y-la-cancelacion-de-la-finalissima-2026\/#article\",\"isPartOf\":{\"@id\":\"https:\/\/tipnexa.com\/blog\/enzo-fernandez-futuro-en-chelsea-y-la-cancelacion-de-la-finalissima-2026\/\"},\"author\":{\"name\":\"admin\",\"@id\":\"https:\/\/tipnexa.com\/blog\/#\/schema\/person\/fcfe9a20877b14cc7f2bc3ce77f6d3cf\"},\"headline\":\"Enzo Fern\u00e1ndez: Futuro en Chelsea y la Cancelaci\u00f3n de la Finalissima 2026\",\"datePublished\":\"2026-03-17T23:02:42+00:00\",\"mainEntityOfPage\":{\"@id\":\"https:\/\/tipnexa.com\/blog\/enzo-fernandez-futuro-en-chelsea-y-la-cancelacion-de-la-finalissima-2026\/\"},\"wordCount\":568,\"commentCount\":0,\"publisher\":{\"@id\":\"https:\/\/tipnexa.com\/blog\/#organization\"},\"image\":{\"@id\":\"https:\/\/tipnexa.com\/blog\/enzo-fernandez-futuro-en-chelsea-y-la-cancelacion-de-la-finalissima-2026\/#primaryimage\"},\"thumbnailUrl\":\"https:\/\/tipnexa.com\/blog\/wp-content\/uploads\/2026\/03\/enzo-fernandez-futuro-en-chelsea-y-la-cancelacion-de-la-finalissima-2026-1773788559390.png\",\"articleSection\":[\"F\u00fatbol Internacional\",\"Premier League\"],\"inLanguage\":\"es\",\"potentialAction\":[{\"@type\":\"CommentAction\",\"name\":\"Comment\",\"target\":[\"https:\/\/tipnexa.com\/blog\/enzo-fernandez-futuro-en-chelsea-y-la-cancelacion-de-la-finalissima-2026\/#respond\"]}]},{\"@type\":\"WebPage\",\"@id\":\"https:\/\/tipnexa.com\/blog\/enzo-fernandez-futuro-en-chelsea-y-la-cancelacion-de-la-finalissima-2026\/\",\"url\":\"https:\/\/tipnexa.com\/blog\/enzo-fernandez-futuro-en-chelsea-y-la-cancelacion-de-la-finalissima-2026\/\",\"name\":\"Enzo Fern\u00e1ndez: Futuro en Chelsea y la Cancelaci\u00f3n de la Finalissima 2026 - Tipnexa\",\"isPartOf\":{\"@id\":\"https:\/\/tipnexa.com\/blog\/#website\"},\"primaryImageOfPage\":{\"@id\":\"https:\/\/tipnexa.com\/blog\/enzo-fernandez-futuro-en-chelsea-y-la-cancelacion-de-la-finalissima-2026\/#primaryimage\"},\"image\":{\"@id\":\"https:\/\/tipnexa.com\/blog\/enzo-fernandez-futuro-en-chelsea-y-la-cancelacion-de-la-finalissima-2026\/#primaryimage\"},\"thumbnailUrl\":\"https:\/\/tipnexa.com\/blog\/wp-content\/uploads\/2026\/03\/enzo-fernandez-futuro-en-chelsea-y-la-cancelacion-de-la-finalissima-2026-1773788559390.png\",\"datePublished\":\"2026-03-17T23:02:42+00:00\",\"breadcrumb\":{\"@id\":\"https:\/\/tipnexa.com\/blog\/enzo-fernandez-futuro-en-chelsea-y-la-cancelacion-de-la-finalissima-2026\/#breadcrumb\"},\"inLanguage\":\"es\",\"potentialAction\":[{\"@type\":\"ReadAction\",\"target\":[\"https:\/\/tipnexa.com\/blog\/enzo-fernandez-futuro-en-chelsea-y-la-cancelacion-de-la-finalissima-2026\/\"]}]},{\"@type\":\"ImageObject\",\"inLanguage\":\"es\",\"@id\":\"https:\/\/tipnexa.com\/blog\/enzo-fernandez-futuro-en-chelsea-y-la-cancelacion-de-la-finalissima-2026\/#primaryimage\",\"url\":\"https:\/\/tipnexa.com\/blog\/wp-content\/uploads\/2026\/03\/enzo-fernandez-futuro-en-chelsea-y-la-cancelacion-de-la-finalissima-2026-1773788559390.png\",\"contentUrl\":\"https:\/\/tipnexa.com\/blog\/wp-content\/uploads\/2026\/03\/enzo-fernandez-futuro-en-chelsea-y-la-cancelacion-de-la-finalissima-2026-1773788559390.png\",\"width\":1344,\"height\":768},{\"@type\":\"BreadcrumbList\",\"@id\":\"https:\/\/tipnexa.com\/blog\/enzo-fernandez-futuro-en-chelsea-y-la-cancelacion-de-la-finalissima-2026\/#breadcrumb\",\"itemListElement\":[{\"@type\":\"ListItem\",\"position\":1,\"name\":\"Portada\",\"item\":\"https:\/\/tipnexa.com\/blog\/\"},{\"@type\":\"ListItem\",\"position\":2,\"name\":\"Enzo Fern\u00e1ndez: Futuro en Chelsea y la Cancelaci\u00f3n de la Finalissima 2026\"}]},{\"@type\":\"WebSite\",\"@id\":\"https:\/\/tipnexa.com\/blog\/#website\",\"url\":\"https:\/\/tipnexa.com\/blog\/\",\"name\":\"Blog de Tipnexa\",\"description\":\"Descubre en el blog de Tipnexa las \u00faltimas noticias de f\u00fatbol, pron\u00f3sticos, an\u00e1lisis de partidos, ligas y equipos con enfoque experto y datos actualizados.\",\"publisher\":{\"@id\":\"https:\/\/tipnexa.com\/blog\/#organization\"},\"alternateName\":\"Blog de Tipnexa\",\"potentialAction\":[{\"@type\":\"SearchAction\",\"target\":{\"@type\":\"EntryPoint\",\"urlTemplate\":\"https:\/\/tipnexa.com\/blog\/?s={search_term_string}\"},\"query-input\":{\"@type\":\"PropertyValueSpecification\",\"valueRequired\":true,\"valueName\":\"search_term_string\"}}],\"inLanguage\":\"es\"},{\"@type\":\"Organization\",\"@id\":\"https:\/\/tipnexa.com\/blog\/#organization\",\"name\":\"Tipnexa\",\"url\":\"https:\/\/tipnexa.com\/blog\/\",\"logo\":{\"@type\":\"ImageObject\",\"inLanguage\":\"es\",\"@id\":\"https:\/\/tipnexa.com\/blog\/#\/schema\/logo\/image\/\",\"url\":\"https:\/\/tipnexa.com\/blog\/wp-content\/uploads\/2026\/03\/192x192.png\",\"contentUrl\":\"https:\/\/tipnexa.com\/blog\/wp-content\/uploads\/2026\/03\/192x192.png\",\"width\":192,\"height\":192,\"caption\":\"Tipnexa\"},\"image\":{\"@id\":\"https:\/\/tipnexa.com\/blog\/#\/schema\/logo\/image\/\"}},{\"@type\":\"Person\",\"@id\":\"https:\/\/tipnexa.com\/blog\/#\/schema\/person\/fcfe9a20877b14cc7f2bc3ce77f6d3cf\",\"name\":\"admin\",\"image\":{\"@type\":\"ImageObject\",\"inLanguage\":\"es\",\"@id\":\"https:\/\/secure.gravatar.com\/avatar\/b4f14cb9d9d12a445b91a477b3cf143c91ca7da26f03b6815b159c10ce2e2c74?s=96&d=mm&r=g\",\"url\":\"https:\/\/secure.gravatar.com\/avatar\/b4f14cb9d9d12a445b91a477b3cf143c91ca7da26f03b6815b159c10ce2e2c74?s=96&d=mm&r=g\",\"contentUrl\":\"https:\/\/secure.gravatar.com\/avatar\/b4f14cb9d9d12a445b91a477b3cf143c91ca7da26f03b6815b159c10ce2e2c74?s=96&d=mm&r=g\",\"caption\":\"admin\"},\"sameAs\":[\"https:\/\/tipnexa.com\/blog\"],\"url\":\"https:\/\/tipnexa.com\/blog\/author\/admin\/\"}]}<\/script>\n<!-- \/ Yoast SEO plugin. -->","yoast_head_json":{"title":"Enzo Fern\u00e1ndez: Futuro en Chelsea y la Cancelaci\u00f3n de la Finalissima 2026 - Tipnexa","robots":{"index":"index","follow":"follow","max-snippet":"max-snippet:-1","max-image-preview":"max-image-preview:large","max-video-preview":"max-video-preview:-1"},"canonical":"https:\/\/tipnexa.com\/blog\/enzo-fernandez-futuro-en-chelsea-y-la-cancelacion-de-la-finalissima-2026\/","og_locale":"es_ES","og_type":"article","og_title":"Enzo Fern\u00e1ndez: Futuro en Chelsea y la Cancelaci\u00f3n de la Finalissima 2026 - Tipnexa","og_description":"Enzo Fern\u00e1ndez reflexiona sobre la eliminaci\u00f3n del Chelsea en Champions 2026, su incierto futuro en el club y la cancelaci\u00f3n de la Finalissima. \u00a1Descubre sus declaraciones clave!","og_url":"https:\/\/tipnexa.com\/blog\/enzo-fernandez-futuro-en-chelsea-y-la-cancelacion-de-la-finalissima-2026\/","og_site_name":"Tipnexa","article_published_time":"2026-03-17T23:02:42+00:00","og_image":[{"width":1024,"height":585,"url":"https:\/\/tipnexa.com\/blog\/wp-content\/uploads\/2026\/03\/enzo-fernandez-futuro-en-chelsea-y-la-cancelacion-de-la-finalissima-2026-1773788559390-1024x585.png","type":"image\/png"}],"author":"admin","twitter_card":"summary_large_image","twitter_misc":{"Escrito por":"admin","Tiempo de lectura":"3 minutos"},"schema":{"@context":"https:\/\/schema.org","@graph":[{"@type":"Article","@id":"https:\/\/tipnexa.com\/blog\/enzo-fernandez-futuro-en-chelsea-y-la-cancelacion-de-la-finalissima-2026\/#article","isPartOf":{"@id":"https:\/\/tipnexa.com\/blog\/enzo-fernandez-futuro-en-chelsea-y-la-cancelacion-de-la-finalissima-2026\/"},"author":{"name":"admin","@id":"https:\/\/tipnexa.com\/blog\/#\/schema\/person\/fcfe9a20877b14cc7f2bc3ce77f6d3cf"},"headline":"Enzo Fern\u00e1ndez: Futuro en Chelsea y la Cancelaci\u00f3n de la Finalissima 2026","datePublished":"2026-03-17T23:02:42+00:00","mainEntityOfPage":{"@id":"https:\/\/tipnexa.com\/blog\/enzo-fernandez-futuro-en-chelsea-y-la-cancelacion-de-la-finalissima-2026\/"},"wordCount":568,"commentCount":0,"publisher":{"@id":"https:\/\/tipnexa.com\/blog\/#organization"},"image":{"@id":"https:\/\/tipnexa.com\/blog\/enzo-fernandez-futuro-en-chelsea-y-la-cancelacion-de-la-finalissima-2026\/#primaryimage"},"thumbnailUrl":"https:\/\/tipnexa.com\/blog\/wp-content\/uploads\/2026\/03\/enzo-fernandez-futuro-en-chelsea-y-la-cancelacion-de-la-finalissima-2026-1773788559390.png","articleSection":["F\u00fatbol Internacional","Premier League"],"inLanguage":"es","potentialAction":[{"@type":"CommentAction","name":"Comment","target":["https:\/\/tipnexa.com\/blog\/enzo-fernandez-futuro-en-chelsea-y-la-cancelacion-de-la-finalissima-2026\/#respond"]}]},{"@type":"WebPage","@id":"https:\/\/tipnexa.com\/blog\/enzo-fernandez-futuro-en-chelsea-y-la-cancelacion-de-la-finalissima-2026\/","url":"https:\/\/tipnexa.com\/blog\/enzo-fernandez-futuro-en-chelsea-y-la-cancelacion-de-la-finalissima-2026\/","name":"Enzo Fern\u00e1ndez: Futuro en Chelsea y la Cancelaci\u00f3n de la Finalissima 2026 - Tipnexa","isPartOf":{"@id":"https:\/\/tipnexa.com\/blog\/#website"},"primaryImageOfPage":{"@id":"https:\/\/tipnexa.com\/blog\/enzo-fernandez-futuro-en-chelsea-y-la-cancelacion-de-la-finalissima-2026\/#primaryimage"},"image":{"@id":"https:\/\/tipnexa.com\/blog\/enzo-fernandez-futuro-en-chelsea-y-la-cancelacion-de-la-finalissima-2026\/#primaryimage"},"thumbnailUrl":"https:\/\/tipnexa.com\/blog\/wp-content\/uploads\/2026\/03\/enzo-fernandez-futuro-en-chelsea-y-la-cancelacion-de-la-finalissima-2026-1773788559390.png","datePublished":"2026-03-17T23:02:42+00:00","breadcrumb":{"@id":"https:\/\/tipnexa.com\/blog\/enzo-fernandez-futuro-en-chelsea-y-la-cancelacion-de-la-finalissima-2026\/#breadcrumb"},"inLanguage":"es","potentialAction":[{"@type":"ReadAction","target":["https:\/\/tipnexa.com\/blog\/enzo-fernandez-futuro-en-chelsea-y-la-cancelacion-de-la-finalissima-2026\/"]}]},{"@type":"ImageObject","inLanguage":"es","@id":"https:\/\/tipnexa.com\/blog\/enzo-fernandez-futuro-en-chelsea-y-la-cancelacion-de-la-finalissima-2026\/#primaryimage","url":"https:\/\/tipnexa.com\/blog\/wp-content\/uploads\/2026\/03\/enzo-fernandez-futuro-en-chelsea-y-la-cancelacion-de-la-finalissima-2026-1773788559390.png","contentUrl":"https:\/\/tipnexa.com\/blog\/wp-content\/uploads\/2026\/03\/enzo-fernandez-futuro-en-chelsea-y-la-cancelacion-de-la-finalissima-2026-1773788559390.png","width":1344,"height":768},{"@type":"BreadcrumbList","@id":"https:\/\/tipnexa.com\/blog\/enzo-fernandez-futuro-en-chelsea-y-la-cancelacion-de-la-finalissima-2026\/#breadcrumb","itemListElement":[{"@type":"ListItem","position":1,"name":"Portada","item":"https:\/\/tipnexa.com\/blog\/"},{"@type":"ListItem","position":2,"name":"Enzo Fern\u00e1ndez: Futuro en Chelsea y la Cancelaci\u00f3n de la Finalissima 2026"}]},{"@type":"WebSite","@id":"https:\/\/tipnexa.com\/blog\/#website","url":"https:\/\/tipnexa.com\/blog\/","name":"Blog de Tipnexa","description":"Descubre en el blog de Tipnexa las \u00faltimas noticias de f\u00fatbol, pron\u00f3sticos, an\u00e1lisis de partidos, ligas y equipos con enfoque experto y datos actualizados.","publisher":{"@id":"https:\/\/tipnexa.com\/blog\/#organization"},"alternateName":"Blog de Tipnexa","potentialAction":[{"@type":"SearchAction","target":{"@type":"EntryPoint","urlTemplate":"https:\/\/tipnexa.com\/blog\/?s={search_term_string}"},"query-input":{"@type":"PropertyValueSpecification","valueRequired":true,"valueName":"search_term_string"}}],"inLanguage":"es"},{"@type":"Organization","@id":"https:\/\/tipnexa.com\/blog\/#organization","name":"Tipnexa","url":"https:\/\/tipnexa.com\/blog\/","logo":{"@type":"ImageObject","inLanguage":"es","@id":"https:\/\/tipnexa.com\/blog\/#\/schema\/logo\/image\/","url":"https:\/\/tipnexa.com\/blog\/wp-content\/uploads\/2026\/03\/192x192.png","contentUrl":"https:\/\/tipnexa.com\/blog\/wp-content\/uploads\/2026\/03\/192x192.png","width":192,"height":192,"caption":"Tipnexa"},"image":{"@id":"https:\/\/tipnexa.com\/blog\/#\/schema\/logo\/image\/"}},{"@type":"Person","@id":"https:\/\/tipnexa.com\/blog\/#\/schema\/person\/fcfe9a20877b14cc7f2bc3ce77f6d3cf","name":"admin","image":{"@type":"ImageObject","inLanguage":"es","@id":"https:\/\/secure.gravatar.com\/avatar\/b4f14cb9d9d12a445b91a477b3cf143c91ca7da26f03b6815b159c10ce2e2c74?s=96&d=mm&r=g","url":"https:\/\/secure.gravatar.com\/avatar\/b4f14cb9d9d12a445b91a477b3cf143c91ca7da26f03b6815b159c10ce2e2c74?s=96&d=mm&r=g","contentUrl":"https:\/\/secure.gravatar.com\/avatar\/b4f14cb9d9d12a445b91a477b3cf143c91ca7da26f03b6815b159c10ce2e2c74?s=96&d=mm&r=g","caption":"admin"},"sameAs":["https:\/\/tipnexa.com\/blog"],"url":"https:\/\/tipnexa.com\/blog\/author\/admin\/"}]}},"_links":{"self":[{"href":"https:\/\/tipnexa.com\/blog\/wp-json\/wp\/v2\/posts\/2800","targetHints":{"allow":["GET"]}}],"collection":[{"href":"https:\/\/tipnexa.com\/blog\/wp-json\/wp\/v2\/posts"}],"about":[{"href":"https:\/\/tipnexa.com\/blog\/wp-json\/wp\/v2\/types\/post"}],"author":[{"embeddable":true,"href":"https:\/\/tipnexa.com\/blog\/wp-json\/wp\/v2\/users\/1"}],"replies":[{"embeddable":true,"href":"https:\/\/tipnexa.com\/blog\/wp-json\/wp\/v2\/comments?post=2800"}],"version-history":[{"count":0,"href":"https:\/\/tipnexa.com\/blog\/wp-json\/wp\/v2\/posts\/2800\/revisions"}],"wp:featuredmedia":[{"embeddable":true,"href":"https:\/\/tipnexa.com\/blog\/wp-json\/wp\/v2\/media\/2799"}],"wp:attachment":[{"href":"https:\/\/tipnexa.com\/blog\/wp-json\/wp\/v2\/media?parent=2800"}],"wp:term":[{"taxonomy":"category","embeddable":true,"href":"https:\/\/tipnexa.com\/blog\/wp-json\/wp\/v2\/categories?post=2800"},{"taxonomy":"post_tag","embeddable":true,"href":"https:\/\/tipnexa.com\/blog\/wp-json\/wp\/v2\/tags?post=2800"}],"curies":[{"name":"wp","href":"https:\/\/api.w.org\/{rel}","templated":true}]}}