{"id":2702,"date":"2026-03-17T15:47:05","date_gmt":"2026-03-17T20:47:05","guid":{"rendered":"https:\/\/tipnexa.com\/blog\/javier-correa-baja-clave-en-colo-colo-por-lesion-muscular\/"},"modified":"2026-03-17T15:47:05","modified_gmt":"2026-03-17T20:47:05","slug":"javier-correa-baja-clave-en-colo-colo-por-lesion-muscular","status":"publish","type":"post","link":"https:\/\/tipnexa.com\/blog\/javier-correa-baja-clave-en-colo-colo-por-lesion-muscular\/","title":{"rendered":"Javier Correa: Baja Clave en Colo Colo por Lesi\u00f3n Muscular"},"content":{"rendered":"<p>La alegr\u00eda por la reciente victoria de <strong>Colo Colo<\/strong> y la recuperaci\u00f3n del liderato en el Campeonato Nacional 2026 se vio empa\u00f1ada por una noticia desafortunada. El delantero argentino <strong>Javier Correa<\/strong> ha sufrido una lesi\u00f3n muscular que lo mantendr\u00e1 alejado de las canchas por varias semanas, un duro golpe para el equipo en un momento crucial de la temporada.<\/p>\n<p>Durante la pr\u00e1ctica de este martes, se confirm\u00f3 que Correa padece un <strong>desgarro en el isquiotibial de la pierna derecha<\/strong>. Tras los chequeos m\u00e9dicos pertinentes, se estima que el tiempo de recuperaci\u00f3n oscilar\u00e1 entre <strong>dos y tres semanas<\/strong>. Esta lesi\u00f3n significa que el atacante se perder\u00e1 al menos los pr\u00f3ximos tres encuentros del equipo, todos correspondientes a la importante Copa de la Liga.<\/p>\n<h2>Impacto en la Temporada de Colo Colo<\/h2>\n<p>La ausencia de <strong>Javier Correa<\/strong> representa un desaf\u00edo significativo para el cuerpo t\u00e9cnico de Colo Colo. El delantero ha sido una pieza importante en el esquema ofensivo, aportando goles y desequilibrio. Su baja obligar\u00e1 a reajustar la estrategia y a buscar alternativas en el ataque para mantener el buen ritmo mostrado en el inicio del Campeonato Nacional 2026. La profundidad de la plantilla ser\u00e1 clave para afrontar este periodo sin uno de sus referentes.<\/p>\n<p>El equipo deber\u00e1 demostrar su capacidad de adaptaci\u00f3n y resiliencia para seguir sumando puntos y consolidar su posici\u00f3n de liderazgo. Los partidos de la Copa de la Liga ser\u00e1n una prueba de fuego, donde otros jugadores tendr\u00e1n la oportunidad de dar un paso adelante y asumir un rol protag\u00f3nico. La afici\u00f3n de <strong>Colo Colo<\/strong> espera que esta baja no afecte el \u00edmpetu del equipo en su lucha por los t\u00edtulos.<\/p>\n<p>Para m\u00e1s noticias y an\u00e1lisis sobre el f\u00fatbol y sus protagonistas en el \u00e1mbito internacional, puedes visitar nuestro <a href=\"https:\/\/tipnexa.com\/blog\/\">blog deportivo<\/a>. Mantente informado sobre los \u00faltimos acontecimientos que marcan el ritmo del deporte m\u00e1s popular del mundo.<\/p>\n<h2>Conclusi\u00f3n<\/h2>\n<p>La lesi\u00f3n de Javier Correa es, sin duda, una mala noticia para Colo Colo, que pierde a un jugador clave en un tramo decisivo de la temporada 2026. Sin embargo, el equipo tiene la oportunidad de demostrar su fortaleza colectiva y la calidad de su plantilla para superar este obst\u00e1culo. La pronta recuperaci\u00f3n de Correa ser\u00e1 vital, pero mientras tanto, el desaf\u00edo es mantener el nivel competitivo y seguir persiguiendo los objetivos trazados.<\/p>\n","protected":false},"excerpt":{"rendered":"<p>Javier Correa sufre desgarro y ser\u00e1 baja clave en Colo Colo por 2-3 semanas. Conoce el impacto de su lesi\u00f3n en los pr\u00f3ximos partidos del Campeonato Nacional 2026.<\/p>\n","protected":false},"author":1,"featured_media":2701,"comment_status":"open","ping_status":"open","sticky":false,"template":"","format":"standard","meta":{"footnotes":""},"categories":[10,16],"tags":[],"class_list":["post-2702","post","type-post","status-publish","format-standard","has-post-thumbnail","hentry","category-clubes","category-futbol-internacional"],"yoast_head":"<!-- This site is optimized with the Yoast SEO plugin v27.2 - https:\/\/yoast.com\/product\/yoast-seo-wordpress\/ -->\n<title>Javier Correa: Baja Clave en Colo Colo por Lesi\u00f3n Muscular - Tipnexa<\/title>\n<meta name=\"robots\" content=\"index, follow, max-snippet:-1, max-image-preview:large, max-video-preview:-1\" \/>\n<link rel=\"canonical\" href=\"https:\/\/tipnexa.com\/blog\/javier-correa-baja-clave-en-colo-colo-por-lesion-muscular\/\" \/>\n<meta property=\"og:locale\" content=\"es_ES\" \/>\n<meta property=\"og:type\" content=\"article\" \/>\n<meta property=\"og:title\" content=\"Javier Correa: Baja Clave en Colo Colo por Lesi\u00f3n Muscular - Tipnexa\" \/>\n<meta property=\"og:description\" content=\"Javier Correa sufre desgarro y ser\u00e1 baja clave en Colo Colo por 2-3 semanas. Conoce el impacto de su lesi\u00f3n en los pr\u00f3ximos partidos del Campeonato Nacional 2026.\" \/>\n<meta property=\"og:url\" content=\"https:\/\/tipnexa.com\/blog\/javier-correa-baja-clave-en-colo-colo-por-lesion-muscular\/\" \/>\n<meta property=\"og:site_name\" content=\"Tipnexa\" \/>\n<meta property=\"article:published_time\" content=\"2026-03-17T20:47:05+00:00\" \/>\n<meta property=\"og:image\" content=\"https:\/\/tipnexa.com\/blog\/wp-content\/uploads\/2026\/03\/javier-correa-baja-clave-en-colo-colo-por-lesion-muscular-1773780420861-1024x585.png\" \/>\n\t<meta property=\"og:image:width\" content=\"1024\" \/>\n\t<meta property=\"og:image:height\" content=\"585\" \/>\n\t<meta property=\"og:image:type\" content=\"image\/png\" \/>\n<meta name=\"author\" content=\"admin\" \/>\n<meta name=\"twitter:card\" content=\"summary_large_image\" \/>\n<meta name=\"twitter:label1\" content=\"Escrito por\" \/>\n\t<meta name=\"twitter:data1\" content=\"admin\" \/>\n\t<meta name=\"twitter:label2\" content=\"Tiempo de lectura\" \/>\n\t<meta name=\"twitter:data2\" content=\"2 minutos\" \/>\n<script type=\"application\/ld+json\" class=\"yoast-schema-graph\">{\"@context\":\"https:\/\/schema.org\",\"@graph\":[{\"@type\":\"Article\",\"@id\":\"https:\/\/tipnexa.com\/blog\/javier-correa-baja-clave-en-colo-colo-por-lesion-muscular\/#article\",\"isPartOf\":{\"@id\":\"https:\/\/tipnexa.com\/blog\/javier-correa-baja-clave-en-colo-colo-por-lesion-muscular\/\"},\"author\":{\"name\":\"admin\",\"@id\":\"https:\/\/tipnexa.com\/blog\/#\/schema\/person\/fcfe9a20877b14cc7f2bc3ce77f6d3cf\"},\"headline\":\"Javier Correa: Baja Clave en Colo Colo por Lesi\u00f3n Muscular\",\"datePublished\":\"2026-03-17T20:47:05+00:00\",\"mainEntityOfPage\":{\"@id\":\"https:\/\/tipnexa.com\/blog\/javier-correa-baja-clave-en-colo-colo-por-lesion-muscular\/\"},\"wordCount\":418,\"commentCount\":0,\"publisher\":{\"@id\":\"https:\/\/tipnexa.com\/blog\/#organization\"},\"image\":{\"@id\":\"https:\/\/tipnexa.com\/blog\/javier-correa-baja-clave-en-colo-colo-por-lesion-muscular\/#primaryimage\"},\"thumbnailUrl\":\"https:\/\/tipnexa.com\/blog\/wp-content\/uploads\/2026\/03\/javier-correa-baja-clave-en-colo-colo-por-lesion-muscular-1773780420861.png\",\"articleSection\":[\"Clubes\",\"F\u00fatbol Internacional\"],\"inLanguage\":\"es\",\"potentialAction\":[{\"@type\":\"CommentAction\",\"name\":\"Comment\",\"target\":[\"https:\/\/tipnexa.com\/blog\/javier-correa-baja-clave-en-colo-colo-por-lesion-muscular\/#respond\"]}]},{\"@type\":\"WebPage\",\"@id\":\"https:\/\/tipnexa.com\/blog\/javier-correa-baja-clave-en-colo-colo-por-lesion-muscular\/\",\"url\":\"https:\/\/tipnexa.com\/blog\/javier-correa-baja-clave-en-colo-colo-por-lesion-muscular\/\",\"name\":\"Javier Correa: Baja Clave en Colo Colo por Lesi\u00f3n Muscular - Tipnexa\",\"isPartOf\":{\"@id\":\"https:\/\/tipnexa.com\/blog\/#website\"},\"primaryImageOfPage\":{\"@id\":\"https:\/\/tipnexa.com\/blog\/javier-correa-baja-clave-en-colo-colo-por-lesion-muscular\/#primaryimage\"},\"image\":{\"@id\":\"https:\/\/tipnexa.com\/blog\/javier-correa-baja-clave-en-colo-colo-por-lesion-muscular\/#primaryimage\"},\"thumbnailUrl\":\"https:\/\/tipnexa.com\/blog\/wp-content\/uploads\/2026\/03\/javier-correa-baja-clave-en-colo-colo-por-lesion-muscular-1773780420861.png\",\"datePublished\":\"2026-03-17T20:47:05+00:00\",\"breadcrumb\":{\"@id\":\"https:\/\/tipnexa.com\/blog\/javier-correa-baja-clave-en-colo-colo-por-lesion-muscular\/#breadcrumb\"},\"inLanguage\":\"es\",\"potentialAction\":[{\"@type\":\"ReadAction\",\"target\":[\"https:\/\/tipnexa.com\/blog\/javier-correa-baja-clave-en-colo-colo-por-lesion-muscular\/\"]}]},{\"@type\":\"ImageObject\",\"inLanguage\":\"es\",\"@id\":\"https:\/\/tipnexa.com\/blog\/javier-correa-baja-clave-en-colo-colo-por-lesion-muscular\/#primaryimage\",\"url\":\"https:\/\/tipnexa.com\/blog\/wp-content\/uploads\/2026\/03\/javier-correa-baja-clave-en-colo-colo-por-lesion-muscular-1773780420861.png\",\"contentUrl\":\"https:\/\/tipnexa.com\/blog\/wp-content\/uploads\/2026\/03\/javier-correa-baja-clave-en-colo-colo-por-lesion-muscular-1773780420861.png\",\"width\":1344,\"height\":768},{\"@type\":\"BreadcrumbList\",\"@id\":\"https:\/\/tipnexa.com\/blog\/javier-correa-baja-clave-en-colo-colo-por-lesion-muscular\/#breadcrumb\",\"itemListElement\":[{\"@type\":\"ListItem\",\"position\":1,\"name\":\"Portada\",\"item\":\"https:\/\/tipnexa.com\/blog\/\"},{\"@type\":\"ListItem\",\"position\":2,\"name\":\"Javier Correa: Baja Clave en Colo Colo por Lesi\u00f3n Muscular\"}]},{\"@type\":\"WebSite\",\"@id\":\"https:\/\/tipnexa.com\/blog\/#website\",\"url\":\"https:\/\/tipnexa.com\/blog\/\",\"name\":\"Blog de Tipnexa\",\"description\":\"Descubre en el blog de Tipnexa las \u00faltimas noticias de f\u00fatbol, pron\u00f3sticos, an\u00e1lisis de partidos, ligas y equipos con enfoque experto y datos actualizados.\",\"publisher\":{\"@id\":\"https:\/\/tipnexa.com\/blog\/#organization\"},\"alternateName\":\"Blog de Tipnexa\",\"potentialAction\":[{\"@type\":\"SearchAction\",\"target\":{\"@type\":\"EntryPoint\",\"urlTemplate\":\"https:\/\/tipnexa.com\/blog\/?s={search_term_string}\"},\"query-input\":{\"@type\":\"PropertyValueSpecification\",\"valueRequired\":true,\"valueName\":\"search_term_string\"}}],\"inLanguage\":\"es\"},{\"@type\":\"Organization\",\"@id\":\"https:\/\/tipnexa.com\/blog\/#organization\",\"name\":\"Tipnexa\",\"url\":\"https:\/\/tipnexa.com\/blog\/\",\"logo\":{\"@type\":\"ImageObject\",\"inLanguage\":\"es\",\"@id\":\"https:\/\/tipnexa.com\/blog\/#\/schema\/logo\/image\/\",\"url\":\"https:\/\/tipnexa.com\/blog\/wp-content\/uploads\/2026\/03\/192x192.png\",\"contentUrl\":\"https:\/\/tipnexa.com\/blog\/wp-content\/uploads\/2026\/03\/192x192.png\",\"width\":192,\"height\":192,\"caption\":\"Tipnexa\"},\"image\":{\"@id\":\"https:\/\/tipnexa.com\/blog\/#\/schema\/logo\/image\/\"}},{\"@type\":\"Person\",\"@id\":\"https:\/\/tipnexa.com\/blog\/#\/schema\/person\/fcfe9a20877b14cc7f2bc3ce77f6d3cf\",\"name\":\"admin\",\"image\":{\"@type\":\"ImageObject\",\"inLanguage\":\"es\",\"@id\":\"https:\/\/secure.gravatar.com\/avatar\/b4f14cb9d9d12a445b91a477b3cf143c91ca7da26f03b6815b159c10ce2e2c74?s=96&d=mm&r=g\",\"url\":\"https:\/\/secure.gravatar.com\/avatar\/b4f14cb9d9d12a445b91a477b3cf143c91ca7da26f03b6815b159c10ce2e2c74?s=96&d=mm&r=g\",\"contentUrl\":\"https:\/\/secure.gravatar.com\/avatar\/b4f14cb9d9d12a445b91a477b3cf143c91ca7da26f03b6815b159c10ce2e2c74?s=96&d=mm&r=g\",\"caption\":\"admin\"},\"sameAs\":[\"https:\/\/tipnexa.com\/blog\"],\"url\":\"https:\/\/tipnexa.com\/blog\/author\/admin\/\"}]}<\/script>\n<!-- \/ Yoast SEO plugin. -->","yoast_head_json":{"title":"Javier Correa: Baja Clave en Colo Colo por Lesi\u00f3n Muscular - Tipnexa","robots":{"index":"index","follow":"follow","max-snippet":"max-snippet:-1","max-image-preview":"max-image-preview:large","max-video-preview":"max-video-preview:-1"},"canonical":"https:\/\/tipnexa.com\/blog\/javier-correa-baja-clave-en-colo-colo-por-lesion-muscular\/","og_locale":"es_ES","og_type":"article","og_title":"Javier Correa: Baja Clave en Colo Colo por Lesi\u00f3n Muscular - Tipnexa","og_description":"Javier Correa sufre desgarro y ser\u00e1 baja clave en Colo Colo por 2-3 semanas. Conoce el impacto de su lesi\u00f3n en los pr\u00f3ximos partidos del Campeonato Nacional 2026.","og_url":"https:\/\/tipnexa.com\/blog\/javier-correa-baja-clave-en-colo-colo-por-lesion-muscular\/","og_site_name":"Tipnexa","article_published_time":"2026-03-17T20:47:05+00:00","og_image":[{"width":1024,"height":585,"url":"https:\/\/tipnexa.com\/blog\/wp-content\/uploads\/2026\/03\/javier-correa-baja-clave-en-colo-colo-por-lesion-muscular-1773780420861-1024x585.png","type":"image\/png"}],"author":"admin","twitter_card":"summary_large_image","twitter_misc":{"Escrito por":"admin","Tiempo de lectura":"2 minutos"},"schema":{"@context":"https:\/\/schema.org","@graph":[{"@type":"Article","@id":"https:\/\/tipnexa.com\/blog\/javier-correa-baja-clave-en-colo-colo-por-lesion-muscular\/#article","isPartOf":{"@id":"https:\/\/tipnexa.com\/blog\/javier-correa-baja-clave-en-colo-colo-por-lesion-muscular\/"},"author":{"name":"admin","@id":"https:\/\/tipnexa.com\/blog\/#\/schema\/person\/fcfe9a20877b14cc7f2bc3ce77f6d3cf"},"headline":"Javier Correa: Baja Clave en Colo Colo por Lesi\u00f3n Muscular","datePublished":"2026-03-17T20:47:05+00:00","mainEntityOfPage":{"@id":"https:\/\/tipnexa.com\/blog\/javier-correa-baja-clave-en-colo-colo-por-lesion-muscular\/"},"wordCount":418,"commentCount":0,"publisher":{"@id":"https:\/\/tipnexa.com\/blog\/#organization"},"image":{"@id":"https:\/\/tipnexa.com\/blog\/javier-correa-baja-clave-en-colo-colo-por-lesion-muscular\/#primaryimage"},"thumbnailUrl":"https:\/\/tipnexa.com\/blog\/wp-content\/uploads\/2026\/03\/javier-correa-baja-clave-en-colo-colo-por-lesion-muscular-1773780420861.png","articleSection":["Clubes","F\u00fatbol Internacional"],"inLanguage":"es","potentialAction":[{"@type":"CommentAction","name":"Comment","target":["https:\/\/tipnexa.com\/blog\/javier-correa-baja-clave-en-colo-colo-por-lesion-muscular\/#respond"]}]},{"@type":"WebPage","@id":"https:\/\/tipnexa.com\/blog\/javier-correa-baja-clave-en-colo-colo-por-lesion-muscular\/","url":"https:\/\/tipnexa.com\/blog\/javier-correa-baja-clave-en-colo-colo-por-lesion-muscular\/","name":"Javier Correa: Baja Clave en Colo Colo por Lesi\u00f3n Muscular - Tipnexa","isPartOf":{"@id":"https:\/\/tipnexa.com\/blog\/#website"},"primaryImageOfPage":{"@id":"https:\/\/tipnexa.com\/blog\/javier-correa-baja-clave-en-colo-colo-por-lesion-muscular\/#primaryimage"},"image":{"@id":"https:\/\/tipnexa.com\/blog\/javier-correa-baja-clave-en-colo-colo-por-lesion-muscular\/#primaryimage"},"thumbnailUrl":"https:\/\/tipnexa.com\/blog\/wp-content\/uploads\/2026\/03\/javier-correa-baja-clave-en-colo-colo-por-lesion-muscular-1773780420861.png","datePublished":"2026-03-17T20:47:05+00:00","breadcrumb":{"@id":"https:\/\/tipnexa.com\/blog\/javier-correa-baja-clave-en-colo-colo-por-lesion-muscular\/#breadcrumb"},"inLanguage":"es","potentialAction":[{"@type":"ReadAction","target":["https:\/\/tipnexa.com\/blog\/javier-correa-baja-clave-en-colo-colo-por-lesion-muscular\/"]}]},{"@type":"ImageObject","inLanguage":"es","@id":"https:\/\/tipnexa.com\/blog\/javier-correa-baja-clave-en-colo-colo-por-lesion-muscular\/#primaryimage","url":"https:\/\/tipnexa.com\/blog\/wp-content\/uploads\/2026\/03\/javier-correa-baja-clave-en-colo-colo-por-lesion-muscular-1773780420861.png","contentUrl":"https:\/\/tipnexa.com\/blog\/wp-content\/uploads\/2026\/03\/javier-correa-baja-clave-en-colo-colo-por-lesion-muscular-1773780420861.png","width":1344,"height":768},{"@type":"BreadcrumbList","@id":"https:\/\/tipnexa.com\/blog\/javier-correa-baja-clave-en-colo-colo-por-lesion-muscular\/#breadcrumb","itemListElement":[{"@type":"ListItem","position":1,"name":"Portada","item":"https:\/\/tipnexa.com\/blog\/"},{"@type":"ListItem","position":2,"name":"Javier Correa: Baja Clave en Colo Colo por Lesi\u00f3n Muscular"}]},{"@type":"WebSite","@id":"https:\/\/tipnexa.com\/blog\/#website","url":"https:\/\/tipnexa.com\/blog\/","name":"Blog de Tipnexa","description":"Descubre en el blog de Tipnexa las \u00faltimas noticias de f\u00fatbol, pron\u00f3sticos, an\u00e1lisis de partidos, ligas y equipos con enfoque experto y datos actualizados.","publisher":{"@id":"https:\/\/tipnexa.com\/blog\/#organization"},"alternateName":"Blog de Tipnexa","potentialAction":[{"@type":"SearchAction","target":{"@type":"EntryPoint","urlTemplate":"https:\/\/tipnexa.com\/blog\/?s={search_term_string}"},"query-input":{"@type":"PropertyValueSpecification","valueRequired":true,"valueName":"search_term_string"}}],"inLanguage":"es"},{"@type":"Organization","@id":"https:\/\/tipnexa.com\/blog\/#organization","name":"Tipnexa","url":"https:\/\/tipnexa.com\/blog\/","logo":{"@type":"ImageObject","inLanguage":"es","@id":"https:\/\/tipnexa.com\/blog\/#\/schema\/logo\/image\/","url":"https:\/\/tipnexa.com\/blog\/wp-content\/uploads\/2026\/03\/192x192.png","contentUrl":"https:\/\/tipnexa.com\/blog\/wp-content\/uploads\/2026\/03\/192x192.png","width":192,"height":192,"caption":"Tipnexa"},"image":{"@id":"https:\/\/tipnexa.com\/blog\/#\/schema\/logo\/image\/"}},{"@type":"Person","@id":"https:\/\/tipnexa.com\/blog\/#\/schema\/person\/fcfe9a20877b14cc7f2bc3ce77f6d3cf","name":"admin","image":{"@type":"ImageObject","inLanguage":"es","@id":"https:\/\/secure.gravatar.com\/avatar\/b4f14cb9d9d12a445b91a477b3cf143c91ca7da26f03b6815b159c10ce2e2c74?s=96&d=mm&r=g","url":"https:\/\/secure.gravatar.com\/avatar\/b4f14cb9d9d12a445b91a477b3cf143c91ca7da26f03b6815b159c10ce2e2c74?s=96&d=mm&r=g","contentUrl":"https:\/\/secure.gravatar.com\/avatar\/b4f14cb9d9d12a445b91a477b3cf143c91ca7da26f03b6815b159c10ce2e2c74?s=96&d=mm&r=g","caption":"admin"},"sameAs":["https:\/\/tipnexa.com\/blog"],"url":"https:\/\/tipnexa.com\/blog\/author\/admin\/"}]}},"_links":{"self":[{"href":"https:\/\/tipnexa.com\/blog\/wp-json\/wp\/v2\/posts\/2702","targetHints":{"allow":["GET"]}}],"collection":[{"href":"https:\/\/tipnexa.com\/blog\/wp-json\/wp\/v2\/posts"}],"about":[{"href":"https:\/\/tipnexa.com\/blog\/wp-json\/wp\/v2\/types\/post"}],"author":[{"embeddable":true,"href":"https:\/\/tipnexa.com\/blog\/wp-json\/wp\/v2\/users\/1"}],"replies":[{"embeddable":true,"href":"https:\/\/tipnexa.com\/blog\/wp-json\/wp\/v2\/comments?post=2702"}],"version-history":[{"count":0,"href":"https:\/\/tipnexa.com\/blog\/wp-json\/wp\/v2\/posts\/2702\/revisions"}],"wp:featuredmedia":[{"embeddable":true,"href":"https:\/\/tipnexa.com\/blog\/wp-json\/wp\/v2\/media\/2701"}],"wp:attachment":[{"href":"https:\/\/tipnexa.com\/blog\/wp-json\/wp\/v2\/media?parent=2702"}],"wp:term":[{"taxonomy":"category","embeddable":true,"href":"https:\/\/tipnexa.com\/blog\/wp-json\/wp\/v2\/categories?post=2702"},{"taxonomy":"post_tag","embeddable":true,"href":"https:\/\/tipnexa.com\/blog\/wp-json\/wp\/v2\/tags?post=2702"}],"curies":[{"name":"wp","href":"https:\/\/api.w.org\/{rel}","templated":true}]}}