{"id":2604,"date":"2026-03-17T12:55:47","date_gmt":"2026-03-17T17:55:47","guid":{"rendered":"https:\/\/tipnexa.com\/blog\/aldair-quintana-refuerza-el-arco-de-independiente-del-valle-en-2026\/"},"modified":"2026-03-17T12:55:47","modified_gmt":"2026-03-17T17:55:47","slug":"aldair-quintana-refuerza-el-arco-de-independiente-del-valle-en-2026","status":"publish","type":"post","link":"https:\/\/tipnexa.com\/blog\/aldair-quintana-refuerza-el-arco-de-independiente-del-valle-en-2026\/","title":{"rendered":"Aldair Quintana Refuerza el Arco de Independiente del Valle en 2026"},"content":{"rendered":"<p>Independiente del Valle, el campe\u00f3n ecuatoriano, ha concretado un importante refuerzo para su porter\u00eda con la llegada del experimentado arquero colombiano <strong>Aldair Quintana<\/strong>. A sus 31 a\u00f1os, Quintana asume este nuevo desaf\u00edo internacional en la <strong>temporada 2026<\/strong>, buscando consolidar la defensa del equipo tras la baja por lesi\u00f3n de Guido Villar.<\/p>\n<h2>Un Reto Internacional y Experiencia Consolidada<\/h2>\n<p>La decisi\u00f3n de Quintana de unirse a Independiente del Valle marca su primera experiencia fuera de Colombia. A su llegada, expres\u00f3 su orgullo: \u00abEs un orgullo que un club tan importante como Independiente se haya fijado en m\u00ed. Decid\u00ed tomar este reto por lo que significa Independiente y por ser mi primera experiencia internacional\u00bb. El guardameta destac\u00f3 la organizaci\u00f3n del club y sus \u00e9xitos internacionales, afirmando haber recibido excelentes referencias, incluso de su amigo Juan Cazares.<\/p>\n<p>La carrera de Quintana se forj\u00f3 en importantes clubes colombianos como Atl\u00e9tico Nacional, Independiente Medell\u00edn, Deportes Tolima y Deportivo Pereira. Su \u00faltima etapa en Atl\u00e9tico Bucaramanga fue exitosa, coron\u00e1ndose campe\u00f3n del Apertura 2024. Su emotiva despedida de Colombia refleja el cari\u00f1o y el gran trabajo realizado en su pa\u00eds, donde dej\u00f3 amistades y un legado de profesionalismo. Para m\u00e1s detalles sobre <a href=\"https:\/\/tipnexa.com\/blog\/universitario-y-su-estrategia-buscando-jovenes-talentos-en-japon-con-velazco\/\">estrategias de clubes<\/a> y movimientos en el f\u00fatbol, puedes visitar nuestro blog.<\/p>\n<h2>Estrategia Clave para la Porter\u00eda<\/h2>\n<p>La incorporaci\u00f3n de Aldair Quintana responde a una necesidad estrat\u00e9gica de Independiente del Valle. La lesi\u00f3n de rodilla de Guido Villar, sumada a la recuperaci\u00f3n de Eduardo Bores y la juventud de Miguel Peralta (17 a\u00f1os), dejaba la porter\u00eda con opciones prometedoras pero menos experimentadas. La llegada de Quintana aporta la solidez y el liderazgo necesarios para afrontar los desaf\u00edos de la liga local y las competiciones internacionales en 2026. Su experiencia ser\u00e1 fundamental para guiar a los j\u00f3venes talentos del equipo.<\/p>\n<p>Este movimiento subraya la visi\u00f3n de Independiente del Valle de combinar juventud con experiencia, asegurando una plantilla competitiva y equilibrada. La afici\u00f3n espera que <strong>Aldair Quintana<\/strong> sea un pilar en la consecuci\u00f3n de nuevos \u00e9xitos. Para m\u00e1s an\u00e1lisis sobre el f\u00fatbol internacional y las \u00faltimas noticias, visita <a href=\"https:\/\/tipnexa.com\/blog\/\">nuestro blog<\/a>.<\/p>\n<h2>Conclusi\u00f3n<\/h2>\n<p>La llegada de <strong>Aldair Quintana<\/strong> a Independiente del Valle es un paso significativo que refuerza la porter\u00eda del equipo con un arquero de probada trayectoria. Su experiencia y liderazgo ser\u00e1n cruciales para las aspiraciones del club en la temporada 2026, tanto a nivel nacional como internacional. Este fichaje estrat\u00e9gico demuestra el compromiso de Independiente del Valle por mantener su nivel competitivo y seguir cosechando triunfos.<\/p>\n","protected":false},"excerpt":{"rendered":"<p>Aldair Quintana, el experimentado arquero colombiano, se une a Independiente del Valle para la temporada 2026. Descubre los detalles de su llegada y el impacto de este refuerzo clave.<\/p>\n","protected":false},"author":1,"featured_media":2603,"comment_status":"open","ping_status":"open","sticky":false,"template":"","format":"standard","meta":{"footnotes":""},"categories":[10,16],"tags":[],"class_list":["post-2604","post","type-post","status-publish","format-standard","has-post-thumbnail","hentry","category-clubes","category-futbol-internacional"],"yoast_head":"<!-- This site is optimized with the Yoast SEO plugin v27.2 - https:\/\/yoast.com\/product\/yoast-seo-wordpress\/ -->\n<title>Aldair Quintana Refuerza el Arco de Independiente del Valle en 2026 - Tipnexa<\/title>\n<meta name=\"robots\" content=\"index, follow, max-snippet:-1, max-image-preview:large, max-video-preview:-1\" \/>\n<link rel=\"canonical\" href=\"https:\/\/tipnexa.com\/blog\/aldair-quintana-refuerza-el-arco-de-independiente-del-valle-en-2026\/\" \/>\n<meta property=\"og:locale\" content=\"es_ES\" \/>\n<meta property=\"og:type\" content=\"article\" \/>\n<meta property=\"og:title\" content=\"Aldair Quintana Refuerza el Arco de Independiente del Valle en 2026 - Tipnexa\" \/>\n<meta property=\"og:description\" content=\"Aldair Quintana, el experimentado arquero colombiano, se une a Independiente del Valle para la temporada 2026. Descubre los detalles de su llegada y el impacto de este refuerzo clave.\" \/>\n<meta property=\"og:url\" content=\"https:\/\/tipnexa.com\/blog\/aldair-quintana-refuerza-el-arco-de-independiente-del-valle-en-2026\/\" \/>\n<meta property=\"og:site_name\" content=\"Tipnexa\" \/>\n<meta property=\"article:published_time\" content=\"2026-03-17T17:55:47+00:00\" \/>\n<meta property=\"og:image\" content=\"https:\/\/tipnexa.com\/blog\/wp-content\/uploads\/2026\/03\/aldair-quintana-refuerza-el-arco-de-independiente-del-valle-en-2026-1773770143701.png\" \/>\n\t<meta property=\"og:image:width\" content=\"1344\" \/>\n\t<meta property=\"og:image:height\" content=\"768\" \/>\n\t<meta property=\"og:image:type\" content=\"image\/png\" \/>\n<meta name=\"author\" content=\"admin\" \/>\n<meta name=\"twitter:card\" content=\"summary_large_image\" \/>\n<meta name=\"twitter:label1\" content=\"Escrito por\" \/>\n\t<meta name=\"twitter:data1\" content=\"admin\" \/>\n\t<meta name=\"twitter:label2\" content=\"Tiempo de lectura\" \/>\n\t<meta name=\"twitter:data2\" content=\"2 minutos\" \/>\n<script type=\"application\/ld+json\" class=\"yoast-schema-graph\">{\"@context\":\"https:\/\/schema.org\",\"@graph\":[{\"@type\":\"Article\",\"@id\":\"https:\/\/tipnexa.com\/blog\/aldair-quintana-refuerza-el-arco-de-independiente-del-valle-en-2026\/#article\",\"isPartOf\":{\"@id\":\"https:\/\/tipnexa.com\/blog\/aldair-quintana-refuerza-el-arco-de-independiente-del-valle-en-2026\/\"},\"author\":{\"name\":\"admin\",\"@id\":\"https:\/\/tipnexa.com\/blog\/#\/schema\/person\/fcfe9a20877b14cc7f2bc3ce77f6d3cf\"},\"headline\":\"Aldair Quintana Refuerza el Arco de Independiente del Valle en 2026\",\"datePublished\":\"2026-03-17T17:55:47+00:00\",\"mainEntityOfPage\":{\"@id\":\"https:\/\/tipnexa.com\/blog\/aldair-quintana-refuerza-el-arco-de-independiente-del-valle-en-2026\/\"},\"wordCount\":447,\"commentCount\":0,\"publisher\":{\"@id\":\"https:\/\/tipnexa.com\/blog\/#organization\"},\"image\":{\"@id\":\"https:\/\/tipnexa.com\/blog\/aldair-quintana-refuerza-el-arco-de-independiente-del-valle-en-2026\/#primaryimage\"},\"thumbnailUrl\":\"https:\/\/tipnexa.com\/blog\/wp-content\/uploads\/2026\/03\/aldair-quintana-refuerza-el-arco-de-independiente-del-valle-en-2026-1773770143701.png\",\"articleSection\":[\"Clubes\",\"F\u00fatbol Internacional\"],\"inLanguage\":\"es\",\"potentialAction\":[{\"@type\":\"CommentAction\",\"name\":\"Comment\",\"target\":[\"https:\/\/tipnexa.com\/blog\/aldair-quintana-refuerza-el-arco-de-independiente-del-valle-en-2026\/#respond\"]}]},{\"@type\":\"WebPage\",\"@id\":\"https:\/\/tipnexa.com\/blog\/aldair-quintana-refuerza-el-arco-de-independiente-del-valle-en-2026\/\",\"url\":\"https:\/\/tipnexa.com\/blog\/aldair-quintana-refuerza-el-arco-de-independiente-del-valle-en-2026\/\",\"name\":\"Aldair Quintana Refuerza el Arco de Independiente del Valle en 2026 - Tipnexa\",\"isPartOf\":{\"@id\":\"https:\/\/tipnexa.com\/blog\/#website\"},\"primaryImageOfPage\":{\"@id\":\"https:\/\/tipnexa.com\/blog\/aldair-quintana-refuerza-el-arco-de-independiente-del-valle-en-2026\/#primaryimage\"},\"image\":{\"@id\":\"https:\/\/tipnexa.com\/blog\/aldair-quintana-refuerza-el-arco-de-independiente-del-valle-en-2026\/#primaryimage\"},\"thumbnailUrl\":\"https:\/\/tipnexa.com\/blog\/wp-content\/uploads\/2026\/03\/aldair-quintana-refuerza-el-arco-de-independiente-del-valle-en-2026-1773770143701.png\",\"datePublished\":\"2026-03-17T17:55:47+00:00\",\"breadcrumb\":{\"@id\":\"https:\/\/tipnexa.com\/blog\/aldair-quintana-refuerza-el-arco-de-independiente-del-valle-en-2026\/#breadcrumb\"},\"inLanguage\":\"es\",\"potentialAction\":[{\"@type\":\"ReadAction\",\"target\":[\"https:\/\/tipnexa.com\/blog\/aldair-quintana-refuerza-el-arco-de-independiente-del-valle-en-2026\/\"]}]},{\"@type\":\"ImageObject\",\"inLanguage\":\"es\",\"@id\":\"https:\/\/tipnexa.com\/blog\/aldair-quintana-refuerza-el-arco-de-independiente-del-valle-en-2026\/#primaryimage\",\"url\":\"https:\/\/tipnexa.com\/blog\/wp-content\/uploads\/2026\/03\/aldair-quintana-refuerza-el-arco-de-independiente-del-valle-en-2026-1773770143701.png\",\"contentUrl\":\"https:\/\/tipnexa.com\/blog\/wp-content\/uploads\/2026\/03\/aldair-quintana-refuerza-el-arco-de-independiente-del-valle-en-2026-1773770143701.png\",\"width\":1344,\"height\":768},{\"@type\":\"BreadcrumbList\",\"@id\":\"https:\/\/tipnexa.com\/blog\/aldair-quintana-refuerza-el-arco-de-independiente-del-valle-en-2026\/#breadcrumb\",\"itemListElement\":[{\"@type\":\"ListItem\",\"position\":1,\"name\":\"Portada\",\"item\":\"https:\/\/tipnexa.com\/blog\/\"},{\"@type\":\"ListItem\",\"position\":2,\"name\":\"Aldair Quintana Refuerza el Arco de Independiente del Valle en 2026\"}]},{\"@type\":\"WebSite\",\"@id\":\"https:\/\/tipnexa.com\/blog\/#website\",\"url\":\"https:\/\/tipnexa.com\/blog\/\",\"name\":\"Blog de Tipnexa\",\"description\":\"Descubre en el blog de Tipnexa las \u00faltimas noticias de f\u00fatbol, pron\u00f3sticos, an\u00e1lisis de partidos, ligas y equipos con enfoque experto y datos actualizados.\",\"publisher\":{\"@id\":\"https:\/\/tipnexa.com\/blog\/#organization\"},\"alternateName\":\"Blog de Tipnexa\",\"potentialAction\":[{\"@type\":\"SearchAction\",\"target\":{\"@type\":\"EntryPoint\",\"urlTemplate\":\"https:\/\/tipnexa.com\/blog\/?s={search_term_string}\"},\"query-input\":{\"@type\":\"PropertyValueSpecification\",\"valueRequired\":true,\"valueName\":\"search_term_string\"}}],\"inLanguage\":\"es\"},{\"@type\":\"Organization\",\"@id\":\"https:\/\/tipnexa.com\/blog\/#organization\",\"name\":\"Tipnexa\",\"url\":\"https:\/\/tipnexa.com\/blog\/\",\"logo\":{\"@type\":\"ImageObject\",\"inLanguage\":\"es\",\"@id\":\"https:\/\/tipnexa.com\/blog\/#\/schema\/logo\/image\/\",\"url\":\"https:\/\/tipnexa.com\/blog\/wp-content\/uploads\/2026\/03\/192x192.png\",\"contentUrl\":\"https:\/\/tipnexa.com\/blog\/wp-content\/uploads\/2026\/03\/192x192.png\",\"width\":192,\"height\":192,\"caption\":\"Tipnexa\"},\"image\":{\"@id\":\"https:\/\/tipnexa.com\/blog\/#\/schema\/logo\/image\/\"}},{\"@type\":\"Person\",\"@id\":\"https:\/\/tipnexa.com\/blog\/#\/schema\/person\/fcfe9a20877b14cc7f2bc3ce77f6d3cf\",\"name\":\"admin\",\"image\":{\"@type\":\"ImageObject\",\"inLanguage\":\"es\",\"@id\":\"https:\/\/secure.gravatar.com\/avatar\/b4f14cb9d9d12a445b91a477b3cf143c91ca7da26f03b6815b159c10ce2e2c74?s=96&d=mm&r=g\",\"url\":\"https:\/\/secure.gravatar.com\/avatar\/b4f14cb9d9d12a445b91a477b3cf143c91ca7da26f03b6815b159c10ce2e2c74?s=96&d=mm&r=g\",\"contentUrl\":\"https:\/\/secure.gravatar.com\/avatar\/b4f14cb9d9d12a445b91a477b3cf143c91ca7da26f03b6815b159c10ce2e2c74?s=96&d=mm&r=g\",\"caption\":\"admin\"},\"sameAs\":[\"https:\/\/tipnexa.com\/blog\"],\"url\":\"https:\/\/tipnexa.com\/blog\/author\/admin\/\"}]}<\/script>\n<!-- \/ Yoast SEO plugin. -->","yoast_head_json":{"title":"Aldair Quintana Refuerza el Arco de Independiente del Valle en 2026 - Tipnexa","robots":{"index":"index","follow":"follow","max-snippet":"max-snippet:-1","max-image-preview":"max-image-preview:large","max-video-preview":"max-video-preview:-1"},"canonical":"https:\/\/tipnexa.com\/blog\/aldair-quintana-refuerza-el-arco-de-independiente-del-valle-en-2026\/","og_locale":"es_ES","og_type":"article","og_title":"Aldair Quintana Refuerza el Arco de Independiente del Valle en 2026 - Tipnexa","og_description":"Aldair Quintana, el experimentado arquero colombiano, se une a Independiente del Valle para la temporada 2026. Descubre los detalles de su llegada y el impacto de este refuerzo clave.","og_url":"https:\/\/tipnexa.com\/blog\/aldair-quintana-refuerza-el-arco-de-independiente-del-valle-en-2026\/","og_site_name":"Tipnexa","article_published_time":"2026-03-17T17:55:47+00:00","og_image":[{"width":1344,"height":768,"url":"https:\/\/tipnexa.com\/blog\/wp-content\/uploads\/2026\/03\/aldair-quintana-refuerza-el-arco-de-independiente-del-valle-en-2026-1773770143701.png","type":"image\/png"}],"author":"admin","twitter_card":"summary_large_image","twitter_misc":{"Escrito por":"admin","Tiempo de lectura":"2 minutos"},"schema":{"@context":"https:\/\/schema.org","@graph":[{"@type":"Article","@id":"https:\/\/tipnexa.com\/blog\/aldair-quintana-refuerza-el-arco-de-independiente-del-valle-en-2026\/#article","isPartOf":{"@id":"https:\/\/tipnexa.com\/blog\/aldair-quintana-refuerza-el-arco-de-independiente-del-valle-en-2026\/"},"author":{"name":"admin","@id":"https:\/\/tipnexa.com\/blog\/#\/schema\/person\/fcfe9a20877b14cc7f2bc3ce77f6d3cf"},"headline":"Aldair Quintana Refuerza el Arco de Independiente del Valle en 2026","datePublished":"2026-03-17T17:55:47+00:00","mainEntityOfPage":{"@id":"https:\/\/tipnexa.com\/blog\/aldair-quintana-refuerza-el-arco-de-independiente-del-valle-en-2026\/"},"wordCount":447,"commentCount":0,"publisher":{"@id":"https:\/\/tipnexa.com\/blog\/#organization"},"image":{"@id":"https:\/\/tipnexa.com\/blog\/aldair-quintana-refuerza-el-arco-de-independiente-del-valle-en-2026\/#primaryimage"},"thumbnailUrl":"https:\/\/tipnexa.com\/blog\/wp-content\/uploads\/2026\/03\/aldair-quintana-refuerza-el-arco-de-independiente-del-valle-en-2026-1773770143701.png","articleSection":["Clubes","F\u00fatbol Internacional"],"inLanguage":"es","potentialAction":[{"@type":"CommentAction","name":"Comment","target":["https:\/\/tipnexa.com\/blog\/aldair-quintana-refuerza-el-arco-de-independiente-del-valle-en-2026\/#respond"]}]},{"@type":"WebPage","@id":"https:\/\/tipnexa.com\/blog\/aldair-quintana-refuerza-el-arco-de-independiente-del-valle-en-2026\/","url":"https:\/\/tipnexa.com\/blog\/aldair-quintana-refuerza-el-arco-de-independiente-del-valle-en-2026\/","name":"Aldair Quintana Refuerza el Arco de Independiente del Valle en 2026 - Tipnexa","isPartOf":{"@id":"https:\/\/tipnexa.com\/blog\/#website"},"primaryImageOfPage":{"@id":"https:\/\/tipnexa.com\/blog\/aldair-quintana-refuerza-el-arco-de-independiente-del-valle-en-2026\/#primaryimage"},"image":{"@id":"https:\/\/tipnexa.com\/blog\/aldair-quintana-refuerza-el-arco-de-independiente-del-valle-en-2026\/#primaryimage"},"thumbnailUrl":"https:\/\/tipnexa.com\/blog\/wp-content\/uploads\/2026\/03\/aldair-quintana-refuerza-el-arco-de-independiente-del-valle-en-2026-1773770143701.png","datePublished":"2026-03-17T17:55:47+00:00","breadcrumb":{"@id":"https:\/\/tipnexa.com\/blog\/aldair-quintana-refuerza-el-arco-de-independiente-del-valle-en-2026\/#breadcrumb"},"inLanguage":"es","potentialAction":[{"@type":"ReadAction","target":["https:\/\/tipnexa.com\/blog\/aldair-quintana-refuerza-el-arco-de-independiente-del-valle-en-2026\/"]}]},{"@type":"ImageObject","inLanguage":"es","@id":"https:\/\/tipnexa.com\/blog\/aldair-quintana-refuerza-el-arco-de-independiente-del-valle-en-2026\/#primaryimage","url":"https:\/\/tipnexa.com\/blog\/wp-content\/uploads\/2026\/03\/aldair-quintana-refuerza-el-arco-de-independiente-del-valle-en-2026-1773770143701.png","contentUrl":"https:\/\/tipnexa.com\/blog\/wp-content\/uploads\/2026\/03\/aldair-quintana-refuerza-el-arco-de-independiente-del-valle-en-2026-1773770143701.png","width":1344,"height":768},{"@type":"BreadcrumbList","@id":"https:\/\/tipnexa.com\/blog\/aldair-quintana-refuerza-el-arco-de-independiente-del-valle-en-2026\/#breadcrumb","itemListElement":[{"@type":"ListItem","position":1,"name":"Portada","item":"https:\/\/tipnexa.com\/blog\/"},{"@type":"ListItem","position":2,"name":"Aldair Quintana Refuerza el Arco de Independiente del Valle en 2026"}]},{"@type":"WebSite","@id":"https:\/\/tipnexa.com\/blog\/#website","url":"https:\/\/tipnexa.com\/blog\/","name":"Blog de Tipnexa","description":"Descubre en el blog de Tipnexa las \u00faltimas noticias de f\u00fatbol, pron\u00f3sticos, an\u00e1lisis de partidos, ligas y equipos con enfoque experto y datos actualizados.","publisher":{"@id":"https:\/\/tipnexa.com\/blog\/#organization"},"alternateName":"Blog de Tipnexa","potentialAction":[{"@type":"SearchAction","target":{"@type":"EntryPoint","urlTemplate":"https:\/\/tipnexa.com\/blog\/?s={search_term_string}"},"query-input":{"@type":"PropertyValueSpecification","valueRequired":true,"valueName":"search_term_string"}}],"inLanguage":"es"},{"@type":"Organization","@id":"https:\/\/tipnexa.com\/blog\/#organization","name":"Tipnexa","url":"https:\/\/tipnexa.com\/blog\/","logo":{"@type":"ImageObject","inLanguage":"es","@id":"https:\/\/tipnexa.com\/blog\/#\/schema\/logo\/image\/","url":"https:\/\/tipnexa.com\/blog\/wp-content\/uploads\/2026\/03\/192x192.png","contentUrl":"https:\/\/tipnexa.com\/blog\/wp-content\/uploads\/2026\/03\/192x192.png","width":192,"height":192,"caption":"Tipnexa"},"image":{"@id":"https:\/\/tipnexa.com\/blog\/#\/schema\/logo\/image\/"}},{"@type":"Person","@id":"https:\/\/tipnexa.com\/blog\/#\/schema\/person\/fcfe9a20877b14cc7f2bc3ce77f6d3cf","name":"admin","image":{"@type":"ImageObject","inLanguage":"es","@id":"https:\/\/secure.gravatar.com\/avatar\/b4f14cb9d9d12a445b91a477b3cf143c91ca7da26f03b6815b159c10ce2e2c74?s=96&d=mm&r=g","url":"https:\/\/secure.gravatar.com\/avatar\/b4f14cb9d9d12a445b91a477b3cf143c91ca7da26f03b6815b159c10ce2e2c74?s=96&d=mm&r=g","contentUrl":"https:\/\/secure.gravatar.com\/avatar\/b4f14cb9d9d12a445b91a477b3cf143c91ca7da26f03b6815b159c10ce2e2c74?s=96&d=mm&r=g","caption":"admin"},"sameAs":["https:\/\/tipnexa.com\/blog"],"url":"https:\/\/tipnexa.com\/blog\/author\/admin\/"}]}},"_links":{"self":[{"href":"https:\/\/tipnexa.com\/blog\/wp-json\/wp\/v2\/posts\/2604","targetHints":{"allow":["GET"]}}],"collection":[{"href":"https:\/\/tipnexa.com\/blog\/wp-json\/wp\/v2\/posts"}],"about":[{"href":"https:\/\/tipnexa.com\/blog\/wp-json\/wp\/v2\/types\/post"}],"author":[{"embeddable":true,"href":"https:\/\/tipnexa.com\/blog\/wp-json\/wp\/v2\/users\/1"}],"replies":[{"embeddable":true,"href":"https:\/\/tipnexa.com\/blog\/wp-json\/wp\/v2\/comments?post=2604"}],"version-history":[{"count":0,"href":"https:\/\/tipnexa.com\/blog\/wp-json\/wp\/v2\/posts\/2604\/revisions"}],"wp:featuredmedia":[{"embeddable":true,"href":"https:\/\/tipnexa.com\/blog\/wp-json\/wp\/v2\/media\/2603"}],"wp:attachment":[{"href":"https:\/\/tipnexa.com\/blog\/wp-json\/wp\/v2\/media?parent=2604"}],"wp:term":[{"taxonomy":"category","embeddable":true,"href":"https:\/\/tipnexa.com\/blog\/wp-json\/wp\/v2\/categories?post=2604"},{"taxonomy":"post_tag","embeddable":true,"href":"https:\/\/tipnexa.com\/blog\/wp-json\/wp\/v2\/tags?post=2604"}],"curies":[{"name":"wp","href":"https:\/\/api.w.org\/{rel}","templated":true}]}}