{"id":2588,"date":"2026-03-17T12:27:17","date_gmt":"2026-03-17T17:27:17","guid":{"rendered":"https:\/\/tipnexa.com\/blog\/presidente-de-utc-racismo-ya-no-deja-dudas-impacto-en-liga-1-2026\/"},"modified":"2026-03-17T12:27:17","modified_gmt":"2026-03-17T17:27:17","slug":"presidente-de-utc-racismo-ya-no-deja-dudas-impacto-en-liga-1-2026","status":"publish","type":"post","link":"https:\/\/tipnexa.com\/blog\/presidente-de-utc-racismo-ya-no-deja-dudas-impacto-en-liga-1-2026\/","title":{"rendered":"Presidente de UTC: \u00abRacismo ya no deja dudas\u00bb, Impacto en Liga 1 2026"},"content":{"rendered":"<p>El f\u00fatbol, m\u00e1s all\u00e1 de ser un deporte, es un reflejo de la sociedad. Lamentablemente, casos de <strong>racismo<\/strong> siguen empa\u00f1ando la belleza del juego. Recientemente, el presidente de UTC, en una declaraci\u00f3n contundente, ha abordado un incidente de discriminaci\u00f3n que ha generado gran revuelo en el \u00e1mbito deportivo nacional. Sus palabras, \u201cya no deja espacio a dudas\u201d, marcan un antes y un despu\u00e9s en la lucha contra esta lacra en el <strong>f\u00fatbol peruano<\/strong>.<\/p>\n<h2>Un Caso que Sacude la Liga 1 2026<\/h2>\n<p>El incidente en cuesti\u00f3n, que involucra a miembros de la comunidad futbol\u00edstica, ha puesto en el ojo de la tormenta la necesidad de implementar medidas m\u00e1s estrictas y una mayor concientizaci\u00f3n. Este tipo de situaciones no solo afectan la imagen de los clubes y la <strong>Liga 1 2026<\/strong>, sino que tambi\u00e9n hieren profundamente a los individuos afectados, minando la integridad y los valores que el deporte deber\u00eda promover. Para m\u00e1s noticias y an\u00e1lisis del f\u00fatbol peruano, visita nuestro <a href=\"https:\/\/tipnexa.com\/blog\/\">blog<\/a>.<\/p>\n<h2>La Declaraci\u00f3n del Presidente de UTC<\/h2>\n<p>La postura del presidente de UTC es clara y firme. Al afirmar que el caso \u201cya no deja espacio a dudas\u201d, subraya la evidencia irrefutable de los actos de <strong>discriminaci\u00f3n racial<\/strong>. Esta declaraci\u00f3n es vital, ya que proviene de una figura de autoridad dentro de un club importante y env\u00eda un mensaje contundente de cero tolerancia. Es un llamado a la acci\u00f3n para que todos los actores del f\u00fatbol asuman su responsabilidad en la erradicaci\u00f3n de estas conductas.<\/p>\n<h2>Implicaciones y Sanciones Futuras<\/h2>\n<p>Este pronunciamiento del presidente de UTC presiona a las autoridades deportivas a actuar con la m\u00e1xima celeridad y rigor. Las <strong>sanciones<\/strong> ejemplares son cruciales para disuadir futuros incidentes y para reafirmar el compromiso del f\u00fatbol peruano con la igualdad y el respeto. Casos anteriores han demostrado que la inacci\u00f3n o la tibieza en las respuestas solo perpet\u00faan el problema. La comunidad espera ver c\u00f3mo este incidente impactar\u00e1 en las normativas y la aplicaci\u00f3n de justicia en el futuro, similar a c\u00f3mo otras sanciones han afectado la <a href=\"https:\/\/tipnexa.com\/blog\/impacto-de-la-sancion-a-javier-rabanal-en-universitario-y-liga-1-2026\/\">Liga 1 en 2026<\/a>.<\/p>\n<h2>El Compromiso de tipnexa.com con un F\u00fatbol Sin Discriminaci\u00f3n<\/h2>\n<p>En tipnexa.com, creemos firmemente en un f\u00fatbol inclusivo y libre de toda forma de discriminaci\u00f3n. Apoyamos las iniciativas que buscan erradicar el <strong>racismo<\/strong> y promover un ambiente de respeto en cada estadio y campo de juego. Este tipo de declaraciones, como la del presidente de UTC, son fundamentales para avanzar en esta direcci\u00f3n y asegurar que los partidos, como los encuentros clave de la liga, sean espacios de uni\u00f3n y pasi\u00f3n deportiva, como el pr\u00f3ximo <a href=\"https:\/\/tipnexa.com\/blog\/universitario-vs-utc-donde-ver-y-horarios-del-duelo-clave-en-liga-1-2026\/\">Universitario vs. UTC<\/a>.<\/p>\n<h2>Conclusi\u00f3n<\/h2>\n<p>La firmeza del presidente de UTC frente a este caso de racismo es un paso importante. Su declaraci\u00f3n no solo exige justicia, sino que tambi\u00e9n eleva el debate sobre la <strong>integridad<\/strong> y los valores en el <strong>f\u00fatbol peruano<\/strong>. Es imperativo que este incidente sirva como un catalizador para cambios profundos y duraderos, asegurando que el deporte sea un espacio de disfrute y respeto para todos, sin excepciones.<\/p>\n","protected":false},"excerpt":{"rendered":"<p>El presidente de UTC se pronuncia firmemente sobre un caso de racismo en el f\u00fatbol peruano, afirmando que \u00abya no deja espacio a dudas\u00bb. Conoce las implicaciones para la Liga 1 2026.<\/p>\n","protected":false},"author":1,"featured_media":2587,"comment_status":"open","ping_status":"open","sticky":false,"template":"","format":"standard","meta":{"footnotes":""},"categories":[10,2],"tags":[],"class_list":["post-2588","post","type-post","status-publish","format-standard","has-post-thumbnail","hentry","category-clubes","category-futbol-peruano"],"yoast_head":"<!-- This site is optimized with the Yoast SEO plugin v27.2 - https:\/\/yoast.com\/product\/yoast-seo-wordpress\/ -->\n<title>Presidente de UTC: &quot;Racismo ya no deja dudas&quot;, Impacto en Liga 1 2026 - Tipnexa<\/title>\n<meta name=\"robots\" content=\"index, follow, max-snippet:-1, max-image-preview:large, max-video-preview:-1\" \/>\n<link rel=\"canonical\" href=\"https:\/\/tipnexa.com\/blog\/presidente-de-utc-racismo-ya-no-deja-dudas-impacto-en-liga-1-2026\/\" \/>\n<meta property=\"og:locale\" content=\"es_ES\" \/>\n<meta property=\"og:type\" content=\"article\" \/>\n<meta property=\"og:title\" content=\"Presidente de UTC: &quot;Racismo ya no deja dudas&quot;, Impacto en Liga 1 2026 - Tipnexa\" \/>\n<meta property=\"og:description\" content=\"El presidente de UTC se pronuncia firmemente sobre un caso de racismo en el f\u00fatbol peruano, afirmando que &quot;ya no deja espacio a dudas&quot;. Conoce las implicaciones para la Liga 1 2026.\" \/>\n<meta property=\"og:url\" content=\"https:\/\/tipnexa.com\/blog\/presidente-de-utc-racismo-ya-no-deja-dudas-impacto-en-liga-1-2026\/\" \/>\n<meta property=\"og:site_name\" content=\"Tipnexa\" \/>\n<meta property=\"article:published_time\" content=\"2026-03-17T17:27:17+00:00\" \/>\n<meta property=\"og:image\" content=\"https:\/\/tipnexa.com\/blog\/wp-content\/uploads\/2026\/03\/presidente-de-utc-racismo-ya-no-deja-dudas-impacto-en-liga-1-2026-1773768433151-1024x585.png\" \/>\n\t<meta property=\"og:image:width\" content=\"1024\" \/>\n\t<meta property=\"og:image:height\" content=\"585\" \/>\n\t<meta property=\"og:image:type\" content=\"image\/png\" \/>\n<meta name=\"author\" content=\"admin\" \/>\n<meta name=\"twitter:card\" content=\"summary_large_image\" \/>\n<meta name=\"twitter:label1\" content=\"Escrito por\" \/>\n\t<meta name=\"twitter:data1\" content=\"admin\" \/>\n\t<meta name=\"twitter:label2\" content=\"Tiempo de lectura\" \/>\n\t<meta name=\"twitter:data2\" content=\"3 minutos\" \/>\n<script type=\"application\/ld+json\" class=\"yoast-schema-graph\">{\"@context\":\"https:\/\/schema.org\",\"@graph\":[{\"@type\":\"Article\",\"@id\":\"https:\/\/tipnexa.com\/blog\/presidente-de-utc-racismo-ya-no-deja-dudas-impacto-en-liga-1-2026\/#article\",\"isPartOf\":{\"@id\":\"https:\/\/tipnexa.com\/blog\/presidente-de-utc-racismo-ya-no-deja-dudas-impacto-en-liga-1-2026\/\"},\"author\":{\"name\":\"admin\",\"@id\":\"https:\/\/tipnexa.com\/blog\/#\/schema\/person\/fcfe9a20877b14cc7f2bc3ce77f6d3cf\"},\"headline\":\"Presidente de UTC: \u00abRacismo ya no deja dudas\u00bb, Impacto en Liga 1 2026\",\"datePublished\":\"2026-03-17T17:27:17+00:00\",\"mainEntityOfPage\":{\"@id\":\"https:\/\/tipnexa.com\/blog\/presidente-de-utc-racismo-ya-no-deja-dudas-impacto-en-liga-1-2026\/\"},\"wordCount\":542,\"commentCount\":0,\"publisher\":{\"@id\":\"https:\/\/tipnexa.com\/blog\/#organization\"},\"image\":{\"@id\":\"https:\/\/tipnexa.com\/blog\/presidente-de-utc-racismo-ya-no-deja-dudas-impacto-en-liga-1-2026\/#primaryimage\"},\"thumbnailUrl\":\"https:\/\/tipnexa.com\/blog\/wp-content\/uploads\/2026\/03\/presidente-de-utc-racismo-ya-no-deja-dudas-impacto-en-liga-1-2026-1773768433151.png\",\"articleSection\":[\"Clubes\",\"F\u00fatbol Peruano\"],\"inLanguage\":\"es\",\"potentialAction\":[{\"@type\":\"CommentAction\",\"name\":\"Comment\",\"target\":[\"https:\/\/tipnexa.com\/blog\/presidente-de-utc-racismo-ya-no-deja-dudas-impacto-en-liga-1-2026\/#respond\"]}]},{\"@type\":\"WebPage\",\"@id\":\"https:\/\/tipnexa.com\/blog\/presidente-de-utc-racismo-ya-no-deja-dudas-impacto-en-liga-1-2026\/\",\"url\":\"https:\/\/tipnexa.com\/blog\/presidente-de-utc-racismo-ya-no-deja-dudas-impacto-en-liga-1-2026\/\",\"name\":\"Presidente de UTC: \\\"Racismo ya no deja dudas\\\", Impacto en Liga 1 2026 - Tipnexa\",\"isPartOf\":{\"@id\":\"https:\/\/tipnexa.com\/blog\/#website\"},\"primaryImageOfPage\":{\"@id\":\"https:\/\/tipnexa.com\/blog\/presidente-de-utc-racismo-ya-no-deja-dudas-impacto-en-liga-1-2026\/#primaryimage\"},\"image\":{\"@id\":\"https:\/\/tipnexa.com\/blog\/presidente-de-utc-racismo-ya-no-deja-dudas-impacto-en-liga-1-2026\/#primaryimage\"},\"thumbnailUrl\":\"https:\/\/tipnexa.com\/blog\/wp-content\/uploads\/2026\/03\/presidente-de-utc-racismo-ya-no-deja-dudas-impacto-en-liga-1-2026-1773768433151.png\",\"datePublished\":\"2026-03-17T17:27:17+00:00\",\"breadcrumb\":{\"@id\":\"https:\/\/tipnexa.com\/blog\/presidente-de-utc-racismo-ya-no-deja-dudas-impacto-en-liga-1-2026\/#breadcrumb\"},\"inLanguage\":\"es\",\"potentialAction\":[{\"@type\":\"ReadAction\",\"target\":[\"https:\/\/tipnexa.com\/blog\/presidente-de-utc-racismo-ya-no-deja-dudas-impacto-en-liga-1-2026\/\"]}]},{\"@type\":\"ImageObject\",\"inLanguage\":\"es\",\"@id\":\"https:\/\/tipnexa.com\/blog\/presidente-de-utc-racismo-ya-no-deja-dudas-impacto-en-liga-1-2026\/#primaryimage\",\"url\":\"https:\/\/tipnexa.com\/blog\/wp-content\/uploads\/2026\/03\/presidente-de-utc-racismo-ya-no-deja-dudas-impacto-en-liga-1-2026-1773768433151.png\",\"contentUrl\":\"https:\/\/tipnexa.com\/blog\/wp-content\/uploads\/2026\/03\/presidente-de-utc-racismo-ya-no-deja-dudas-impacto-en-liga-1-2026-1773768433151.png\",\"width\":1344,\"height\":768},{\"@type\":\"BreadcrumbList\",\"@id\":\"https:\/\/tipnexa.com\/blog\/presidente-de-utc-racismo-ya-no-deja-dudas-impacto-en-liga-1-2026\/#breadcrumb\",\"itemListElement\":[{\"@type\":\"ListItem\",\"position\":1,\"name\":\"Portada\",\"item\":\"https:\/\/tipnexa.com\/blog\/\"},{\"@type\":\"ListItem\",\"position\":2,\"name\":\"Presidente de UTC: \u00abRacismo ya no deja dudas\u00bb, Impacto en Liga 1 2026\"}]},{\"@type\":\"WebSite\",\"@id\":\"https:\/\/tipnexa.com\/blog\/#website\",\"url\":\"https:\/\/tipnexa.com\/blog\/\",\"name\":\"Blog de Tipnexa\",\"description\":\"Descubre en el blog de Tipnexa las \u00faltimas noticias de f\u00fatbol, pron\u00f3sticos, an\u00e1lisis de partidos, ligas y equipos con enfoque experto y datos actualizados.\",\"publisher\":{\"@id\":\"https:\/\/tipnexa.com\/blog\/#organization\"},\"alternateName\":\"Blog de Tipnexa\",\"potentialAction\":[{\"@type\":\"SearchAction\",\"target\":{\"@type\":\"EntryPoint\",\"urlTemplate\":\"https:\/\/tipnexa.com\/blog\/?s={search_term_string}\"},\"query-input\":{\"@type\":\"PropertyValueSpecification\",\"valueRequired\":true,\"valueName\":\"search_term_string\"}}],\"inLanguage\":\"es\"},{\"@type\":\"Organization\",\"@id\":\"https:\/\/tipnexa.com\/blog\/#organization\",\"name\":\"Tipnexa\",\"url\":\"https:\/\/tipnexa.com\/blog\/\",\"logo\":{\"@type\":\"ImageObject\",\"inLanguage\":\"es\",\"@id\":\"https:\/\/tipnexa.com\/blog\/#\/schema\/logo\/image\/\",\"url\":\"https:\/\/tipnexa.com\/blog\/wp-content\/uploads\/2026\/03\/192x192.png\",\"contentUrl\":\"https:\/\/tipnexa.com\/blog\/wp-content\/uploads\/2026\/03\/192x192.png\",\"width\":192,\"height\":192,\"caption\":\"Tipnexa\"},\"image\":{\"@id\":\"https:\/\/tipnexa.com\/blog\/#\/schema\/logo\/image\/\"}},{\"@type\":\"Person\",\"@id\":\"https:\/\/tipnexa.com\/blog\/#\/schema\/person\/fcfe9a20877b14cc7f2bc3ce77f6d3cf\",\"name\":\"admin\",\"image\":{\"@type\":\"ImageObject\",\"inLanguage\":\"es\",\"@id\":\"https:\/\/secure.gravatar.com\/avatar\/b4f14cb9d9d12a445b91a477b3cf143c91ca7da26f03b6815b159c10ce2e2c74?s=96&d=mm&r=g\",\"url\":\"https:\/\/secure.gravatar.com\/avatar\/b4f14cb9d9d12a445b91a477b3cf143c91ca7da26f03b6815b159c10ce2e2c74?s=96&d=mm&r=g\",\"contentUrl\":\"https:\/\/secure.gravatar.com\/avatar\/b4f14cb9d9d12a445b91a477b3cf143c91ca7da26f03b6815b159c10ce2e2c74?s=96&d=mm&r=g\",\"caption\":\"admin\"},\"sameAs\":[\"https:\/\/tipnexa.com\/blog\"],\"url\":\"https:\/\/tipnexa.com\/blog\/author\/admin\/\"}]}<\/script>\n<!-- \/ Yoast SEO plugin. -->","yoast_head_json":{"title":"Presidente de UTC: \"Racismo ya no deja dudas\", Impacto en Liga 1 2026 - Tipnexa","robots":{"index":"index","follow":"follow","max-snippet":"max-snippet:-1","max-image-preview":"max-image-preview:large","max-video-preview":"max-video-preview:-1"},"canonical":"https:\/\/tipnexa.com\/blog\/presidente-de-utc-racismo-ya-no-deja-dudas-impacto-en-liga-1-2026\/","og_locale":"es_ES","og_type":"article","og_title":"Presidente de UTC: \"Racismo ya no deja dudas\", Impacto en Liga 1 2026 - Tipnexa","og_description":"El presidente de UTC se pronuncia firmemente sobre un caso de racismo en el f\u00fatbol peruano, afirmando que \"ya no deja espacio a dudas\". Conoce las implicaciones para la Liga 1 2026.","og_url":"https:\/\/tipnexa.com\/blog\/presidente-de-utc-racismo-ya-no-deja-dudas-impacto-en-liga-1-2026\/","og_site_name":"Tipnexa","article_published_time":"2026-03-17T17:27:17+00:00","og_image":[{"width":1024,"height":585,"url":"https:\/\/tipnexa.com\/blog\/wp-content\/uploads\/2026\/03\/presidente-de-utc-racismo-ya-no-deja-dudas-impacto-en-liga-1-2026-1773768433151-1024x585.png","type":"image\/png"}],"author":"admin","twitter_card":"summary_large_image","twitter_misc":{"Escrito por":"admin","Tiempo de lectura":"3 minutos"},"schema":{"@context":"https:\/\/schema.org","@graph":[{"@type":"Article","@id":"https:\/\/tipnexa.com\/blog\/presidente-de-utc-racismo-ya-no-deja-dudas-impacto-en-liga-1-2026\/#article","isPartOf":{"@id":"https:\/\/tipnexa.com\/blog\/presidente-de-utc-racismo-ya-no-deja-dudas-impacto-en-liga-1-2026\/"},"author":{"name":"admin","@id":"https:\/\/tipnexa.com\/blog\/#\/schema\/person\/fcfe9a20877b14cc7f2bc3ce77f6d3cf"},"headline":"Presidente de UTC: \u00abRacismo ya no deja dudas\u00bb, Impacto en Liga 1 2026","datePublished":"2026-03-17T17:27:17+00:00","mainEntityOfPage":{"@id":"https:\/\/tipnexa.com\/blog\/presidente-de-utc-racismo-ya-no-deja-dudas-impacto-en-liga-1-2026\/"},"wordCount":542,"commentCount":0,"publisher":{"@id":"https:\/\/tipnexa.com\/blog\/#organization"},"image":{"@id":"https:\/\/tipnexa.com\/blog\/presidente-de-utc-racismo-ya-no-deja-dudas-impacto-en-liga-1-2026\/#primaryimage"},"thumbnailUrl":"https:\/\/tipnexa.com\/blog\/wp-content\/uploads\/2026\/03\/presidente-de-utc-racismo-ya-no-deja-dudas-impacto-en-liga-1-2026-1773768433151.png","articleSection":["Clubes","F\u00fatbol Peruano"],"inLanguage":"es","potentialAction":[{"@type":"CommentAction","name":"Comment","target":["https:\/\/tipnexa.com\/blog\/presidente-de-utc-racismo-ya-no-deja-dudas-impacto-en-liga-1-2026\/#respond"]}]},{"@type":"WebPage","@id":"https:\/\/tipnexa.com\/blog\/presidente-de-utc-racismo-ya-no-deja-dudas-impacto-en-liga-1-2026\/","url":"https:\/\/tipnexa.com\/blog\/presidente-de-utc-racismo-ya-no-deja-dudas-impacto-en-liga-1-2026\/","name":"Presidente de UTC: \"Racismo ya no deja dudas\", Impacto en Liga 1 2026 - Tipnexa","isPartOf":{"@id":"https:\/\/tipnexa.com\/blog\/#website"},"primaryImageOfPage":{"@id":"https:\/\/tipnexa.com\/blog\/presidente-de-utc-racismo-ya-no-deja-dudas-impacto-en-liga-1-2026\/#primaryimage"},"image":{"@id":"https:\/\/tipnexa.com\/blog\/presidente-de-utc-racismo-ya-no-deja-dudas-impacto-en-liga-1-2026\/#primaryimage"},"thumbnailUrl":"https:\/\/tipnexa.com\/blog\/wp-content\/uploads\/2026\/03\/presidente-de-utc-racismo-ya-no-deja-dudas-impacto-en-liga-1-2026-1773768433151.png","datePublished":"2026-03-17T17:27:17+00:00","breadcrumb":{"@id":"https:\/\/tipnexa.com\/blog\/presidente-de-utc-racismo-ya-no-deja-dudas-impacto-en-liga-1-2026\/#breadcrumb"},"inLanguage":"es","potentialAction":[{"@type":"ReadAction","target":["https:\/\/tipnexa.com\/blog\/presidente-de-utc-racismo-ya-no-deja-dudas-impacto-en-liga-1-2026\/"]}]},{"@type":"ImageObject","inLanguage":"es","@id":"https:\/\/tipnexa.com\/blog\/presidente-de-utc-racismo-ya-no-deja-dudas-impacto-en-liga-1-2026\/#primaryimage","url":"https:\/\/tipnexa.com\/blog\/wp-content\/uploads\/2026\/03\/presidente-de-utc-racismo-ya-no-deja-dudas-impacto-en-liga-1-2026-1773768433151.png","contentUrl":"https:\/\/tipnexa.com\/blog\/wp-content\/uploads\/2026\/03\/presidente-de-utc-racismo-ya-no-deja-dudas-impacto-en-liga-1-2026-1773768433151.png","width":1344,"height":768},{"@type":"BreadcrumbList","@id":"https:\/\/tipnexa.com\/blog\/presidente-de-utc-racismo-ya-no-deja-dudas-impacto-en-liga-1-2026\/#breadcrumb","itemListElement":[{"@type":"ListItem","position":1,"name":"Portada","item":"https:\/\/tipnexa.com\/blog\/"},{"@type":"ListItem","position":2,"name":"Presidente de UTC: \u00abRacismo ya no deja dudas\u00bb, Impacto en Liga 1 2026"}]},{"@type":"WebSite","@id":"https:\/\/tipnexa.com\/blog\/#website","url":"https:\/\/tipnexa.com\/blog\/","name":"Blog de Tipnexa","description":"Descubre en el blog de Tipnexa las \u00faltimas noticias de f\u00fatbol, pron\u00f3sticos, an\u00e1lisis de partidos, ligas y equipos con enfoque experto y datos actualizados.","publisher":{"@id":"https:\/\/tipnexa.com\/blog\/#organization"},"alternateName":"Blog de Tipnexa","potentialAction":[{"@type":"SearchAction","target":{"@type":"EntryPoint","urlTemplate":"https:\/\/tipnexa.com\/blog\/?s={search_term_string}"},"query-input":{"@type":"PropertyValueSpecification","valueRequired":true,"valueName":"search_term_string"}}],"inLanguage":"es"},{"@type":"Organization","@id":"https:\/\/tipnexa.com\/blog\/#organization","name":"Tipnexa","url":"https:\/\/tipnexa.com\/blog\/","logo":{"@type":"ImageObject","inLanguage":"es","@id":"https:\/\/tipnexa.com\/blog\/#\/schema\/logo\/image\/","url":"https:\/\/tipnexa.com\/blog\/wp-content\/uploads\/2026\/03\/192x192.png","contentUrl":"https:\/\/tipnexa.com\/blog\/wp-content\/uploads\/2026\/03\/192x192.png","width":192,"height":192,"caption":"Tipnexa"},"image":{"@id":"https:\/\/tipnexa.com\/blog\/#\/schema\/logo\/image\/"}},{"@type":"Person","@id":"https:\/\/tipnexa.com\/blog\/#\/schema\/person\/fcfe9a20877b14cc7f2bc3ce77f6d3cf","name":"admin","image":{"@type":"ImageObject","inLanguage":"es","@id":"https:\/\/secure.gravatar.com\/avatar\/b4f14cb9d9d12a445b91a477b3cf143c91ca7da26f03b6815b159c10ce2e2c74?s=96&d=mm&r=g","url":"https:\/\/secure.gravatar.com\/avatar\/b4f14cb9d9d12a445b91a477b3cf143c91ca7da26f03b6815b159c10ce2e2c74?s=96&d=mm&r=g","contentUrl":"https:\/\/secure.gravatar.com\/avatar\/b4f14cb9d9d12a445b91a477b3cf143c91ca7da26f03b6815b159c10ce2e2c74?s=96&d=mm&r=g","caption":"admin"},"sameAs":["https:\/\/tipnexa.com\/blog"],"url":"https:\/\/tipnexa.com\/blog\/author\/admin\/"}]}},"_links":{"self":[{"href":"https:\/\/tipnexa.com\/blog\/wp-json\/wp\/v2\/posts\/2588","targetHints":{"allow":["GET"]}}],"collection":[{"href":"https:\/\/tipnexa.com\/blog\/wp-json\/wp\/v2\/posts"}],"about":[{"href":"https:\/\/tipnexa.com\/blog\/wp-json\/wp\/v2\/types\/post"}],"author":[{"embeddable":true,"href":"https:\/\/tipnexa.com\/blog\/wp-json\/wp\/v2\/users\/1"}],"replies":[{"embeddable":true,"href":"https:\/\/tipnexa.com\/blog\/wp-json\/wp\/v2\/comments?post=2588"}],"version-history":[{"count":0,"href":"https:\/\/tipnexa.com\/blog\/wp-json\/wp\/v2\/posts\/2588\/revisions"}],"wp:featuredmedia":[{"embeddable":true,"href":"https:\/\/tipnexa.com\/blog\/wp-json\/wp\/v2\/media\/2587"}],"wp:attachment":[{"href":"https:\/\/tipnexa.com\/blog\/wp-json\/wp\/v2\/media?parent=2588"}],"wp:term":[{"taxonomy":"category","embeddable":true,"href":"https:\/\/tipnexa.com\/blog\/wp-json\/wp\/v2\/categories?post=2588"},{"taxonomy":"post_tag","embeddable":true,"href":"https:\/\/tipnexa.com\/blog\/wp-json\/wp\/v2\/tags?post=2588"}],"curies":[{"name":"wp","href":"https:\/\/api.w.org\/{rel}","templated":true}]}}