{"id":2520,"date":"2026-03-17T09:33:40","date_gmt":"2026-03-17T14:33:40","guid":{"rendered":"https:\/\/tipnexa.com\/blog\/fede-valverde-versatilidad-clave-para-el-real-madrid-segun-arbeloa\/"},"modified":"2026-03-17T09:33:40","modified_gmt":"2026-03-17T14:33:40","slug":"fede-valverde-versatilidad-clave-para-el-real-madrid-segun-arbeloa","status":"publish","type":"post","link":"https:\/\/tipnexa.com\/blog\/fede-valverde-versatilidad-clave-para-el-real-madrid-segun-arbeloa\/","title":{"rendered":"Fede Valverde: Versatilidad Clave para el Real Madrid, seg\u00fan Arbeloa"},"content":{"rendered":"<p>\u00c1lvaro Arbeloa, entrenador del Real Madrid, ha vuelto a elogiar la extraordinaria <strong>polifuncionalidad<\/strong> de <strong>Federico Valverde<\/strong>, destacando su capacidad para desempe\u00f1arse en m\u00faltiples posiciones. El estratega espa\u00f1ol subraya la importancia del mediocampista uruguayo, cuyo rendimiento actual es vital para el equipo, especialmente de cara a los desaf\u00edos de la temporada 2026.<\/p>\n<p>Valverde ha demostrado un nivel excepcional, evidenciado por su reciente racha goleadora, con cinco tantos en partidos clave. Su habilidad para marcar, su incansable recorrido por el campo y la libertad de movimiento que posee lo convierten en un activo invaluable. Arbeloa enfatiza que esta versi\u00f3n del \u00abPajarito\u00bb ser\u00e1 fundamental, incluso con el esperado regreso de figuras como <strong>Kylian Mbapp\u00e9<\/strong> y <strong>Jude Bellingham<\/strong> al once titular.<\/p>\n<p>La versatilidad de <strong>Federico Valverde<\/strong> ha sido un pilar para el equipo, especialmente ante las ausencias de jugadores ofensivos importantes y la necesidad de cubrir diversas posiciones en el campo. Su sacrificio defensivo y su capacidad para sumarse al ataque han permitido al conjunto merengue mantener un alto nivel competitivo. Este equilibrio entre defensa y ataque es lo que hace a Valverde un futbolista tan completo y adaptable a cualquier esquema.<\/p>\n<p>Su impacto se extiende a la creaci\u00f3n de juego y la finalizaci\u00f3n, como se vio en su reciente gol contra el Elche, un encuentro que puedes revivir con m\u00e1s detalles sobre su transmisi\u00f3n en vivo en <a href=\"https:\/\/tipnexa.com\/blog\/real-madrid-vs-elche-donde-ver-en-vivo-y-canales-de-transmision-laliga-2026\/\">Real Madrid vs. Elche: d\u00f3nde ver en vivo<\/a>. Su presencia en el mediocampo ofrece al entrenador opciones t\u00e1cticas variadas, permitiendo ajustar la estrategia seg\u00fan las exigencias de cada partido.<\/p>\n<h2>Conclusi\u00f3n<\/h2>\n<p>En resumen, <strong>Federico Valverde<\/strong> se consolida como una pieza irremplazable en el esquema del <strong>Real Madrid<\/strong>. Su <strong>polifuncionalidad<\/strong> y excelente momento de forma no solo aportan goles y dinamismo, sino que tambi\u00e9n ofrecen una flexibilidad t\u00e1ctica crucial para el equipo. La visi\u00f3n de Arbeloa resalta que, sin importar qui\u00e9nes est\u00e9n en el campo, la contribuci\u00f3n de Valverde ser\u00e1 siempre esencial para los objetivos del club en la temporada 2026 y m\u00e1s all\u00e1. Para m\u00e1s an\u00e1lisis y previas de LaLiga, visita nuestro <a href=\"https:\/\/tipnexa.com\/blog\/\">blog deportivo<\/a>.<\/p>\n","protected":false},"excerpt":{"rendered":"<p>\u00c1lvaro Arbeloa elogia la polifuncionalidad de Fede Valverde, destacando su rol esencial en el Real Madrid. Descubre c\u00f3mo su versatilidad ser\u00e1 clave en 2026.<\/p>\n","protected":false},"author":1,"featured_media":2519,"comment_status":"open","ping_status":"open","sticky":false,"template":"","format":"standard","meta":{"footnotes":""},"categories":[10,12],"tags":[],"class_list":["post-2520","post","type-post","status-publish","format-standard","has-post-thumbnail","hentry","category-clubes","category-laliga"],"yoast_head":"<!-- This site is optimized with the Yoast SEO plugin v27.2 - https:\/\/yoast.com\/product\/yoast-seo-wordpress\/ -->\n<title>Fede Valverde: Versatilidad Clave para el Real Madrid, seg\u00fan Arbeloa - Tipnexa<\/title>\n<meta name=\"robots\" content=\"index, follow, max-snippet:-1, max-image-preview:large, max-video-preview:-1\" \/>\n<link rel=\"canonical\" href=\"https:\/\/tipnexa.com\/blog\/fede-valverde-versatilidad-clave-para-el-real-madrid-segun-arbeloa\/\" \/>\n<meta property=\"og:locale\" content=\"es_ES\" \/>\n<meta property=\"og:type\" content=\"article\" \/>\n<meta property=\"og:title\" content=\"Fede Valverde: Versatilidad Clave para el Real Madrid, seg\u00fan Arbeloa - Tipnexa\" \/>\n<meta property=\"og:description\" content=\"\u00c1lvaro Arbeloa elogia la polifuncionalidad de Fede Valverde, destacando su rol esencial en el Real Madrid. Descubre c\u00f3mo su versatilidad ser\u00e1 clave en 2026.\" \/>\n<meta property=\"og:url\" content=\"https:\/\/tipnexa.com\/blog\/fede-valverde-versatilidad-clave-para-el-real-madrid-segun-arbeloa\/\" \/>\n<meta property=\"og:site_name\" content=\"Tipnexa\" \/>\n<meta property=\"article:published_time\" content=\"2026-03-17T14:33:40+00:00\" \/>\n<meta property=\"og:image\" content=\"https:\/\/tipnexa.com\/blog\/wp-content\/uploads\/2026\/03\/fede-valverde-versatilidad-clave-para-el-real-madrid-segun-arbeloa-1773758017780-1024x585.png\" \/>\n\t<meta property=\"og:image:width\" content=\"1024\" \/>\n\t<meta property=\"og:image:height\" content=\"585\" \/>\n\t<meta property=\"og:image:type\" content=\"image\/png\" \/>\n<meta name=\"author\" content=\"admin\" \/>\n<meta name=\"twitter:card\" content=\"summary_large_image\" \/>\n<meta name=\"twitter:label1\" content=\"Escrito por\" \/>\n\t<meta name=\"twitter:data1\" content=\"admin\" \/>\n\t<meta name=\"twitter:label2\" content=\"Tiempo de lectura\" \/>\n\t<meta name=\"twitter:data2\" content=\"2 minutos\" \/>\n<script type=\"application\/ld+json\" class=\"yoast-schema-graph\">{\"@context\":\"https:\/\/schema.org\",\"@graph\":[{\"@type\":\"Article\",\"@id\":\"https:\/\/tipnexa.com\/blog\/fede-valverde-versatilidad-clave-para-el-real-madrid-segun-arbeloa\/#article\",\"isPartOf\":{\"@id\":\"https:\/\/tipnexa.com\/blog\/fede-valverde-versatilidad-clave-para-el-real-madrid-segun-arbeloa\/\"},\"author\":{\"name\":\"admin\",\"@id\":\"https:\/\/tipnexa.com\/blog\/#\/schema\/person\/fcfe9a20877b14cc7f2bc3ce77f6d3cf\"},\"headline\":\"Fede Valverde: Versatilidad Clave para el Real Madrid, seg\u00fan Arbeloa\",\"datePublished\":\"2026-03-17T14:33:40+00:00\",\"mainEntityOfPage\":{\"@id\":\"https:\/\/tipnexa.com\/blog\/fede-valverde-versatilidad-clave-para-el-real-madrid-segun-arbeloa\/\"},\"wordCount\":368,\"commentCount\":0,\"publisher\":{\"@id\":\"https:\/\/tipnexa.com\/blog\/#organization\"},\"image\":{\"@id\":\"https:\/\/tipnexa.com\/blog\/fede-valverde-versatilidad-clave-para-el-real-madrid-segun-arbeloa\/#primaryimage\"},\"thumbnailUrl\":\"https:\/\/tipnexa.com\/blog\/wp-content\/uploads\/2026\/03\/fede-valverde-versatilidad-clave-para-el-real-madrid-segun-arbeloa-1773758017780.png\",\"articleSection\":[\"Clubes\",\"LaLiga\"],\"inLanguage\":\"es\",\"potentialAction\":[{\"@type\":\"CommentAction\",\"name\":\"Comment\",\"target\":[\"https:\/\/tipnexa.com\/blog\/fede-valverde-versatilidad-clave-para-el-real-madrid-segun-arbeloa\/#respond\"]}]},{\"@type\":\"WebPage\",\"@id\":\"https:\/\/tipnexa.com\/blog\/fede-valverde-versatilidad-clave-para-el-real-madrid-segun-arbeloa\/\",\"url\":\"https:\/\/tipnexa.com\/blog\/fede-valverde-versatilidad-clave-para-el-real-madrid-segun-arbeloa\/\",\"name\":\"Fede Valverde: Versatilidad Clave para el Real Madrid, seg\u00fan Arbeloa - Tipnexa\",\"isPartOf\":{\"@id\":\"https:\/\/tipnexa.com\/blog\/#website\"},\"primaryImageOfPage\":{\"@id\":\"https:\/\/tipnexa.com\/blog\/fede-valverde-versatilidad-clave-para-el-real-madrid-segun-arbeloa\/#primaryimage\"},\"image\":{\"@id\":\"https:\/\/tipnexa.com\/blog\/fede-valverde-versatilidad-clave-para-el-real-madrid-segun-arbeloa\/#primaryimage\"},\"thumbnailUrl\":\"https:\/\/tipnexa.com\/blog\/wp-content\/uploads\/2026\/03\/fede-valverde-versatilidad-clave-para-el-real-madrid-segun-arbeloa-1773758017780.png\",\"datePublished\":\"2026-03-17T14:33:40+00:00\",\"breadcrumb\":{\"@id\":\"https:\/\/tipnexa.com\/blog\/fede-valverde-versatilidad-clave-para-el-real-madrid-segun-arbeloa\/#breadcrumb\"},\"inLanguage\":\"es\",\"potentialAction\":[{\"@type\":\"ReadAction\",\"target\":[\"https:\/\/tipnexa.com\/blog\/fede-valverde-versatilidad-clave-para-el-real-madrid-segun-arbeloa\/\"]}]},{\"@type\":\"ImageObject\",\"inLanguage\":\"es\",\"@id\":\"https:\/\/tipnexa.com\/blog\/fede-valverde-versatilidad-clave-para-el-real-madrid-segun-arbeloa\/#primaryimage\",\"url\":\"https:\/\/tipnexa.com\/blog\/wp-content\/uploads\/2026\/03\/fede-valverde-versatilidad-clave-para-el-real-madrid-segun-arbeloa-1773758017780.png\",\"contentUrl\":\"https:\/\/tipnexa.com\/blog\/wp-content\/uploads\/2026\/03\/fede-valverde-versatilidad-clave-para-el-real-madrid-segun-arbeloa-1773758017780.png\",\"width\":1344,\"height\":768},{\"@type\":\"BreadcrumbList\",\"@id\":\"https:\/\/tipnexa.com\/blog\/fede-valverde-versatilidad-clave-para-el-real-madrid-segun-arbeloa\/#breadcrumb\",\"itemListElement\":[{\"@type\":\"ListItem\",\"position\":1,\"name\":\"Portada\",\"item\":\"https:\/\/tipnexa.com\/blog\/\"},{\"@type\":\"ListItem\",\"position\":2,\"name\":\"Fede Valverde: Versatilidad Clave para el Real Madrid, seg\u00fan Arbeloa\"}]},{\"@type\":\"WebSite\",\"@id\":\"https:\/\/tipnexa.com\/blog\/#website\",\"url\":\"https:\/\/tipnexa.com\/blog\/\",\"name\":\"Blog de Tipnexa\",\"description\":\"Descubre en el blog de Tipnexa las \u00faltimas noticias de f\u00fatbol, pron\u00f3sticos, an\u00e1lisis de partidos, ligas y equipos con enfoque experto y datos actualizados.\",\"publisher\":{\"@id\":\"https:\/\/tipnexa.com\/blog\/#organization\"},\"alternateName\":\"Blog de Tipnexa\",\"potentialAction\":[{\"@type\":\"SearchAction\",\"target\":{\"@type\":\"EntryPoint\",\"urlTemplate\":\"https:\/\/tipnexa.com\/blog\/?s={search_term_string}\"},\"query-input\":{\"@type\":\"PropertyValueSpecification\",\"valueRequired\":true,\"valueName\":\"search_term_string\"}}],\"inLanguage\":\"es\"},{\"@type\":\"Organization\",\"@id\":\"https:\/\/tipnexa.com\/blog\/#organization\",\"name\":\"Tipnexa\",\"url\":\"https:\/\/tipnexa.com\/blog\/\",\"logo\":{\"@type\":\"ImageObject\",\"inLanguage\":\"es\",\"@id\":\"https:\/\/tipnexa.com\/blog\/#\/schema\/logo\/image\/\",\"url\":\"https:\/\/tipnexa.com\/blog\/wp-content\/uploads\/2026\/03\/192x192.png\",\"contentUrl\":\"https:\/\/tipnexa.com\/blog\/wp-content\/uploads\/2026\/03\/192x192.png\",\"width\":192,\"height\":192,\"caption\":\"Tipnexa\"},\"image\":{\"@id\":\"https:\/\/tipnexa.com\/blog\/#\/schema\/logo\/image\/\"}},{\"@type\":\"Person\",\"@id\":\"https:\/\/tipnexa.com\/blog\/#\/schema\/person\/fcfe9a20877b14cc7f2bc3ce77f6d3cf\",\"name\":\"admin\",\"image\":{\"@type\":\"ImageObject\",\"inLanguage\":\"es\",\"@id\":\"https:\/\/secure.gravatar.com\/avatar\/b4f14cb9d9d12a445b91a477b3cf143c91ca7da26f03b6815b159c10ce2e2c74?s=96&d=mm&r=g\",\"url\":\"https:\/\/secure.gravatar.com\/avatar\/b4f14cb9d9d12a445b91a477b3cf143c91ca7da26f03b6815b159c10ce2e2c74?s=96&d=mm&r=g\",\"contentUrl\":\"https:\/\/secure.gravatar.com\/avatar\/b4f14cb9d9d12a445b91a477b3cf143c91ca7da26f03b6815b159c10ce2e2c74?s=96&d=mm&r=g\",\"caption\":\"admin\"},\"sameAs\":[\"https:\/\/tipnexa.com\/blog\"],\"url\":\"https:\/\/tipnexa.com\/blog\/author\/admin\/\"}]}<\/script>\n<!-- \/ Yoast SEO plugin. -->","yoast_head_json":{"title":"Fede Valverde: Versatilidad Clave para el Real Madrid, seg\u00fan Arbeloa - Tipnexa","robots":{"index":"index","follow":"follow","max-snippet":"max-snippet:-1","max-image-preview":"max-image-preview:large","max-video-preview":"max-video-preview:-1"},"canonical":"https:\/\/tipnexa.com\/blog\/fede-valverde-versatilidad-clave-para-el-real-madrid-segun-arbeloa\/","og_locale":"es_ES","og_type":"article","og_title":"Fede Valverde: Versatilidad Clave para el Real Madrid, seg\u00fan Arbeloa - Tipnexa","og_description":"\u00c1lvaro Arbeloa elogia la polifuncionalidad de Fede Valverde, destacando su rol esencial en el Real Madrid. Descubre c\u00f3mo su versatilidad ser\u00e1 clave en 2026.","og_url":"https:\/\/tipnexa.com\/blog\/fede-valverde-versatilidad-clave-para-el-real-madrid-segun-arbeloa\/","og_site_name":"Tipnexa","article_published_time":"2026-03-17T14:33:40+00:00","og_image":[{"width":1024,"height":585,"url":"https:\/\/tipnexa.com\/blog\/wp-content\/uploads\/2026\/03\/fede-valverde-versatilidad-clave-para-el-real-madrid-segun-arbeloa-1773758017780-1024x585.png","type":"image\/png"}],"author":"admin","twitter_card":"summary_large_image","twitter_misc":{"Escrito por":"admin","Tiempo de lectura":"2 minutos"},"schema":{"@context":"https:\/\/schema.org","@graph":[{"@type":"Article","@id":"https:\/\/tipnexa.com\/blog\/fede-valverde-versatilidad-clave-para-el-real-madrid-segun-arbeloa\/#article","isPartOf":{"@id":"https:\/\/tipnexa.com\/blog\/fede-valverde-versatilidad-clave-para-el-real-madrid-segun-arbeloa\/"},"author":{"name":"admin","@id":"https:\/\/tipnexa.com\/blog\/#\/schema\/person\/fcfe9a20877b14cc7f2bc3ce77f6d3cf"},"headline":"Fede Valverde: Versatilidad Clave para el Real Madrid, seg\u00fan Arbeloa","datePublished":"2026-03-17T14:33:40+00:00","mainEntityOfPage":{"@id":"https:\/\/tipnexa.com\/blog\/fede-valverde-versatilidad-clave-para-el-real-madrid-segun-arbeloa\/"},"wordCount":368,"commentCount":0,"publisher":{"@id":"https:\/\/tipnexa.com\/blog\/#organization"},"image":{"@id":"https:\/\/tipnexa.com\/blog\/fede-valverde-versatilidad-clave-para-el-real-madrid-segun-arbeloa\/#primaryimage"},"thumbnailUrl":"https:\/\/tipnexa.com\/blog\/wp-content\/uploads\/2026\/03\/fede-valverde-versatilidad-clave-para-el-real-madrid-segun-arbeloa-1773758017780.png","articleSection":["Clubes","LaLiga"],"inLanguage":"es","potentialAction":[{"@type":"CommentAction","name":"Comment","target":["https:\/\/tipnexa.com\/blog\/fede-valverde-versatilidad-clave-para-el-real-madrid-segun-arbeloa\/#respond"]}]},{"@type":"WebPage","@id":"https:\/\/tipnexa.com\/blog\/fede-valverde-versatilidad-clave-para-el-real-madrid-segun-arbeloa\/","url":"https:\/\/tipnexa.com\/blog\/fede-valverde-versatilidad-clave-para-el-real-madrid-segun-arbeloa\/","name":"Fede Valverde: Versatilidad Clave para el Real Madrid, seg\u00fan Arbeloa - Tipnexa","isPartOf":{"@id":"https:\/\/tipnexa.com\/blog\/#website"},"primaryImageOfPage":{"@id":"https:\/\/tipnexa.com\/blog\/fede-valverde-versatilidad-clave-para-el-real-madrid-segun-arbeloa\/#primaryimage"},"image":{"@id":"https:\/\/tipnexa.com\/blog\/fede-valverde-versatilidad-clave-para-el-real-madrid-segun-arbeloa\/#primaryimage"},"thumbnailUrl":"https:\/\/tipnexa.com\/blog\/wp-content\/uploads\/2026\/03\/fede-valverde-versatilidad-clave-para-el-real-madrid-segun-arbeloa-1773758017780.png","datePublished":"2026-03-17T14:33:40+00:00","breadcrumb":{"@id":"https:\/\/tipnexa.com\/blog\/fede-valverde-versatilidad-clave-para-el-real-madrid-segun-arbeloa\/#breadcrumb"},"inLanguage":"es","potentialAction":[{"@type":"ReadAction","target":["https:\/\/tipnexa.com\/blog\/fede-valverde-versatilidad-clave-para-el-real-madrid-segun-arbeloa\/"]}]},{"@type":"ImageObject","inLanguage":"es","@id":"https:\/\/tipnexa.com\/blog\/fede-valverde-versatilidad-clave-para-el-real-madrid-segun-arbeloa\/#primaryimage","url":"https:\/\/tipnexa.com\/blog\/wp-content\/uploads\/2026\/03\/fede-valverde-versatilidad-clave-para-el-real-madrid-segun-arbeloa-1773758017780.png","contentUrl":"https:\/\/tipnexa.com\/blog\/wp-content\/uploads\/2026\/03\/fede-valverde-versatilidad-clave-para-el-real-madrid-segun-arbeloa-1773758017780.png","width":1344,"height":768},{"@type":"BreadcrumbList","@id":"https:\/\/tipnexa.com\/blog\/fede-valverde-versatilidad-clave-para-el-real-madrid-segun-arbeloa\/#breadcrumb","itemListElement":[{"@type":"ListItem","position":1,"name":"Portada","item":"https:\/\/tipnexa.com\/blog\/"},{"@type":"ListItem","position":2,"name":"Fede Valverde: Versatilidad Clave para el Real Madrid, seg\u00fan Arbeloa"}]},{"@type":"WebSite","@id":"https:\/\/tipnexa.com\/blog\/#website","url":"https:\/\/tipnexa.com\/blog\/","name":"Blog de Tipnexa","description":"Descubre en el blog de Tipnexa las \u00faltimas noticias de f\u00fatbol, pron\u00f3sticos, an\u00e1lisis de partidos, ligas y equipos con enfoque experto y datos actualizados.","publisher":{"@id":"https:\/\/tipnexa.com\/blog\/#organization"},"alternateName":"Blog de Tipnexa","potentialAction":[{"@type":"SearchAction","target":{"@type":"EntryPoint","urlTemplate":"https:\/\/tipnexa.com\/blog\/?s={search_term_string}"},"query-input":{"@type":"PropertyValueSpecification","valueRequired":true,"valueName":"search_term_string"}}],"inLanguage":"es"},{"@type":"Organization","@id":"https:\/\/tipnexa.com\/blog\/#organization","name":"Tipnexa","url":"https:\/\/tipnexa.com\/blog\/","logo":{"@type":"ImageObject","inLanguage":"es","@id":"https:\/\/tipnexa.com\/blog\/#\/schema\/logo\/image\/","url":"https:\/\/tipnexa.com\/blog\/wp-content\/uploads\/2026\/03\/192x192.png","contentUrl":"https:\/\/tipnexa.com\/blog\/wp-content\/uploads\/2026\/03\/192x192.png","width":192,"height":192,"caption":"Tipnexa"},"image":{"@id":"https:\/\/tipnexa.com\/blog\/#\/schema\/logo\/image\/"}},{"@type":"Person","@id":"https:\/\/tipnexa.com\/blog\/#\/schema\/person\/fcfe9a20877b14cc7f2bc3ce77f6d3cf","name":"admin","image":{"@type":"ImageObject","inLanguage":"es","@id":"https:\/\/secure.gravatar.com\/avatar\/b4f14cb9d9d12a445b91a477b3cf143c91ca7da26f03b6815b159c10ce2e2c74?s=96&d=mm&r=g","url":"https:\/\/secure.gravatar.com\/avatar\/b4f14cb9d9d12a445b91a477b3cf143c91ca7da26f03b6815b159c10ce2e2c74?s=96&d=mm&r=g","contentUrl":"https:\/\/secure.gravatar.com\/avatar\/b4f14cb9d9d12a445b91a477b3cf143c91ca7da26f03b6815b159c10ce2e2c74?s=96&d=mm&r=g","caption":"admin"},"sameAs":["https:\/\/tipnexa.com\/blog"],"url":"https:\/\/tipnexa.com\/blog\/author\/admin\/"}]}},"_links":{"self":[{"href":"https:\/\/tipnexa.com\/blog\/wp-json\/wp\/v2\/posts\/2520","targetHints":{"allow":["GET"]}}],"collection":[{"href":"https:\/\/tipnexa.com\/blog\/wp-json\/wp\/v2\/posts"}],"about":[{"href":"https:\/\/tipnexa.com\/blog\/wp-json\/wp\/v2\/types\/post"}],"author":[{"embeddable":true,"href":"https:\/\/tipnexa.com\/blog\/wp-json\/wp\/v2\/users\/1"}],"replies":[{"embeddable":true,"href":"https:\/\/tipnexa.com\/blog\/wp-json\/wp\/v2\/comments?post=2520"}],"version-history":[{"count":0,"href":"https:\/\/tipnexa.com\/blog\/wp-json\/wp\/v2\/posts\/2520\/revisions"}],"wp:featuredmedia":[{"embeddable":true,"href":"https:\/\/tipnexa.com\/blog\/wp-json\/wp\/v2\/media\/2519"}],"wp:attachment":[{"href":"https:\/\/tipnexa.com\/blog\/wp-json\/wp\/v2\/media?parent=2520"}],"wp:term":[{"taxonomy":"category","embeddable":true,"href":"https:\/\/tipnexa.com\/blog\/wp-json\/wp\/v2\/categories?post=2520"},{"taxonomy":"post_tag","embeddable":true,"href":"https:\/\/tipnexa.com\/blog\/wp-json\/wp\/v2\/tags?post=2520"}],"curies":[{"name":"wp","href":"https:\/\/api.w.org\/{rel}","templated":true}]}}