{"id":2472,"date":"2026-03-17T07:38:07","date_gmt":"2026-03-17T12:38:07","guid":{"rendered":"https:\/\/tipnexa.com\/blog\/jairo-velez-convocatoria-a-la-seleccion-peruana-y-sueno-cumplido-2026\/"},"modified":"2026-03-17T07:38:07","modified_gmt":"2026-03-17T12:38:07","slug":"jairo-velez-convocatoria-a-la-seleccion-peruana-y-sueno-cumplido-2026","status":"publish","type":"post","link":"https:\/\/tipnexa.com\/blog\/jairo-velez-convocatoria-a-la-seleccion-peruana-y-sueno-cumplido-2026\/","title":{"rendered":"Jairo V\u00e9lez: Convocatoria a la Selecci\u00f3n Peruana y Sue\u00f1o Cumplido 2026"},"content":{"rendered":"<p>La reciente lista de convocados por <strong>Mano Menezes<\/strong> para la Selecci\u00f3n Peruana, con miras a los amistosos FIFA de marzo de 2026 frente a Senegal y Honduras, trajo consigo una grata sorpresa: la inclusi\u00f3n de <strong>Jairo V\u00e9lez<\/strong>. El volante ecuatoriano, nacionalizado peruano y pieza clave en el esquema de Alianza Lima, ha expresado su inmensa alegr\u00eda y orgullo por esta oportunidad.<\/p>\n<h2>La Emoci\u00f3n de Vestir la Bicolor<\/h2>\n<p>En sus primeras declaraciones como parte de la &#8216;Bicolor&#8217;, V\u00e9lez comparti\u00f3 la emoci\u00f3n que embarga a su familia y a \u00e9l mismo. Se enter\u00f3 de la noticia al mismo tiempo que se hac\u00eda p\u00fablica la lista del entrenador brasile\u00f1o. \u00abComo jugador de f\u00fatbol, no hay un logro m\u00e1s grande que poder llegar a la selecci\u00f3n\u00bb, afirm\u00f3, reflejando el sentir de muchos deportistas. Esta convocatoria representa un hito personal y profesional, un <strong>sue\u00f1o largamente anhelado<\/strong> que finalmente se materializa.<\/p>\n<h2>Un V\u00ednculo Profundo con Per\u00fa<\/h2>\n<p>Jairo V\u00e9lez destac\u00f3 el profundo orgullo que siente al ser tomado en cuenta por la selecci\u00f3n peruana. A pesar de no ser su pa\u00eds de origen, los a\u00f1os vividos en Per\u00fa y su trayectoria en la <a href=\"https:\/\/tipnexa.com\/blog\/alianza-lima-vs-deportivo-garcilaso-analisis-y-previa-de-la-liga-1-2026\/\">Liga 1<\/a> desde 2017 (con pasos por San Mart\u00edn, Universidad C\u00e9sar Vallejo y su actual rol en <a href=\"https:\/\/tipnexa.com\/blog\/alianza-lima-vs-deportivo-garcilaso-previa-y-donde-ver-la-liga-1-2026\/\">Alianza Lima<\/a>) han forjado un fuerte lazo. \u00abMi familia y yo somos unos peruanos m\u00e1s pr\u00e1cticamente, nos sentimos muy c\u00f3modos ac\u00e1\u00bb, expres\u00f3. Esta conexi\u00f3n especial subraya el compromiso total del jugador con el equipo nacional y su deseo de aportar al nuevo proceso.<\/p>\n<h2>Consejos y Expectativas<\/h2>\n<p>El mediocampista tambi\u00e9n revel\u00f3 haber conversado con algunos de sus compa\u00f1eros de club tras la convocatoria. Aunque no tuvo la oportunidad de hablar directamente con Paolo Guerrero, s\u00ed intercambi\u00f3 palabras con <strong>Luis Adv\u00edncula<\/strong>. Valor\u00f3 los consejos del experimentado lateral, quien comparti\u00f3 su vasta experiencia en la Selecci\u00f3n Peruana. Estos di\u00e1logos son cruciales para V\u00e9lez, quien busca absorber todo el conocimiento posible para adaptarse r\u00e1pidamente y rendir al m\u00e1ximo nivel. La expectativa es alta para los pr\u00f3ximos encuentros, donde Jairo V\u00e9lez tendr\u00e1 la oportunidad de demostrar su val\u00eda.<\/p>\n<h2>Conclusi\u00f3n<\/h2>\n<p>La inclusi\u00f3n de Jairo V\u00e9lez en la Selecci\u00f3n Peruana para 2026 es un testimonio de su esfuerzo y dedicaci\u00f3n. Su alegr\u00eda y compromiso con la camiseta son evidentes, prometiendo un futuro emocionante para el mediocampista y para la &#8216;Bicolor&#8217;. Esta nueva etapa bajo la direcci\u00f3n de Mano Menezes se inicia con la ilusi\u00f3n de contar con talentos como V\u00e9lez, listos para dejarlo todo en la cancha.<\/p>\n","protected":false},"excerpt":{"rendered":"<p>Jairo V\u00e9lez comparte su emoci\u00f3n tras ser convocado a la Selecci\u00f3n Peruana en 2026. Descubre c\u00f3mo el volante de Alianza Lima cumple su sue\u00f1o y su compromiso con la Bicolor.<\/p>\n","protected":false},"author":1,"featured_media":2471,"comment_status":"open","ping_status":"open","sticky":false,"template":"","format":"standard","meta":{"footnotes":""},"categories":[7],"tags":[],"class_list":["post-2472","post","type-post","status-publish","format-standard","has-post-thumbnail","hentry","category-seleccion-peruana"],"yoast_head":"<!-- This site is optimized with the Yoast SEO plugin v27.2 - https:\/\/yoast.com\/product\/yoast-seo-wordpress\/ -->\n<title>Jairo V\u00e9lez: Convocatoria a la Selecci\u00f3n Peruana y Sue\u00f1o Cumplido 2026 - Tipnexa<\/title>\n<meta name=\"robots\" content=\"index, follow, max-snippet:-1, max-image-preview:large, max-video-preview:-1\" \/>\n<link rel=\"canonical\" href=\"https:\/\/tipnexa.com\/blog\/jairo-velez-convocatoria-a-la-seleccion-peruana-y-sueno-cumplido-2026\/\" \/>\n<meta property=\"og:locale\" content=\"es_ES\" \/>\n<meta property=\"og:type\" content=\"article\" \/>\n<meta property=\"og:title\" content=\"Jairo V\u00e9lez: Convocatoria a la Selecci\u00f3n Peruana y Sue\u00f1o Cumplido 2026 - Tipnexa\" \/>\n<meta property=\"og:description\" content=\"Jairo V\u00e9lez comparte su emoci\u00f3n tras ser convocado a la Selecci\u00f3n Peruana en 2026. Descubre c\u00f3mo el volante de Alianza Lima cumple su sue\u00f1o y su compromiso con la Bicolor.\" \/>\n<meta property=\"og:url\" content=\"https:\/\/tipnexa.com\/blog\/jairo-velez-convocatoria-a-la-seleccion-peruana-y-sueno-cumplido-2026\/\" \/>\n<meta property=\"og:site_name\" content=\"Tipnexa\" \/>\n<meta property=\"article:published_time\" content=\"2026-03-17T12:38:07+00:00\" \/>\n<meta property=\"og:image\" content=\"https:\/\/tipnexa.com\/blog\/wp-content\/uploads\/2026\/03\/jairo-velez-convocatoria-a-la-seleccion-peruana-y-sueno-cumplido-2026-1773751083609-1024x585.png\" \/>\n\t<meta property=\"og:image:width\" content=\"1024\" \/>\n\t<meta property=\"og:image:height\" content=\"585\" \/>\n\t<meta property=\"og:image:type\" content=\"image\/png\" \/>\n<meta name=\"author\" content=\"admin\" \/>\n<meta name=\"twitter:card\" content=\"summary_large_image\" \/>\n<meta name=\"twitter:label1\" content=\"Escrito por\" \/>\n\t<meta name=\"twitter:data1\" content=\"admin\" \/>\n\t<meta name=\"twitter:label2\" content=\"Tiempo de lectura\" \/>\n\t<meta name=\"twitter:data2\" content=\"2 minutos\" \/>\n<script type=\"application\/ld+json\" class=\"yoast-schema-graph\">{\"@context\":\"https:\/\/schema.org\",\"@graph\":[{\"@type\":\"Article\",\"@id\":\"https:\/\/tipnexa.com\/blog\/jairo-velez-convocatoria-a-la-seleccion-peruana-y-sueno-cumplido-2026\/#article\",\"isPartOf\":{\"@id\":\"https:\/\/tipnexa.com\/blog\/jairo-velez-convocatoria-a-la-seleccion-peruana-y-sueno-cumplido-2026\/\"},\"author\":{\"name\":\"admin\",\"@id\":\"https:\/\/tipnexa.com\/blog\/#\/schema\/person\/fcfe9a20877b14cc7f2bc3ce77f6d3cf\"},\"headline\":\"Jairo V\u00e9lez: Convocatoria a la Selecci\u00f3n Peruana y Sue\u00f1o Cumplido 2026\",\"datePublished\":\"2026-03-17T12:38:07+00:00\",\"mainEntityOfPage\":{\"@id\":\"https:\/\/tipnexa.com\/blog\/jairo-velez-convocatoria-a-la-seleccion-peruana-y-sueno-cumplido-2026\/\"},\"wordCount\":457,\"commentCount\":0,\"publisher\":{\"@id\":\"https:\/\/tipnexa.com\/blog\/#organization\"},\"image\":{\"@id\":\"https:\/\/tipnexa.com\/blog\/jairo-velez-convocatoria-a-la-seleccion-peruana-y-sueno-cumplido-2026\/#primaryimage\"},\"thumbnailUrl\":\"https:\/\/tipnexa.com\/blog\/wp-content\/uploads\/2026\/03\/jairo-velez-convocatoria-a-la-seleccion-peruana-y-sueno-cumplido-2026-1773751083609.png\",\"articleSection\":[\"Selecci\u00f3n Peruana\"],\"inLanguage\":\"es\",\"potentialAction\":[{\"@type\":\"CommentAction\",\"name\":\"Comment\",\"target\":[\"https:\/\/tipnexa.com\/blog\/jairo-velez-convocatoria-a-la-seleccion-peruana-y-sueno-cumplido-2026\/#respond\"]}]},{\"@type\":\"WebPage\",\"@id\":\"https:\/\/tipnexa.com\/blog\/jairo-velez-convocatoria-a-la-seleccion-peruana-y-sueno-cumplido-2026\/\",\"url\":\"https:\/\/tipnexa.com\/blog\/jairo-velez-convocatoria-a-la-seleccion-peruana-y-sueno-cumplido-2026\/\",\"name\":\"Jairo V\u00e9lez: Convocatoria a la Selecci\u00f3n Peruana y Sue\u00f1o Cumplido 2026 - Tipnexa\",\"isPartOf\":{\"@id\":\"https:\/\/tipnexa.com\/blog\/#website\"},\"primaryImageOfPage\":{\"@id\":\"https:\/\/tipnexa.com\/blog\/jairo-velez-convocatoria-a-la-seleccion-peruana-y-sueno-cumplido-2026\/#primaryimage\"},\"image\":{\"@id\":\"https:\/\/tipnexa.com\/blog\/jairo-velez-convocatoria-a-la-seleccion-peruana-y-sueno-cumplido-2026\/#primaryimage\"},\"thumbnailUrl\":\"https:\/\/tipnexa.com\/blog\/wp-content\/uploads\/2026\/03\/jairo-velez-convocatoria-a-la-seleccion-peruana-y-sueno-cumplido-2026-1773751083609.png\",\"datePublished\":\"2026-03-17T12:38:07+00:00\",\"breadcrumb\":{\"@id\":\"https:\/\/tipnexa.com\/blog\/jairo-velez-convocatoria-a-la-seleccion-peruana-y-sueno-cumplido-2026\/#breadcrumb\"},\"inLanguage\":\"es\",\"potentialAction\":[{\"@type\":\"ReadAction\",\"target\":[\"https:\/\/tipnexa.com\/blog\/jairo-velez-convocatoria-a-la-seleccion-peruana-y-sueno-cumplido-2026\/\"]}]},{\"@type\":\"ImageObject\",\"inLanguage\":\"es\",\"@id\":\"https:\/\/tipnexa.com\/blog\/jairo-velez-convocatoria-a-la-seleccion-peruana-y-sueno-cumplido-2026\/#primaryimage\",\"url\":\"https:\/\/tipnexa.com\/blog\/wp-content\/uploads\/2026\/03\/jairo-velez-convocatoria-a-la-seleccion-peruana-y-sueno-cumplido-2026-1773751083609.png\",\"contentUrl\":\"https:\/\/tipnexa.com\/blog\/wp-content\/uploads\/2026\/03\/jairo-velez-convocatoria-a-la-seleccion-peruana-y-sueno-cumplido-2026-1773751083609.png\",\"width\":1344,\"height\":768},{\"@type\":\"BreadcrumbList\",\"@id\":\"https:\/\/tipnexa.com\/blog\/jairo-velez-convocatoria-a-la-seleccion-peruana-y-sueno-cumplido-2026\/#breadcrumb\",\"itemListElement\":[{\"@type\":\"ListItem\",\"position\":1,\"name\":\"Portada\",\"item\":\"https:\/\/tipnexa.com\/blog\/\"},{\"@type\":\"ListItem\",\"position\":2,\"name\":\"Jairo V\u00e9lez: Convocatoria a la Selecci\u00f3n Peruana y Sue\u00f1o Cumplido 2026\"}]},{\"@type\":\"WebSite\",\"@id\":\"https:\/\/tipnexa.com\/blog\/#website\",\"url\":\"https:\/\/tipnexa.com\/blog\/\",\"name\":\"Blog de Tipnexa\",\"description\":\"Descubre en el blog de Tipnexa las \u00faltimas noticias de f\u00fatbol, pron\u00f3sticos, an\u00e1lisis de partidos, ligas y equipos con enfoque experto y datos actualizados.\",\"publisher\":{\"@id\":\"https:\/\/tipnexa.com\/blog\/#organization\"},\"alternateName\":\"Blog de Tipnexa\",\"potentialAction\":[{\"@type\":\"SearchAction\",\"target\":{\"@type\":\"EntryPoint\",\"urlTemplate\":\"https:\/\/tipnexa.com\/blog\/?s={search_term_string}\"},\"query-input\":{\"@type\":\"PropertyValueSpecification\",\"valueRequired\":true,\"valueName\":\"search_term_string\"}}],\"inLanguage\":\"es\"},{\"@type\":\"Organization\",\"@id\":\"https:\/\/tipnexa.com\/blog\/#organization\",\"name\":\"Tipnexa\",\"url\":\"https:\/\/tipnexa.com\/blog\/\",\"logo\":{\"@type\":\"ImageObject\",\"inLanguage\":\"es\",\"@id\":\"https:\/\/tipnexa.com\/blog\/#\/schema\/logo\/image\/\",\"url\":\"https:\/\/tipnexa.com\/blog\/wp-content\/uploads\/2026\/03\/192x192.png\",\"contentUrl\":\"https:\/\/tipnexa.com\/blog\/wp-content\/uploads\/2026\/03\/192x192.png\",\"width\":192,\"height\":192,\"caption\":\"Tipnexa\"},\"image\":{\"@id\":\"https:\/\/tipnexa.com\/blog\/#\/schema\/logo\/image\/\"}},{\"@type\":\"Person\",\"@id\":\"https:\/\/tipnexa.com\/blog\/#\/schema\/person\/fcfe9a20877b14cc7f2bc3ce77f6d3cf\",\"name\":\"admin\",\"image\":{\"@type\":\"ImageObject\",\"inLanguage\":\"es\",\"@id\":\"https:\/\/secure.gravatar.com\/avatar\/b4f14cb9d9d12a445b91a477b3cf143c91ca7da26f03b6815b159c10ce2e2c74?s=96&d=mm&r=g\",\"url\":\"https:\/\/secure.gravatar.com\/avatar\/b4f14cb9d9d12a445b91a477b3cf143c91ca7da26f03b6815b159c10ce2e2c74?s=96&d=mm&r=g\",\"contentUrl\":\"https:\/\/secure.gravatar.com\/avatar\/b4f14cb9d9d12a445b91a477b3cf143c91ca7da26f03b6815b159c10ce2e2c74?s=96&d=mm&r=g\",\"caption\":\"admin\"},\"sameAs\":[\"https:\/\/tipnexa.com\/blog\"],\"url\":\"https:\/\/tipnexa.com\/blog\/author\/admin\/\"}]}<\/script>\n<!-- \/ Yoast SEO plugin. -->","yoast_head_json":{"title":"Jairo V\u00e9lez: Convocatoria a la Selecci\u00f3n Peruana y Sue\u00f1o Cumplido 2026 - Tipnexa","robots":{"index":"index","follow":"follow","max-snippet":"max-snippet:-1","max-image-preview":"max-image-preview:large","max-video-preview":"max-video-preview:-1"},"canonical":"https:\/\/tipnexa.com\/blog\/jairo-velez-convocatoria-a-la-seleccion-peruana-y-sueno-cumplido-2026\/","og_locale":"es_ES","og_type":"article","og_title":"Jairo V\u00e9lez: Convocatoria a la Selecci\u00f3n Peruana y Sue\u00f1o Cumplido 2026 - Tipnexa","og_description":"Jairo V\u00e9lez comparte su emoci\u00f3n tras ser convocado a la Selecci\u00f3n Peruana en 2026. Descubre c\u00f3mo el volante de Alianza Lima cumple su sue\u00f1o y su compromiso con la Bicolor.","og_url":"https:\/\/tipnexa.com\/blog\/jairo-velez-convocatoria-a-la-seleccion-peruana-y-sueno-cumplido-2026\/","og_site_name":"Tipnexa","article_published_time":"2026-03-17T12:38:07+00:00","og_image":[{"width":1024,"height":585,"url":"https:\/\/tipnexa.com\/blog\/wp-content\/uploads\/2026\/03\/jairo-velez-convocatoria-a-la-seleccion-peruana-y-sueno-cumplido-2026-1773751083609-1024x585.png","type":"image\/png"}],"author":"admin","twitter_card":"summary_large_image","twitter_misc":{"Escrito por":"admin","Tiempo de lectura":"2 minutos"},"schema":{"@context":"https:\/\/schema.org","@graph":[{"@type":"Article","@id":"https:\/\/tipnexa.com\/blog\/jairo-velez-convocatoria-a-la-seleccion-peruana-y-sueno-cumplido-2026\/#article","isPartOf":{"@id":"https:\/\/tipnexa.com\/blog\/jairo-velez-convocatoria-a-la-seleccion-peruana-y-sueno-cumplido-2026\/"},"author":{"name":"admin","@id":"https:\/\/tipnexa.com\/blog\/#\/schema\/person\/fcfe9a20877b14cc7f2bc3ce77f6d3cf"},"headline":"Jairo V\u00e9lez: Convocatoria a la Selecci\u00f3n Peruana y Sue\u00f1o Cumplido 2026","datePublished":"2026-03-17T12:38:07+00:00","mainEntityOfPage":{"@id":"https:\/\/tipnexa.com\/blog\/jairo-velez-convocatoria-a-la-seleccion-peruana-y-sueno-cumplido-2026\/"},"wordCount":457,"commentCount":0,"publisher":{"@id":"https:\/\/tipnexa.com\/blog\/#organization"},"image":{"@id":"https:\/\/tipnexa.com\/blog\/jairo-velez-convocatoria-a-la-seleccion-peruana-y-sueno-cumplido-2026\/#primaryimage"},"thumbnailUrl":"https:\/\/tipnexa.com\/blog\/wp-content\/uploads\/2026\/03\/jairo-velez-convocatoria-a-la-seleccion-peruana-y-sueno-cumplido-2026-1773751083609.png","articleSection":["Selecci\u00f3n Peruana"],"inLanguage":"es","potentialAction":[{"@type":"CommentAction","name":"Comment","target":["https:\/\/tipnexa.com\/blog\/jairo-velez-convocatoria-a-la-seleccion-peruana-y-sueno-cumplido-2026\/#respond"]}]},{"@type":"WebPage","@id":"https:\/\/tipnexa.com\/blog\/jairo-velez-convocatoria-a-la-seleccion-peruana-y-sueno-cumplido-2026\/","url":"https:\/\/tipnexa.com\/blog\/jairo-velez-convocatoria-a-la-seleccion-peruana-y-sueno-cumplido-2026\/","name":"Jairo V\u00e9lez: Convocatoria a la Selecci\u00f3n Peruana y Sue\u00f1o Cumplido 2026 - Tipnexa","isPartOf":{"@id":"https:\/\/tipnexa.com\/blog\/#website"},"primaryImageOfPage":{"@id":"https:\/\/tipnexa.com\/blog\/jairo-velez-convocatoria-a-la-seleccion-peruana-y-sueno-cumplido-2026\/#primaryimage"},"image":{"@id":"https:\/\/tipnexa.com\/blog\/jairo-velez-convocatoria-a-la-seleccion-peruana-y-sueno-cumplido-2026\/#primaryimage"},"thumbnailUrl":"https:\/\/tipnexa.com\/blog\/wp-content\/uploads\/2026\/03\/jairo-velez-convocatoria-a-la-seleccion-peruana-y-sueno-cumplido-2026-1773751083609.png","datePublished":"2026-03-17T12:38:07+00:00","breadcrumb":{"@id":"https:\/\/tipnexa.com\/blog\/jairo-velez-convocatoria-a-la-seleccion-peruana-y-sueno-cumplido-2026\/#breadcrumb"},"inLanguage":"es","potentialAction":[{"@type":"ReadAction","target":["https:\/\/tipnexa.com\/blog\/jairo-velez-convocatoria-a-la-seleccion-peruana-y-sueno-cumplido-2026\/"]}]},{"@type":"ImageObject","inLanguage":"es","@id":"https:\/\/tipnexa.com\/blog\/jairo-velez-convocatoria-a-la-seleccion-peruana-y-sueno-cumplido-2026\/#primaryimage","url":"https:\/\/tipnexa.com\/blog\/wp-content\/uploads\/2026\/03\/jairo-velez-convocatoria-a-la-seleccion-peruana-y-sueno-cumplido-2026-1773751083609.png","contentUrl":"https:\/\/tipnexa.com\/blog\/wp-content\/uploads\/2026\/03\/jairo-velez-convocatoria-a-la-seleccion-peruana-y-sueno-cumplido-2026-1773751083609.png","width":1344,"height":768},{"@type":"BreadcrumbList","@id":"https:\/\/tipnexa.com\/blog\/jairo-velez-convocatoria-a-la-seleccion-peruana-y-sueno-cumplido-2026\/#breadcrumb","itemListElement":[{"@type":"ListItem","position":1,"name":"Portada","item":"https:\/\/tipnexa.com\/blog\/"},{"@type":"ListItem","position":2,"name":"Jairo V\u00e9lez: Convocatoria a la Selecci\u00f3n Peruana y Sue\u00f1o Cumplido 2026"}]},{"@type":"WebSite","@id":"https:\/\/tipnexa.com\/blog\/#website","url":"https:\/\/tipnexa.com\/blog\/","name":"Blog de Tipnexa","description":"Descubre en el blog de Tipnexa las \u00faltimas noticias de f\u00fatbol, pron\u00f3sticos, an\u00e1lisis de partidos, ligas y equipos con enfoque experto y datos actualizados.","publisher":{"@id":"https:\/\/tipnexa.com\/blog\/#organization"},"alternateName":"Blog de Tipnexa","potentialAction":[{"@type":"SearchAction","target":{"@type":"EntryPoint","urlTemplate":"https:\/\/tipnexa.com\/blog\/?s={search_term_string}"},"query-input":{"@type":"PropertyValueSpecification","valueRequired":true,"valueName":"search_term_string"}}],"inLanguage":"es"},{"@type":"Organization","@id":"https:\/\/tipnexa.com\/blog\/#organization","name":"Tipnexa","url":"https:\/\/tipnexa.com\/blog\/","logo":{"@type":"ImageObject","inLanguage":"es","@id":"https:\/\/tipnexa.com\/blog\/#\/schema\/logo\/image\/","url":"https:\/\/tipnexa.com\/blog\/wp-content\/uploads\/2026\/03\/192x192.png","contentUrl":"https:\/\/tipnexa.com\/blog\/wp-content\/uploads\/2026\/03\/192x192.png","width":192,"height":192,"caption":"Tipnexa"},"image":{"@id":"https:\/\/tipnexa.com\/blog\/#\/schema\/logo\/image\/"}},{"@type":"Person","@id":"https:\/\/tipnexa.com\/blog\/#\/schema\/person\/fcfe9a20877b14cc7f2bc3ce77f6d3cf","name":"admin","image":{"@type":"ImageObject","inLanguage":"es","@id":"https:\/\/secure.gravatar.com\/avatar\/b4f14cb9d9d12a445b91a477b3cf143c91ca7da26f03b6815b159c10ce2e2c74?s=96&d=mm&r=g","url":"https:\/\/secure.gravatar.com\/avatar\/b4f14cb9d9d12a445b91a477b3cf143c91ca7da26f03b6815b159c10ce2e2c74?s=96&d=mm&r=g","contentUrl":"https:\/\/secure.gravatar.com\/avatar\/b4f14cb9d9d12a445b91a477b3cf143c91ca7da26f03b6815b159c10ce2e2c74?s=96&d=mm&r=g","caption":"admin"},"sameAs":["https:\/\/tipnexa.com\/blog"],"url":"https:\/\/tipnexa.com\/blog\/author\/admin\/"}]}},"_links":{"self":[{"href":"https:\/\/tipnexa.com\/blog\/wp-json\/wp\/v2\/posts\/2472","targetHints":{"allow":["GET"]}}],"collection":[{"href":"https:\/\/tipnexa.com\/blog\/wp-json\/wp\/v2\/posts"}],"about":[{"href":"https:\/\/tipnexa.com\/blog\/wp-json\/wp\/v2\/types\/post"}],"author":[{"embeddable":true,"href":"https:\/\/tipnexa.com\/blog\/wp-json\/wp\/v2\/users\/1"}],"replies":[{"embeddable":true,"href":"https:\/\/tipnexa.com\/blog\/wp-json\/wp\/v2\/comments?post=2472"}],"version-history":[{"count":0,"href":"https:\/\/tipnexa.com\/blog\/wp-json\/wp\/v2\/posts\/2472\/revisions"}],"wp:featuredmedia":[{"embeddable":true,"href":"https:\/\/tipnexa.com\/blog\/wp-json\/wp\/v2\/media\/2471"}],"wp:attachment":[{"href":"https:\/\/tipnexa.com\/blog\/wp-json\/wp\/v2\/media?parent=2472"}],"wp:term":[{"taxonomy":"category","embeddable":true,"href":"https:\/\/tipnexa.com\/blog\/wp-json\/wp\/v2\/categories?post=2472"},{"taxonomy":"post_tag","embeddable":true,"href":"https:\/\/tipnexa.com\/blog\/wp-json\/wp\/v2\/tags?post=2472"}],"curies":[{"name":"wp","href":"https:\/\/api.w.org\/{rel}","templated":true}]}}