{"id":2262,"date":"2026-03-16T14:21:39","date_gmt":"2026-03-16T19:21:39","guid":{"rendered":"https:\/\/tipnexa.com\/blog\/neymar-ausente-en-convocatoria-de-brasil-peligra-su-mundial-2026\/"},"modified":"2026-03-16T14:21:39","modified_gmt":"2026-03-16T19:21:39","slug":"neymar-ausente-en-convocatoria-de-brasil-peligra-su-mundial-2026","status":"publish","type":"post","link":"https:\/\/tipnexa.com\/blog\/neymar-ausente-en-convocatoria-de-brasil-peligra-su-mundial-2026\/","title":{"rendered":"Neymar Ausente en Convocatoria de Brasil: \u00bfPeligra su Mundial 2026?"},"content":{"rendered":"<p>La reciente convocatoria de la selecci\u00f3n de Brasil ha generado gran revuelo, especialmente por la notable ausencia de <strong>Neymar<\/strong>. El delantero, figura hist\u00f3rica del f\u00fatbol brasile\u00f1o, no fue incluido por el t\u00e9cnico Carlo Ancelotti para los pr\u00f3ximos amistosos contra Francia y Croacia. Esta decisi\u00f3n enciende las alarmas sobre su participaci\u00f3n en la <strong>Copa del Mundo 2026<\/strong>, dado que esta es la \u00faltima lista previa a la definitiva para el torneo.<\/p>\n<h2>El Desaf\u00edo de Neymar y la Selecci\u00f3n Brasile\u00f1a<\/h2>\n<p>Desde su regreso a un club brasile\u00f1o con la esperanza de ser considerado para la selecci\u00f3n, Neymar ha enfrentado un periodo complicado. Las <strong>lesiones<\/strong> y los problemas musculares han sido una constante, limitando su regularidad en el campo. Aunque ha mostrado destellos de su calidad con jugadas y goles, la falta de continuidad es un factor clave que preocupa al cuerpo t\u00e9cnico.<\/p>\n<p>El exatacante de clubes europeos no ha vuelto a vestir la camiseta de la selecci\u00f3n desde octubre de 2023, cuando sufri\u00f3 una grave lesi\u00f3n de rodilla durante un partido de eliminatorias mundialistas. Ancelotti, quien asumi\u00f3 el mando de la Canarinha en mayo de 2025, ha sido claro en su postura: solo convocar\u00e1 a jugadores que se encuentren al <strong>100% de sus condiciones f\u00edsicas<\/strong>.<\/p>\n<h2>El Criterio de Ancelotti y el Camino al Mundial<\/h2>\n<p>La filosof\u00eda de Ancelotti se ha mantenido firme. Incluso se ha reportado que el t\u00e9cnico acudi\u00f3 personalmente a observar a Neymar en un partido, pero el jugador fue reservado por fatiga muscular. M\u00e1s tarde, en un cl\u00e1sico donde se esperaba su desempe\u00f1o, el delantero disput\u00f3 los 90 minutos pero sin mayor impacto, con participaciones espor\u00e1dicas y errores en la entrega.<\/p>\n<p>A pesar de la estricta pol\u00edtica del entrenador, la reciente lesi\u00f3n de Rodrygo, que lo ha dejado fuera del Mundial, podr\u00eda abrir una peque\u00f1a ventana de esperanza para el regreso de Neymar. No obstante, el desaf\u00edo para el experimentado futbolista es recuperar su mejor forma y demostrar que puede mantenerse en \u00f3ptimas condiciones f\u00edsicas. Para m\u00e1s noticias sobre jugadores y selecciones, puedes visitar <a href=\"https:\/\/tipnexa.com\/blog\/\">nuestro blog<\/a>. La situaci\u00f3n de jugadores clave con sus selecciones siempre es un tema candente, como se vio con la <a href=\"https:\/\/tipnexa.com\/blog\/nilson-angulo-se-lesiona-baja-clave-para-ecuador-en-fecha-fifa-2026\/\">lesi\u00f3n de Nilson Angulo<\/a> que afect\u00f3 a la selecci\u00f3n de Ecuador.<\/p>\n<h2>Conclusi\u00f3n<\/h2>\n<p>La exclusi\u00f3n de Neymar de la \u00faltima convocatoria de Brasil subraya la importancia de la condici\u00f3n f\u00edsica para Carlo Ancelotti de cara al Mundial 2026. El camino para el delantero es claro: superar las lesiones, recuperar la regularidad y alcanzar su mejor nivel para tener una oportunidad de representar a su pa\u00eds en la m\u00e1xima cita del f\u00fatbol. La expectativa sobre su futuro con la selecci\u00f3n brasile\u00f1a sigue siendo alta.<\/p>\n","protected":false},"excerpt":{"rendered":"<p>Neymar fuera de la convocatoria de Brasil para amistosos. Descubre por qu\u00e9 su estado f\u00edsico preocupa a Ancelotti y si su participaci\u00f3n en el Mundial 2026 peligra.<\/p>\n","protected":false},"author":1,"featured_media":2261,"comment_status":"open","ping_status":"open","sticky":false,"template":"","format":"standard","meta":{"footnotes":""},"categories":[16],"tags":[],"class_list":["post-2262","post","type-post","status-publish","format-standard","has-post-thumbnail","hentry","category-futbol-internacional"],"yoast_head":"<!-- This site is optimized with the Yoast SEO plugin v27.2 - https:\/\/yoast.com\/product\/yoast-seo-wordpress\/ -->\n<title>Neymar Ausente en Convocatoria de Brasil: \u00bfPeligra su Mundial 2026? - Tipnexa<\/title>\n<meta name=\"robots\" content=\"index, follow, max-snippet:-1, max-image-preview:large, max-video-preview:-1\" \/>\n<link rel=\"canonical\" href=\"https:\/\/tipnexa.com\/blog\/neymar-ausente-en-convocatoria-de-brasil-peligra-su-mundial-2026\/\" \/>\n<meta property=\"og:locale\" content=\"es_ES\" \/>\n<meta property=\"og:type\" content=\"article\" \/>\n<meta property=\"og:title\" content=\"Neymar Ausente en Convocatoria de Brasil: \u00bfPeligra su Mundial 2026? - Tipnexa\" \/>\n<meta property=\"og:description\" content=\"Neymar fuera de la convocatoria de Brasil para amistosos. Descubre por qu\u00e9 su estado f\u00edsico preocupa a Ancelotti y si su participaci\u00f3n en el Mundial 2026 peligra.\" \/>\n<meta property=\"og:url\" content=\"https:\/\/tipnexa.com\/blog\/neymar-ausente-en-convocatoria-de-brasil-peligra-su-mundial-2026\/\" \/>\n<meta property=\"og:site_name\" content=\"Tipnexa\" \/>\n<meta property=\"article:published_time\" content=\"2026-03-16T19:21:39+00:00\" \/>\n<meta property=\"og:image\" content=\"https:\/\/tipnexa.com\/blog\/wp-content\/uploads\/2026\/03\/neymar-ausente-en-convocatoria-de-brasil-peligra-su-mundial-2026-1773688895062-1024x585.png\" \/>\n\t<meta property=\"og:image:width\" content=\"1024\" \/>\n\t<meta property=\"og:image:height\" content=\"585\" \/>\n\t<meta property=\"og:image:type\" content=\"image\/png\" \/>\n<meta name=\"author\" content=\"admin\" \/>\n<meta name=\"twitter:card\" content=\"summary_large_image\" \/>\n<meta name=\"twitter:label1\" content=\"Escrito por\" \/>\n\t<meta name=\"twitter:data1\" content=\"admin\" \/>\n\t<meta name=\"twitter:label2\" content=\"Tiempo de lectura\" \/>\n\t<meta name=\"twitter:data2\" content=\"2 minutos\" \/>\n<script type=\"application\/ld+json\" class=\"yoast-schema-graph\">{\"@context\":\"https:\/\/schema.org\",\"@graph\":[{\"@type\":\"Article\",\"@id\":\"https:\/\/tipnexa.com\/blog\/neymar-ausente-en-convocatoria-de-brasil-peligra-su-mundial-2026\/#article\",\"isPartOf\":{\"@id\":\"https:\/\/tipnexa.com\/blog\/neymar-ausente-en-convocatoria-de-brasil-peligra-su-mundial-2026\/\"},\"author\":{\"name\":\"admin\",\"@id\":\"https:\/\/tipnexa.com\/blog\/#\/schema\/person\/fcfe9a20877b14cc7f2bc3ce77f6d3cf\"},\"headline\":\"Neymar Ausente en Convocatoria de Brasil: \u00bfPeligra su Mundial 2026?\",\"datePublished\":\"2026-03-16T19:21:39+00:00\",\"mainEntityOfPage\":{\"@id\":\"https:\/\/tipnexa.com\/blog\/neymar-ausente-en-convocatoria-de-brasil-peligra-su-mundial-2026\/\"},\"wordCount\":482,\"commentCount\":0,\"publisher\":{\"@id\":\"https:\/\/tipnexa.com\/blog\/#organization\"},\"image\":{\"@id\":\"https:\/\/tipnexa.com\/blog\/neymar-ausente-en-convocatoria-de-brasil-peligra-su-mundial-2026\/#primaryimage\"},\"thumbnailUrl\":\"https:\/\/tipnexa.com\/blog\/wp-content\/uploads\/2026\/03\/neymar-ausente-en-convocatoria-de-brasil-peligra-su-mundial-2026-1773688895062.png\",\"articleSection\":[\"F\u00fatbol Internacional\"],\"inLanguage\":\"es\",\"potentialAction\":[{\"@type\":\"CommentAction\",\"name\":\"Comment\",\"target\":[\"https:\/\/tipnexa.com\/blog\/neymar-ausente-en-convocatoria-de-brasil-peligra-su-mundial-2026\/#respond\"]}]},{\"@type\":\"WebPage\",\"@id\":\"https:\/\/tipnexa.com\/blog\/neymar-ausente-en-convocatoria-de-brasil-peligra-su-mundial-2026\/\",\"url\":\"https:\/\/tipnexa.com\/blog\/neymar-ausente-en-convocatoria-de-brasil-peligra-su-mundial-2026\/\",\"name\":\"Neymar Ausente en Convocatoria de Brasil: \u00bfPeligra su Mundial 2026? - Tipnexa\",\"isPartOf\":{\"@id\":\"https:\/\/tipnexa.com\/blog\/#website\"},\"primaryImageOfPage\":{\"@id\":\"https:\/\/tipnexa.com\/blog\/neymar-ausente-en-convocatoria-de-brasil-peligra-su-mundial-2026\/#primaryimage\"},\"image\":{\"@id\":\"https:\/\/tipnexa.com\/blog\/neymar-ausente-en-convocatoria-de-brasil-peligra-su-mundial-2026\/#primaryimage\"},\"thumbnailUrl\":\"https:\/\/tipnexa.com\/blog\/wp-content\/uploads\/2026\/03\/neymar-ausente-en-convocatoria-de-brasil-peligra-su-mundial-2026-1773688895062.png\",\"datePublished\":\"2026-03-16T19:21:39+00:00\",\"breadcrumb\":{\"@id\":\"https:\/\/tipnexa.com\/blog\/neymar-ausente-en-convocatoria-de-brasil-peligra-su-mundial-2026\/#breadcrumb\"},\"inLanguage\":\"es\",\"potentialAction\":[{\"@type\":\"ReadAction\",\"target\":[\"https:\/\/tipnexa.com\/blog\/neymar-ausente-en-convocatoria-de-brasil-peligra-su-mundial-2026\/\"]}]},{\"@type\":\"ImageObject\",\"inLanguage\":\"es\",\"@id\":\"https:\/\/tipnexa.com\/blog\/neymar-ausente-en-convocatoria-de-brasil-peligra-su-mundial-2026\/#primaryimage\",\"url\":\"https:\/\/tipnexa.com\/blog\/wp-content\/uploads\/2026\/03\/neymar-ausente-en-convocatoria-de-brasil-peligra-su-mundial-2026-1773688895062.png\",\"contentUrl\":\"https:\/\/tipnexa.com\/blog\/wp-content\/uploads\/2026\/03\/neymar-ausente-en-convocatoria-de-brasil-peligra-su-mundial-2026-1773688895062.png\",\"width\":1344,\"height\":768},{\"@type\":\"BreadcrumbList\",\"@id\":\"https:\/\/tipnexa.com\/blog\/neymar-ausente-en-convocatoria-de-brasil-peligra-su-mundial-2026\/#breadcrumb\",\"itemListElement\":[{\"@type\":\"ListItem\",\"position\":1,\"name\":\"Portada\",\"item\":\"https:\/\/tipnexa.com\/blog\/\"},{\"@type\":\"ListItem\",\"position\":2,\"name\":\"Neymar Ausente en Convocatoria de Brasil: \u00bfPeligra su Mundial 2026?\"}]},{\"@type\":\"WebSite\",\"@id\":\"https:\/\/tipnexa.com\/blog\/#website\",\"url\":\"https:\/\/tipnexa.com\/blog\/\",\"name\":\"Blog de Tipnexa\",\"description\":\"Descubre en el blog de Tipnexa las \u00faltimas noticias de f\u00fatbol, pron\u00f3sticos, an\u00e1lisis de partidos, ligas y equipos con enfoque experto y datos actualizados.\",\"publisher\":{\"@id\":\"https:\/\/tipnexa.com\/blog\/#organization\"},\"alternateName\":\"Blog de Tipnexa\",\"potentialAction\":[{\"@type\":\"SearchAction\",\"target\":{\"@type\":\"EntryPoint\",\"urlTemplate\":\"https:\/\/tipnexa.com\/blog\/?s={search_term_string}\"},\"query-input\":{\"@type\":\"PropertyValueSpecification\",\"valueRequired\":true,\"valueName\":\"search_term_string\"}}],\"inLanguage\":\"es\"},{\"@type\":\"Organization\",\"@id\":\"https:\/\/tipnexa.com\/blog\/#organization\",\"name\":\"Tipnexa\",\"url\":\"https:\/\/tipnexa.com\/blog\/\",\"logo\":{\"@type\":\"ImageObject\",\"inLanguage\":\"es\",\"@id\":\"https:\/\/tipnexa.com\/blog\/#\/schema\/logo\/image\/\",\"url\":\"https:\/\/tipnexa.com\/blog\/wp-content\/uploads\/2026\/03\/192x192.png\",\"contentUrl\":\"https:\/\/tipnexa.com\/blog\/wp-content\/uploads\/2026\/03\/192x192.png\",\"width\":192,\"height\":192,\"caption\":\"Tipnexa\"},\"image\":{\"@id\":\"https:\/\/tipnexa.com\/blog\/#\/schema\/logo\/image\/\"}},{\"@type\":\"Person\",\"@id\":\"https:\/\/tipnexa.com\/blog\/#\/schema\/person\/fcfe9a20877b14cc7f2bc3ce77f6d3cf\",\"name\":\"admin\",\"image\":{\"@type\":\"ImageObject\",\"inLanguage\":\"es\",\"@id\":\"https:\/\/secure.gravatar.com\/avatar\/b4f14cb9d9d12a445b91a477b3cf143c91ca7da26f03b6815b159c10ce2e2c74?s=96&d=mm&r=g\",\"url\":\"https:\/\/secure.gravatar.com\/avatar\/b4f14cb9d9d12a445b91a477b3cf143c91ca7da26f03b6815b159c10ce2e2c74?s=96&d=mm&r=g\",\"contentUrl\":\"https:\/\/secure.gravatar.com\/avatar\/b4f14cb9d9d12a445b91a477b3cf143c91ca7da26f03b6815b159c10ce2e2c74?s=96&d=mm&r=g\",\"caption\":\"admin\"},\"sameAs\":[\"https:\/\/tipnexa.com\/blog\"],\"url\":\"https:\/\/tipnexa.com\/blog\/author\/admin\/\"}]}<\/script>\n<!-- \/ Yoast SEO plugin. -->","yoast_head_json":{"title":"Neymar Ausente en Convocatoria de Brasil: \u00bfPeligra su Mundial 2026? - Tipnexa","robots":{"index":"index","follow":"follow","max-snippet":"max-snippet:-1","max-image-preview":"max-image-preview:large","max-video-preview":"max-video-preview:-1"},"canonical":"https:\/\/tipnexa.com\/blog\/neymar-ausente-en-convocatoria-de-brasil-peligra-su-mundial-2026\/","og_locale":"es_ES","og_type":"article","og_title":"Neymar Ausente en Convocatoria de Brasil: \u00bfPeligra su Mundial 2026? - Tipnexa","og_description":"Neymar fuera de la convocatoria de Brasil para amistosos. Descubre por qu\u00e9 su estado f\u00edsico preocupa a Ancelotti y si su participaci\u00f3n en el Mundial 2026 peligra.","og_url":"https:\/\/tipnexa.com\/blog\/neymar-ausente-en-convocatoria-de-brasil-peligra-su-mundial-2026\/","og_site_name":"Tipnexa","article_published_time":"2026-03-16T19:21:39+00:00","og_image":[{"width":1024,"height":585,"url":"https:\/\/tipnexa.com\/blog\/wp-content\/uploads\/2026\/03\/neymar-ausente-en-convocatoria-de-brasil-peligra-su-mundial-2026-1773688895062-1024x585.png","type":"image\/png"}],"author":"admin","twitter_card":"summary_large_image","twitter_misc":{"Escrito por":"admin","Tiempo de lectura":"2 minutos"},"schema":{"@context":"https:\/\/schema.org","@graph":[{"@type":"Article","@id":"https:\/\/tipnexa.com\/blog\/neymar-ausente-en-convocatoria-de-brasil-peligra-su-mundial-2026\/#article","isPartOf":{"@id":"https:\/\/tipnexa.com\/blog\/neymar-ausente-en-convocatoria-de-brasil-peligra-su-mundial-2026\/"},"author":{"name":"admin","@id":"https:\/\/tipnexa.com\/blog\/#\/schema\/person\/fcfe9a20877b14cc7f2bc3ce77f6d3cf"},"headline":"Neymar Ausente en Convocatoria de Brasil: \u00bfPeligra su Mundial 2026?","datePublished":"2026-03-16T19:21:39+00:00","mainEntityOfPage":{"@id":"https:\/\/tipnexa.com\/blog\/neymar-ausente-en-convocatoria-de-brasil-peligra-su-mundial-2026\/"},"wordCount":482,"commentCount":0,"publisher":{"@id":"https:\/\/tipnexa.com\/blog\/#organization"},"image":{"@id":"https:\/\/tipnexa.com\/blog\/neymar-ausente-en-convocatoria-de-brasil-peligra-su-mundial-2026\/#primaryimage"},"thumbnailUrl":"https:\/\/tipnexa.com\/blog\/wp-content\/uploads\/2026\/03\/neymar-ausente-en-convocatoria-de-brasil-peligra-su-mundial-2026-1773688895062.png","articleSection":["F\u00fatbol Internacional"],"inLanguage":"es","potentialAction":[{"@type":"CommentAction","name":"Comment","target":["https:\/\/tipnexa.com\/blog\/neymar-ausente-en-convocatoria-de-brasil-peligra-su-mundial-2026\/#respond"]}]},{"@type":"WebPage","@id":"https:\/\/tipnexa.com\/blog\/neymar-ausente-en-convocatoria-de-brasil-peligra-su-mundial-2026\/","url":"https:\/\/tipnexa.com\/blog\/neymar-ausente-en-convocatoria-de-brasil-peligra-su-mundial-2026\/","name":"Neymar Ausente en Convocatoria de Brasil: \u00bfPeligra su Mundial 2026? - Tipnexa","isPartOf":{"@id":"https:\/\/tipnexa.com\/blog\/#website"},"primaryImageOfPage":{"@id":"https:\/\/tipnexa.com\/blog\/neymar-ausente-en-convocatoria-de-brasil-peligra-su-mundial-2026\/#primaryimage"},"image":{"@id":"https:\/\/tipnexa.com\/blog\/neymar-ausente-en-convocatoria-de-brasil-peligra-su-mundial-2026\/#primaryimage"},"thumbnailUrl":"https:\/\/tipnexa.com\/blog\/wp-content\/uploads\/2026\/03\/neymar-ausente-en-convocatoria-de-brasil-peligra-su-mundial-2026-1773688895062.png","datePublished":"2026-03-16T19:21:39+00:00","breadcrumb":{"@id":"https:\/\/tipnexa.com\/blog\/neymar-ausente-en-convocatoria-de-brasil-peligra-su-mundial-2026\/#breadcrumb"},"inLanguage":"es","potentialAction":[{"@type":"ReadAction","target":["https:\/\/tipnexa.com\/blog\/neymar-ausente-en-convocatoria-de-brasil-peligra-su-mundial-2026\/"]}]},{"@type":"ImageObject","inLanguage":"es","@id":"https:\/\/tipnexa.com\/blog\/neymar-ausente-en-convocatoria-de-brasil-peligra-su-mundial-2026\/#primaryimage","url":"https:\/\/tipnexa.com\/blog\/wp-content\/uploads\/2026\/03\/neymar-ausente-en-convocatoria-de-brasil-peligra-su-mundial-2026-1773688895062.png","contentUrl":"https:\/\/tipnexa.com\/blog\/wp-content\/uploads\/2026\/03\/neymar-ausente-en-convocatoria-de-brasil-peligra-su-mundial-2026-1773688895062.png","width":1344,"height":768},{"@type":"BreadcrumbList","@id":"https:\/\/tipnexa.com\/blog\/neymar-ausente-en-convocatoria-de-brasil-peligra-su-mundial-2026\/#breadcrumb","itemListElement":[{"@type":"ListItem","position":1,"name":"Portada","item":"https:\/\/tipnexa.com\/blog\/"},{"@type":"ListItem","position":2,"name":"Neymar Ausente en Convocatoria de Brasil: \u00bfPeligra su Mundial 2026?"}]},{"@type":"WebSite","@id":"https:\/\/tipnexa.com\/blog\/#website","url":"https:\/\/tipnexa.com\/blog\/","name":"Blog de Tipnexa","description":"Descubre en el blog de Tipnexa las \u00faltimas noticias de f\u00fatbol, pron\u00f3sticos, an\u00e1lisis de partidos, ligas y equipos con enfoque experto y datos actualizados.","publisher":{"@id":"https:\/\/tipnexa.com\/blog\/#organization"},"alternateName":"Blog de Tipnexa","potentialAction":[{"@type":"SearchAction","target":{"@type":"EntryPoint","urlTemplate":"https:\/\/tipnexa.com\/blog\/?s={search_term_string}"},"query-input":{"@type":"PropertyValueSpecification","valueRequired":true,"valueName":"search_term_string"}}],"inLanguage":"es"},{"@type":"Organization","@id":"https:\/\/tipnexa.com\/blog\/#organization","name":"Tipnexa","url":"https:\/\/tipnexa.com\/blog\/","logo":{"@type":"ImageObject","inLanguage":"es","@id":"https:\/\/tipnexa.com\/blog\/#\/schema\/logo\/image\/","url":"https:\/\/tipnexa.com\/blog\/wp-content\/uploads\/2026\/03\/192x192.png","contentUrl":"https:\/\/tipnexa.com\/blog\/wp-content\/uploads\/2026\/03\/192x192.png","width":192,"height":192,"caption":"Tipnexa"},"image":{"@id":"https:\/\/tipnexa.com\/blog\/#\/schema\/logo\/image\/"}},{"@type":"Person","@id":"https:\/\/tipnexa.com\/blog\/#\/schema\/person\/fcfe9a20877b14cc7f2bc3ce77f6d3cf","name":"admin","image":{"@type":"ImageObject","inLanguage":"es","@id":"https:\/\/secure.gravatar.com\/avatar\/b4f14cb9d9d12a445b91a477b3cf143c91ca7da26f03b6815b159c10ce2e2c74?s=96&d=mm&r=g","url":"https:\/\/secure.gravatar.com\/avatar\/b4f14cb9d9d12a445b91a477b3cf143c91ca7da26f03b6815b159c10ce2e2c74?s=96&d=mm&r=g","contentUrl":"https:\/\/secure.gravatar.com\/avatar\/b4f14cb9d9d12a445b91a477b3cf143c91ca7da26f03b6815b159c10ce2e2c74?s=96&d=mm&r=g","caption":"admin"},"sameAs":["https:\/\/tipnexa.com\/blog"],"url":"https:\/\/tipnexa.com\/blog\/author\/admin\/"}]}},"_links":{"self":[{"href":"https:\/\/tipnexa.com\/blog\/wp-json\/wp\/v2\/posts\/2262","targetHints":{"allow":["GET"]}}],"collection":[{"href":"https:\/\/tipnexa.com\/blog\/wp-json\/wp\/v2\/posts"}],"about":[{"href":"https:\/\/tipnexa.com\/blog\/wp-json\/wp\/v2\/types\/post"}],"author":[{"embeddable":true,"href":"https:\/\/tipnexa.com\/blog\/wp-json\/wp\/v2\/users\/1"}],"replies":[{"embeddable":true,"href":"https:\/\/tipnexa.com\/blog\/wp-json\/wp\/v2\/comments?post=2262"}],"version-history":[{"count":0,"href":"https:\/\/tipnexa.com\/blog\/wp-json\/wp\/v2\/posts\/2262\/revisions"}],"wp:featuredmedia":[{"embeddable":true,"href":"https:\/\/tipnexa.com\/blog\/wp-json\/wp\/v2\/media\/2261"}],"wp:attachment":[{"href":"https:\/\/tipnexa.com\/blog\/wp-json\/wp\/v2\/media?parent=2262"}],"wp:term":[{"taxonomy":"category","embeddable":true,"href":"https:\/\/tipnexa.com\/blog\/wp-json\/wp\/v2\/categories?post=2262"},{"taxonomy":"post_tag","embeddable":true,"href":"https:\/\/tipnexa.com\/blog\/wp-json\/wp\/v2\/tags?post=2262"}],"curies":[{"name":"wp","href":"https:\/\/api.w.org\/{rel}","templated":true}]}}