{"id":2202,"date":"2026-03-16T11:41:54","date_gmt":"2026-03-16T16:41:54","guid":{"rendered":"https:\/\/tipnexa.com\/blog\/jairo-velez-a-la-seleccion-peruana-mano-menezes-explica-su-convocatoria\/"},"modified":"2026-03-16T11:41:54","modified_gmt":"2026-03-16T16:41:54","slug":"jairo-velez-a-la-seleccion-peruana-mano-menezes-explica-su-convocatoria","status":"publish","type":"post","link":"https:\/\/tipnexa.com\/blog\/jairo-velez-a-la-seleccion-peruana-mano-menezes-explica-su-convocatoria\/","title":{"rendered":"Jairo V\u00e9lez a la Selecci\u00f3n Peruana: Mano Menezes Explica su Convocatoria"},"content":{"rendered":"<p>El entrenador <strong>Mano Menezes<\/strong> ha revelado los motivos detr\u00e1s de la inclusi\u00f3n de <strong>Jairo V\u00e9lez<\/strong>, el talentoso volante de <strong>Alianza Lima<\/strong>, en la convocatoria de la <strong>Selecci\u00f3n Peruana<\/strong>. V\u00e9lez ha sido una figura destacada en la <strong>Liga 1<\/strong> durante la temporada 2026, lo que ha captado la atenci\u00f3n del cuerpo t\u00e9cnico nacional. La decisi\u00f3n subraya la importancia de monitorear el rendimiento de los jugadores tanto a nivel local como internacional.<\/p>\n<h2>El Valor de la Liga 1 y las Cualidades de V\u00e9lez<\/h2>\n<p>Menezes enfatiz\u00f3 la necesidad de reconocer el talento emergente en la liga local. \u00abNuestra obligaci\u00f3n es estar atentos para monitorear a todos los jugadores, los que est\u00e1n afuera y aqu\u00ed. Es importante darle valor a nuestra liga\u00bb, afirm\u00f3 el estratega. Sobre Jairo V\u00e9lez, el t\u00e9cnico destac\u00f3 sus habilidades espec\u00edficas: \u00abJairo V\u00e9lez tiene caracter\u00edsticas de jugadores que necesitamos para esa funci\u00f3n, encuentra soluciones para jugadas m\u00e1s importantes en el \u00faltimo tercio; \u00e9l tiene esas caracter\u00edsticas\u00bb. Esta visi\u00f3n resalta la b\u00fasqueda de futbolistas capaces de generar oportunidades clave en el ataque. Para m\u00e1s informaci\u00f3n sobre el desempe\u00f1o en la liga, puedes visitar nuestro <a href=\"https:\/\/tipnexa.com\/blog\/universitario-vs-utc-donde-ver-y-horarios-del-duelo-clave-en-liga-1-2026\/\">blog de Liga 1<\/a>.<\/p>\n<h2>Pr\u00f3ximos Desaf\u00edos de la Selecci\u00f3n Peruana en Marzo 2026<\/h2>\n<p>La <strong>Selecci\u00f3n Peruana<\/strong> se prepara para dos encuentros amistosos internacionales cruciales en marzo de 2026, aprovechando las fechas FIFA. El primer compromiso ser\u00e1 el s\u00e1bado 28 contra <strong>Senegal<\/strong>. Este partido se jugar\u00e1 en el Stade de France, en Francia, a las 11:00 a.m. (hora peruana). Posteriormente, el martes 31, Per\u00fa se enfrentar\u00e1 a <strong>Honduras<\/strong> en el Estadio Municipal de Butarque, Espa\u00f1a, a partir de la 1:00 p.m. (hora peruana). Estos amistosos son esenciales para que el equipo afine estrategias y consolide el grupo de cara a futuros desaf\u00edos.<\/p>\n<h2>D\u00f3nde Ver los Amistosos de Per\u00fa<\/h2>\n<p>Los aficionados podr\u00e1n seguir de cerca los enfrentamientos de la <strong>Selecci\u00f3n Peruana<\/strong> contra Senegal y Honduras a trav\u00e9s de diversas plataformas. En se\u00f1al cerrada, Movistar Deportes transmitir\u00e1 ambos partidos, disponible en Movistar TV y su servicio de streaming. Adem\u00e1s, Am\u00e9rica TV (Canal 4) y ATV (Canal 9) ofrecer\u00e1n la transmisi\u00f3n en se\u00f1al abierta, asegurando que un amplio p\u00fablico pueda disfrutar de estos importantes encuentros. Mantente al tanto de las \u00faltimas noticias y an\u00e1lisis de f\u00fatbol en nuestro <a href=\"https:\/\/tipnexa.com\/blog\/\">blog<\/a>.<\/p>\n<h2>Conclusi\u00f3n<\/h2>\n<p>La convocatoria de <strong>Jairo V\u00e9lez<\/strong> a la <strong>Selecci\u00f3n Peruana<\/strong> por parte de <strong>Mano Menezes<\/strong> es un claro reconocimiento a su gran desempe\u00f1o en <strong>Alianza Lima<\/strong> y en la <strong>Liga 1<\/strong> 2026. Sus cualidades para generar juego en el \u00faltimo tercio del campo lo convierten en una pieza valiosa para el esquema del entrenador. Los pr\u00f3ximos amistosos de marzo contra <strong>Senegal<\/strong> y <strong>Honduras<\/strong> ser\u00e1n una excelente oportunidad para que V\u00e9lez demuestre su potencial a nivel internacional y para que la selecci\u00f3n contin\u00fae su preparaci\u00f3n.<\/p>\n","protected":false},"excerpt":{"rendered":"<p>Mano Menezes detalla la convocatoria de Jairo V\u00e9lez a la Selecci\u00f3n Peruana. Conoce por qu\u00e9 el volante de Alianza Lima fue elegido y los pr\u00f3ximos amistosos de Per\u00fa en marzo 2026.<\/p>\n","protected":false},"author":1,"featured_media":2201,"comment_status":"open","ping_status":"open","sticky":false,"template":"","format":"standard","meta":{"footnotes":""},"categories":[7],"tags":[],"class_list":["post-2202","post","type-post","status-publish","format-standard","has-post-thumbnail","hentry","category-seleccion-peruana"],"yoast_head":"<!-- This site is optimized with the Yoast SEO plugin v27.2 - https:\/\/yoast.com\/product\/yoast-seo-wordpress\/ -->\n<title>Jairo V\u00e9lez a la Selecci\u00f3n Peruana: Mano Menezes Explica su Convocatoria - Tipnexa<\/title>\n<meta name=\"robots\" content=\"index, follow, max-snippet:-1, max-image-preview:large, max-video-preview:-1\" \/>\n<link rel=\"canonical\" href=\"https:\/\/tipnexa.com\/blog\/jairo-velez-a-la-seleccion-peruana-mano-menezes-explica-su-convocatoria\/\" \/>\n<meta property=\"og:locale\" content=\"es_ES\" \/>\n<meta property=\"og:type\" content=\"article\" \/>\n<meta property=\"og:title\" content=\"Jairo V\u00e9lez a la Selecci\u00f3n Peruana: Mano Menezes Explica su Convocatoria - Tipnexa\" \/>\n<meta property=\"og:description\" content=\"Mano Menezes detalla la convocatoria de Jairo V\u00e9lez a la Selecci\u00f3n Peruana. Conoce por qu\u00e9 el volante de Alianza Lima fue elegido y los pr\u00f3ximos amistosos de Per\u00fa en marzo 2026.\" \/>\n<meta property=\"og:url\" content=\"https:\/\/tipnexa.com\/blog\/jairo-velez-a-la-seleccion-peruana-mano-menezes-explica-su-convocatoria\/\" \/>\n<meta property=\"og:site_name\" content=\"Tipnexa\" \/>\n<meta property=\"article:published_time\" content=\"2026-03-16T16:41:54+00:00\" \/>\n<meta property=\"og:image\" content=\"https:\/\/tipnexa.com\/blog\/wp-content\/uploads\/2026\/03\/jairo-velez-a-la-seleccion-peruana-mano-menezes-explica-su-convocatoria-1773679310501-1024x585.png\" \/>\n\t<meta property=\"og:image:width\" content=\"1024\" \/>\n\t<meta property=\"og:image:height\" content=\"585\" \/>\n\t<meta property=\"og:image:type\" content=\"image\/png\" \/>\n<meta name=\"author\" content=\"admin\" \/>\n<meta name=\"twitter:card\" content=\"summary_large_image\" \/>\n<meta name=\"twitter:label1\" content=\"Escrito por\" \/>\n\t<meta name=\"twitter:data1\" content=\"admin\" \/>\n\t<meta name=\"twitter:label2\" content=\"Tiempo de lectura\" \/>\n\t<meta name=\"twitter:data2\" content=\"2 minutos\" \/>\n<script type=\"application\/ld+json\" class=\"yoast-schema-graph\">{\"@context\":\"https:\/\/schema.org\",\"@graph\":[{\"@type\":\"Article\",\"@id\":\"https:\/\/tipnexa.com\/blog\/jairo-velez-a-la-seleccion-peruana-mano-menezes-explica-su-convocatoria\/#article\",\"isPartOf\":{\"@id\":\"https:\/\/tipnexa.com\/blog\/jairo-velez-a-la-seleccion-peruana-mano-menezes-explica-su-convocatoria\/\"},\"author\":{\"name\":\"admin\",\"@id\":\"https:\/\/tipnexa.com\/blog\/#\/schema\/person\/fcfe9a20877b14cc7f2bc3ce77f6d3cf\"},\"headline\":\"Jairo V\u00e9lez a la Selecci\u00f3n Peruana: Mano Menezes Explica su Convocatoria\",\"datePublished\":\"2026-03-16T16:41:54+00:00\",\"mainEntityOfPage\":{\"@id\":\"https:\/\/tipnexa.com\/blog\/jairo-velez-a-la-seleccion-peruana-mano-menezes-explica-su-convocatoria\/\"},\"wordCount\":506,\"commentCount\":0,\"publisher\":{\"@id\":\"https:\/\/tipnexa.com\/blog\/#organization\"},\"image\":{\"@id\":\"https:\/\/tipnexa.com\/blog\/jairo-velez-a-la-seleccion-peruana-mano-menezes-explica-su-convocatoria\/#primaryimage\"},\"thumbnailUrl\":\"https:\/\/tipnexa.com\/blog\/wp-content\/uploads\/2026\/03\/jairo-velez-a-la-seleccion-peruana-mano-menezes-explica-su-convocatoria-1773679310501.png\",\"articleSection\":[\"Selecci\u00f3n Peruana\"],\"inLanguage\":\"es\",\"potentialAction\":[{\"@type\":\"CommentAction\",\"name\":\"Comment\",\"target\":[\"https:\/\/tipnexa.com\/blog\/jairo-velez-a-la-seleccion-peruana-mano-menezes-explica-su-convocatoria\/#respond\"]}]},{\"@type\":\"WebPage\",\"@id\":\"https:\/\/tipnexa.com\/blog\/jairo-velez-a-la-seleccion-peruana-mano-menezes-explica-su-convocatoria\/\",\"url\":\"https:\/\/tipnexa.com\/blog\/jairo-velez-a-la-seleccion-peruana-mano-menezes-explica-su-convocatoria\/\",\"name\":\"Jairo V\u00e9lez a la Selecci\u00f3n Peruana: Mano Menezes Explica su Convocatoria - Tipnexa\",\"isPartOf\":{\"@id\":\"https:\/\/tipnexa.com\/blog\/#website\"},\"primaryImageOfPage\":{\"@id\":\"https:\/\/tipnexa.com\/blog\/jairo-velez-a-la-seleccion-peruana-mano-menezes-explica-su-convocatoria\/#primaryimage\"},\"image\":{\"@id\":\"https:\/\/tipnexa.com\/blog\/jairo-velez-a-la-seleccion-peruana-mano-menezes-explica-su-convocatoria\/#primaryimage\"},\"thumbnailUrl\":\"https:\/\/tipnexa.com\/blog\/wp-content\/uploads\/2026\/03\/jairo-velez-a-la-seleccion-peruana-mano-menezes-explica-su-convocatoria-1773679310501.png\",\"datePublished\":\"2026-03-16T16:41:54+00:00\",\"breadcrumb\":{\"@id\":\"https:\/\/tipnexa.com\/blog\/jairo-velez-a-la-seleccion-peruana-mano-menezes-explica-su-convocatoria\/#breadcrumb\"},\"inLanguage\":\"es\",\"potentialAction\":[{\"@type\":\"ReadAction\",\"target\":[\"https:\/\/tipnexa.com\/blog\/jairo-velez-a-la-seleccion-peruana-mano-menezes-explica-su-convocatoria\/\"]}]},{\"@type\":\"ImageObject\",\"inLanguage\":\"es\",\"@id\":\"https:\/\/tipnexa.com\/blog\/jairo-velez-a-la-seleccion-peruana-mano-menezes-explica-su-convocatoria\/#primaryimage\",\"url\":\"https:\/\/tipnexa.com\/blog\/wp-content\/uploads\/2026\/03\/jairo-velez-a-la-seleccion-peruana-mano-menezes-explica-su-convocatoria-1773679310501.png\",\"contentUrl\":\"https:\/\/tipnexa.com\/blog\/wp-content\/uploads\/2026\/03\/jairo-velez-a-la-seleccion-peruana-mano-menezes-explica-su-convocatoria-1773679310501.png\",\"width\":1344,\"height\":768},{\"@type\":\"BreadcrumbList\",\"@id\":\"https:\/\/tipnexa.com\/blog\/jairo-velez-a-la-seleccion-peruana-mano-menezes-explica-su-convocatoria\/#breadcrumb\",\"itemListElement\":[{\"@type\":\"ListItem\",\"position\":1,\"name\":\"Portada\",\"item\":\"https:\/\/tipnexa.com\/blog\/\"},{\"@type\":\"ListItem\",\"position\":2,\"name\":\"Jairo V\u00e9lez a la Selecci\u00f3n Peruana: Mano Menezes Explica su Convocatoria\"}]},{\"@type\":\"WebSite\",\"@id\":\"https:\/\/tipnexa.com\/blog\/#website\",\"url\":\"https:\/\/tipnexa.com\/blog\/\",\"name\":\"Blog de Tipnexa\",\"description\":\"Descubre en el blog de Tipnexa las \u00faltimas noticias de f\u00fatbol, pron\u00f3sticos, an\u00e1lisis de partidos, ligas y equipos con enfoque experto y datos actualizados.\",\"publisher\":{\"@id\":\"https:\/\/tipnexa.com\/blog\/#organization\"},\"alternateName\":\"Blog de Tipnexa\",\"potentialAction\":[{\"@type\":\"SearchAction\",\"target\":{\"@type\":\"EntryPoint\",\"urlTemplate\":\"https:\/\/tipnexa.com\/blog\/?s={search_term_string}\"},\"query-input\":{\"@type\":\"PropertyValueSpecification\",\"valueRequired\":true,\"valueName\":\"search_term_string\"}}],\"inLanguage\":\"es\"},{\"@type\":\"Organization\",\"@id\":\"https:\/\/tipnexa.com\/blog\/#organization\",\"name\":\"Tipnexa\",\"url\":\"https:\/\/tipnexa.com\/blog\/\",\"logo\":{\"@type\":\"ImageObject\",\"inLanguage\":\"es\",\"@id\":\"https:\/\/tipnexa.com\/blog\/#\/schema\/logo\/image\/\",\"url\":\"https:\/\/tipnexa.com\/blog\/wp-content\/uploads\/2026\/03\/192x192.png\",\"contentUrl\":\"https:\/\/tipnexa.com\/blog\/wp-content\/uploads\/2026\/03\/192x192.png\",\"width\":192,\"height\":192,\"caption\":\"Tipnexa\"},\"image\":{\"@id\":\"https:\/\/tipnexa.com\/blog\/#\/schema\/logo\/image\/\"}},{\"@type\":\"Person\",\"@id\":\"https:\/\/tipnexa.com\/blog\/#\/schema\/person\/fcfe9a20877b14cc7f2bc3ce77f6d3cf\",\"name\":\"admin\",\"image\":{\"@type\":\"ImageObject\",\"inLanguage\":\"es\",\"@id\":\"https:\/\/secure.gravatar.com\/avatar\/b4f14cb9d9d12a445b91a477b3cf143c91ca7da26f03b6815b159c10ce2e2c74?s=96&d=mm&r=g\",\"url\":\"https:\/\/secure.gravatar.com\/avatar\/b4f14cb9d9d12a445b91a477b3cf143c91ca7da26f03b6815b159c10ce2e2c74?s=96&d=mm&r=g\",\"contentUrl\":\"https:\/\/secure.gravatar.com\/avatar\/b4f14cb9d9d12a445b91a477b3cf143c91ca7da26f03b6815b159c10ce2e2c74?s=96&d=mm&r=g\",\"caption\":\"admin\"},\"sameAs\":[\"https:\/\/tipnexa.com\/blog\"],\"url\":\"https:\/\/tipnexa.com\/blog\/author\/admin\/\"}]}<\/script>\n<!-- \/ Yoast SEO plugin. -->","yoast_head_json":{"title":"Jairo V\u00e9lez a la Selecci\u00f3n Peruana: Mano Menezes Explica su Convocatoria - Tipnexa","robots":{"index":"index","follow":"follow","max-snippet":"max-snippet:-1","max-image-preview":"max-image-preview:large","max-video-preview":"max-video-preview:-1"},"canonical":"https:\/\/tipnexa.com\/blog\/jairo-velez-a-la-seleccion-peruana-mano-menezes-explica-su-convocatoria\/","og_locale":"es_ES","og_type":"article","og_title":"Jairo V\u00e9lez a la Selecci\u00f3n Peruana: Mano Menezes Explica su Convocatoria - Tipnexa","og_description":"Mano Menezes detalla la convocatoria de Jairo V\u00e9lez a la Selecci\u00f3n Peruana. Conoce por qu\u00e9 el volante de Alianza Lima fue elegido y los pr\u00f3ximos amistosos de Per\u00fa en marzo 2026.","og_url":"https:\/\/tipnexa.com\/blog\/jairo-velez-a-la-seleccion-peruana-mano-menezes-explica-su-convocatoria\/","og_site_name":"Tipnexa","article_published_time":"2026-03-16T16:41:54+00:00","og_image":[{"width":1024,"height":585,"url":"https:\/\/tipnexa.com\/blog\/wp-content\/uploads\/2026\/03\/jairo-velez-a-la-seleccion-peruana-mano-menezes-explica-su-convocatoria-1773679310501-1024x585.png","type":"image\/png"}],"author":"admin","twitter_card":"summary_large_image","twitter_misc":{"Escrito por":"admin","Tiempo de lectura":"2 minutos"},"schema":{"@context":"https:\/\/schema.org","@graph":[{"@type":"Article","@id":"https:\/\/tipnexa.com\/blog\/jairo-velez-a-la-seleccion-peruana-mano-menezes-explica-su-convocatoria\/#article","isPartOf":{"@id":"https:\/\/tipnexa.com\/blog\/jairo-velez-a-la-seleccion-peruana-mano-menezes-explica-su-convocatoria\/"},"author":{"name":"admin","@id":"https:\/\/tipnexa.com\/blog\/#\/schema\/person\/fcfe9a20877b14cc7f2bc3ce77f6d3cf"},"headline":"Jairo V\u00e9lez a la Selecci\u00f3n Peruana: Mano Menezes Explica su Convocatoria","datePublished":"2026-03-16T16:41:54+00:00","mainEntityOfPage":{"@id":"https:\/\/tipnexa.com\/blog\/jairo-velez-a-la-seleccion-peruana-mano-menezes-explica-su-convocatoria\/"},"wordCount":506,"commentCount":0,"publisher":{"@id":"https:\/\/tipnexa.com\/blog\/#organization"},"image":{"@id":"https:\/\/tipnexa.com\/blog\/jairo-velez-a-la-seleccion-peruana-mano-menezes-explica-su-convocatoria\/#primaryimage"},"thumbnailUrl":"https:\/\/tipnexa.com\/blog\/wp-content\/uploads\/2026\/03\/jairo-velez-a-la-seleccion-peruana-mano-menezes-explica-su-convocatoria-1773679310501.png","articleSection":["Selecci\u00f3n Peruana"],"inLanguage":"es","potentialAction":[{"@type":"CommentAction","name":"Comment","target":["https:\/\/tipnexa.com\/blog\/jairo-velez-a-la-seleccion-peruana-mano-menezes-explica-su-convocatoria\/#respond"]}]},{"@type":"WebPage","@id":"https:\/\/tipnexa.com\/blog\/jairo-velez-a-la-seleccion-peruana-mano-menezes-explica-su-convocatoria\/","url":"https:\/\/tipnexa.com\/blog\/jairo-velez-a-la-seleccion-peruana-mano-menezes-explica-su-convocatoria\/","name":"Jairo V\u00e9lez a la Selecci\u00f3n Peruana: Mano Menezes Explica su Convocatoria - Tipnexa","isPartOf":{"@id":"https:\/\/tipnexa.com\/blog\/#website"},"primaryImageOfPage":{"@id":"https:\/\/tipnexa.com\/blog\/jairo-velez-a-la-seleccion-peruana-mano-menezes-explica-su-convocatoria\/#primaryimage"},"image":{"@id":"https:\/\/tipnexa.com\/blog\/jairo-velez-a-la-seleccion-peruana-mano-menezes-explica-su-convocatoria\/#primaryimage"},"thumbnailUrl":"https:\/\/tipnexa.com\/blog\/wp-content\/uploads\/2026\/03\/jairo-velez-a-la-seleccion-peruana-mano-menezes-explica-su-convocatoria-1773679310501.png","datePublished":"2026-03-16T16:41:54+00:00","breadcrumb":{"@id":"https:\/\/tipnexa.com\/blog\/jairo-velez-a-la-seleccion-peruana-mano-menezes-explica-su-convocatoria\/#breadcrumb"},"inLanguage":"es","potentialAction":[{"@type":"ReadAction","target":["https:\/\/tipnexa.com\/blog\/jairo-velez-a-la-seleccion-peruana-mano-menezes-explica-su-convocatoria\/"]}]},{"@type":"ImageObject","inLanguage":"es","@id":"https:\/\/tipnexa.com\/blog\/jairo-velez-a-la-seleccion-peruana-mano-menezes-explica-su-convocatoria\/#primaryimage","url":"https:\/\/tipnexa.com\/blog\/wp-content\/uploads\/2026\/03\/jairo-velez-a-la-seleccion-peruana-mano-menezes-explica-su-convocatoria-1773679310501.png","contentUrl":"https:\/\/tipnexa.com\/blog\/wp-content\/uploads\/2026\/03\/jairo-velez-a-la-seleccion-peruana-mano-menezes-explica-su-convocatoria-1773679310501.png","width":1344,"height":768},{"@type":"BreadcrumbList","@id":"https:\/\/tipnexa.com\/blog\/jairo-velez-a-la-seleccion-peruana-mano-menezes-explica-su-convocatoria\/#breadcrumb","itemListElement":[{"@type":"ListItem","position":1,"name":"Portada","item":"https:\/\/tipnexa.com\/blog\/"},{"@type":"ListItem","position":2,"name":"Jairo V\u00e9lez a la Selecci\u00f3n Peruana: Mano Menezes Explica su Convocatoria"}]},{"@type":"WebSite","@id":"https:\/\/tipnexa.com\/blog\/#website","url":"https:\/\/tipnexa.com\/blog\/","name":"Blog de Tipnexa","description":"Descubre en el blog de Tipnexa las \u00faltimas noticias de f\u00fatbol, pron\u00f3sticos, an\u00e1lisis de partidos, ligas y equipos con enfoque experto y datos actualizados.","publisher":{"@id":"https:\/\/tipnexa.com\/blog\/#organization"},"alternateName":"Blog de Tipnexa","potentialAction":[{"@type":"SearchAction","target":{"@type":"EntryPoint","urlTemplate":"https:\/\/tipnexa.com\/blog\/?s={search_term_string}"},"query-input":{"@type":"PropertyValueSpecification","valueRequired":true,"valueName":"search_term_string"}}],"inLanguage":"es"},{"@type":"Organization","@id":"https:\/\/tipnexa.com\/blog\/#organization","name":"Tipnexa","url":"https:\/\/tipnexa.com\/blog\/","logo":{"@type":"ImageObject","inLanguage":"es","@id":"https:\/\/tipnexa.com\/blog\/#\/schema\/logo\/image\/","url":"https:\/\/tipnexa.com\/blog\/wp-content\/uploads\/2026\/03\/192x192.png","contentUrl":"https:\/\/tipnexa.com\/blog\/wp-content\/uploads\/2026\/03\/192x192.png","width":192,"height":192,"caption":"Tipnexa"},"image":{"@id":"https:\/\/tipnexa.com\/blog\/#\/schema\/logo\/image\/"}},{"@type":"Person","@id":"https:\/\/tipnexa.com\/blog\/#\/schema\/person\/fcfe9a20877b14cc7f2bc3ce77f6d3cf","name":"admin","image":{"@type":"ImageObject","inLanguage":"es","@id":"https:\/\/secure.gravatar.com\/avatar\/b4f14cb9d9d12a445b91a477b3cf143c91ca7da26f03b6815b159c10ce2e2c74?s=96&d=mm&r=g","url":"https:\/\/secure.gravatar.com\/avatar\/b4f14cb9d9d12a445b91a477b3cf143c91ca7da26f03b6815b159c10ce2e2c74?s=96&d=mm&r=g","contentUrl":"https:\/\/secure.gravatar.com\/avatar\/b4f14cb9d9d12a445b91a477b3cf143c91ca7da26f03b6815b159c10ce2e2c74?s=96&d=mm&r=g","caption":"admin"},"sameAs":["https:\/\/tipnexa.com\/blog"],"url":"https:\/\/tipnexa.com\/blog\/author\/admin\/"}]}},"_links":{"self":[{"href":"https:\/\/tipnexa.com\/blog\/wp-json\/wp\/v2\/posts\/2202","targetHints":{"allow":["GET"]}}],"collection":[{"href":"https:\/\/tipnexa.com\/blog\/wp-json\/wp\/v2\/posts"}],"about":[{"href":"https:\/\/tipnexa.com\/blog\/wp-json\/wp\/v2\/types\/post"}],"author":[{"embeddable":true,"href":"https:\/\/tipnexa.com\/blog\/wp-json\/wp\/v2\/users\/1"}],"replies":[{"embeddable":true,"href":"https:\/\/tipnexa.com\/blog\/wp-json\/wp\/v2\/comments?post=2202"}],"version-history":[{"count":0,"href":"https:\/\/tipnexa.com\/blog\/wp-json\/wp\/v2\/posts\/2202\/revisions"}],"wp:featuredmedia":[{"embeddable":true,"href":"https:\/\/tipnexa.com\/blog\/wp-json\/wp\/v2\/media\/2201"}],"wp:attachment":[{"href":"https:\/\/tipnexa.com\/blog\/wp-json\/wp\/v2\/media?parent=2202"}],"wp:term":[{"taxonomy":"category","embeddable":true,"href":"https:\/\/tipnexa.com\/blog\/wp-json\/wp\/v2\/categories?post=2202"},{"taxonomy":"post_tag","embeddable":true,"href":"https:\/\/tipnexa.com\/blog\/wp-json\/wp\/v2\/tags?post=2202"}],"curies":[{"name":"wp","href":"https:\/\/api.w.org\/{rel}","templated":true}]}}