{"id":2182,"date":"2026-03-16T10:59:56","date_gmt":"2026-03-16T15:59:56","guid":{"rendered":"https:\/\/tipnexa.com\/blog\/fede-valverde-el-elogio-de-ancelotti-y-su-impacto-en-el-real-madrid\/"},"modified":"2026-03-16T10:59:56","modified_gmt":"2026-03-16T15:59:56","slug":"fede-valverde-el-elogio-de-ancelotti-y-su-impacto-en-el-real-madrid","status":"publish","type":"post","link":"https:\/\/tipnexa.com\/blog\/fede-valverde-el-elogio-de-ancelotti-y-su-impacto-en-el-real-madrid\/","title":{"rendered":"Fede Valverde: El Elogio de Ancelotti y su Impacto en el Real Madrid"},"content":{"rendered":"<p>El centrocampista uruguayo <strong>Federico Valverde<\/strong> contin\u00faa consolid\u00e1ndose como una pieza fundamental en el esquema del Real Madrid, captando la atenci\u00f3n y los elogios de figuras del f\u00fatbol mundial. Recientemente, el exentrenador del club blanco y actual seleccionador de Brasil, <strong>Carlo Ancelotti<\/strong>, no dud\u00f3 en destacar su rendimiento, llegando a bromear sobre su nacionalidad.<\/p>\n<p>Ancelotti, en una entrevista, expres\u00f3 su admiraci\u00f3n por la actuaci\u00f3n de Valverde, especialmente tras su triplete en un partido clave de la UEFA Champions League. \u201cNo me sorprendi\u00f3, por algo salv\u00e9 mi carnet de entrenador&#8230; pero los tres goles s\u00ed, fue incre\u00edble\u201d, coment\u00f3 el t\u00e9cnico. Con un toque de humor, a\u00f1adi\u00f3: \u201cLe mand\u00e9 un mensaje. Le dije: &#8216;Una pena que no tengas el pasaporte brasile\u00f1o&#8217;\u201d, evidenciando el deseo de contar con un jugador de su calibre en la selecci\u00f3n sudamericana.<\/p>\n<h2>La \u00abApuesta\u00bb de Ancelotti por Valverde<\/h2>\n<p>La referencia de Ancelotti al \u00abcarnet de entrenador\u00bb tiene una historia particular que se remonta a la temporada 2022. En aquel entonces, el italiano lanz\u00f3 un desaf\u00edo a Valverde: si no lograba marcar al menos diez goles en una temporada, \u00e9l romper\u00eda su carnet. Afortunadamente para Ancelotti y para el Real Madrid, el \u00abPajarito\u00bb no solo super\u00f3 la meta, sino que termin\u00f3 la temporada 2022\/2023 con doce tantos en todas las competiciones, consolidando su valor y \u00absalvando\u00bb la carrera de su entrenador.<\/p>\n<p>La versatilidad y la capacidad goleadora de Valverde lo han convertido en un jugador indispensable. Su entrega en el campo, tanto en defensa como en ataque, lo hace un elemento diferenciador. Prueba de ello fue <a href=\"https:\/\/tipnexa.com\/blog\/real-madrid-vs-elche-donde-ver-en-vivo-y-canales-de-transmision-laliga-2026\/\">su golazo contra el Elche<\/a>, una de sus muchas contribuciones ofensivas que demuestran su evoluci\u00f3n constante.<\/p>\n<h2>Valverde: Clave en los Grandes Desaf\u00edos de 2026<\/h2>\n<p>De cara a los desaf\u00edos de la temporada 2025-2026, la presencia de Valverde es m\u00e1s crucial que nunca para el Real Madrid. Su energ\u00eda, visi\u00f3n de juego y potente disparo desde fuera del \u00e1rea son activos invaluables, especialmente en encuentros de alta tensi\u00f3n. La confianza de Ancelotti en el uruguayo se mantiene intacta, y se espera que siga siendo una figura destacada en los pr\u00f3ximos a\u00f1os.<\/p>\n<p>Para seguir de cerca las \u00faltimas noticias y an\u00e1lisis de los encuentros m\u00e1s importantes, puedes visitar <a href=\"https:\/\/tipnexa.com\/blog\/\">nuestro blog<\/a>, donde cubrimos el rendimiento de jugadores como Valverde y sus equipos en las principales ligas y torneos internacionales.<\/p>\n<h2>Conclusi\u00f3n<\/h2>\n<p>Federico Valverde ha trascendido la promesa para convertirse en una realidad innegable del f\u00fatbol mundial. Los elogios de un estratega como Carlo Ancelotti no hacen m\u00e1s que confirmar su estatus. Su impacto en el Real Madrid es palpable, y su capacidad para desequilibrar partidos lo posiciona como uno de los centrocampistas m\u00e1s completos y prometedores de la actualidad en 2026. Sin duda, seguir\u00e1 dando de hablar en las grandes competiciones.<\/p>\n","protected":false},"excerpt":{"rendered":"<p>Descubre el emotivo elogio de Carlo Ancelotti a Fede Valverde y c\u00f3mo el uruguayo se ha convertido en pieza clave del Real Madrid. \u00a1No te pierdas los detalles!<\/p>\n","protected":false},"author":1,"featured_media":2181,"comment_status":"open","ping_status":"open","sticky":false,"template":"","format":"standard","meta":{"footnotes":""},"categories":[10,16],"tags":[],"class_list":["post-2182","post","type-post","status-publish","format-standard","has-post-thumbnail","hentry","category-clubes","category-futbol-internacional"],"yoast_head":"<!-- This site is optimized with the Yoast SEO plugin v27.2 - https:\/\/yoast.com\/product\/yoast-seo-wordpress\/ -->\n<title>Fede Valverde: El Elogio de Ancelotti y su Impacto en el Real Madrid - Tipnexa<\/title>\n<meta name=\"robots\" content=\"index, follow, max-snippet:-1, max-image-preview:large, max-video-preview:-1\" \/>\n<link rel=\"canonical\" href=\"https:\/\/tipnexa.com\/blog\/fede-valverde-el-elogio-de-ancelotti-y-su-impacto-en-el-real-madrid\/\" \/>\n<meta property=\"og:locale\" content=\"es_ES\" \/>\n<meta property=\"og:type\" content=\"article\" \/>\n<meta property=\"og:title\" content=\"Fede Valverde: El Elogio de Ancelotti y su Impacto en el Real Madrid - Tipnexa\" \/>\n<meta property=\"og:description\" content=\"Descubre el emotivo elogio de Carlo Ancelotti a Fede Valverde y c\u00f3mo el uruguayo se ha convertido en pieza clave del Real Madrid. \u00a1No te pierdas los detalles!\" \/>\n<meta property=\"og:url\" content=\"https:\/\/tipnexa.com\/blog\/fede-valverde-el-elogio-de-ancelotti-y-su-impacto-en-el-real-madrid\/\" \/>\n<meta property=\"og:site_name\" content=\"Tipnexa\" \/>\n<meta property=\"article:published_time\" content=\"2026-03-16T15:59:56+00:00\" \/>\n<meta property=\"og:image\" content=\"https:\/\/tipnexa.com\/blog\/wp-content\/uploads\/2026\/03\/fede-valverde-el-elogio-de-ancelotti-y-su-impacto-en-el-real-madrid-1773676792383-1024x585.png\" \/>\n\t<meta property=\"og:image:width\" content=\"1024\" \/>\n\t<meta property=\"og:image:height\" content=\"585\" \/>\n\t<meta property=\"og:image:type\" content=\"image\/png\" \/>\n<meta name=\"author\" content=\"admin\" \/>\n<meta name=\"twitter:card\" content=\"summary_large_image\" \/>\n<meta name=\"twitter:label1\" content=\"Escrito por\" \/>\n\t<meta name=\"twitter:data1\" content=\"admin\" \/>\n\t<meta name=\"twitter:label2\" content=\"Tiempo de lectura\" \/>\n\t<meta name=\"twitter:data2\" content=\"2 minutos\" \/>\n<script type=\"application\/ld+json\" class=\"yoast-schema-graph\">{\"@context\":\"https:\/\/schema.org\",\"@graph\":[{\"@type\":\"Article\",\"@id\":\"https:\/\/tipnexa.com\/blog\/fede-valverde-el-elogio-de-ancelotti-y-su-impacto-en-el-real-madrid\/#article\",\"isPartOf\":{\"@id\":\"https:\/\/tipnexa.com\/blog\/fede-valverde-el-elogio-de-ancelotti-y-su-impacto-en-el-real-madrid\/\"},\"author\":{\"name\":\"admin\",\"@id\":\"https:\/\/tipnexa.com\/blog\/#\/schema\/person\/fcfe9a20877b14cc7f2bc3ce77f6d3cf\"},\"headline\":\"Fede Valverde: El Elogio de Ancelotti y su Impacto en el Real Madrid\",\"datePublished\":\"2026-03-16T15:59:56+00:00\",\"mainEntityOfPage\":{\"@id\":\"https:\/\/tipnexa.com\/blog\/fede-valverde-el-elogio-de-ancelotti-y-su-impacto-en-el-real-madrid\/\"},\"wordCount\":490,\"commentCount\":0,\"publisher\":{\"@id\":\"https:\/\/tipnexa.com\/blog\/#organization\"},\"image\":{\"@id\":\"https:\/\/tipnexa.com\/blog\/fede-valverde-el-elogio-de-ancelotti-y-su-impacto-en-el-real-madrid\/#primaryimage\"},\"thumbnailUrl\":\"https:\/\/tipnexa.com\/blog\/wp-content\/uploads\/2026\/03\/fede-valverde-el-elogio-de-ancelotti-y-su-impacto-en-el-real-madrid-1773676792383.png\",\"articleSection\":[\"Clubes\",\"F\u00fatbol Internacional\"],\"inLanguage\":\"es\",\"potentialAction\":[{\"@type\":\"CommentAction\",\"name\":\"Comment\",\"target\":[\"https:\/\/tipnexa.com\/blog\/fede-valverde-el-elogio-de-ancelotti-y-su-impacto-en-el-real-madrid\/#respond\"]}]},{\"@type\":\"WebPage\",\"@id\":\"https:\/\/tipnexa.com\/blog\/fede-valverde-el-elogio-de-ancelotti-y-su-impacto-en-el-real-madrid\/\",\"url\":\"https:\/\/tipnexa.com\/blog\/fede-valverde-el-elogio-de-ancelotti-y-su-impacto-en-el-real-madrid\/\",\"name\":\"Fede Valverde: El Elogio de Ancelotti y su Impacto en el Real Madrid - Tipnexa\",\"isPartOf\":{\"@id\":\"https:\/\/tipnexa.com\/blog\/#website\"},\"primaryImageOfPage\":{\"@id\":\"https:\/\/tipnexa.com\/blog\/fede-valverde-el-elogio-de-ancelotti-y-su-impacto-en-el-real-madrid\/#primaryimage\"},\"image\":{\"@id\":\"https:\/\/tipnexa.com\/blog\/fede-valverde-el-elogio-de-ancelotti-y-su-impacto-en-el-real-madrid\/#primaryimage\"},\"thumbnailUrl\":\"https:\/\/tipnexa.com\/blog\/wp-content\/uploads\/2026\/03\/fede-valverde-el-elogio-de-ancelotti-y-su-impacto-en-el-real-madrid-1773676792383.png\",\"datePublished\":\"2026-03-16T15:59:56+00:00\",\"breadcrumb\":{\"@id\":\"https:\/\/tipnexa.com\/blog\/fede-valverde-el-elogio-de-ancelotti-y-su-impacto-en-el-real-madrid\/#breadcrumb\"},\"inLanguage\":\"es\",\"potentialAction\":[{\"@type\":\"ReadAction\",\"target\":[\"https:\/\/tipnexa.com\/blog\/fede-valverde-el-elogio-de-ancelotti-y-su-impacto-en-el-real-madrid\/\"]}]},{\"@type\":\"ImageObject\",\"inLanguage\":\"es\",\"@id\":\"https:\/\/tipnexa.com\/blog\/fede-valverde-el-elogio-de-ancelotti-y-su-impacto-en-el-real-madrid\/#primaryimage\",\"url\":\"https:\/\/tipnexa.com\/blog\/wp-content\/uploads\/2026\/03\/fede-valverde-el-elogio-de-ancelotti-y-su-impacto-en-el-real-madrid-1773676792383.png\",\"contentUrl\":\"https:\/\/tipnexa.com\/blog\/wp-content\/uploads\/2026\/03\/fede-valverde-el-elogio-de-ancelotti-y-su-impacto-en-el-real-madrid-1773676792383.png\",\"width\":1344,\"height\":768},{\"@type\":\"BreadcrumbList\",\"@id\":\"https:\/\/tipnexa.com\/blog\/fede-valverde-el-elogio-de-ancelotti-y-su-impacto-en-el-real-madrid\/#breadcrumb\",\"itemListElement\":[{\"@type\":\"ListItem\",\"position\":1,\"name\":\"Portada\",\"item\":\"https:\/\/tipnexa.com\/blog\/\"},{\"@type\":\"ListItem\",\"position\":2,\"name\":\"Fede Valverde: El Elogio de Ancelotti y su Impacto en el Real Madrid\"}]},{\"@type\":\"WebSite\",\"@id\":\"https:\/\/tipnexa.com\/blog\/#website\",\"url\":\"https:\/\/tipnexa.com\/blog\/\",\"name\":\"Blog de Tipnexa\",\"description\":\"Descubre en el blog de Tipnexa las \u00faltimas noticias de f\u00fatbol, pron\u00f3sticos, an\u00e1lisis de partidos, ligas y equipos con enfoque experto y datos actualizados.\",\"publisher\":{\"@id\":\"https:\/\/tipnexa.com\/blog\/#organization\"},\"alternateName\":\"Blog de Tipnexa\",\"potentialAction\":[{\"@type\":\"SearchAction\",\"target\":{\"@type\":\"EntryPoint\",\"urlTemplate\":\"https:\/\/tipnexa.com\/blog\/?s={search_term_string}\"},\"query-input\":{\"@type\":\"PropertyValueSpecification\",\"valueRequired\":true,\"valueName\":\"search_term_string\"}}],\"inLanguage\":\"es\"},{\"@type\":\"Organization\",\"@id\":\"https:\/\/tipnexa.com\/blog\/#organization\",\"name\":\"Tipnexa\",\"url\":\"https:\/\/tipnexa.com\/blog\/\",\"logo\":{\"@type\":\"ImageObject\",\"inLanguage\":\"es\",\"@id\":\"https:\/\/tipnexa.com\/blog\/#\/schema\/logo\/image\/\",\"url\":\"https:\/\/tipnexa.com\/blog\/wp-content\/uploads\/2026\/03\/192x192.png\",\"contentUrl\":\"https:\/\/tipnexa.com\/blog\/wp-content\/uploads\/2026\/03\/192x192.png\",\"width\":192,\"height\":192,\"caption\":\"Tipnexa\"},\"image\":{\"@id\":\"https:\/\/tipnexa.com\/blog\/#\/schema\/logo\/image\/\"}},{\"@type\":\"Person\",\"@id\":\"https:\/\/tipnexa.com\/blog\/#\/schema\/person\/fcfe9a20877b14cc7f2bc3ce77f6d3cf\",\"name\":\"admin\",\"image\":{\"@type\":\"ImageObject\",\"inLanguage\":\"es\",\"@id\":\"https:\/\/secure.gravatar.com\/avatar\/b4f14cb9d9d12a445b91a477b3cf143c91ca7da26f03b6815b159c10ce2e2c74?s=96&d=mm&r=g\",\"url\":\"https:\/\/secure.gravatar.com\/avatar\/b4f14cb9d9d12a445b91a477b3cf143c91ca7da26f03b6815b159c10ce2e2c74?s=96&d=mm&r=g\",\"contentUrl\":\"https:\/\/secure.gravatar.com\/avatar\/b4f14cb9d9d12a445b91a477b3cf143c91ca7da26f03b6815b159c10ce2e2c74?s=96&d=mm&r=g\",\"caption\":\"admin\"},\"sameAs\":[\"https:\/\/tipnexa.com\/blog\"],\"url\":\"https:\/\/tipnexa.com\/blog\/author\/admin\/\"}]}<\/script>\n<!-- \/ Yoast SEO plugin. -->","yoast_head_json":{"title":"Fede Valverde: El Elogio de Ancelotti y su Impacto en el Real Madrid - Tipnexa","robots":{"index":"index","follow":"follow","max-snippet":"max-snippet:-1","max-image-preview":"max-image-preview:large","max-video-preview":"max-video-preview:-1"},"canonical":"https:\/\/tipnexa.com\/blog\/fede-valverde-el-elogio-de-ancelotti-y-su-impacto-en-el-real-madrid\/","og_locale":"es_ES","og_type":"article","og_title":"Fede Valverde: El Elogio de Ancelotti y su Impacto en el Real Madrid - Tipnexa","og_description":"Descubre el emotivo elogio de Carlo Ancelotti a Fede Valverde y c\u00f3mo el uruguayo se ha convertido en pieza clave del Real Madrid. \u00a1No te pierdas los detalles!","og_url":"https:\/\/tipnexa.com\/blog\/fede-valverde-el-elogio-de-ancelotti-y-su-impacto-en-el-real-madrid\/","og_site_name":"Tipnexa","article_published_time":"2026-03-16T15:59:56+00:00","og_image":[{"width":1024,"height":585,"url":"https:\/\/tipnexa.com\/blog\/wp-content\/uploads\/2026\/03\/fede-valverde-el-elogio-de-ancelotti-y-su-impacto-en-el-real-madrid-1773676792383-1024x585.png","type":"image\/png"}],"author":"admin","twitter_card":"summary_large_image","twitter_misc":{"Escrito por":"admin","Tiempo de lectura":"2 minutos"},"schema":{"@context":"https:\/\/schema.org","@graph":[{"@type":"Article","@id":"https:\/\/tipnexa.com\/blog\/fede-valverde-el-elogio-de-ancelotti-y-su-impacto-en-el-real-madrid\/#article","isPartOf":{"@id":"https:\/\/tipnexa.com\/blog\/fede-valverde-el-elogio-de-ancelotti-y-su-impacto-en-el-real-madrid\/"},"author":{"name":"admin","@id":"https:\/\/tipnexa.com\/blog\/#\/schema\/person\/fcfe9a20877b14cc7f2bc3ce77f6d3cf"},"headline":"Fede Valverde: El Elogio de Ancelotti y su Impacto en el Real Madrid","datePublished":"2026-03-16T15:59:56+00:00","mainEntityOfPage":{"@id":"https:\/\/tipnexa.com\/blog\/fede-valverde-el-elogio-de-ancelotti-y-su-impacto-en-el-real-madrid\/"},"wordCount":490,"commentCount":0,"publisher":{"@id":"https:\/\/tipnexa.com\/blog\/#organization"},"image":{"@id":"https:\/\/tipnexa.com\/blog\/fede-valverde-el-elogio-de-ancelotti-y-su-impacto-en-el-real-madrid\/#primaryimage"},"thumbnailUrl":"https:\/\/tipnexa.com\/blog\/wp-content\/uploads\/2026\/03\/fede-valverde-el-elogio-de-ancelotti-y-su-impacto-en-el-real-madrid-1773676792383.png","articleSection":["Clubes","F\u00fatbol Internacional"],"inLanguage":"es","potentialAction":[{"@type":"CommentAction","name":"Comment","target":["https:\/\/tipnexa.com\/blog\/fede-valverde-el-elogio-de-ancelotti-y-su-impacto-en-el-real-madrid\/#respond"]}]},{"@type":"WebPage","@id":"https:\/\/tipnexa.com\/blog\/fede-valverde-el-elogio-de-ancelotti-y-su-impacto-en-el-real-madrid\/","url":"https:\/\/tipnexa.com\/blog\/fede-valverde-el-elogio-de-ancelotti-y-su-impacto-en-el-real-madrid\/","name":"Fede Valverde: El Elogio de Ancelotti y su Impacto en el Real Madrid - Tipnexa","isPartOf":{"@id":"https:\/\/tipnexa.com\/blog\/#website"},"primaryImageOfPage":{"@id":"https:\/\/tipnexa.com\/blog\/fede-valverde-el-elogio-de-ancelotti-y-su-impacto-en-el-real-madrid\/#primaryimage"},"image":{"@id":"https:\/\/tipnexa.com\/blog\/fede-valverde-el-elogio-de-ancelotti-y-su-impacto-en-el-real-madrid\/#primaryimage"},"thumbnailUrl":"https:\/\/tipnexa.com\/blog\/wp-content\/uploads\/2026\/03\/fede-valverde-el-elogio-de-ancelotti-y-su-impacto-en-el-real-madrid-1773676792383.png","datePublished":"2026-03-16T15:59:56+00:00","breadcrumb":{"@id":"https:\/\/tipnexa.com\/blog\/fede-valverde-el-elogio-de-ancelotti-y-su-impacto-en-el-real-madrid\/#breadcrumb"},"inLanguage":"es","potentialAction":[{"@type":"ReadAction","target":["https:\/\/tipnexa.com\/blog\/fede-valverde-el-elogio-de-ancelotti-y-su-impacto-en-el-real-madrid\/"]}]},{"@type":"ImageObject","inLanguage":"es","@id":"https:\/\/tipnexa.com\/blog\/fede-valverde-el-elogio-de-ancelotti-y-su-impacto-en-el-real-madrid\/#primaryimage","url":"https:\/\/tipnexa.com\/blog\/wp-content\/uploads\/2026\/03\/fede-valverde-el-elogio-de-ancelotti-y-su-impacto-en-el-real-madrid-1773676792383.png","contentUrl":"https:\/\/tipnexa.com\/blog\/wp-content\/uploads\/2026\/03\/fede-valverde-el-elogio-de-ancelotti-y-su-impacto-en-el-real-madrid-1773676792383.png","width":1344,"height":768},{"@type":"BreadcrumbList","@id":"https:\/\/tipnexa.com\/blog\/fede-valverde-el-elogio-de-ancelotti-y-su-impacto-en-el-real-madrid\/#breadcrumb","itemListElement":[{"@type":"ListItem","position":1,"name":"Portada","item":"https:\/\/tipnexa.com\/blog\/"},{"@type":"ListItem","position":2,"name":"Fede Valverde: El Elogio de Ancelotti y su Impacto en el Real Madrid"}]},{"@type":"WebSite","@id":"https:\/\/tipnexa.com\/blog\/#website","url":"https:\/\/tipnexa.com\/blog\/","name":"Blog de Tipnexa","description":"Descubre en el blog de Tipnexa las \u00faltimas noticias de f\u00fatbol, pron\u00f3sticos, an\u00e1lisis de partidos, ligas y equipos con enfoque experto y datos actualizados.","publisher":{"@id":"https:\/\/tipnexa.com\/blog\/#organization"},"alternateName":"Blog de Tipnexa","potentialAction":[{"@type":"SearchAction","target":{"@type":"EntryPoint","urlTemplate":"https:\/\/tipnexa.com\/blog\/?s={search_term_string}"},"query-input":{"@type":"PropertyValueSpecification","valueRequired":true,"valueName":"search_term_string"}}],"inLanguage":"es"},{"@type":"Organization","@id":"https:\/\/tipnexa.com\/blog\/#organization","name":"Tipnexa","url":"https:\/\/tipnexa.com\/blog\/","logo":{"@type":"ImageObject","inLanguage":"es","@id":"https:\/\/tipnexa.com\/blog\/#\/schema\/logo\/image\/","url":"https:\/\/tipnexa.com\/blog\/wp-content\/uploads\/2026\/03\/192x192.png","contentUrl":"https:\/\/tipnexa.com\/blog\/wp-content\/uploads\/2026\/03\/192x192.png","width":192,"height":192,"caption":"Tipnexa"},"image":{"@id":"https:\/\/tipnexa.com\/blog\/#\/schema\/logo\/image\/"}},{"@type":"Person","@id":"https:\/\/tipnexa.com\/blog\/#\/schema\/person\/fcfe9a20877b14cc7f2bc3ce77f6d3cf","name":"admin","image":{"@type":"ImageObject","inLanguage":"es","@id":"https:\/\/secure.gravatar.com\/avatar\/b4f14cb9d9d12a445b91a477b3cf143c91ca7da26f03b6815b159c10ce2e2c74?s=96&d=mm&r=g","url":"https:\/\/secure.gravatar.com\/avatar\/b4f14cb9d9d12a445b91a477b3cf143c91ca7da26f03b6815b159c10ce2e2c74?s=96&d=mm&r=g","contentUrl":"https:\/\/secure.gravatar.com\/avatar\/b4f14cb9d9d12a445b91a477b3cf143c91ca7da26f03b6815b159c10ce2e2c74?s=96&d=mm&r=g","caption":"admin"},"sameAs":["https:\/\/tipnexa.com\/blog"],"url":"https:\/\/tipnexa.com\/blog\/author\/admin\/"}]}},"_links":{"self":[{"href":"https:\/\/tipnexa.com\/blog\/wp-json\/wp\/v2\/posts\/2182","targetHints":{"allow":["GET"]}}],"collection":[{"href":"https:\/\/tipnexa.com\/blog\/wp-json\/wp\/v2\/posts"}],"about":[{"href":"https:\/\/tipnexa.com\/blog\/wp-json\/wp\/v2\/types\/post"}],"author":[{"embeddable":true,"href":"https:\/\/tipnexa.com\/blog\/wp-json\/wp\/v2\/users\/1"}],"replies":[{"embeddable":true,"href":"https:\/\/tipnexa.com\/blog\/wp-json\/wp\/v2\/comments?post=2182"}],"version-history":[{"count":0,"href":"https:\/\/tipnexa.com\/blog\/wp-json\/wp\/v2\/posts\/2182\/revisions"}],"wp:featuredmedia":[{"embeddable":true,"href":"https:\/\/tipnexa.com\/blog\/wp-json\/wp\/v2\/media\/2181"}],"wp:attachment":[{"href":"https:\/\/tipnexa.com\/blog\/wp-json\/wp\/v2\/media?parent=2182"}],"wp:term":[{"taxonomy":"category","embeddable":true,"href":"https:\/\/tipnexa.com\/blog\/wp-json\/wp\/v2\/categories?post=2182"},{"taxonomy":"post_tag","embeddable":true,"href":"https:\/\/tipnexa.com\/blog\/wp-json\/wp\/v2\/tags?post=2182"}],"curies":[{"name":"wp","href":"https:\/\/api.w.org\/{rel}","templated":true}]}}