{"id":2174,"date":"2026-03-16T10:22:01","date_gmt":"2026-03-16T15:22:01","guid":{"rendered":"https:\/\/tipnexa.com\/blog\/conferencia-mano-menezes-convocados-seleccion-peruana-2026-al-detalle\/"},"modified":"2026-03-16T10:22:01","modified_gmt":"2026-03-16T15:22:01","slug":"conferencia-mano-menezes-convocados-seleccion-peruana-2026-al-detalle","status":"publish","type":"post","link":"https:\/\/tipnexa.com\/blog\/conferencia-mano-menezes-convocados-seleccion-peruana-2026-al-detalle\/","title":{"rendered":"Conferencia Mano Menezes: Convocados Selecci\u00f3n Peruana 2026 al detalle"},"content":{"rendered":"<p>La expectativa era palpable. El entrenador <strong>Mano Menezes<\/strong> ha comparecido en una esperada conferencia de prensa para anunciar la lista de <strong>convocados a la Selecci\u00f3n Peruana<\/strong> para los pr\u00f3ximos desaf\u00edos que enfrentar\u00e1 la &#8216;Blanquirroja&#8217; en el a\u00f1o 2026. Desde el Complejo Deportivo de la Videna, el estratega brasile\u00f1o desgran\u00f3 cada nombre, explicando las razones detr\u00e1s de sus elecciones y el rumbo que busca para el equipo nacional.<\/p>\n<h2>An\u00e1lisis de la Convocatoria<\/h2>\n<p>La lista de Menezes ha generado diversas reacciones, combinando la experiencia de figuras consagradas con la frescura de nuevos talentos. Se observa un claro \u00e9nfasis en la renovaci\u00f3n, sin dejar de lado a aquellos jugadores que han demostrado solidez. Entre las sorpresas, destacan algunos nombres que ven\u00edan pidiendo pista con buenas actuaciones en la Liga 1 y en ligas internacionales. La inclusi\u00f3n de j\u00f3venes promesas busca inyectar dinamismo y proyectar al equipo a largo plazo, pensando en el ciclo mundialista.<\/p>\n<p>Menezes enfatiz\u00f3 la importancia del compromiso y la adaptaci\u00f3n t\u00e1ctica. \u00abBuscamos jugadores que no solo est\u00e9n en un buen momento f\u00edsico y t\u00e9cnico, sino que tambi\u00e9n entiendan la identidad de juego que queremos construir\u00bb, declar\u00f3 el DT. La lista incluye a futbolistas clave que militan tanto en el f\u00fatbol peruano como en el extranjero, buscando un equilibrio entre ambos frentes.<\/p>\n<h2>Novedades y Pr\u00f3ximos Desaf\u00edos<\/h2>\n<p>Como en toda convocatoria, hubo nombres que generaron debate. La ausencia de algunos habituales en anteriores procesos ha sido comentada, aunque Menezes asegur\u00f3 que estas decisiones se basan estrictamente en el rendimiento actual y la visi\u00f3n estrat\u00e9gica. Por otro lado, la aparici\u00f3n de nuevos rostros ha sido recibida con entusiasmo, brindando una oportunidad a jugadores que han trabajado arduamente. Para m\u00e1s detalles sobre el desempe\u00f1o de jugadores peruanos, puedes revisar art\u00edculos como el de <a href=\"https:\/\/tipnexa.com\/blog\/erick-noriega-el-peruano-mejor-cotizado-con-rumbo-a-europa-en-2026\/\">Erick Noriega, el peruano mejor cotizado<\/a>, quien podr\u00eda ser una futura promesa para la selecci\u00f3n.<\/p>\n<p>Esta convocatoria sienta las bases para los pr\u00f3ximos compromisos de la <strong>Selecci\u00f3n Peruana<\/strong>. Se espera que los jugadores se concentren en los pr\u00f3ximos d\u00edas para iniciar los entrenamientos. Los partidos amistosos ser\u00e1n cruciales para que el nuevo plantel se acople y demuestre su potencial. Para un an\u00e1lisis m\u00e1s profundo del f\u00fatbol local, puedes visitar nuestro art\u00edculo sobre <a href=\"https:\/\/tipnexa.com\/blog\/universitario-y-su-estrategia-buscando-jovenes-talentos-en-japon-con-velazco\/\">Universitario y su estrategia buscando j\u00f3venes talentos<\/a>. Mantente informado sobre todos los detalles de la &#8216;Blanquirroja&#8217; y el f\u00fatbol nacional en <a href=\"https:\/\/tipnexa.com\/blog\/\">tipnexa.com<\/a>.<\/p>\n<h2>Conclusi\u00f3n<\/h2>\n<p>La conferencia de prensa de Mano Menezes ha marcado un hito importante en la reestructuraci\u00f3n de la <strong>Selecci\u00f3n Peruana<\/strong>. Con una lista que equilibra experiencia y juventud, el DT brasile\u00f1o ha dejado claro su plan para el futuro. La expectativa es m\u00e1xima para ver c\u00f3mo este nuevo equipo se desempe\u00f1a en el campo y qu\u00e9 resultados puede cosechar en los pr\u00f3ximos torneos de 2026. La era Menezes ha comenzado, y con ella, la esperanza de una nueva etapa dorada para el f\u00fatbol peruano.<\/p>\n","protected":false},"excerpt":{"rendered":"<p>Minuto a minuto de la conferencia de Mano Menezes anunciando la lista de convocados de la Selecci\u00f3n Peruana para los pr\u00f3ximos desaf\u00edos de 2026. An\u00e1lisis completo.<\/p>\n","protected":false},"author":1,"featured_media":2173,"comment_status":"open","ping_status":"open","sticky":false,"template":"","format":"standard","meta":{"footnotes":""},"categories":[2,7],"tags":[],"class_list":["post-2174","post","type-post","status-publish","format-standard","has-post-thumbnail","hentry","category-futbol-peruano","category-seleccion-peruana"],"yoast_head":"<!-- This site is optimized with the Yoast SEO plugin v27.2 - https:\/\/yoast.com\/product\/yoast-seo-wordpress\/ -->\n<title>Conferencia Mano Menezes: Convocados Selecci\u00f3n Peruana 2026 al detalle - Tipnexa<\/title>\n<meta name=\"robots\" content=\"index, follow, max-snippet:-1, max-image-preview:large, max-video-preview:-1\" \/>\n<link rel=\"canonical\" href=\"https:\/\/tipnexa.com\/blog\/conferencia-mano-menezes-convocados-seleccion-peruana-2026-al-detalle\/\" \/>\n<meta property=\"og:locale\" content=\"es_ES\" \/>\n<meta property=\"og:type\" content=\"article\" \/>\n<meta property=\"og:title\" content=\"Conferencia Mano Menezes: Convocados Selecci\u00f3n Peruana 2026 al detalle - Tipnexa\" \/>\n<meta property=\"og:description\" content=\"Minuto a minuto de la conferencia de Mano Menezes anunciando la lista de convocados de la Selecci\u00f3n Peruana para los pr\u00f3ximos desaf\u00edos de 2026. An\u00e1lisis completo.\" \/>\n<meta property=\"og:url\" content=\"https:\/\/tipnexa.com\/blog\/conferencia-mano-menezes-convocados-seleccion-peruana-2026-al-detalle\/\" \/>\n<meta property=\"og:site_name\" content=\"Tipnexa\" \/>\n<meta property=\"article:published_time\" content=\"2026-03-16T15:22:01+00:00\" \/>\n<meta property=\"og:image\" content=\"https:\/\/tipnexa.com\/blog\/wp-content\/uploads\/2026\/03\/conferencia-mano-menezes-convocados-seleccion-peruana-2026-al-detalle-1773674516865-1024x585.png\" \/>\n\t<meta property=\"og:image:width\" content=\"1024\" \/>\n\t<meta property=\"og:image:height\" content=\"585\" \/>\n\t<meta property=\"og:image:type\" content=\"image\/png\" \/>\n<meta name=\"author\" content=\"admin\" \/>\n<meta name=\"twitter:card\" content=\"summary_large_image\" \/>\n<meta name=\"twitter:label1\" content=\"Escrito por\" \/>\n\t<meta name=\"twitter:data1\" content=\"admin\" \/>\n\t<meta name=\"twitter:label2\" content=\"Tiempo de lectura\" \/>\n\t<meta name=\"twitter:data2\" content=\"3 minutos\" \/>\n<script type=\"application\/ld+json\" class=\"yoast-schema-graph\">{\"@context\":\"https:\/\/schema.org\",\"@graph\":[{\"@type\":\"Article\",\"@id\":\"https:\/\/tipnexa.com\/blog\/conferencia-mano-menezes-convocados-seleccion-peruana-2026-al-detalle\/#article\",\"isPartOf\":{\"@id\":\"https:\/\/tipnexa.com\/blog\/conferencia-mano-menezes-convocados-seleccion-peruana-2026-al-detalle\/\"},\"author\":{\"name\":\"admin\",\"@id\":\"https:\/\/tipnexa.com\/blog\/#\/schema\/person\/fcfe9a20877b14cc7f2bc3ce77f6d3cf\"},\"headline\":\"Conferencia Mano Menezes: Convocados Selecci\u00f3n Peruana 2026 al detalle\",\"datePublished\":\"2026-03-16T15:22:01+00:00\",\"mainEntityOfPage\":{\"@id\":\"https:\/\/tipnexa.com\/blog\/conferencia-mano-menezes-convocados-seleccion-peruana-2026-al-detalle\/\"},\"wordCount\":522,\"commentCount\":0,\"publisher\":{\"@id\":\"https:\/\/tipnexa.com\/blog\/#organization\"},\"image\":{\"@id\":\"https:\/\/tipnexa.com\/blog\/conferencia-mano-menezes-convocados-seleccion-peruana-2026-al-detalle\/#primaryimage\"},\"thumbnailUrl\":\"https:\/\/tipnexa.com\/blog\/wp-content\/uploads\/2026\/03\/conferencia-mano-menezes-convocados-seleccion-peruana-2026-al-detalle-1773674516865.png\",\"articleSection\":[\"F\u00fatbol Peruano\",\"Selecci\u00f3n Peruana\"],\"inLanguage\":\"es\",\"potentialAction\":[{\"@type\":\"CommentAction\",\"name\":\"Comment\",\"target\":[\"https:\/\/tipnexa.com\/blog\/conferencia-mano-menezes-convocados-seleccion-peruana-2026-al-detalle\/#respond\"]}]},{\"@type\":\"WebPage\",\"@id\":\"https:\/\/tipnexa.com\/blog\/conferencia-mano-menezes-convocados-seleccion-peruana-2026-al-detalle\/\",\"url\":\"https:\/\/tipnexa.com\/blog\/conferencia-mano-menezes-convocados-seleccion-peruana-2026-al-detalle\/\",\"name\":\"Conferencia Mano Menezes: Convocados Selecci\u00f3n Peruana 2026 al detalle - Tipnexa\",\"isPartOf\":{\"@id\":\"https:\/\/tipnexa.com\/blog\/#website\"},\"primaryImageOfPage\":{\"@id\":\"https:\/\/tipnexa.com\/blog\/conferencia-mano-menezes-convocados-seleccion-peruana-2026-al-detalle\/#primaryimage\"},\"image\":{\"@id\":\"https:\/\/tipnexa.com\/blog\/conferencia-mano-menezes-convocados-seleccion-peruana-2026-al-detalle\/#primaryimage\"},\"thumbnailUrl\":\"https:\/\/tipnexa.com\/blog\/wp-content\/uploads\/2026\/03\/conferencia-mano-menezes-convocados-seleccion-peruana-2026-al-detalle-1773674516865.png\",\"datePublished\":\"2026-03-16T15:22:01+00:00\",\"breadcrumb\":{\"@id\":\"https:\/\/tipnexa.com\/blog\/conferencia-mano-menezes-convocados-seleccion-peruana-2026-al-detalle\/#breadcrumb\"},\"inLanguage\":\"es\",\"potentialAction\":[{\"@type\":\"ReadAction\",\"target\":[\"https:\/\/tipnexa.com\/blog\/conferencia-mano-menezes-convocados-seleccion-peruana-2026-al-detalle\/\"]}]},{\"@type\":\"ImageObject\",\"inLanguage\":\"es\",\"@id\":\"https:\/\/tipnexa.com\/blog\/conferencia-mano-menezes-convocados-seleccion-peruana-2026-al-detalle\/#primaryimage\",\"url\":\"https:\/\/tipnexa.com\/blog\/wp-content\/uploads\/2026\/03\/conferencia-mano-menezes-convocados-seleccion-peruana-2026-al-detalle-1773674516865.png\",\"contentUrl\":\"https:\/\/tipnexa.com\/blog\/wp-content\/uploads\/2026\/03\/conferencia-mano-menezes-convocados-seleccion-peruana-2026-al-detalle-1773674516865.png\",\"width\":1344,\"height\":768},{\"@type\":\"BreadcrumbList\",\"@id\":\"https:\/\/tipnexa.com\/blog\/conferencia-mano-menezes-convocados-seleccion-peruana-2026-al-detalle\/#breadcrumb\",\"itemListElement\":[{\"@type\":\"ListItem\",\"position\":1,\"name\":\"Portada\",\"item\":\"https:\/\/tipnexa.com\/blog\/\"},{\"@type\":\"ListItem\",\"position\":2,\"name\":\"Conferencia Mano Menezes: Convocados Selecci\u00f3n Peruana 2026 al detalle\"}]},{\"@type\":\"WebSite\",\"@id\":\"https:\/\/tipnexa.com\/blog\/#website\",\"url\":\"https:\/\/tipnexa.com\/blog\/\",\"name\":\"Blog de Tipnexa\",\"description\":\"Descubre en el blog de Tipnexa las \u00faltimas noticias de f\u00fatbol, pron\u00f3sticos, an\u00e1lisis de partidos, ligas y equipos con enfoque experto y datos actualizados.\",\"publisher\":{\"@id\":\"https:\/\/tipnexa.com\/blog\/#organization\"},\"alternateName\":\"Blog de Tipnexa\",\"potentialAction\":[{\"@type\":\"SearchAction\",\"target\":{\"@type\":\"EntryPoint\",\"urlTemplate\":\"https:\/\/tipnexa.com\/blog\/?s={search_term_string}\"},\"query-input\":{\"@type\":\"PropertyValueSpecification\",\"valueRequired\":true,\"valueName\":\"search_term_string\"}}],\"inLanguage\":\"es\"},{\"@type\":\"Organization\",\"@id\":\"https:\/\/tipnexa.com\/blog\/#organization\",\"name\":\"Tipnexa\",\"url\":\"https:\/\/tipnexa.com\/blog\/\",\"logo\":{\"@type\":\"ImageObject\",\"inLanguage\":\"es\",\"@id\":\"https:\/\/tipnexa.com\/blog\/#\/schema\/logo\/image\/\",\"url\":\"https:\/\/tipnexa.com\/blog\/wp-content\/uploads\/2026\/03\/192x192.png\",\"contentUrl\":\"https:\/\/tipnexa.com\/blog\/wp-content\/uploads\/2026\/03\/192x192.png\",\"width\":192,\"height\":192,\"caption\":\"Tipnexa\"},\"image\":{\"@id\":\"https:\/\/tipnexa.com\/blog\/#\/schema\/logo\/image\/\"}},{\"@type\":\"Person\",\"@id\":\"https:\/\/tipnexa.com\/blog\/#\/schema\/person\/fcfe9a20877b14cc7f2bc3ce77f6d3cf\",\"name\":\"admin\",\"image\":{\"@type\":\"ImageObject\",\"inLanguage\":\"es\",\"@id\":\"https:\/\/secure.gravatar.com\/avatar\/b4f14cb9d9d12a445b91a477b3cf143c91ca7da26f03b6815b159c10ce2e2c74?s=96&d=mm&r=g\",\"url\":\"https:\/\/secure.gravatar.com\/avatar\/b4f14cb9d9d12a445b91a477b3cf143c91ca7da26f03b6815b159c10ce2e2c74?s=96&d=mm&r=g\",\"contentUrl\":\"https:\/\/secure.gravatar.com\/avatar\/b4f14cb9d9d12a445b91a477b3cf143c91ca7da26f03b6815b159c10ce2e2c74?s=96&d=mm&r=g\",\"caption\":\"admin\"},\"sameAs\":[\"https:\/\/tipnexa.com\/blog\"],\"url\":\"https:\/\/tipnexa.com\/blog\/author\/admin\/\"}]}<\/script>\n<!-- \/ Yoast SEO plugin. -->","yoast_head_json":{"title":"Conferencia Mano Menezes: Convocados Selecci\u00f3n Peruana 2026 al detalle - Tipnexa","robots":{"index":"index","follow":"follow","max-snippet":"max-snippet:-1","max-image-preview":"max-image-preview:large","max-video-preview":"max-video-preview:-1"},"canonical":"https:\/\/tipnexa.com\/blog\/conferencia-mano-menezes-convocados-seleccion-peruana-2026-al-detalle\/","og_locale":"es_ES","og_type":"article","og_title":"Conferencia Mano Menezes: Convocados Selecci\u00f3n Peruana 2026 al detalle - Tipnexa","og_description":"Minuto a minuto de la conferencia de Mano Menezes anunciando la lista de convocados de la Selecci\u00f3n Peruana para los pr\u00f3ximos desaf\u00edos de 2026. An\u00e1lisis completo.","og_url":"https:\/\/tipnexa.com\/blog\/conferencia-mano-menezes-convocados-seleccion-peruana-2026-al-detalle\/","og_site_name":"Tipnexa","article_published_time":"2026-03-16T15:22:01+00:00","og_image":[{"width":1024,"height":585,"url":"https:\/\/tipnexa.com\/blog\/wp-content\/uploads\/2026\/03\/conferencia-mano-menezes-convocados-seleccion-peruana-2026-al-detalle-1773674516865-1024x585.png","type":"image\/png"}],"author":"admin","twitter_card":"summary_large_image","twitter_misc":{"Escrito por":"admin","Tiempo de lectura":"3 minutos"},"schema":{"@context":"https:\/\/schema.org","@graph":[{"@type":"Article","@id":"https:\/\/tipnexa.com\/blog\/conferencia-mano-menezes-convocados-seleccion-peruana-2026-al-detalle\/#article","isPartOf":{"@id":"https:\/\/tipnexa.com\/blog\/conferencia-mano-menezes-convocados-seleccion-peruana-2026-al-detalle\/"},"author":{"name":"admin","@id":"https:\/\/tipnexa.com\/blog\/#\/schema\/person\/fcfe9a20877b14cc7f2bc3ce77f6d3cf"},"headline":"Conferencia Mano Menezes: Convocados Selecci\u00f3n Peruana 2026 al detalle","datePublished":"2026-03-16T15:22:01+00:00","mainEntityOfPage":{"@id":"https:\/\/tipnexa.com\/blog\/conferencia-mano-menezes-convocados-seleccion-peruana-2026-al-detalle\/"},"wordCount":522,"commentCount":0,"publisher":{"@id":"https:\/\/tipnexa.com\/blog\/#organization"},"image":{"@id":"https:\/\/tipnexa.com\/blog\/conferencia-mano-menezes-convocados-seleccion-peruana-2026-al-detalle\/#primaryimage"},"thumbnailUrl":"https:\/\/tipnexa.com\/blog\/wp-content\/uploads\/2026\/03\/conferencia-mano-menezes-convocados-seleccion-peruana-2026-al-detalle-1773674516865.png","articleSection":["F\u00fatbol Peruano","Selecci\u00f3n Peruana"],"inLanguage":"es","potentialAction":[{"@type":"CommentAction","name":"Comment","target":["https:\/\/tipnexa.com\/blog\/conferencia-mano-menezes-convocados-seleccion-peruana-2026-al-detalle\/#respond"]}]},{"@type":"WebPage","@id":"https:\/\/tipnexa.com\/blog\/conferencia-mano-menezes-convocados-seleccion-peruana-2026-al-detalle\/","url":"https:\/\/tipnexa.com\/blog\/conferencia-mano-menezes-convocados-seleccion-peruana-2026-al-detalle\/","name":"Conferencia Mano Menezes: Convocados Selecci\u00f3n Peruana 2026 al detalle - Tipnexa","isPartOf":{"@id":"https:\/\/tipnexa.com\/blog\/#website"},"primaryImageOfPage":{"@id":"https:\/\/tipnexa.com\/blog\/conferencia-mano-menezes-convocados-seleccion-peruana-2026-al-detalle\/#primaryimage"},"image":{"@id":"https:\/\/tipnexa.com\/blog\/conferencia-mano-menezes-convocados-seleccion-peruana-2026-al-detalle\/#primaryimage"},"thumbnailUrl":"https:\/\/tipnexa.com\/blog\/wp-content\/uploads\/2026\/03\/conferencia-mano-menezes-convocados-seleccion-peruana-2026-al-detalle-1773674516865.png","datePublished":"2026-03-16T15:22:01+00:00","breadcrumb":{"@id":"https:\/\/tipnexa.com\/blog\/conferencia-mano-menezes-convocados-seleccion-peruana-2026-al-detalle\/#breadcrumb"},"inLanguage":"es","potentialAction":[{"@type":"ReadAction","target":["https:\/\/tipnexa.com\/blog\/conferencia-mano-menezes-convocados-seleccion-peruana-2026-al-detalle\/"]}]},{"@type":"ImageObject","inLanguage":"es","@id":"https:\/\/tipnexa.com\/blog\/conferencia-mano-menezes-convocados-seleccion-peruana-2026-al-detalle\/#primaryimage","url":"https:\/\/tipnexa.com\/blog\/wp-content\/uploads\/2026\/03\/conferencia-mano-menezes-convocados-seleccion-peruana-2026-al-detalle-1773674516865.png","contentUrl":"https:\/\/tipnexa.com\/blog\/wp-content\/uploads\/2026\/03\/conferencia-mano-menezes-convocados-seleccion-peruana-2026-al-detalle-1773674516865.png","width":1344,"height":768},{"@type":"BreadcrumbList","@id":"https:\/\/tipnexa.com\/blog\/conferencia-mano-menezes-convocados-seleccion-peruana-2026-al-detalle\/#breadcrumb","itemListElement":[{"@type":"ListItem","position":1,"name":"Portada","item":"https:\/\/tipnexa.com\/blog\/"},{"@type":"ListItem","position":2,"name":"Conferencia Mano Menezes: Convocados Selecci\u00f3n Peruana 2026 al detalle"}]},{"@type":"WebSite","@id":"https:\/\/tipnexa.com\/blog\/#website","url":"https:\/\/tipnexa.com\/blog\/","name":"Blog de Tipnexa","description":"Descubre en el blog de Tipnexa las \u00faltimas noticias de f\u00fatbol, pron\u00f3sticos, an\u00e1lisis de partidos, ligas y equipos con enfoque experto y datos actualizados.","publisher":{"@id":"https:\/\/tipnexa.com\/blog\/#organization"},"alternateName":"Blog de Tipnexa","potentialAction":[{"@type":"SearchAction","target":{"@type":"EntryPoint","urlTemplate":"https:\/\/tipnexa.com\/blog\/?s={search_term_string}"},"query-input":{"@type":"PropertyValueSpecification","valueRequired":true,"valueName":"search_term_string"}}],"inLanguage":"es"},{"@type":"Organization","@id":"https:\/\/tipnexa.com\/blog\/#organization","name":"Tipnexa","url":"https:\/\/tipnexa.com\/blog\/","logo":{"@type":"ImageObject","inLanguage":"es","@id":"https:\/\/tipnexa.com\/blog\/#\/schema\/logo\/image\/","url":"https:\/\/tipnexa.com\/blog\/wp-content\/uploads\/2026\/03\/192x192.png","contentUrl":"https:\/\/tipnexa.com\/blog\/wp-content\/uploads\/2026\/03\/192x192.png","width":192,"height":192,"caption":"Tipnexa"},"image":{"@id":"https:\/\/tipnexa.com\/blog\/#\/schema\/logo\/image\/"}},{"@type":"Person","@id":"https:\/\/tipnexa.com\/blog\/#\/schema\/person\/fcfe9a20877b14cc7f2bc3ce77f6d3cf","name":"admin","image":{"@type":"ImageObject","inLanguage":"es","@id":"https:\/\/secure.gravatar.com\/avatar\/b4f14cb9d9d12a445b91a477b3cf143c91ca7da26f03b6815b159c10ce2e2c74?s=96&d=mm&r=g","url":"https:\/\/secure.gravatar.com\/avatar\/b4f14cb9d9d12a445b91a477b3cf143c91ca7da26f03b6815b159c10ce2e2c74?s=96&d=mm&r=g","contentUrl":"https:\/\/secure.gravatar.com\/avatar\/b4f14cb9d9d12a445b91a477b3cf143c91ca7da26f03b6815b159c10ce2e2c74?s=96&d=mm&r=g","caption":"admin"},"sameAs":["https:\/\/tipnexa.com\/blog"],"url":"https:\/\/tipnexa.com\/blog\/author\/admin\/"}]}},"_links":{"self":[{"href":"https:\/\/tipnexa.com\/blog\/wp-json\/wp\/v2\/posts\/2174","targetHints":{"allow":["GET"]}}],"collection":[{"href":"https:\/\/tipnexa.com\/blog\/wp-json\/wp\/v2\/posts"}],"about":[{"href":"https:\/\/tipnexa.com\/blog\/wp-json\/wp\/v2\/types\/post"}],"author":[{"embeddable":true,"href":"https:\/\/tipnexa.com\/blog\/wp-json\/wp\/v2\/users\/1"}],"replies":[{"embeddable":true,"href":"https:\/\/tipnexa.com\/blog\/wp-json\/wp\/v2\/comments?post=2174"}],"version-history":[{"count":0,"href":"https:\/\/tipnexa.com\/blog\/wp-json\/wp\/v2\/posts\/2174\/revisions"}],"wp:featuredmedia":[{"embeddable":true,"href":"https:\/\/tipnexa.com\/blog\/wp-json\/wp\/v2\/media\/2173"}],"wp:attachment":[{"href":"https:\/\/tipnexa.com\/blog\/wp-json\/wp\/v2\/media?parent=2174"}],"wp:term":[{"taxonomy":"category","embeddable":true,"href":"https:\/\/tipnexa.com\/blog\/wp-json\/wp\/v2\/categories?post=2174"},{"taxonomy":"post_tag","embeddable":true,"href":"https:\/\/tipnexa.com\/blog\/wp-json\/wp\/v2\/tags?post=2174"}],"curies":[{"name":"wp","href":"https:\/\/api.w.org\/{rel}","templated":true}]}}