{"id":2162,"date":"2026-03-16T10:03:41","date_gmt":"2026-03-16T15:03:41","guid":{"rendered":"https:\/\/tipnexa.com\/blog\/iran-en-el-mundial-2026-la-afc-confirma-su-participacion-oficial\/"},"modified":"2026-03-16T10:03:41","modified_gmt":"2026-03-16T15:03:41","slug":"iran-en-el-mundial-2026-la-afc-confirma-su-participacion-oficial","status":"publish","type":"post","link":"https:\/\/tipnexa.com\/blog\/iran-en-el-mundial-2026-la-afc-confirma-su-participacion-oficial\/","title":{"rendered":"Ir\u00e1n en el Mundial 2026: La AFC Confirma su Participaci\u00f3n Oficial"},"content":{"rendered":"<p>A pesar de las tensiones geopol\u00edticas y las especulaciones previas, la <strong>Confederaci\u00f3n Asi\u00e1tica de F\u00fatbol (AFC)<\/strong> ha confirmado oficialmente que la <strong>selecci\u00f3n de Ir\u00e1n<\/strong> participar\u00e1 en la <strong>Copa del Mundo de 2026<\/strong>. Esta noticia disipa las dudas surgidas en torno a su presencia en el torneo coorganizado por Estados Unidos, Canad\u00e1 y M\u00e9xico, asegurando la continuidad de uno de los equipos m\u00e1s destacados del continente asi\u00e1tico.<\/p>\n<p>La confirmaci\u00f3n lleg\u00f3 de parte de Windsor John, secretario general de la AFC, quien afirm\u00f3 en una conferencia de prensa que la entidad no ha recibido ninguna comunicaci\u00f3n que sugiera lo contrario. \u00abSon miembros nuestros. Queremos que jueguen\u00bb, declar\u00f3 John, enfatizando el deseo de la confederaci\u00f3n de ver a Ir\u00e1n en la competici\u00f3n. La federaci\u00f3n iran\u00ed de f\u00fatbol ha ratificado su intenci\u00f3n de asistir, a pesar de los comentarios de figuras externas y las preocupaciones iniciales del ministro de Deportes del pa\u00eds.<\/p>\n<p>El equipo iran\u00ed, por su parte, hab\u00eda expresado previamente su determinaci\u00f3n a participar, se\u00f1alando en redes sociales que \u00abnadie puede excluirla\u00bb de disputar el torneo. Esta postura se mantuvo firme, subrayando que la <strong>FIFA<\/strong>, el organismo rector mundial del f\u00fatbol, es la \u00fanica organizadora del evento. Ir\u00e1n est\u00e1 programado para jugar sus partidos de la fase de grupos en Estados Unidos, con encuentros ante Nueva Zelanda, B\u00e9lgica y Egipto.<\/p>\n<p>Conocida como una <strong>potencia del f\u00fatbol asi\u00e1tico<\/strong>, Ir\u00e1n ocupa el puesto n\u00famero 20 en el ranking mundial de la FIFA y se ha clasificado para su cuarta edici\u00f3n consecutiva del Mundial. Su presencia es crucial para el nivel competitivo del torneo. Para estar al tanto de las \u00faltimas noticias y an\u00e1lisis de f\u00fatbol internacional, puedes explorar otros art\u00edculos en <a href=\"https:\/\/tipnexa.com\/blog\/\">nuestro blog<\/a>. La delegaci\u00f3n iran\u00ed tambi\u00e9n tiene previsto asistir al congreso anual de la FIFA en Vancouver antes del inicio del campeonato.<\/p>\n<h2>Conclusi\u00f3n<\/h2>\n<p>La confirmaci\u00f3n de la participaci\u00f3n de Ir\u00e1n en el Mundial de 2026 es una excelente noticia para los aficionados al f\u00fatbol y para la integridad del torneo. A pesar de los desaf\u00edos externos y las especulaciones, la determinaci\u00f3n de la federaci\u00f3n y el apoyo de la AFC han prevalecido, asegurando que el equipo iran\u00ed aportar\u00e1 su talento y competitividad a la m\u00e1xima cita del f\u00fatbol mundial. Para seguir de cerca la actualidad de las selecciones nacionales y sus preparativos, visita tambi\u00e9n art\u00edculos como la <a href=\"https:\/\/tipnexa.com\/blog\/bolivia-vs-trinidad-y-tobago-horarios-canales-y-previa-del-amistoso-2026\/\">previa del amistoso Bolivia vs. Trinidad y Tobago<\/a>.<\/p>\n","protected":false},"excerpt":{"rendered":"<p>La AFC confirma la participaci\u00f3n de Ir\u00e1n en el Mundial 2026, disipando dudas sobre su presencia. Conoce los detalles de esta decisi\u00f3n y los pr\u00f3ximos pasos de la selecci\u00f3n iran\u00ed.<\/p>\n","protected":false},"author":1,"featured_media":2161,"comment_status":"open","ping_status":"open","sticky":false,"template":"","format":"standard","meta":{"footnotes":""},"categories":[16,20],"tags":[],"class_list":["post-2162","post","type-post","status-publish","format-standard","has-post-thumbnail","hentry","category-futbol-internacional","category-ultimas-noticias"],"yoast_head":"<!-- This site is optimized with the Yoast SEO plugin v27.2 - https:\/\/yoast.com\/product\/yoast-seo-wordpress\/ -->\n<title>Ir\u00e1n en el Mundial 2026: La AFC Confirma su Participaci\u00f3n Oficial - Tipnexa<\/title>\n<meta name=\"robots\" content=\"index, follow, max-snippet:-1, max-image-preview:large, max-video-preview:-1\" \/>\n<link rel=\"canonical\" href=\"https:\/\/tipnexa.com\/blog\/iran-en-el-mundial-2026-la-afc-confirma-su-participacion-oficial\/\" \/>\n<meta property=\"og:locale\" content=\"es_ES\" \/>\n<meta property=\"og:type\" content=\"article\" \/>\n<meta property=\"og:title\" content=\"Ir\u00e1n en el Mundial 2026: La AFC Confirma su Participaci\u00f3n Oficial - Tipnexa\" \/>\n<meta property=\"og:description\" content=\"La AFC confirma la participaci\u00f3n de Ir\u00e1n en el Mundial 2026, disipando dudas sobre su presencia. Conoce los detalles de esta decisi\u00f3n y los pr\u00f3ximos pasos de la selecci\u00f3n iran\u00ed.\" \/>\n<meta property=\"og:url\" content=\"https:\/\/tipnexa.com\/blog\/iran-en-el-mundial-2026-la-afc-confirma-su-participacion-oficial\/\" \/>\n<meta property=\"og:site_name\" content=\"Tipnexa\" \/>\n<meta property=\"article:published_time\" content=\"2026-03-16T15:03:41+00:00\" \/>\n<meta property=\"og:image\" content=\"https:\/\/tipnexa.com\/blog\/wp-content\/uploads\/2026\/03\/iran-en-el-mundial-2026-la-afc-confirma-su-participacion-oficial-1773673418868-1024x585.png\" \/>\n\t<meta property=\"og:image:width\" content=\"1024\" \/>\n\t<meta property=\"og:image:height\" content=\"585\" \/>\n\t<meta property=\"og:image:type\" content=\"image\/png\" \/>\n<meta name=\"author\" content=\"admin\" \/>\n<meta name=\"twitter:card\" content=\"summary_large_image\" \/>\n<meta name=\"twitter:label1\" content=\"Escrito por\" \/>\n\t<meta name=\"twitter:data1\" content=\"admin\" \/>\n\t<meta name=\"twitter:label2\" content=\"Tiempo de lectura\" \/>\n\t<meta name=\"twitter:data2\" content=\"2 minutos\" \/>\n<script type=\"application\/ld+json\" class=\"yoast-schema-graph\">{\"@context\":\"https:\/\/schema.org\",\"@graph\":[{\"@type\":\"Article\",\"@id\":\"https:\/\/tipnexa.com\/blog\/iran-en-el-mundial-2026-la-afc-confirma-su-participacion-oficial\/#article\",\"isPartOf\":{\"@id\":\"https:\/\/tipnexa.com\/blog\/iran-en-el-mundial-2026-la-afc-confirma-su-participacion-oficial\/\"},\"author\":{\"name\":\"admin\",\"@id\":\"https:\/\/tipnexa.com\/blog\/#\/schema\/person\/fcfe9a20877b14cc7f2bc3ce77f6d3cf\"},\"headline\":\"Ir\u00e1n en el Mundial 2026: La AFC Confirma su Participaci\u00f3n Oficial\",\"datePublished\":\"2026-03-16T15:03:41+00:00\",\"mainEntityOfPage\":{\"@id\":\"https:\/\/tipnexa.com\/blog\/iran-en-el-mundial-2026-la-afc-confirma-su-participacion-oficial\/\"},\"wordCount\":446,\"commentCount\":0,\"publisher\":{\"@id\":\"https:\/\/tipnexa.com\/blog\/#organization\"},\"image\":{\"@id\":\"https:\/\/tipnexa.com\/blog\/iran-en-el-mundial-2026-la-afc-confirma-su-participacion-oficial\/#primaryimage\"},\"thumbnailUrl\":\"https:\/\/tipnexa.com\/blog\/wp-content\/uploads\/2026\/03\/iran-en-el-mundial-2026-la-afc-confirma-su-participacion-oficial-1773673418868.png\",\"articleSection\":[\"F\u00fatbol Internacional\",\"Ultimas Noticias\"],\"inLanguage\":\"es\",\"potentialAction\":[{\"@type\":\"CommentAction\",\"name\":\"Comment\",\"target\":[\"https:\/\/tipnexa.com\/blog\/iran-en-el-mundial-2026-la-afc-confirma-su-participacion-oficial\/#respond\"]}]},{\"@type\":\"WebPage\",\"@id\":\"https:\/\/tipnexa.com\/blog\/iran-en-el-mundial-2026-la-afc-confirma-su-participacion-oficial\/\",\"url\":\"https:\/\/tipnexa.com\/blog\/iran-en-el-mundial-2026-la-afc-confirma-su-participacion-oficial\/\",\"name\":\"Ir\u00e1n en el Mundial 2026: La AFC Confirma su Participaci\u00f3n Oficial - Tipnexa\",\"isPartOf\":{\"@id\":\"https:\/\/tipnexa.com\/blog\/#website\"},\"primaryImageOfPage\":{\"@id\":\"https:\/\/tipnexa.com\/blog\/iran-en-el-mundial-2026-la-afc-confirma-su-participacion-oficial\/#primaryimage\"},\"image\":{\"@id\":\"https:\/\/tipnexa.com\/blog\/iran-en-el-mundial-2026-la-afc-confirma-su-participacion-oficial\/#primaryimage\"},\"thumbnailUrl\":\"https:\/\/tipnexa.com\/blog\/wp-content\/uploads\/2026\/03\/iran-en-el-mundial-2026-la-afc-confirma-su-participacion-oficial-1773673418868.png\",\"datePublished\":\"2026-03-16T15:03:41+00:00\",\"breadcrumb\":{\"@id\":\"https:\/\/tipnexa.com\/blog\/iran-en-el-mundial-2026-la-afc-confirma-su-participacion-oficial\/#breadcrumb\"},\"inLanguage\":\"es\",\"potentialAction\":[{\"@type\":\"ReadAction\",\"target\":[\"https:\/\/tipnexa.com\/blog\/iran-en-el-mundial-2026-la-afc-confirma-su-participacion-oficial\/\"]}]},{\"@type\":\"ImageObject\",\"inLanguage\":\"es\",\"@id\":\"https:\/\/tipnexa.com\/blog\/iran-en-el-mundial-2026-la-afc-confirma-su-participacion-oficial\/#primaryimage\",\"url\":\"https:\/\/tipnexa.com\/blog\/wp-content\/uploads\/2026\/03\/iran-en-el-mundial-2026-la-afc-confirma-su-participacion-oficial-1773673418868.png\",\"contentUrl\":\"https:\/\/tipnexa.com\/blog\/wp-content\/uploads\/2026\/03\/iran-en-el-mundial-2026-la-afc-confirma-su-participacion-oficial-1773673418868.png\",\"width\":1344,\"height\":768},{\"@type\":\"BreadcrumbList\",\"@id\":\"https:\/\/tipnexa.com\/blog\/iran-en-el-mundial-2026-la-afc-confirma-su-participacion-oficial\/#breadcrumb\",\"itemListElement\":[{\"@type\":\"ListItem\",\"position\":1,\"name\":\"Portada\",\"item\":\"https:\/\/tipnexa.com\/blog\/\"},{\"@type\":\"ListItem\",\"position\":2,\"name\":\"Ir\u00e1n en el Mundial 2026: La AFC Confirma su Participaci\u00f3n Oficial\"}]},{\"@type\":\"WebSite\",\"@id\":\"https:\/\/tipnexa.com\/blog\/#website\",\"url\":\"https:\/\/tipnexa.com\/blog\/\",\"name\":\"Blog de Tipnexa\",\"description\":\"Descubre en el blog de Tipnexa las \u00faltimas noticias de f\u00fatbol, pron\u00f3sticos, an\u00e1lisis de partidos, ligas y equipos con enfoque experto y datos actualizados.\",\"publisher\":{\"@id\":\"https:\/\/tipnexa.com\/blog\/#organization\"},\"alternateName\":\"Blog de Tipnexa\",\"potentialAction\":[{\"@type\":\"SearchAction\",\"target\":{\"@type\":\"EntryPoint\",\"urlTemplate\":\"https:\/\/tipnexa.com\/blog\/?s={search_term_string}\"},\"query-input\":{\"@type\":\"PropertyValueSpecification\",\"valueRequired\":true,\"valueName\":\"search_term_string\"}}],\"inLanguage\":\"es\"},{\"@type\":\"Organization\",\"@id\":\"https:\/\/tipnexa.com\/blog\/#organization\",\"name\":\"Tipnexa\",\"url\":\"https:\/\/tipnexa.com\/blog\/\",\"logo\":{\"@type\":\"ImageObject\",\"inLanguage\":\"es\",\"@id\":\"https:\/\/tipnexa.com\/blog\/#\/schema\/logo\/image\/\",\"url\":\"https:\/\/tipnexa.com\/blog\/wp-content\/uploads\/2026\/03\/192x192.png\",\"contentUrl\":\"https:\/\/tipnexa.com\/blog\/wp-content\/uploads\/2026\/03\/192x192.png\",\"width\":192,\"height\":192,\"caption\":\"Tipnexa\"},\"image\":{\"@id\":\"https:\/\/tipnexa.com\/blog\/#\/schema\/logo\/image\/\"}},{\"@type\":\"Person\",\"@id\":\"https:\/\/tipnexa.com\/blog\/#\/schema\/person\/fcfe9a20877b14cc7f2bc3ce77f6d3cf\",\"name\":\"admin\",\"image\":{\"@type\":\"ImageObject\",\"inLanguage\":\"es\",\"@id\":\"https:\/\/secure.gravatar.com\/avatar\/b4f14cb9d9d12a445b91a477b3cf143c91ca7da26f03b6815b159c10ce2e2c74?s=96&d=mm&r=g\",\"url\":\"https:\/\/secure.gravatar.com\/avatar\/b4f14cb9d9d12a445b91a477b3cf143c91ca7da26f03b6815b159c10ce2e2c74?s=96&d=mm&r=g\",\"contentUrl\":\"https:\/\/secure.gravatar.com\/avatar\/b4f14cb9d9d12a445b91a477b3cf143c91ca7da26f03b6815b159c10ce2e2c74?s=96&d=mm&r=g\",\"caption\":\"admin\"},\"sameAs\":[\"https:\/\/tipnexa.com\/blog\"],\"url\":\"https:\/\/tipnexa.com\/blog\/author\/admin\/\"}]}<\/script>\n<!-- \/ Yoast SEO plugin. -->","yoast_head_json":{"title":"Ir\u00e1n en el Mundial 2026: La AFC Confirma su Participaci\u00f3n Oficial - Tipnexa","robots":{"index":"index","follow":"follow","max-snippet":"max-snippet:-1","max-image-preview":"max-image-preview:large","max-video-preview":"max-video-preview:-1"},"canonical":"https:\/\/tipnexa.com\/blog\/iran-en-el-mundial-2026-la-afc-confirma-su-participacion-oficial\/","og_locale":"es_ES","og_type":"article","og_title":"Ir\u00e1n en el Mundial 2026: La AFC Confirma su Participaci\u00f3n Oficial - Tipnexa","og_description":"La AFC confirma la participaci\u00f3n de Ir\u00e1n en el Mundial 2026, disipando dudas sobre su presencia. Conoce los detalles de esta decisi\u00f3n y los pr\u00f3ximos pasos de la selecci\u00f3n iran\u00ed.","og_url":"https:\/\/tipnexa.com\/blog\/iran-en-el-mundial-2026-la-afc-confirma-su-participacion-oficial\/","og_site_name":"Tipnexa","article_published_time":"2026-03-16T15:03:41+00:00","og_image":[{"width":1024,"height":585,"url":"https:\/\/tipnexa.com\/blog\/wp-content\/uploads\/2026\/03\/iran-en-el-mundial-2026-la-afc-confirma-su-participacion-oficial-1773673418868-1024x585.png","type":"image\/png"}],"author":"admin","twitter_card":"summary_large_image","twitter_misc":{"Escrito por":"admin","Tiempo de lectura":"2 minutos"},"schema":{"@context":"https:\/\/schema.org","@graph":[{"@type":"Article","@id":"https:\/\/tipnexa.com\/blog\/iran-en-el-mundial-2026-la-afc-confirma-su-participacion-oficial\/#article","isPartOf":{"@id":"https:\/\/tipnexa.com\/blog\/iran-en-el-mundial-2026-la-afc-confirma-su-participacion-oficial\/"},"author":{"name":"admin","@id":"https:\/\/tipnexa.com\/blog\/#\/schema\/person\/fcfe9a20877b14cc7f2bc3ce77f6d3cf"},"headline":"Ir\u00e1n en el Mundial 2026: La AFC Confirma su Participaci\u00f3n Oficial","datePublished":"2026-03-16T15:03:41+00:00","mainEntityOfPage":{"@id":"https:\/\/tipnexa.com\/blog\/iran-en-el-mundial-2026-la-afc-confirma-su-participacion-oficial\/"},"wordCount":446,"commentCount":0,"publisher":{"@id":"https:\/\/tipnexa.com\/blog\/#organization"},"image":{"@id":"https:\/\/tipnexa.com\/blog\/iran-en-el-mundial-2026-la-afc-confirma-su-participacion-oficial\/#primaryimage"},"thumbnailUrl":"https:\/\/tipnexa.com\/blog\/wp-content\/uploads\/2026\/03\/iran-en-el-mundial-2026-la-afc-confirma-su-participacion-oficial-1773673418868.png","articleSection":["F\u00fatbol Internacional","Ultimas Noticias"],"inLanguage":"es","potentialAction":[{"@type":"CommentAction","name":"Comment","target":["https:\/\/tipnexa.com\/blog\/iran-en-el-mundial-2026-la-afc-confirma-su-participacion-oficial\/#respond"]}]},{"@type":"WebPage","@id":"https:\/\/tipnexa.com\/blog\/iran-en-el-mundial-2026-la-afc-confirma-su-participacion-oficial\/","url":"https:\/\/tipnexa.com\/blog\/iran-en-el-mundial-2026-la-afc-confirma-su-participacion-oficial\/","name":"Ir\u00e1n en el Mundial 2026: La AFC Confirma su Participaci\u00f3n Oficial - Tipnexa","isPartOf":{"@id":"https:\/\/tipnexa.com\/blog\/#website"},"primaryImageOfPage":{"@id":"https:\/\/tipnexa.com\/blog\/iran-en-el-mundial-2026-la-afc-confirma-su-participacion-oficial\/#primaryimage"},"image":{"@id":"https:\/\/tipnexa.com\/blog\/iran-en-el-mundial-2026-la-afc-confirma-su-participacion-oficial\/#primaryimage"},"thumbnailUrl":"https:\/\/tipnexa.com\/blog\/wp-content\/uploads\/2026\/03\/iran-en-el-mundial-2026-la-afc-confirma-su-participacion-oficial-1773673418868.png","datePublished":"2026-03-16T15:03:41+00:00","breadcrumb":{"@id":"https:\/\/tipnexa.com\/blog\/iran-en-el-mundial-2026-la-afc-confirma-su-participacion-oficial\/#breadcrumb"},"inLanguage":"es","potentialAction":[{"@type":"ReadAction","target":["https:\/\/tipnexa.com\/blog\/iran-en-el-mundial-2026-la-afc-confirma-su-participacion-oficial\/"]}]},{"@type":"ImageObject","inLanguage":"es","@id":"https:\/\/tipnexa.com\/blog\/iran-en-el-mundial-2026-la-afc-confirma-su-participacion-oficial\/#primaryimage","url":"https:\/\/tipnexa.com\/blog\/wp-content\/uploads\/2026\/03\/iran-en-el-mundial-2026-la-afc-confirma-su-participacion-oficial-1773673418868.png","contentUrl":"https:\/\/tipnexa.com\/blog\/wp-content\/uploads\/2026\/03\/iran-en-el-mundial-2026-la-afc-confirma-su-participacion-oficial-1773673418868.png","width":1344,"height":768},{"@type":"BreadcrumbList","@id":"https:\/\/tipnexa.com\/blog\/iran-en-el-mundial-2026-la-afc-confirma-su-participacion-oficial\/#breadcrumb","itemListElement":[{"@type":"ListItem","position":1,"name":"Portada","item":"https:\/\/tipnexa.com\/blog\/"},{"@type":"ListItem","position":2,"name":"Ir\u00e1n en el Mundial 2026: La AFC Confirma su Participaci\u00f3n Oficial"}]},{"@type":"WebSite","@id":"https:\/\/tipnexa.com\/blog\/#website","url":"https:\/\/tipnexa.com\/blog\/","name":"Blog de Tipnexa","description":"Descubre en el blog de Tipnexa las \u00faltimas noticias de f\u00fatbol, pron\u00f3sticos, an\u00e1lisis de partidos, ligas y equipos con enfoque experto y datos actualizados.","publisher":{"@id":"https:\/\/tipnexa.com\/blog\/#organization"},"alternateName":"Blog de Tipnexa","potentialAction":[{"@type":"SearchAction","target":{"@type":"EntryPoint","urlTemplate":"https:\/\/tipnexa.com\/blog\/?s={search_term_string}"},"query-input":{"@type":"PropertyValueSpecification","valueRequired":true,"valueName":"search_term_string"}}],"inLanguage":"es"},{"@type":"Organization","@id":"https:\/\/tipnexa.com\/blog\/#organization","name":"Tipnexa","url":"https:\/\/tipnexa.com\/blog\/","logo":{"@type":"ImageObject","inLanguage":"es","@id":"https:\/\/tipnexa.com\/blog\/#\/schema\/logo\/image\/","url":"https:\/\/tipnexa.com\/blog\/wp-content\/uploads\/2026\/03\/192x192.png","contentUrl":"https:\/\/tipnexa.com\/blog\/wp-content\/uploads\/2026\/03\/192x192.png","width":192,"height":192,"caption":"Tipnexa"},"image":{"@id":"https:\/\/tipnexa.com\/blog\/#\/schema\/logo\/image\/"}},{"@type":"Person","@id":"https:\/\/tipnexa.com\/blog\/#\/schema\/person\/fcfe9a20877b14cc7f2bc3ce77f6d3cf","name":"admin","image":{"@type":"ImageObject","inLanguage":"es","@id":"https:\/\/secure.gravatar.com\/avatar\/b4f14cb9d9d12a445b91a477b3cf143c91ca7da26f03b6815b159c10ce2e2c74?s=96&d=mm&r=g","url":"https:\/\/secure.gravatar.com\/avatar\/b4f14cb9d9d12a445b91a477b3cf143c91ca7da26f03b6815b159c10ce2e2c74?s=96&d=mm&r=g","contentUrl":"https:\/\/secure.gravatar.com\/avatar\/b4f14cb9d9d12a445b91a477b3cf143c91ca7da26f03b6815b159c10ce2e2c74?s=96&d=mm&r=g","caption":"admin"},"sameAs":["https:\/\/tipnexa.com\/blog"],"url":"https:\/\/tipnexa.com\/blog\/author\/admin\/"}]}},"_links":{"self":[{"href":"https:\/\/tipnexa.com\/blog\/wp-json\/wp\/v2\/posts\/2162","targetHints":{"allow":["GET"]}}],"collection":[{"href":"https:\/\/tipnexa.com\/blog\/wp-json\/wp\/v2\/posts"}],"about":[{"href":"https:\/\/tipnexa.com\/blog\/wp-json\/wp\/v2\/types\/post"}],"author":[{"embeddable":true,"href":"https:\/\/tipnexa.com\/blog\/wp-json\/wp\/v2\/users\/1"}],"replies":[{"embeddable":true,"href":"https:\/\/tipnexa.com\/blog\/wp-json\/wp\/v2\/comments?post=2162"}],"version-history":[{"count":0,"href":"https:\/\/tipnexa.com\/blog\/wp-json\/wp\/v2\/posts\/2162\/revisions"}],"wp:featuredmedia":[{"embeddable":true,"href":"https:\/\/tipnexa.com\/blog\/wp-json\/wp\/v2\/media\/2161"}],"wp:attachment":[{"href":"https:\/\/tipnexa.com\/blog\/wp-json\/wp\/v2\/media?parent=2162"}],"wp:term":[{"taxonomy":"category","embeddable":true,"href":"https:\/\/tipnexa.com\/blog\/wp-json\/wp\/v2\/categories?post=2162"},{"taxonomy":"post_tag","embeddable":true,"href":"https:\/\/tipnexa.com\/blog\/wp-json\/wp\/v2\/tags?post=2162"}],"curies":[{"name":"wp","href":"https:\/\/api.w.org\/{rel}","templated":true}]}}