{"id":2078,"date":"2026-03-15T22:02:03","date_gmt":"2026-03-16T03:02:03","guid":{"rendered":"https:\/\/tipnexa.com\/blog\/cesar-farias-explota-polemica-decision-del-var-en-el-futbol-ecuatoriano\/"},"modified":"2026-03-15T22:02:03","modified_gmt":"2026-03-16T03:02:03","slug":"cesar-farias-explota-polemica-decision-del-var-en-el-futbol-ecuatoriano","status":"publish","type":"post","link":"https:\/\/tipnexa.com\/blog\/cesar-farias-explota-polemica-decision-del-var-en-el-futbol-ecuatoriano\/","title":{"rendered":"C\u00e9sar Far\u00edas Explota: Pol\u00e9mica Decisi\u00f3n del VAR en el F\u00fatbol Ecuatoriano"},"content":{"rendered":"<p>El director t\u00e9cnico del Barcelona SC, C\u00e9sar Far\u00edas, no ocult\u00f3 su <strong>profundo malestar<\/strong> tras el reciente partido de su equipo contra Guayaquil City. La controversia se centr\u00f3 en una decisi\u00f3n arbitral que, seg\u00fan el estratega venezolano, perjudic\u00f3 gravemente a su plantilla y pudo haber cambiado el resultado del encuentro. Far\u00edas expres\u00f3 su indignaci\u00f3n en una rueda de prensa, se\u00f1alando directamente al sistema de <strong>videoarbitraje (VAR)<\/strong> y al criterio del \u00e1rbitro central.<\/p>\n<h2>La Controversia del VAR y la Decisi\u00f3n Arbitral<\/h2>\n<p>El punto de inflexi\u00f3n del partido lleg\u00f3 con una jugada clave: un remate de Jhonny Qui\u00f1\u00f3nez que impact\u00f3 en la mano de Joshu\u00e9 Qui\u00f1\u00f3nez. A pesar de que el VAR llam\u00f3 al \u00e1rbitro principal para revisar la acci\u00f3n, este mantuvo su decisi\u00f3n inicial de no conceder la pena m\u00e1xima, argumentando que la mano estaba en posici\u00f3n natural. Esta situaci\u00f3n gener\u00f3 una fuerte reacci\u00f3n en Far\u00edas, quien manifest\u00f3: \u00abSi lo llaman al \u00e1rbitro, es para que vea que en el VAR s\u00ed creen que es gol. No puede ser que nos metan el dedo as\u00ed. Estamos <strong>inc\u00f3modos y molestos<\/strong>\u00ab.<\/p>\n<p>El t\u00e9cnico insisti\u00f3 en que la trayectoria del bal\u00f3n era clara hacia la porter\u00eda y que la intervenci\u00f3n del VAR deber\u00eda haber sido determinante para revertir la decisi\u00f3n. La <strong>inversi\u00f3n econ\u00f3mica<\/strong> en tecnolog\u00eda como el VAR busca precisamente evitar este tipo de errores, y la percepci\u00f3n de que el \u00e1rbitro ignor\u00f3 la recomendaci\u00f3n del sistema exacerb\u00f3 la frustraci\u00f3n del banquillo amarillo. Para m\u00e1s an\u00e1lisis sobre decisiones arbitrales pol\u00e9micas, puedes visitar <a href=\"https:\/\/tipnexa.com\/blog\/impacto-expulsion-de-luis-diaz-por-simulacion-en-leverkusen-vs-bayern\/\">el impacto de ciertas expulsiones en partidos clave<\/a>.<\/p>\n<h2>An\u00e1lisis del Rendimiento y el Desgaste del Equipo<\/h2>\n<p>M\u00e1s all\u00e1 de la pol\u00e9mica arbitral, Far\u00edas tambi\u00e9n se refiri\u00f3 al desempe\u00f1o de su equipo. Reconoci\u00f3 el <strong>desgaste f\u00edsico<\/strong> de los jugadores, producto de un calendario exigente en la liga local, pero destac\u00f3 la capacidad de generar oportunidades de gol. \u00abClaro que hay un desgaste, hay muestras de cansancio, pero aun as\u00ed generamos situaciones de gol. Nos falt\u00f3 definir, s\u00ed; que debemos mejorar, s\u00ed\u00bb, afirm\u00f3.<\/p>\n<p>El entrenador subray\u00f3 la importancia de la concentraci\u00f3n en los \u00faltimos pases y la definici\u00f3n, aspectos que buscar\u00e1n corregir en los pr\u00f3ximos encuentros. A pesar de la frustraci\u00f3n por la decisi\u00f3n arbitral, el equipo se mantiene enfocado en sus objetivos dentro del campeonato. Puedes seguir de cerca todos los <a href=\"https:\/\/tipnexa.com\/blog\/\">an\u00e1lisis y resultados deportivos en nuestro blog<\/a>.<\/p>\n<h2>Conclusi\u00f3n<\/h2>\n<p>La declaraci\u00f3n de C\u00e9sar Far\u00edas subraya la <strong>tensi\u00f3n y las expectativas<\/strong> que rodean las decisiones del VAR en el f\u00fatbol moderno. Su malestar refleja un sentir com\u00fan en el deporte cuando la tecnolog\u00eda no logra disipar la controversia, sino que, en ocasiones, la alimenta. Mientras el Barcelona SC busca mejorar su punter\u00eda y superar el cansancio, la discusi\u00f3n sobre el uso y la interpretaci\u00f3n del VAR en el f\u00fatbol ecuatoriano seguir\u00e1 siendo un tema central.<\/p>\n","protected":false},"excerpt":{"rendered":"<p>C\u00e9sar Far\u00edas, t\u00e9cnico del Barcelona SC, muestra su indignaci\u00f3n por una pol\u00e9mica decisi\u00f3n del VAR que afect\u00f3 a su equipo. Descubre todos los detalles de esta controversia.<\/p>\n","protected":false},"author":1,"featured_media":2077,"comment_status":"open","ping_status":"open","sticky":false,"template":"","format":"standard","meta":{"footnotes":""},"categories":[10,16],"tags":[],"class_list":["post-2078","post","type-post","status-publish","format-standard","has-post-thumbnail","hentry","category-clubes","category-futbol-internacional"],"yoast_head":"<!-- This site is optimized with the Yoast SEO plugin v27.2 - https:\/\/yoast.com\/product\/yoast-seo-wordpress\/ -->\n<title>C\u00e9sar Far\u00edas Explota: Pol\u00e9mica Decisi\u00f3n del VAR en el F\u00fatbol Ecuatoriano - Tipnexa<\/title>\n<meta name=\"robots\" content=\"index, follow, max-snippet:-1, max-image-preview:large, max-video-preview:-1\" \/>\n<link rel=\"canonical\" href=\"https:\/\/tipnexa.com\/blog\/cesar-farias-explota-polemica-decision-del-var-en-el-futbol-ecuatoriano\/\" \/>\n<meta property=\"og:locale\" content=\"es_ES\" \/>\n<meta property=\"og:type\" content=\"article\" \/>\n<meta property=\"og:title\" content=\"C\u00e9sar Far\u00edas Explota: Pol\u00e9mica Decisi\u00f3n del VAR en el F\u00fatbol Ecuatoriano - Tipnexa\" \/>\n<meta property=\"og:description\" content=\"C\u00e9sar Far\u00edas, t\u00e9cnico del Barcelona SC, muestra su indignaci\u00f3n por una pol\u00e9mica decisi\u00f3n del VAR que afect\u00f3 a su equipo. Descubre todos los detalles de esta controversia.\" \/>\n<meta property=\"og:url\" content=\"https:\/\/tipnexa.com\/blog\/cesar-farias-explota-polemica-decision-del-var-en-el-futbol-ecuatoriano\/\" \/>\n<meta property=\"og:site_name\" content=\"Tipnexa\" \/>\n<meta property=\"article:published_time\" content=\"2026-03-16T03:02:03+00:00\" \/>\n<meta property=\"og:image\" content=\"https:\/\/tipnexa.com\/blog\/wp-content\/uploads\/2026\/03\/cesar-farias-explota-polemica-decision-del-var-en-el-futbol-ecuatoriano-1773630118903.png\" \/>\n\t<meta property=\"og:image:width\" content=\"1344\" \/>\n\t<meta property=\"og:image:height\" content=\"768\" \/>\n\t<meta property=\"og:image:type\" content=\"image\/png\" \/>\n<meta name=\"author\" content=\"admin\" \/>\n<meta name=\"twitter:card\" content=\"summary_large_image\" \/>\n<meta name=\"twitter:label1\" content=\"Escrito por\" \/>\n\t<meta name=\"twitter:data1\" content=\"admin\" \/>\n\t<meta name=\"twitter:label2\" content=\"Tiempo de lectura\" \/>\n\t<meta name=\"twitter:data2\" content=\"3 minutos\" \/>\n<script type=\"application\/ld+json\" class=\"yoast-schema-graph\">{\"@context\":\"https:\/\/schema.org\",\"@graph\":[{\"@type\":\"Article\",\"@id\":\"https:\/\/tipnexa.com\/blog\/cesar-farias-explota-polemica-decision-del-var-en-el-futbol-ecuatoriano\/#article\",\"isPartOf\":{\"@id\":\"https:\/\/tipnexa.com\/blog\/cesar-farias-explota-polemica-decision-del-var-en-el-futbol-ecuatoriano\/\"},\"author\":{\"name\":\"admin\",\"@id\":\"https:\/\/tipnexa.com\/blog\/#\/schema\/person\/fcfe9a20877b14cc7f2bc3ce77f6d3cf\"},\"headline\":\"C\u00e9sar Far\u00edas Explota: Pol\u00e9mica Decisi\u00f3n del VAR en el F\u00fatbol Ecuatoriano\",\"datePublished\":\"2026-03-16T03:02:03+00:00\",\"mainEntityOfPage\":{\"@id\":\"https:\/\/tipnexa.com\/blog\/cesar-farias-explota-polemica-decision-del-var-en-el-futbol-ecuatoriano\/\"},\"wordCount\":537,\"commentCount\":0,\"publisher\":{\"@id\":\"https:\/\/tipnexa.com\/blog\/#organization\"},\"image\":{\"@id\":\"https:\/\/tipnexa.com\/blog\/cesar-farias-explota-polemica-decision-del-var-en-el-futbol-ecuatoriano\/#primaryimage\"},\"thumbnailUrl\":\"https:\/\/tipnexa.com\/blog\/wp-content\/uploads\/2026\/03\/cesar-farias-explota-polemica-decision-del-var-en-el-futbol-ecuatoriano-1773630118903.png\",\"articleSection\":[\"Clubes\",\"F\u00fatbol Internacional\"],\"inLanguage\":\"es\",\"potentialAction\":[{\"@type\":\"CommentAction\",\"name\":\"Comment\",\"target\":[\"https:\/\/tipnexa.com\/blog\/cesar-farias-explota-polemica-decision-del-var-en-el-futbol-ecuatoriano\/#respond\"]}]},{\"@type\":\"WebPage\",\"@id\":\"https:\/\/tipnexa.com\/blog\/cesar-farias-explota-polemica-decision-del-var-en-el-futbol-ecuatoriano\/\",\"url\":\"https:\/\/tipnexa.com\/blog\/cesar-farias-explota-polemica-decision-del-var-en-el-futbol-ecuatoriano\/\",\"name\":\"C\u00e9sar Far\u00edas Explota: Pol\u00e9mica Decisi\u00f3n del VAR en el F\u00fatbol Ecuatoriano - Tipnexa\",\"isPartOf\":{\"@id\":\"https:\/\/tipnexa.com\/blog\/#website\"},\"primaryImageOfPage\":{\"@id\":\"https:\/\/tipnexa.com\/blog\/cesar-farias-explota-polemica-decision-del-var-en-el-futbol-ecuatoriano\/#primaryimage\"},\"image\":{\"@id\":\"https:\/\/tipnexa.com\/blog\/cesar-farias-explota-polemica-decision-del-var-en-el-futbol-ecuatoriano\/#primaryimage\"},\"thumbnailUrl\":\"https:\/\/tipnexa.com\/blog\/wp-content\/uploads\/2026\/03\/cesar-farias-explota-polemica-decision-del-var-en-el-futbol-ecuatoriano-1773630118903.png\",\"datePublished\":\"2026-03-16T03:02:03+00:00\",\"breadcrumb\":{\"@id\":\"https:\/\/tipnexa.com\/blog\/cesar-farias-explota-polemica-decision-del-var-en-el-futbol-ecuatoriano\/#breadcrumb\"},\"inLanguage\":\"es\",\"potentialAction\":[{\"@type\":\"ReadAction\",\"target\":[\"https:\/\/tipnexa.com\/blog\/cesar-farias-explota-polemica-decision-del-var-en-el-futbol-ecuatoriano\/\"]}]},{\"@type\":\"ImageObject\",\"inLanguage\":\"es\",\"@id\":\"https:\/\/tipnexa.com\/blog\/cesar-farias-explota-polemica-decision-del-var-en-el-futbol-ecuatoriano\/#primaryimage\",\"url\":\"https:\/\/tipnexa.com\/blog\/wp-content\/uploads\/2026\/03\/cesar-farias-explota-polemica-decision-del-var-en-el-futbol-ecuatoriano-1773630118903.png\",\"contentUrl\":\"https:\/\/tipnexa.com\/blog\/wp-content\/uploads\/2026\/03\/cesar-farias-explota-polemica-decision-del-var-en-el-futbol-ecuatoriano-1773630118903.png\",\"width\":1344,\"height\":768},{\"@type\":\"BreadcrumbList\",\"@id\":\"https:\/\/tipnexa.com\/blog\/cesar-farias-explota-polemica-decision-del-var-en-el-futbol-ecuatoriano\/#breadcrumb\",\"itemListElement\":[{\"@type\":\"ListItem\",\"position\":1,\"name\":\"Portada\",\"item\":\"https:\/\/tipnexa.com\/blog\/\"},{\"@type\":\"ListItem\",\"position\":2,\"name\":\"C\u00e9sar Far\u00edas Explota: Pol\u00e9mica Decisi\u00f3n del VAR en el F\u00fatbol Ecuatoriano\"}]},{\"@type\":\"WebSite\",\"@id\":\"https:\/\/tipnexa.com\/blog\/#website\",\"url\":\"https:\/\/tipnexa.com\/blog\/\",\"name\":\"Blog de Tipnexa\",\"description\":\"Descubre en el blog de Tipnexa las \u00faltimas noticias de f\u00fatbol, pron\u00f3sticos, an\u00e1lisis de partidos, ligas y equipos con enfoque experto y datos actualizados.\",\"publisher\":{\"@id\":\"https:\/\/tipnexa.com\/blog\/#organization\"},\"alternateName\":\"Blog de Tipnexa\",\"potentialAction\":[{\"@type\":\"SearchAction\",\"target\":{\"@type\":\"EntryPoint\",\"urlTemplate\":\"https:\/\/tipnexa.com\/blog\/?s={search_term_string}\"},\"query-input\":{\"@type\":\"PropertyValueSpecification\",\"valueRequired\":true,\"valueName\":\"search_term_string\"}}],\"inLanguage\":\"es\"},{\"@type\":\"Organization\",\"@id\":\"https:\/\/tipnexa.com\/blog\/#organization\",\"name\":\"Tipnexa\",\"url\":\"https:\/\/tipnexa.com\/blog\/\",\"logo\":{\"@type\":\"ImageObject\",\"inLanguage\":\"es\",\"@id\":\"https:\/\/tipnexa.com\/blog\/#\/schema\/logo\/image\/\",\"url\":\"https:\/\/tipnexa.com\/blog\/wp-content\/uploads\/2026\/03\/192x192.png\",\"contentUrl\":\"https:\/\/tipnexa.com\/blog\/wp-content\/uploads\/2026\/03\/192x192.png\",\"width\":192,\"height\":192,\"caption\":\"Tipnexa\"},\"image\":{\"@id\":\"https:\/\/tipnexa.com\/blog\/#\/schema\/logo\/image\/\"}},{\"@type\":\"Person\",\"@id\":\"https:\/\/tipnexa.com\/blog\/#\/schema\/person\/fcfe9a20877b14cc7f2bc3ce77f6d3cf\",\"name\":\"admin\",\"image\":{\"@type\":\"ImageObject\",\"inLanguage\":\"es\",\"@id\":\"https:\/\/secure.gravatar.com\/avatar\/b4f14cb9d9d12a445b91a477b3cf143c91ca7da26f03b6815b159c10ce2e2c74?s=96&d=mm&r=g\",\"url\":\"https:\/\/secure.gravatar.com\/avatar\/b4f14cb9d9d12a445b91a477b3cf143c91ca7da26f03b6815b159c10ce2e2c74?s=96&d=mm&r=g\",\"contentUrl\":\"https:\/\/secure.gravatar.com\/avatar\/b4f14cb9d9d12a445b91a477b3cf143c91ca7da26f03b6815b159c10ce2e2c74?s=96&d=mm&r=g\",\"caption\":\"admin\"},\"sameAs\":[\"https:\/\/tipnexa.com\/blog\"],\"url\":\"https:\/\/tipnexa.com\/blog\/author\/admin\/\"}]}<\/script>\n<!-- \/ Yoast SEO plugin. -->","yoast_head_json":{"title":"C\u00e9sar Far\u00edas Explota: Pol\u00e9mica Decisi\u00f3n del VAR en el F\u00fatbol Ecuatoriano - Tipnexa","robots":{"index":"index","follow":"follow","max-snippet":"max-snippet:-1","max-image-preview":"max-image-preview:large","max-video-preview":"max-video-preview:-1"},"canonical":"https:\/\/tipnexa.com\/blog\/cesar-farias-explota-polemica-decision-del-var-en-el-futbol-ecuatoriano\/","og_locale":"es_ES","og_type":"article","og_title":"C\u00e9sar Far\u00edas Explota: Pol\u00e9mica Decisi\u00f3n del VAR en el F\u00fatbol Ecuatoriano - Tipnexa","og_description":"C\u00e9sar Far\u00edas, t\u00e9cnico del Barcelona SC, muestra su indignaci\u00f3n por una pol\u00e9mica decisi\u00f3n del VAR que afect\u00f3 a su equipo. Descubre todos los detalles de esta controversia.","og_url":"https:\/\/tipnexa.com\/blog\/cesar-farias-explota-polemica-decision-del-var-en-el-futbol-ecuatoriano\/","og_site_name":"Tipnexa","article_published_time":"2026-03-16T03:02:03+00:00","og_image":[{"width":1344,"height":768,"url":"https:\/\/tipnexa.com\/blog\/wp-content\/uploads\/2026\/03\/cesar-farias-explota-polemica-decision-del-var-en-el-futbol-ecuatoriano-1773630118903.png","type":"image\/png"}],"author":"admin","twitter_card":"summary_large_image","twitter_misc":{"Escrito por":"admin","Tiempo de lectura":"3 minutos"},"schema":{"@context":"https:\/\/schema.org","@graph":[{"@type":"Article","@id":"https:\/\/tipnexa.com\/blog\/cesar-farias-explota-polemica-decision-del-var-en-el-futbol-ecuatoriano\/#article","isPartOf":{"@id":"https:\/\/tipnexa.com\/blog\/cesar-farias-explota-polemica-decision-del-var-en-el-futbol-ecuatoriano\/"},"author":{"name":"admin","@id":"https:\/\/tipnexa.com\/blog\/#\/schema\/person\/fcfe9a20877b14cc7f2bc3ce77f6d3cf"},"headline":"C\u00e9sar Far\u00edas Explota: Pol\u00e9mica Decisi\u00f3n del VAR en el F\u00fatbol Ecuatoriano","datePublished":"2026-03-16T03:02:03+00:00","mainEntityOfPage":{"@id":"https:\/\/tipnexa.com\/blog\/cesar-farias-explota-polemica-decision-del-var-en-el-futbol-ecuatoriano\/"},"wordCount":537,"commentCount":0,"publisher":{"@id":"https:\/\/tipnexa.com\/blog\/#organization"},"image":{"@id":"https:\/\/tipnexa.com\/blog\/cesar-farias-explota-polemica-decision-del-var-en-el-futbol-ecuatoriano\/#primaryimage"},"thumbnailUrl":"https:\/\/tipnexa.com\/blog\/wp-content\/uploads\/2026\/03\/cesar-farias-explota-polemica-decision-del-var-en-el-futbol-ecuatoriano-1773630118903.png","articleSection":["Clubes","F\u00fatbol Internacional"],"inLanguage":"es","potentialAction":[{"@type":"CommentAction","name":"Comment","target":["https:\/\/tipnexa.com\/blog\/cesar-farias-explota-polemica-decision-del-var-en-el-futbol-ecuatoriano\/#respond"]}]},{"@type":"WebPage","@id":"https:\/\/tipnexa.com\/blog\/cesar-farias-explota-polemica-decision-del-var-en-el-futbol-ecuatoriano\/","url":"https:\/\/tipnexa.com\/blog\/cesar-farias-explota-polemica-decision-del-var-en-el-futbol-ecuatoriano\/","name":"C\u00e9sar Far\u00edas Explota: Pol\u00e9mica Decisi\u00f3n del VAR en el F\u00fatbol Ecuatoriano - Tipnexa","isPartOf":{"@id":"https:\/\/tipnexa.com\/blog\/#website"},"primaryImageOfPage":{"@id":"https:\/\/tipnexa.com\/blog\/cesar-farias-explota-polemica-decision-del-var-en-el-futbol-ecuatoriano\/#primaryimage"},"image":{"@id":"https:\/\/tipnexa.com\/blog\/cesar-farias-explota-polemica-decision-del-var-en-el-futbol-ecuatoriano\/#primaryimage"},"thumbnailUrl":"https:\/\/tipnexa.com\/blog\/wp-content\/uploads\/2026\/03\/cesar-farias-explota-polemica-decision-del-var-en-el-futbol-ecuatoriano-1773630118903.png","datePublished":"2026-03-16T03:02:03+00:00","breadcrumb":{"@id":"https:\/\/tipnexa.com\/blog\/cesar-farias-explota-polemica-decision-del-var-en-el-futbol-ecuatoriano\/#breadcrumb"},"inLanguage":"es","potentialAction":[{"@type":"ReadAction","target":["https:\/\/tipnexa.com\/blog\/cesar-farias-explota-polemica-decision-del-var-en-el-futbol-ecuatoriano\/"]}]},{"@type":"ImageObject","inLanguage":"es","@id":"https:\/\/tipnexa.com\/blog\/cesar-farias-explota-polemica-decision-del-var-en-el-futbol-ecuatoriano\/#primaryimage","url":"https:\/\/tipnexa.com\/blog\/wp-content\/uploads\/2026\/03\/cesar-farias-explota-polemica-decision-del-var-en-el-futbol-ecuatoriano-1773630118903.png","contentUrl":"https:\/\/tipnexa.com\/blog\/wp-content\/uploads\/2026\/03\/cesar-farias-explota-polemica-decision-del-var-en-el-futbol-ecuatoriano-1773630118903.png","width":1344,"height":768},{"@type":"BreadcrumbList","@id":"https:\/\/tipnexa.com\/blog\/cesar-farias-explota-polemica-decision-del-var-en-el-futbol-ecuatoriano\/#breadcrumb","itemListElement":[{"@type":"ListItem","position":1,"name":"Portada","item":"https:\/\/tipnexa.com\/blog\/"},{"@type":"ListItem","position":2,"name":"C\u00e9sar Far\u00edas Explota: Pol\u00e9mica Decisi\u00f3n del VAR en el F\u00fatbol Ecuatoriano"}]},{"@type":"WebSite","@id":"https:\/\/tipnexa.com\/blog\/#website","url":"https:\/\/tipnexa.com\/blog\/","name":"Blog de Tipnexa","description":"Descubre en el blog de Tipnexa las \u00faltimas noticias de f\u00fatbol, pron\u00f3sticos, an\u00e1lisis de partidos, ligas y equipos con enfoque experto y datos actualizados.","publisher":{"@id":"https:\/\/tipnexa.com\/blog\/#organization"},"alternateName":"Blog de Tipnexa","potentialAction":[{"@type":"SearchAction","target":{"@type":"EntryPoint","urlTemplate":"https:\/\/tipnexa.com\/blog\/?s={search_term_string}"},"query-input":{"@type":"PropertyValueSpecification","valueRequired":true,"valueName":"search_term_string"}}],"inLanguage":"es"},{"@type":"Organization","@id":"https:\/\/tipnexa.com\/blog\/#organization","name":"Tipnexa","url":"https:\/\/tipnexa.com\/blog\/","logo":{"@type":"ImageObject","inLanguage":"es","@id":"https:\/\/tipnexa.com\/blog\/#\/schema\/logo\/image\/","url":"https:\/\/tipnexa.com\/blog\/wp-content\/uploads\/2026\/03\/192x192.png","contentUrl":"https:\/\/tipnexa.com\/blog\/wp-content\/uploads\/2026\/03\/192x192.png","width":192,"height":192,"caption":"Tipnexa"},"image":{"@id":"https:\/\/tipnexa.com\/blog\/#\/schema\/logo\/image\/"}},{"@type":"Person","@id":"https:\/\/tipnexa.com\/blog\/#\/schema\/person\/fcfe9a20877b14cc7f2bc3ce77f6d3cf","name":"admin","image":{"@type":"ImageObject","inLanguage":"es","@id":"https:\/\/secure.gravatar.com\/avatar\/b4f14cb9d9d12a445b91a477b3cf143c91ca7da26f03b6815b159c10ce2e2c74?s=96&d=mm&r=g","url":"https:\/\/secure.gravatar.com\/avatar\/b4f14cb9d9d12a445b91a477b3cf143c91ca7da26f03b6815b159c10ce2e2c74?s=96&d=mm&r=g","contentUrl":"https:\/\/secure.gravatar.com\/avatar\/b4f14cb9d9d12a445b91a477b3cf143c91ca7da26f03b6815b159c10ce2e2c74?s=96&d=mm&r=g","caption":"admin"},"sameAs":["https:\/\/tipnexa.com\/blog"],"url":"https:\/\/tipnexa.com\/blog\/author\/admin\/"}]}},"_links":{"self":[{"href":"https:\/\/tipnexa.com\/blog\/wp-json\/wp\/v2\/posts\/2078","targetHints":{"allow":["GET"]}}],"collection":[{"href":"https:\/\/tipnexa.com\/blog\/wp-json\/wp\/v2\/posts"}],"about":[{"href":"https:\/\/tipnexa.com\/blog\/wp-json\/wp\/v2\/types\/post"}],"author":[{"embeddable":true,"href":"https:\/\/tipnexa.com\/blog\/wp-json\/wp\/v2\/users\/1"}],"replies":[{"embeddable":true,"href":"https:\/\/tipnexa.com\/blog\/wp-json\/wp\/v2\/comments?post=2078"}],"version-history":[{"count":0,"href":"https:\/\/tipnexa.com\/blog\/wp-json\/wp\/v2\/posts\/2078\/revisions"}],"wp:featuredmedia":[{"embeddable":true,"href":"https:\/\/tipnexa.com\/blog\/wp-json\/wp\/v2\/media\/2077"}],"wp:attachment":[{"href":"https:\/\/tipnexa.com\/blog\/wp-json\/wp\/v2\/media?parent=2078"}],"wp:term":[{"taxonomy":"category","embeddable":true,"href":"https:\/\/tipnexa.com\/blog\/wp-json\/wp\/v2\/categories?post=2078"},{"taxonomy":"post_tag","embeddable":true,"href":"https:\/\/tipnexa.com\/blog\/wp-json\/wp\/v2\/tags?post=2078"}],"curies":[{"name":"wp","href":"https:\/\/api.w.org\/{rel}","templated":true}]}}