{"id":1880,"date":"2026-03-15T11:01:58","date_gmt":"2026-03-15T16:01:58","guid":{"rendered":"https:\/\/tipnexa.com\/blog\/agustin-moreira-debut-goleador-y-ascenso-en-la-primeira-liga-portuguesa\/"},"modified":"2026-03-15T11:01:58","modified_gmt":"2026-03-15T16:01:58","slug":"agustin-moreira-debut-goleador-y-ascenso-en-la-primeira-liga-portuguesa","status":"publish","type":"post","link":"https:\/\/tipnexa.com\/blog\/agustin-moreira-debut-goleador-y-ascenso-en-la-primeira-liga-portuguesa\/","title":{"rendered":"Agust\u00edn Moreira: Debut Goleador y Ascenso en la Primeira Liga Portuguesa"},"content":{"rendered":"<p>El joven talento uruguayo <strong>Agust\u00edn Moreira<\/strong> ha irrumpido con fuerza en el f\u00fatbol portugu\u00e9s, marcando sus dos primeros goles con la camiseta del Gil Vicente. Este hito se produjo en un emocionante empate 2-2 frente al Alverca, durante la jornada 26 de la <a href=\"https:\/\/tipnexa.com\/blog\/\">Primeira Liga de Portugal<\/a> en la temporada 2025-2026. Su actuaci\u00f3n destaca no solo por los tantos, sino por el impacto inmediato que ha generado en su nuevo equipo.<\/p>\n<h2>Un Doblete con Sabor a Victoria<\/h2>\n<p>Moreira, quien lleg\u00f3 al Gil Vicente en julio de 2025 procedente del Progreso, demostr\u00f3 su olfato goleador desde temprano. A los 32 minutos del encuentro, abri\u00f3 el marcador con un potente remate cruzado desde el borde del \u00e1rea, dejando sin opciones al portero rival. Su segundo gol lleg\u00f3 en el minuto 71, con un disparo que nuevamente super\u00f3 al guardameta, colocando el 2-1 parcial y desatando la euforia entre los aficionados.<\/p>\n<p>Aunque el partido culmin\u00f3 en un empate 2-2, el <a href=\"https:\/\/tipnexa.com\/blog\/jhon-duran-primer-gol-de-penal-con-zenit-ante-spartak-en-liga-rusa\/\">debut goleador de Moreira<\/a> es una se\u00f1al clara de su adaptaci\u00f3n y potencial. Con solo 24 a\u00f1os, el apodado \u00abPicante\u00bb est\u00e1 disfrutando de una creciente cantidad de minutos en el campo, consolid\u00e1ndose como una pieza clave en el esquema de su equipo.<\/p>\n<h2>Impacto y Proyecci\u00f3n en la Liga<\/h2>\n<p>La contribuci\u00f3n de Agust\u00edn Moreira es fundamental para las aspiraciones del Gil Vicente. Actualmente, el equipo se encuentra en la quinta posici\u00f3n de la tabla, inmerso en la lucha por asegurar un puesto en las pr\u00f3ximas copas internacionales. El rendimiento de jugadores como Moreira es crucial para mantener viva esa ambici\u00f3n y para que el club siga escalando posiciones en una liga tan competitiva como la portuguesa.<\/p>\n<p>Su capacidad para definir y su presencia ofensiva lo convierten en un jugador a seguir de cerca. El f\u00fatbol europeo siempre busca talentos emergentes, y Moreira est\u00e1 demostrando tener las cualidades necesarias para dejar su huella. Su progresi\u00f3n ser\u00e1 clave tanto para su carrera personal como para los objetivos de su club en esta emocionante temporada 2025-2026.<\/p>\n<h2>Conclusi\u00f3n<\/h2>\n<p>Los primeros goles de Agust\u00edn Moreira en la Primeira Liga marcan un punto de inflexi\u00f3n en su carrera. Su doblete no solo fue un momento de brillantez individual, sino una muestra del potencial que tiene para influir en los resultados de su equipo. Con el Gil Vicente peleando por puestos europeos, el aporte del \u201cPicante\u201d ser\u00e1 vital para alcanzar los objetivos en esta fase crucial de la temporada.<\/p>\n","protected":false},"excerpt":{"rendered":"<p>Descubre c\u00f3mo Agust\u00edn Moreira marc\u00f3 sus primeros goles con Gil Vicente en la Primeira Liga portuguesa en 2026. Un doblete clave que impulsa a su equipo.<\/p>\n","protected":false},"author":1,"featured_media":1879,"comment_status":"open","ping_status":"open","sticky":false,"template":"","format":"standard","meta":{"footnotes":""},"categories":[16,11],"tags":[],"class_list":["post-1880","post","type-post","status-publish","format-standard","has-post-thumbnail","hentry","category-futbol-internacional","category-partidos-y-resultados"],"yoast_head":"<!-- This site is optimized with the Yoast SEO plugin v27.2 - https:\/\/yoast.com\/product\/yoast-seo-wordpress\/ -->\n<title>Agust\u00edn Moreira: Debut Goleador y Ascenso en la Primeira Liga Portuguesa - Tipnexa<\/title>\n<meta name=\"robots\" content=\"index, follow, max-snippet:-1, max-image-preview:large, max-video-preview:-1\" \/>\n<link rel=\"canonical\" href=\"https:\/\/tipnexa.com\/blog\/agustin-moreira-debut-goleador-y-ascenso-en-la-primeira-liga-portuguesa\/\" \/>\n<meta property=\"og:locale\" content=\"es_ES\" \/>\n<meta property=\"og:type\" content=\"article\" \/>\n<meta property=\"og:title\" content=\"Agust\u00edn Moreira: Debut Goleador y Ascenso en la Primeira Liga Portuguesa - Tipnexa\" \/>\n<meta property=\"og:description\" content=\"Descubre c\u00f3mo Agust\u00edn Moreira marc\u00f3 sus primeros goles con Gil Vicente en la Primeira Liga portuguesa en 2026. Un doblete clave que impulsa a su equipo.\" \/>\n<meta property=\"og:url\" content=\"https:\/\/tipnexa.com\/blog\/agustin-moreira-debut-goleador-y-ascenso-en-la-primeira-liga-portuguesa\/\" \/>\n<meta property=\"og:site_name\" content=\"Tipnexa\" \/>\n<meta property=\"article:published_time\" content=\"2026-03-15T16:01:58+00:00\" \/>\n<meta property=\"og:image\" content=\"https:\/\/tipnexa.com\/blog\/wp-content\/uploads\/2026\/03\/agustin-moreira-debut-goleador-y-ascenso-en-la-primeira-liga-portuguesa-1773590515209-1024x585.png\" \/>\n\t<meta property=\"og:image:width\" content=\"1024\" \/>\n\t<meta property=\"og:image:height\" content=\"585\" \/>\n\t<meta property=\"og:image:type\" content=\"image\/png\" \/>\n<meta name=\"author\" content=\"admin\" \/>\n<meta name=\"twitter:card\" content=\"summary_large_image\" \/>\n<meta name=\"twitter:label1\" content=\"Escrito por\" \/>\n\t<meta name=\"twitter:data1\" content=\"admin\" \/>\n\t<meta name=\"twitter:label2\" content=\"Tiempo de lectura\" \/>\n\t<meta name=\"twitter:data2\" content=\"2 minutos\" \/>\n<script type=\"application\/ld+json\" class=\"yoast-schema-graph\">{\"@context\":\"https:\/\/schema.org\",\"@graph\":[{\"@type\":\"Article\",\"@id\":\"https:\/\/tipnexa.com\/blog\/agustin-moreira-debut-goleador-y-ascenso-en-la-primeira-liga-portuguesa\/#article\",\"isPartOf\":{\"@id\":\"https:\/\/tipnexa.com\/blog\/agustin-moreira-debut-goleador-y-ascenso-en-la-primeira-liga-portuguesa\/\"},\"author\":{\"name\":\"admin\",\"@id\":\"https:\/\/tipnexa.com\/blog\/#\/schema\/person\/fcfe9a20877b14cc7f2bc3ce77f6d3cf\"},\"headline\":\"Agust\u00edn Moreira: Debut Goleador y Ascenso en la Primeira Liga Portuguesa\",\"datePublished\":\"2026-03-15T16:01:58+00:00\",\"mainEntityOfPage\":{\"@id\":\"https:\/\/tipnexa.com\/blog\/agustin-moreira-debut-goleador-y-ascenso-en-la-primeira-liga-portuguesa\/\"},\"wordCount\":424,\"commentCount\":0,\"publisher\":{\"@id\":\"https:\/\/tipnexa.com\/blog\/#organization\"},\"image\":{\"@id\":\"https:\/\/tipnexa.com\/blog\/agustin-moreira-debut-goleador-y-ascenso-en-la-primeira-liga-portuguesa\/#primaryimage\"},\"thumbnailUrl\":\"https:\/\/tipnexa.com\/blog\/wp-content\/uploads\/2026\/03\/agustin-moreira-debut-goleador-y-ascenso-en-la-primeira-liga-portuguesa-1773590515209.png\",\"articleSection\":[\"F\u00fatbol Internacional\",\"Partidos y Resultados\"],\"inLanguage\":\"es\",\"potentialAction\":[{\"@type\":\"CommentAction\",\"name\":\"Comment\",\"target\":[\"https:\/\/tipnexa.com\/blog\/agustin-moreira-debut-goleador-y-ascenso-en-la-primeira-liga-portuguesa\/#respond\"]}]},{\"@type\":\"WebPage\",\"@id\":\"https:\/\/tipnexa.com\/blog\/agustin-moreira-debut-goleador-y-ascenso-en-la-primeira-liga-portuguesa\/\",\"url\":\"https:\/\/tipnexa.com\/blog\/agustin-moreira-debut-goleador-y-ascenso-en-la-primeira-liga-portuguesa\/\",\"name\":\"Agust\u00edn Moreira: Debut Goleador y Ascenso en la Primeira Liga Portuguesa - Tipnexa\",\"isPartOf\":{\"@id\":\"https:\/\/tipnexa.com\/blog\/#website\"},\"primaryImageOfPage\":{\"@id\":\"https:\/\/tipnexa.com\/blog\/agustin-moreira-debut-goleador-y-ascenso-en-la-primeira-liga-portuguesa\/#primaryimage\"},\"image\":{\"@id\":\"https:\/\/tipnexa.com\/blog\/agustin-moreira-debut-goleador-y-ascenso-en-la-primeira-liga-portuguesa\/#primaryimage\"},\"thumbnailUrl\":\"https:\/\/tipnexa.com\/blog\/wp-content\/uploads\/2026\/03\/agustin-moreira-debut-goleador-y-ascenso-en-la-primeira-liga-portuguesa-1773590515209.png\",\"datePublished\":\"2026-03-15T16:01:58+00:00\",\"breadcrumb\":{\"@id\":\"https:\/\/tipnexa.com\/blog\/agustin-moreira-debut-goleador-y-ascenso-en-la-primeira-liga-portuguesa\/#breadcrumb\"},\"inLanguage\":\"es\",\"potentialAction\":[{\"@type\":\"ReadAction\",\"target\":[\"https:\/\/tipnexa.com\/blog\/agustin-moreira-debut-goleador-y-ascenso-en-la-primeira-liga-portuguesa\/\"]}]},{\"@type\":\"ImageObject\",\"inLanguage\":\"es\",\"@id\":\"https:\/\/tipnexa.com\/blog\/agustin-moreira-debut-goleador-y-ascenso-en-la-primeira-liga-portuguesa\/#primaryimage\",\"url\":\"https:\/\/tipnexa.com\/blog\/wp-content\/uploads\/2026\/03\/agustin-moreira-debut-goleador-y-ascenso-en-la-primeira-liga-portuguesa-1773590515209.png\",\"contentUrl\":\"https:\/\/tipnexa.com\/blog\/wp-content\/uploads\/2026\/03\/agustin-moreira-debut-goleador-y-ascenso-en-la-primeira-liga-portuguesa-1773590515209.png\",\"width\":1344,\"height\":768},{\"@type\":\"BreadcrumbList\",\"@id\":\"https:\/\/tipnexa.com\/blog\/agustin-moreira-debut-goleador-y-ascenso-en-la-primeira-liga-portuguesa\/#breadcrumb\",\"itemListElement\":[{\"@type\":\"ListItem\",\"position\":1,\"name\":\"Portada\",\"item\":\"https:\/\/tipnexa.com\/blog\/\"},{\"@type\":\"ListItem\",\"position\":2,\"name\":\"Agust\u00edn Moreira: Debut Goleador y Ascenso en la Primeira Liga Portuguesa\"}]},{\"@type\":\"WebSite\",\"@id\":\"https:\/\/tipnexa.com\/blog\/#website\",\"url\":\"https:\/\/tipnexa.com\/blog\/\",\"name\":\"Blog de Tipnexa\",\"description\":\"Descubre en el blog de Tipnexa las \u00faltimas noticias de f\u00fatbol, pron\u00f3sticos, an\u00e1lisis de partidos, ligas y equipos con enfoque experto y datos actualizados.\",\"publisher\":{\"@id\":\"https:\/\/tipnexa.com\/blog\/#organization\"},\"alternateName\":\"Blog de Tipnexa\",\"potentialAction\":[{\"@type\":\"SearchAction\",\"target\":{\"@type\":\"EntryPoint\",\"urlTemplate\":\"https:\/\/tipnexa.com\/blog\/?s={search_term_string}\"},\"query-input\":{\"@type\":\"PropertyValueSpecification\",\"valueRequired\":true,\"valueName\":\"search_term_string\"}}],\"inLanguage\":\"es\"},{\"@type\":\"Organization\",\"@id\":\"https:\/\/tipnexa.com\/blog\/#organization\",\"name\":\"Tipnexa\",\"url\":\"https:\/\/tipnexa.com\/blog\/\",\"logo\":{\"@type\":\"ImageObject\",\"inLanguage\":\"es\",\"@id\":\"https:\/\/tipnexa.com\/blog\/#\/schema\/logo\/image\/\",\"url\":\"https:\/\/tipnexa.com\/blog\/wp-content\/uploads\/2026\/03\/192x192.png\",\"contentUrl\":\"https:\/\/tipnexa.com\/blog\/wp-content\/uploads\/2026\/03\/192x192.png\",\"width\":192,\"height\":192,\"caption\":\"Tipnexa\"},\"image\":{\"@id\":\"https:\/\/tipnexa.com\/blog\/#\/schema\/logo\/image\/\"}},{\"@type\":\"Person\",\"@id\":\"https:\/\/tipnexa.com\/blog\/#\/schema\/person\/fcfe9a20877b14cc7f2bc3ce77f6d3cf\",\"name\":\"admin\",\"image\":{\"@type\":\"ImageObject\",\"inLanguage\":\"es\",\"@id\":\"https:\/\/secure.gravatar.com\/avatar\/b4f14cb9d9d12a445b91a477b3cf143c91ca7da26f03b6815b159c10ce2e2c74?s=96&d=mm&r=g\",\"url\":\"https:\/\/secure.gravatar.com\/avatar\/b4f14cb9d9d12a445b91a477b3cf143c91ca7da26f03b6815b159c10ce2e2c74?s=96&d=mm&r=g\",\"contentUrl\":\"https:\/\/secure.gravatar.com\/avatar\/b4f14cb9d9d12a445b91a477b3cf143c91ca7da26f03b6815b159c10ce2e2c74?s=96&d=mm&r=g\",\"caption\":\"admin\"},\"sameAs\":[\"https:\/\/tipnexa.com\/blog\"],\"url\":\"https:\/\/tipnexa.com\/blog\/author\/admin\/\"}]}<\/script>\n<!-- \/ Yoast SEO plugin. -->","yoast_head_json":{"title":"Agust\u00edn Moreira: Debut Goleador y Ascenso en la Primeira Liga Portuguesa - Tipnexa","robots":{"index":"index","follow":"follow","max-snippet":"max-snippet:-1","max-image-preview":"max-image-preview:large","max-video-preview":"max-video-preview:-1"},"canonical":"https:\/\/tipnexa.com\/blog\/agustin-moreira-debut-goleador-y-ascenso-en-la-primeira-liga-portuguesa\/","og_locale":"es_ES","og_type":"article","og_title":"Agust\u00edn Moreira: Debut Goleador y Ascenso en la Primeira Liga Portuguesa - Tipnexa","og_description":"Descubre c\u00f3mo Agust\u00edn Moreira marc\u00f3 sus primeros goles con Gil Vicente en la Primeira Liga portuguesa en 2026. Un doblete clave que impulsa a su equipo.","og_url":"https:\/\/tipnexa.com\/blog\/agustin-moreira-debut-goleador-y-ascenso-en-la-primeira-liga-portuguesa\/","og_site_name":"Tipnexa","article_published_time":"2026-03-15T16:01:58+00:00","og_image":[{"width":1024,"height":585,"url":"https:\/\/tipnexa.com\/blog\/wp-content\/uploads\/2026\/03\/agustin-moreira-debut-goleador-y-ascenso-en-la-primeira-liga-portuguesa-1773590515209-1024x585.png","type":"image\/png"}],"author":"admin","twitter_card":"summary_large_image","twitter_misc":{"Escrito por":"admin","Tiempo de lectura":"2 minutos"},"schema":{"@context":"https:\/\/schema.org","@graph":[{"@type":"Article","@id":"https:\/\/tipnexa.com\/blog\/agustin-moreira-debut-goleador-y-ascenso-en-la-primeira-liga-portuguesa\/#article","isPartOf":{"@id":"https:\/\/tipnexa.com\/blog\/agustin-moreira-debut-goleador-y-ascenso-en-la-primeira-liga-portuguesa\/"},"author":{"name":"admin","@id":"https:\/\/tipnexa.com\/blog\/#\/schema\/person\/fcfe9a20877b14cc7f2bc3ce77f6d3cf"},"headline":"Agust\u00edn Moreira: Debut Goleador y Ascenso en la Primeira Liga Portuguesa","datePublished":"2026-03-15T16:01:58+00:00","mainEntityOfPage":{"@id":"https:\/\/tipnexa.com\/blog\/agustin-moreira-debut-goleador-y-ascenso-en-la-primeira-liga-portuguesa\/"},"wordCount":424,"commentCount":0,"publisher":{"@id":"https:\/\/tipnexa.com\/blog\/#organization"},"image":{"@id":"https:\/\/tipnexa.com\/blog\/agustin-moreira-debut-goleador-y-ascenso-en-la-primeira-liga-portuguesa\/#primaryimage"},"thumbnailUrl":"https:\/\/tipnexa.com\/blog\/wp-content\/uploads\/2026\/03\/agustin-moreira-debut-goleador-y-ascenso-en-la-primeira-liga-portuguesa-1773590515209.png","articleSection":["F\u00fatbol Internacional","Partidos y Resultados"],"inLanguage":"es","potentialAction":[{"@type":"CommentAction","name":"Comment","target":["https:\/\/tipnexa.com\/blog\/agustin-moreira-debut-goleador-y-ascenso-en-la-primeira-liga-portuguesa\/#respond"]}]},{"@type":"WebPage","@id":"https:\/\/tipnexa.com\/blog\/agustin-moreira-debut-goleador-y-ascenso-en-la-primeira-liga-portuguesa\/","url":"https:\/\/tipnexa.com\/blog\/agustin-moreira-debut-goleador-y-ascenso-en-la-primeira-liga-portuguesa\/","name":"Agust\u00edn Moreira: Debut Goleador y Ascenso en la Primeira Liga Portuguesa - Tipnexa","isPartOf":{"@id":"https:\/\/tipnexa.com\/blog\/#website"},"primaryImageOfPage":{"@id":"https:\/\/tipnexa.com\/blog\/agustin-moreira-debut-goleador-y-ascenso-en-la-primeira-liga-portuguesa\/#primaryimage"},"image":{"@id":"https:\/\/tipnexa.com\/blog\/agustin-moreira-debut-goleador-y-ascenso-en-la-primeira-liga-portuguesa\/#primaryimage"},"thumbnailUrl":"https:\/\/tipnexa.com\/blog\/wp-content\/uploads\/2026\/03\/agustin-moreira-debut-goleador-y-ascenso-en-la-primeira-liga-portuguesa-1773590515209.png","datePublished":"2026-03-15T16:01:58+00:00","breadcrumb":{"@id":"https:\/\/tipnexa.com\/blog\/agustin-moreira-debut-goleador-y-ascenso-en-la-primeira-liga-portuguesa\/#breadcrumb"},"inLanguage":"es","potentialAction":[{"@type":"ReadAction","target":["https:\/\/tipnexa.com\/blog\/agustin-moreira-debut-goleador-y-ascenso-en-la-primeira-liga-portuguesa\/"]}]},{"@type":"ImageObject","inLanguage":"es","@id":"https:\/\/tipnexa.com\/blog\/agustin-moreira-debut-goleador-y-ascenso-en-la-primeira-liga-portuguesa\/#primaryimage","url":"https:\/\/tipnexa.com\/blog\/wp-content\/uploads\/2026\/03\/agustin-moreira-debut-goleador-y-ascenso-en-la-primeira-liga-portuguesa-1773590515209.png","contentUrl":"https:\/\/tipnexa.com\/blog\/wp-content\/uploads\/2026\/03\/agustin-moreira-debut-goleador-y-ascenso-en-la-primeira-liga-portuguesa-1773590515209.png","width":1344,"height":768},{"@type":"BreadcrumbList","@id":"https:\/\/tipnexa.com\/blog\/agustin-moreira-debut-goleador-y-ascenso-en-la-primeira-liga-portuguesa\/#breadcrumb","itemListElement":[{"@type":"ListItem","position":1,"name":"Portada","item":"https:\/\/tipnexa.com\/blog\/"},{"@type":"ListItem","position":2,"name":"Agust\u00edn Moreira: Debut Goleador y Ascenso en la Primeira Liga Portuguesa"}]},{"@type":"WebSite","@id":"https:\/\/tipnexa.com\/blog\/#website","url":"https:\/\/tipnexa.com\/blog\/","name":"Blog de Tipnexa","description":"Descubre en el blog de Tipnexa las \u00faltimas noticias de f\u00fatbol, pron\u00f3sticos, an\u00e1lisis de partidos, ligas y equipos con enfoque experto y datos actualizados.","publisher":{"@id":"https:\/\/tipnexa.com\/blog\/#organization"},"alternateName":"Blog de Tipnexa","potentialAction":[{"@type":"SearchAction","target":{"@type":"EntryPoint","urlTemplate":"https:\/\/tipnexa.com\/blog\/?s={search_term_string}"},"query-input":{"@type":"PropertyValueSpecification","valueRequired":true,"valueName":"search_term_string"}}],"inLanguage":"es"},{"@type":"Organization","@id":"https:\/\/tipnexa.com\/blog\/#organization","name":"Tipnexa","url":"https:\/\/tipnexa.com\/blog\/","logo":{"@type":"ImageObject","inLanguage":"es","@id":"https:\/\/tipnexa.com\/blog\/#\/schema\/logo\/image\/","url":"https:\/\/tipnexa.com\/blog\/wp-content\/uploads\/2026\/03\/192x192.png","contentUrl":"https:\/\/tipnexa.com\/blog\/wp-content\/uploads\/2026\/03\/192x192.png","width":192,"height":192,"caption":"Tipnexa"},"image":{"@id":"https:\/\/tipnexa.com\/blog\/#\/schema\/logo\/image\/"}},{"@type":"Person","@id":"https:\/\/tipnexa.com\/blog\/#\/schema\/person\/fcfe9a20877b14cc7f2bc3ce77f6d3cf","name":"admin","image":{"@type":"ImageObject","inLanguage":"es","@id":"https:\/\/secure.gravatar.com\/avatar\/b4f14cb9d9d12a445b91a477b3cf143c91ca7da26f03b6815b159c10ce2e2c74?s=96&d=mm&r=g","url":"https:\/\/secure.gravatar.com\/avatar\/b4f14cb9d9d12a445b91a477b3cf143c91ca7da26f03b6815b159c10ce2e2c74?s=96&d=mm&r=g","contentUrl":"https:\/\/secure.gravatar.com\/avatar\/b4f14cb9d9d12a445b91a477b3cf143c91ca7da26f03b6815b159c10ce2e2c74?s=96&d=mm&r=g","caption":"admin"},"sameAs":["https:\/\/tipnexa.com\/blog"],"url":"https:\/\/tipnexa.com\/blog\/author\/admin\/"}]}},"_links":{"self":[{"href":"https:\/\/tipnexa.com\/blog\/wp-json\/wp\/v2\/posts\/1880","targetHints":{"allow":["GET"]}}],"collection":[{"href":"https:\/\/tipnexa.com\/blog\/wp-json\/wp\/v2\/posts"}],"about":[{"href":"https:\/\/tipnexa.com\/blog\/wp-json\/wp\/v2\/types\/post"}],"author":[{"embeddable":true,"href":"https:\/\/tipnexa.com\/blog\/wp-json\/wp\/v2\/users\/1"}],"replies":[{"embeddable":true,"href":"https:\/\/tipnexa.com\/blog\/wp-json\/wp\/v2\/comments?post=1880"}],"version-history":[{"count":0,"href":"https:\/\/tipnexa.com\/blog\/wp-json\/wp\/v2\/posts\/1880\/revisions"}],"wp:featuredmedia":[{"embeddable":true,"href":"https:\/\/tipnexa.com\/blog\/wp-json\/wp\/v2\/media\/1879"}],"wp:attachment":[{"href":"https:\/\/tipnexa.com\/blog\/wp-json\/wp\/v2\/media?parent=1880"}],"wp:term":[{"taxonomy":"category","embeddable":true,"href":"https:\/\/tipnexa.com\/blog\/wp-json\/wp\/v2\/categories?post=1880"},{"taxonomy":"post_tag","embeddable":true,"href":"https:\/\/tipnexa.com\/blog\/wp-json\/wp\/v2\/tags?post=1880"}],"curies":[{"name":"wp","href":"https:\/\/api.w.org\/{rel}","templated":true}]}}